{"id":327546,"date":"2017-11-29T10:16:00","date_gmt":"2017-11-29T09:16:00","guid":{"rendered":"http:\/\/hudo.com\/si\/2017\/11\/29\/najvise-znova-meri-jure-ales\/"},"modified":"2017-11-29T10:16:00","modified_gmt":"2017-11-29T09:16:00","slug":"najvise-znova-meri-jure-ales","status":"publish","type":"post","link":"https:\/\/hudo.com\/si\/aktualno\/najvise-znova-meri-jure-ales\/","title":{"rendered":"Najvi\u0161e znova meri Jure Ale\u0161"},"content":{"rendered":"<p>Kategorija: Zimski Wed, 29 Nov 2017 11:16:00 +0100  Ljubljana &#8211; Sezono svetovnega pokala, med zadnjimi v zimski dru\u017eini, ta konec tedna na avstrijskem ledeniku Hintertux odpirajo tudi telemark smu\u010darji, ki jih v petek in soboto \u010dakata \u0161printerski preizku\u0161nji, v nedeljo pa \u0161e paralelni \u0161print. \u0160tart vseh treh tekem bo ob 9.30. Slovenske barve bodo zastopali \u0160pela Mi\u010dunovi\u010d, Katarina Malen\u0161ek, Ma\u0161a \u0160trakl, brata Sa\u0161o in Jure Ale\u0161, ki imajo za seboj sne\u017ene priprave na M\u00f6lltalu in kondicijske doma, jutri jih na prizori\u0161\u010du \u010daka \u0161e en trening. Najvi\u0161je ponovno meri Jure Ale\u0161, ki je minulo sezono kon\u010dal kot osmi skupno in v klasiku, sedmi v \u0161printu in deveti v paralelnem \u0161printu. \u00bbPri\u010dakujemo dobre tekme in kak\u0161no uvrstitev v deseterico, morda \u0161e kaj ve\u010d. Najve\u010d pri\u010dakujem od Jureta, ki je na treningih smu\u010dal zelo spodbudno, pokazal velik zagon, tako da se za\u00a0&#8230;<\/p>\n","protected":false},"excerpt":{"rendered":"<p>Kategorija: Zimski Wed, 29 Nov 2017 11:16:00 +0100  Ljubljana &#8211; Sezono svetovnega pokala, med zadnjimi v zimski dru\u017eini, ta konec tedna na avstrijskem ledeniku Hintertux odpirajo tudi telemark smu\u010darji, ki jih v petek in soboto \u010dakata \u0161printerski preizku\u0161nji, v nedeljo pa \u0161e paralelni \u0161print. \u0160tart vseh treh tekem bo ob 9.30. Slovenske barve bodo zastopali \u0160pela Mi\u010dunovi\u010d, Katarina Malen\u0161ek, Ma\u0161a \u0160trakl, brata Sa\u0161o in Jure Ale\u0161, ki imajo za seboj sne\u017ene priprave na M\u00f6lltalu in kondicijske doma, jutri jih na prizori\u0161\u010du \u010daka \u0161e en trening. Najvi\u0161je ponovno meri Jure Ale\u0161, ki je minulo sezono kon\u010dal kot osmi skupno in v klasiku, sedmi v \u0161printu in deveti v paralelnem \u0161printu. \u00bbPri\u010dakujemo dobre tekme in kak\u0161no uvrstitev v deseterico, morda \u0161e kaj ve\u010d. Najve\u010d pri\u010dakujem od Jureta, ki je na treningih smu\u010dal zelo spodbudno, pokazal velik zagon, tako da se za\u00a0&#8230;<\/p>\n","protected":false},"author":1,"featured_media":0,"comment_status":"closed","ping_status":"closed","sticky":false,"template":"","format":"standard","meta":{"footnotes":""},"categories":[1179],"tags":[],"source":[1703],"supertag":[],"acf":[],"yoast_head":"<!-- This site is optimized with the Yoast SEO plugin v21.3 - https:\/\/yoast.com\/wordpress\/plugins\/seo\/ -->\n<title>Najvi\u0161e znova meri Jure Ale\u0161 - Hudo Slovenija<\/title>\n<meta name=\"robots\" content=\"index, follow, max-snippet:-1, max-image-preview:large, max-video-preview:-1\" \/>\n<link rel=\"canonical\" href=\"https:\/\/hudo.com\/si\/aktualno\/najvise-znova-meri-jure-ales\/\" \/>\n<meta property=\"og:locale\" content=\"sl_SI\" \/>\n<meta property=\"og:type\" content=\"article\" \/>\n<meta property=\"og:title\" content=\"Najvi\u0161e znova meri Jure Ale\u0161 - Hudo Slovenija\" \/>\n<meta property=\"og:description\" content=\"Kategorija: Zimski Wed, 29 Nov 2017 11:16:00 +0100 Ljubljana - Sezono svetovnega pokala, med zadnjimi v zimski dru\u017eini, ta konec tedna na avstrijskem ledeniku Hintertux odpirajo tudi telemark smu\u010darji, ki jih v petek in soboto \u010dakata \u0161printerski preizku\u0161nji, v nedeljo pa \u0161e paralelni \u0161print. \u0160tart vseh treh tekem bo ob 9.30. Slovenske barve bodo zastopali \u0160pela Mi\u010dunovi\u010d, Katarina Malen\u0161ek, Ma\u0161a \u0160trakl, brata Sa\u0161o in Jure Ale\u0161, ki imajo za seboj sne\u017ene priprave na M\u00f6lltalu in kondicijske doma, jutri jih na prizori\u0161\u010du \u010daka \u0161e en trening. Najvi\u0161je ponovno meri Jure Ale\u0161, ki je minulo sezono kon\u010dal kot osmi skupno in v klasiku, sedmi v \u0161printu in deveti v paralelnem \u0161printu. \u00bbPri\u010dakujemo dobre tekme in kak\u0161no uvrstitev v deseterico, morda \u0161e kaj ve\u010d. Najve\u010d pri\u010dakujem od Jureta, ki je na treningih smu\u010dal zelo spodbudno, pokazal velik zagon, tako da se za\u00a0...\" \/>\n<meta property=\"og:url\" content=\"https:\/\/hudo.com\/si\/aktualno\/najvise-znova-meri-jure-ales\/\" \/>\n<meta property=\"og:site_name\" content=\"Hudo Slovenija\" \/>\n<meta property=\"article:publisher\" content=\"https:\/\/www.facebook.com\/hudo.si\" \/>\n<meta property=\"article:published_time\" content=\"2017-11-29T09:16:00+00:00\" \/>\n<meta property=\"og:image\" content=\"https:\/\/hudo.com\/si\/wp-content\/uploads\/sites\/2\/2017\/11\/480x290_djvu_2413119_janezp_vidic-telemark.jpeg\" \/>\n\t<meta property=\"og:image:width\" content=\"480\" \/>\n\t<meta property=\"og:image:height\" content=\"290\" \/>\n\t<meta property=\"og:image:type\" content=\"image\/jpeg\" \/>\n<meta name=\"author\" content=\"hudo\" \/>\n<meta name=\"twitter:card\" content=\"summary_large_image\" \/>\n<meta name=\"twitter:creator\" content=\"@hudo_si\" \/>\n<meta name=\"twitter:site\" content=\"@hudo_si\" \/>\n<meta name=\"twitter:label1\" content=\"Written by\" \/>\n\t<meta name=\"twitter:data1\" content=\"hudo\" \/>\n\t<meta name=\"twitter:label2\" content=\"Est. reading time\" \/>\n\t<meta name=\"twitter:data2\" content=\"1 minuta\" \/>\n<script type=\"application\/ld+json\" class=\"yoast-schema-graph\">{\"@context\":\"https:\/\/schema.org\",\"@graph\":[{\"@type\":\"Article\",\"@id\":\"https:\/\/hudo.com\/si\/aktualno\/najvise-znova-meri-jure-ales\/#article\",\"isPartOf\":{\"@id\":\"https:\/\/hudo.com\/si\/aktualno\/najvise-znova-meri-jure-ales\/\"},\"author\":{\"name\":\"hudo\",\"@id\":\"https:\/\/hudo.com\/si\/#\/schema\/person\/601cf3379633985b20f7e50f2bb47707\"},\"headline\":\"Najvi\u0161e znova meri Jure Ale\u0161\",\"datePublished\":\"2017-11-29T09:16:00+00:00\",\"dateModified\":\"2017-11-29T09:16:00+00:00\",\"mainEntityOfPage\":{\"@id\":\"https:\/\/hudo.com\/si\/aktualno\/najvise-znova-meri-jure-ales\/\"},\"wordCount\":156,\"publisher\":{\"@id\":\"https:\/\/hudo.com\/si\/#organization\"},\"articleSection\":[\"Aktualno\"],\"inLanguage\":\"sl-SI\"},{\"@type\":\"WebPage\",\"@id\":\"https:\/\/hudo.com\/si\/aktualno\/najvise-znova-meri-jure-ales\/\",\"url\":\"https:\/\/hudo.com\/si\/aktualno\/najvise-znova-meri-jure-ales\/\",\"name\":\"Najvi\u0161e znova meri Jure Ale\u0161 - Hudo Slovenija\",\"isPartOf\":{\"@id\":\"https:\/\/hudo.com\/si\/#website\"},\"datePublished\":\"2017-11-29T09:16:00+00:00\",\"dateModified\":\"2017-11-29T09:16:00+00:00\",\"breadcrumb\":{\"@id\":\"https:\/\/hudo.com\/si\/aktualno\/najvise-znova-meri-jure-ales\/#breadcrumb\"},\"inLanguage\":\"sl-SI\",\"potentialAction\":[{\"@type\":\"ReadAction\",\"target\":[\"https:\/\/hudo.com\/si\/aktualno\/najvise-znova-meri-jure-ales\/\"]}]},{\"@type\":\"BreadcrumbList\",\"@id\":\"https:\/\/hudo.com\/si\/aktualno\/najvise-znova-meri-jure-ales\/#breadcrumb\",\"itemListElement\":[{\"@type\":\"ListItem\",\"position\":1,\"name\":\"Home\",\"item\":\"https:\/\/hudo.com\/si\/\"},{\"@type\":\"ListItem\",\"position\":2,\"name\":\"Najvi\u0161e znova meri Jure Ale\u0161\"}]},{\"@type\":\"WebSite\",\"@id\":\"https:\/\/hudo.com\/si\/#website\",\"url\":\"https:\/\/hudo.com\/si\/\",\"name\":\"Hudo Slovenija\",\"description\":\"Vse novice iz Slovenije in sveta\",\"publisher\":{\"@id\":\"https:\/\/hudo.com\/si\/#organization\"},\"potentialAction\":[{\"@type\":\"SearchAction\",\"target\":{\"@type\":\"EntryPoint\",\"urlTemplate\":\"https:\/\/hudo.com\/si\/?s={search_term_string}\"},\"query-input\":\"required name=search_term_string\"}],\"inLanguage\":\"sl-SI\"},{\"@type\":\"Organization\",\"@id\":\"https:\/\/hudo.com\/si\/#organization\",\"name\":\"VSN Media\",\"url\":\"https:\/\/hudo.com\/si\/\",\"logo\":{\"@type\":\"ImageObject\",\"inLanguage\":\"sl-SI\",\"@id\":\"https:\/\/hudo.com\/si\/#\/schema\/logo\/image\/\",\"url\":\"https:\/\/hudo.com\/si\/wp-content\/uploads\/sites\/2\/2021\/03\/hudo-app-2.png\",\"contentUrl\":\"https:\/\/hudo.com\/si\/wp-content\/uploads\/sites\/2\/2021\/03\/hudo-app-2.png\",\"width\":2185,\"height\":2167,\"caption\":\"VSN Media\"},\"image\":{\"@id\":\"https:\/\/hudo.com\/si\/#\/schema\/logo\/image\/\"},\"sameAs\":[\"https:\/\/www.facebook.com\/hudo.si\",\"https:\/\/twitter.com\/hudo_si\"]},{\"@type\":\"Person\",\"@id\":\"https:\/\/hudo.com\/si\/#\/schema\/person\/601cf3379633985b20f7e50f2bb47707\",\"name\":\"hudo\",\"image\":{\"@type\":\"ImageObject\",\"inLanguage\":\"sl-SI\",\"@id\":\"https:\/\/hudo.com\/si\/#\/schema\/person\/image\/\",\"url\":\"https:\/\/secure.gravatar.com\/avatar\/c4ca25fa72cace7a696b52ff5db9e095?s=96&d=mm&r=g\",\"contentUrl\":\"https:\/\/secure.gravatar.com\/avatar\/c4ca25fa72cace7a696b52ff5db9e095?s=96&d=mm&r=g\",\"caption\":\"hudo\"},\"url\":\"https:\/\/hudo.com\/si\/author\/hudo\/\"}]}<\/script>\n<!-- \/ Yoast SEO plugin. -->","yoast_head_json":{"title":"Najvi\u0161e znova meri Jure Ale\u0161 - Hudo Slovenija","robots":{"index":"index","follow":"follow","max-snippet":"max-snippet:-1","max-image-preview":"max-image-preview:large","max-video-preview":"max-video-preview:-1"},"canonical":"https:\/\/hudo.com\/si\/aktualno\/najvise-znova-meri-jure-ales\/","og_locale":"sl_SI","og_type":"article","og_title":"Najvi\u0161e znova meri Jure Ale\u0161 - Hudo Slovenija","og_description":"Kategorija: Zimski Wed, 29 Nov 2017 11:16:00 +0100 Ljubljana - Sezono svetovnega pokala, med zadnjimi v zimski dru\u017eini, ta konec tedna na avstrijskem ledeniku Hintertux odpirajo tudi telemark smu\u010darji, ki jih v petek in soboto \u010dakata \u0161printerski preizku\u0161nji, v nedeljo pa \u0161e paralelni \u0161print. \u0160tart vseh treh tekem bo ob 9.30. Slovenske barve bodo zastopali \u0160pela Mi\u010dunovi\u010d, Katarina Malen\u0161ek, Ma\u0161a \u0160trakl, brata Sa\u0161o in Jure Ale\u0161, ki imajo za seboj sne\u017ene priprave na M\u00f6lltalu in kondicijske doma, jutri jih na prizori\u0161\u010du \u010daka \u0161e en trening. Najvi\u0161je ponovno meri Jure Ale\u0161, ki je minulo sezono kon\u010dal kot osmi skupno in v klasiku, sedmi v \u0161printu in deveti v paralelnem \u0161printu. \u00bbPri\u010dakujemo dobre tekme in kak\u0161no uvrstitev v deseterico, morda \u0161e kaj ve\u010d. Najve\u010d pri\u010dakujem od Jureta, ki je na treningih smu\u010dal zelo spodbudno, pokazal velik zagon, tako da se za\u00a0...","og_url":"https:\/\/hudo.com\/si\/aktualno\/najvise-znova-meri-jure-ales\/","og_site_name":"Hudo Slovenija","article_publisher":"https:\/\/www.facebook.com\/hudo.si","article_published_time":"2017-11-29T09:16:00+00:00","og_image":[{"width":480,"height":290,"url":"https:\/\/hudo.com\/si\/wp-content\/uploads\/sites\/2\/2017\/11\/480x290_djvu_2413119_janezp_vidic-telemark.jpeg","type":"image\/jpeg"}],"author":"hudo","twitter_card":"summary_large_image","twitter_creator":"@hudo_si","twitter_site":"@hudo_si","twitter_misc":{"Written by":"hudo","Est. reading time":"1 minuta"},"schema":{"@context":"https:\/\/schema.org","@graph":[{"@type":"Article","@id":"https:\/\/hudo.com\/si\/aktualno\/najvise-znova-meri-jure-ales\/#article","isPartOf":{"@id":"https:\/\/hudo.com\/si\/aktualno\/najvise-znova-meri-jure-ales\/"},"author":{"name":"hudo","@id":"https:\/\/hudo.com\/si\/#\/schema\/person\/601cf3379633985b20f7e50f2bb47707"},"headline":"Najvi\u0161e znova meri Jure Ale\u0161","datePublished":"2017-11-29T09:16:00+00:00","dateModified":"2017-11-29T09:16:00+00:00","mainEntityOfPage":{"@id":"https:\/\/hudo.com\/si\/aktualno\/najvise-znova-meri-jure-ales\/"},"wordCount":156,"publisher":{"@id":"https:\/\/hudo.com\/si\/#organization"},"articleSection":["Aktualno"],"inLanguage":"sl-SI"},{"@type":"WebPage","@id":"https:\/\/hudo.com\/si\/aktualno\/najvise-znova-meri-jure-ales\/","url":"https:\/\/hudo.com\/si\/aktualno\/najvise-znova-meri-jure-ales\/","name":"Najvi\u0161e znova meri Jure Ale\u0161 - Hudo Slovenija","isPartOf":{"@id":"https:\/\/hudo.com\/si\/#website"},"datePublished":"2017-11-29T09:16:00+00:00","dateModified":"2017-11-29T09:16:00+00:00","breadcrumb":{"@id":"https:\/\/hudo.com\/si\/aktualno\/najvise-znova-meri-jure-ales\/#breadcrumb"},"inLanguage":"sl-SI","potentialAction":[{"@type":"ReadAction","target":["https:\/\/hudo.com\/si\/aktualno\/najvise-znova-meri-jure-ales\/"]}]},{"@type":"BreadcrumbList","@id":"https:\/\/hudo.com\/si\/aktualno\/najvise-znova-meri-jure-ales\/#breadcrumb","itemListElement":[{"@type":"ListItem","position":1,"name":"Home","item":"https:\/\/hudo.com\/si\/"},{"@type":"ListItem","position":2,"name":"Najvi\u0161e znova meri Jure Ale\u0161"}]},{"@type":"WebSite","@id":"https:\/\/hudo.com\/si\/#website","url":"https:\/\/hudo.com\/si\/","name":"Hudo Slovenija","description":"Vse novice iz Slovenije in sveta","publisher":{"@id":"https:\/\/hudo.com\/si\/#organization"},"potentialAction":[{"@type":"SearchAction","target":{"@type":"EntryPoint","urlTemplate":"https:\/\/hudo.com\/si\/?s={search_term_string}"},"query-input":"required name=search_term_string"}],"inLanguage":"sl-SI"},{"@type":"Organization","@id":"https:\/\/hudo.com\/si\/#organization","name":"VSN Media","url":"https:\/\/hudo.com\/si\/","logo":{"@type":"ImageObject","inLanguage":"sl-SI","@id":"https:\/\/hudo.com\/si\/#\/schema\/logo\/image\/","url":"https:\/\/hudo.com\/si\/wp-content\/uploads\/sites\/2\/2021\/03\/hudo-app-2.png","contentUrl":"https:\/\/hudo.com\/si\/wp-content\/uploads\/sites\/2\/2021\/03\/hudo-app-2.png","width":2185,"height":2167,"caption":"VSN Media"},"image":{"@id":"https:\/\/hudo.com\/si\/#\/schema\/logo\/image\/"},"sameAs":["https:\/\/www.facebook.com\/hudo.si","https:\/\/twitter.com\/hudo_si"]},{"@type":"Person","@id":"https:\/\/hudo.com\/si\/#\/schema\/person\/601cf3379633985b20f7e50f2bb47707","name":"hudo","image":{"@type":"ImageObject","inLanguage":"sl-SI","@id":"https:\/\/hudo.com\/si\/#\/schema\/person\/image\/","url":"https:\/\/secure.gravatar.com\/avatar\/c4ca25fa72cace7a696b52ff5db9e095?s=96&d=mm&r=g","contentUrl":"https:\/\/secure.gravatar.com\/avatar\/c4ca25fa72cace7a696b52ff5db9e095?s=96&d=mm&r=g","caption":"hudo"},"url":"https:\/\/hudo.com\/si\/author\/hudo\/"}]}},"amp_enabled":true,"_links":{"self":[{"href":"https:\/\/hudo.com\/si\/wp-json\/wp\/v2\/posts\/327546"}],"collection":[{"href":"https:\/\/hudo.com\/si\/wp-json\/wp\/v2\/posts"}],"about":[{"href":"https:\/\/hudo.com\/si\/wp-json\/wp\/v2\/types\/post"}],"author":[{"embeddable":true,"href":"https:\/\/hudo.com\/si\/wp-json\/wp\/v2\/users\/1"}],"replies":[{"embeddable":true,"href":"https:\/\/hudo.com\/si\/wp-json\/wp\/v2\/comments?post=327546"}],"version-history":[{"count":0,"href":"https:\/\/hudo.com\/si\/wp-json\/wp\/v2\/posts\/327546\/revisions"}],"wp:attachment":[{"href":"https:\/\/hudo.com\/si\/wp-json\/wp\/v2\/media?parent=327546"}],"wp:term":[{"taxonomy":"category","embeddable":true,"href":"https:\/\/hudo.com\/si\/wp-json\/wp\/v2\/categories?post=327546"},{"taxonomy":"post_tag","embeddable":true,"href":"https:\/\/hudo.com\/si\/wp-json\/wp\/v2\/tags?post=327546"},{"taxonomy":"source","embeddable":true,"href":"https:\/\/hudo.com\/si\/wp-json\/wp\/v2\/source?post=327546"},{"taxonomy":"supertag","embeddable":true,"href":"https:\/\/hudo.com\/si\/wp-json\/wp\/v2\/supertag?post=327546"}],"curies":[{"name":"wp","href":"https:\/\/api.w.org\/{rel}","templated":true}]}}