{"id":327645,"date":"2017-11-29T11:00:00","date_gmt":"2017-11-29T10:00:00","guid":{"rendered":"http:\/\/hudo.com\/si\/2017\/11\/29\/jan-oblak-se-seli-na-tribune-matjaz-kek-si-je-oddahnil\/"},"modified":"2017-11-29T11:00:00","modified_gmt":"2017-11-29T10:00:00","slug":"jan-oblak-se-seli-na-tribune-matjaz-kek-si-je-oddahnil","status":"publish","type":"post","link":"https:\/\/hudo.com\/si\/aktualno\/jan-oblak-se-seli-na-tribune-matjaz-kek-si-je-oddahnil\/","title":{"rendered":"Jan Oblak se seli na tribune, Matja\u017e Kek si je oddahnil"},"content":{"rendered":"<p>Nogometa\u0161i ne po\u010divajo niti med tednom. \u0160tevilni slovenski legionarji so dejavni v svojih klubih, mnogo pa se jih pripravlja na prvenstvene izzive konec tedna. Jan Oblak se seli na tribune, Matja\u017e Kek se pripravlja na najljub\u0161i derbi, Valter Birsa in Bo\u0161tjan Cesar na mestno poslastico v pokalu.\u00a0Zlatan Ljubijanki\u0107 je odigral prvo tekmo po\u00a0osvojitvi azijskega naslova.<\/p>\n","protected":false},"excerpt":{"rendered":"<p>Nogometa\u0161i ne po\u010divajo niti med tednom. \u0160tevilni slovenski legionarji so dejavni v svojih klubih, mnogo pa se jih pripravlja na prvenstvene izzive konec tedna. Jan Oblak se seli na tribune, Matja\u017e Kek se pripravlja na najljub\u0161i derbi, Valter Birsa in Bo\u0161tjan Cesar na mestno poslastico v pokalu.\u00a0Zlatan Ljubijanki\u0107 je odigral prvo tekmo po\u00a0osvojitvi azijskega naslova.<\/p>\n","protected":false},"author":1,"featured_media":0,"comment_status":"closed","ping_status":"closed","sticky":false,"template":"","format":"standard","meta":{"footnotes":""},"categories":[1179],"tags":[],"source":[1717],"supertag":[],"acf":[],"yoast_head":"<!-- This site is optimized with the Yoast SEO plugin v21.3 - https:\/\/yoast.com\/wordpress\/plugins\/seo\/ -->\n<title>Jan Oblak se seli na tribune, Matja\u017e Kek si je oddahnil - Hudo Slovenija<\/title>\n<meta name=\"robots\" content=\"index, follow, max-snippet:-1, max-image-preview:large, max-video-preview:-1\" \/>\n<link rel=\"canonical\" href=\"https:\/\/hudo.com\/si\/aktualno\/jan-oblak-se-seli-na-tribune-matjaz-kek-si-je-oddahnil\/\" \/>\n<meta property=\"og:locale\" content=\"sl_SI\" \/>\n<meta property=\"og:type\" content=\"article\" \/>\n<meta property=\"og:title\" content=\"Jan Oblak se seli na tribune, Matja\u017e Kek si je oddahnil - Hudo Slovenija\" \/>\n<meta property=\"og:description\" content=\"Nogometa\u0161i ne po\u010divajo niti med tednom. \u0160tevilni slovenski legionarji so dejavni v svojih klubih, mnogo pa se jih pripravlja na prvenstvene izzive konec tedna. Jan Oblak se seli na tribune, Matja\u017e Kek se pripravlja na najljub\u0161i derbi, Valter Birsa in Bo\u0161tjan Cesar na mestno poslastico v pokalu.\u00a0Zlatan Ljubijanki\u0107 je odigral prvo tekmo po\u00a0osvojitvi azijskega naslova.\" \/>\n<meta property=\"og:url\" content=\"https:\/\/hudo.com\/si\/aktualno\/jan-oblak-se-seli-na-tribune-matjaz-kek-si-je-oddahnil\/\" \/>\n<meta property=\"og:site_name\" content=\"Hudo Slovenija\" \/>\n<meta property=\"article:publisher\" content=\"https:\/\/www.facebook.com\/hudo.si\" \/>\n<meta property=\"article:published_time\" content=\"2017-11-29T10:00:00+00:00\" \/>\n<meta property=\"og:image\" content=\"https:\/\/hudo.com\/si\/wp-content\/uploads\/sites\/2\/2017\/11\/e2c7a218dfa40b69815b-matjaz-kek.jpeg\" \/>\n\t<meta property=\"og:image:width\" content=\"1200\" \/>\n\t<meta property=\"og:image:height\" content=\"628\" \/>\n\t<meta property=\"og:image:type\" content=\"image\/jpeg\" \/>\n<meta name=\"author\" content=\"hudo\" \/>\n<meta name=\"twitter:card\" content=\"summary_large_image\" \/>\n<meta name=\"twitter:creator\" content=\"@hudo_si\" \/>\n<meta name=\"twitter:site\" content=\"@hudo_si\" \/>\n<meta name=\"twitter:label1\" content=\"Written by\" \/>\n\t<meta name=\"twitter:data1\" content=\"hudo\" \/>\n<script type=\"application\/ld+json\" class=\"yoast-schema-graph\">{\"@context\":\"https:\/\/schema.org\",\"@graph\":[{\"@type\":\"Article\",\"@id\":\"https:\/\/hudo.com\/si\/aktualno\/jan-oblak-se-seli-na-tribune-matjaz-kek-si-je-oddahnil\/#article\",\"isPartOf\":{\"@id\":\"https:\/\/hudo.com\/si\/aktualno\/jan-oblak-se-seli-na-tribune-matjaz-kek-si-je-oddahnil\/\"},\"author\":{\"name\":\"hudo\",\"@id\":\"https:\/\/hudo.com\/si\/#\/schema\/person\/601cf3379633985b20f7e50f2bb47707\"},\"headline\":\"Jan Oblak se seli na tribune, Matja\u017e Kek si je oddahnil\",\"datePublished\":\"2017-11-29T10:00:00+00:00\",\"dateModified\":\"2017-11-29T10:00:00+00:00\",\"mainEntityOfPage\":{\"@id\":\"https:\/\/hudo.com\/si\/aktualno\/jan-oblak-se-seli-na-tribune-matjaz-kek-si-je-oddahnil\/\"},\"wordCount\":72,\"publisher\":{\"@id\":\"https:\/\/hudo.com\/si\/#organization\"},\"articleSection\":[\"Aktualno\"],\"inLanguage\":\"sl-SI\"},{\"@type\":\"WebPage\",\"@id\":\"https:\/\/hudo.com\/si\/aktualno\/jan-oblak-se-seli-na-tribune-matjaz-kek-si-je-oddahnil\/\",\"url\":\"https:\/\/hudo.com\/si\/aktualno\/jan-oblak-se-seli-na-tribune-matjaz-kek-si-je-oddahnil\/\",\"name\":\"Jan Oblak se seli na tribune, Matja\u017e Kek si je oddahnil - Hudo Slovenija\",\"isPartOf\":{\"@id\":\"https:\/\/hudo.com\/si\/#website\"},\"datePublished\":\"2017-11-29T10:00:00+00:00\",\"dateModified\":\"2017-11-29T10:00:00+00:00\",\"breadcrumb\":{\"@id\":\"https:\/\/hudo.com\/si\/aktualno\/jan-oblak-se-seli-na-tribune-matjaz-kek-si-je-oddahnil\/#breadcrumb\"},\"inLanguage\":\"sl-SI\",\"potentialAction\":[{\"@type\":\"ReadAction\",\"target\":[\"https:\/\/hudo.com\/si\/aktualno\/jan-oblak-se-seli-na-tribune-matjaz-kek-si-je-oddahnil\/\"]}]},{\"@type\":\"BreadcrumbList\",\"@id\":\"https:\/\/hudo.com\/si\/aktualno\/jan-oblak-se-seli-na-tribune-matjaz-kek-si-je-oddahnil\/#breadcrumb\",\"itemListElement\":[{\"@type\":\"ListItem\",\"position\":1,\"name\":\"Home\",\"item\":\"https:\/\/hudo.com\/si\/\"},{\"@type\":\"ListItem\",\"position\":2,\"name\":\"Jan Oblak se seli na tribune, Matja\u017e Kek si je oddahnil\"}]},{\"@type\":\"WebSite\",\"@id\":\"https:\/\/hudo.com\/si\/#website\",\"url\":\"https:\/\/hudo.com\/si\/\",\"name\":\"Hudo Slovenija\",\"description\":\"Vse novice iz Slovenije in sveta\",\"publisher\":{\"@id\":\"https:\/\/hudo.com\/si\/#organization\"},\"potentialAction\":[{\"@type\":\"SearchAction\",\"target\":{\"@type\":\"EntryPoint\",\"urlTemplate\":\"https:\/\/hudo.com\/si\/?s={search_term_string}\"},\"query-input\":\"required name=search_term_string\"}],\"inLanguage\":\"sl-SI\"},{\"@type\":\"Organization\",\"@id\":\"https:\/\/hudo.com\/si\/#organization\",\"name\":\"VSN Media\",\"url\":\"https:\/\/hudo.com\/si\/\",\"logo\":{\"@type\":\"ImageObject\",\"inLanguage\":\"sl-SI\",\"@id\":\"https:\/\/hudo.com\/si\/#\/schema\/logo\/image\/\",\"url\":\"https:\/\/hudo.com\/si\/wp-content\/uploads\/sites\/2\/2021\/03\/hudo-app-2.png\",\"contentUrl\":\"https:\/\/hudo.com\/si\/wp-content\/uploads\/sites\/2\/2021\/03\/hudo-app-2.png\",\"width\":2185,\"height\":2167,\"caption\":\"VSN Media\"},\"image\":{\"@id\":\"https:\/\/hudo.com\/si\/#\/schema\/logo\/image\/\"},\"sameAs\":[\"https:\/\/www.facebook.com\/hudo.si\",\"https:\/\/twitter.com\/hudo_si\"]},{\"@type\":\"Person\",\"@id\":\"https:\/\/hudo.com\/si\/#\/schema\/person\/601cf3379633985b20f7e50f2bb47707\",\"name\":\"hudo\",\"image\":{\"@type\":\"ImageObject\",\"inLanguage\":\"sl-SI\",\"@id\":\"https:\/\/hudo.com\/si\/#\/schema\/person\/image\/\",\"url\":\"https:\/\/secure.gravatar.com\/avatar\/c4ca25fa72cace7a696b52ff5db9e095?s=96&d=mm&r=g\",\"contentUrl\":\"https:\/\/secure.gravatar.com\/avatar\/c4ca25fa72cace7a696b52ff5db9e095?s=96&d=mm&r=g\",\"caption\":\"hudo\"},\"url\":\"https:\/\/hudo.com\/si\/author\/hudo\/\"}]}<\/script>\n<!-- \/ Yoast SEO plugin. -->","yoast_head_json":{"title":"Jan Oblak se seli na tribune, Matja\u017e Kek si je oddahnil - Hudo Slovenija","robots":{"index":"index","follow":"follow","max-snippet":"max-snippet:-1","max-image-preview":"max-image-preview:large","max-video-preview":"max-video-preview:-1"},"canonical":"https:\/\/hudo.com\/si\/aktualno\/jan-oblak-se-seli-na-tribune-matjaz-kek-si-je-oddahnil\/","og_locale":"sl_SI","og_type":"article","og_title":"Jan Oblak se seli na tribune, Matja\u017e Kek si je oddahnil - Hudo Slovenija","og_description":"Nogometa\u0161i ne po\u010divajo niti med tednom. \u0160tevilni slovenski legionarji so dejavni v svojih klubih, mnogo pa se jih pripravlja na prvenstvene izzive konec tedna. Jan Oblak se seli na tribune, Matja\u017e Kek se pripravlja na najljub\u0161i derbi, Valter Birsa in Bo\u0161tjan Cesar na mestno poslastico v pokalu.\u00a0Zlatan Ljubijanki\u0107 je odigral prvo tekmo po\u00a0osvojitvi azijskega naslova.","og_url":"https:\/\/hudo.com\/si\/aktualno\/jan-oblak-se-seli-na-tribune-matjaz-kek-si-je-oddahnil\/","og_site_name":"Hudo Slovenija","article_publisher":"https:\/\/www.facebook.com\/hudo.si","article_published_time":"2017-11-29T10:00:00+00:00","og_image":[{"width":1200,"height":628,"url":"https:\/\/hudo.com\/si\/wp-content\/uploads\/sites\/2\/2017\/11\/e2c7a218dfa40b69815b-matjaz-kek.jpeg","type":"image\/jpeg"}],"author":"hudo","twitter_card":"summary_large_image","twitter_creator":"@hudo_si","twitter_site":"@hudo_si","twitter_misc":{"Written by":"hudo"},"schema":{"@context":"https:\/\/schema.org","@graph":[{"@type":"Article","@id":"https:\/\/hudo.com\/si\/aktualno\/jan-oblak-se-seli-na-tribune-matjaz-kek-si-je-oddahnil\/#article","isPartOf":{"@id":"https:\/\/hudo.com\/si\/aktualno\/jan-oblak-se-seli-na-tribune-matjaz-kek-si-je-oddahnil\/"},"author":{"name":"hudo","@id":"https:\/\/hudo.com\/si\/#\/schema\/person\/601cf3379633985b20f7e50f2bb47707"},"headline":"Jan Oblak se seli na tribune, Matja\u017e Kek si je oddahnil","datePublished":"2017-11-29T10:00:00+00:00","dateModified":"2017-11-29T10:00:00+00:00","mainEntityOfPage":{"@id":"https:\/\/hudo.com\/si\/aktualno\/jan-oblak-se-seli-na-tribune-matjaz-kek-si-je-oddahnil\/"},"wordCount":72,"publisher":{"@id":"https:\/\/hudo.com\/si\/#organization"},"articleSection":["Aktualno"],"inLanguage":"sl-SI"},{"@type":"WebPage","@id":"https:\/\/hudo.com\/si\/aktualno\/jan-oblak-se-seli-na-tribune-matjaz-kek-si-je-oddahnil\/","url":"https:\/\/hudo.com\/si\/aktualno\/jan-oblak-se-seli-na-tribune-matjaz-kek-si-je-oddahnil\/","name":"Jan Oblak se seli na tribune, Matja\u017e Kek si je oddahnil - Hudo Slovenija","isPartOf":{"@id":"https:\/\/hudo.com\/si\/#website"},"datePublished":"2017-11-29T10:00:00+00:00","dateModified":"2017-11-29T10:00:00+00:00","breadcrumb":{"@id":"https:\/\/hudo.com\/si\/aktualno\/jan-oblak-se-seli-na-tribune-matjaz-kek-si-je-oddahnil\/#breadcrumb"},"inLanguage":"sl-SI","potentialAction":[{"@type":"ReadAction","target":["https:\/\/hudo.com\/si\/aktualno\/jan-oblak-se-seli-na-tribune-matjaz-kek-si-je-oddahnil\/"]}]},{"@type":"BreadcrumbList","@id":"https:\/\/hudo.com\/si\/aktualno\/jan-oblak-se-seli-na-tribune-matjaz-kek-si-je-oddahnil\/#breadcrumb","itemListElement":[{"@type":"ListItem","position":1,"name":"Home","item":"https:\/\/hudo.com\/si\/"},{"@type":"ListItem","position":2,"name":"Jan Oblak se seli na tribune, Matja\u017e Kek si je oddahnil"}]},{"@type":"WebSite","@id":"https:\/\/hudo.com\/si\/#website","url":"https:\/\/hudo.com\/si\/","name":"Hudo Slovenija","description":"Vse novice iz Slovenije in sveta","publisher":{"@id":"https:\/\/hudo.com\/si\/#organization"},"potentialAction":[{"@type":"SearchAction","target":{"@type":"EntryPoint","urlTemplate":"https:\/\/hudo.com\/si\/?s={search_term_string}"},"query-input":"required name=search_term_string"}],"inLanguage":"sl-SI"},{"@type":"Organization","@id":"https:\/\/hudo.com\/si\/#organization","name":"VSN Media","url":"https:\/\/hudo.com\/si\/","logo":{"@type":"ImageObject","inLanguage":"sl-SI","@id":"https:\/\/hudo.com\/si\/#\/schema\/logo\/image\/","url":"https:\/\/hudo.com\/si\/wp-content\/uploads\/sites\/2\/2021\/03\/hudo-app-2.png","contentUrl":"https:\/\/hudo.com\/si\/wp-content\/uploads\/sites\/2\/2021\/03\/hudo-app-2.png","width":2185,"height":2167,"caption":"VSN Media"},"image":{"@id":"https:\/\/hudo.com\/si\/#\/schema\/logo\/image\/"},"sameAs":["https:\/\/www.facebook.com\/hudo.si","https:\/\/twitter.com\/hudo_si"]},{"@type":"Person","@id":"https:\/\/hudo.com\/si\/#\/schema\/person\/601cf3379633985b20f7e50f2bb47707","name":"hudo","image":{"@type":"ImageObject","inLanguage":"sl-SI","@id":"https:\/\/hudo.com\/si\/#\/schema\/person\/image\/","url":"https:\/\/secure.gravatar.com\/avatar\/c4ca25fa72cace7a696b52ff5db9e095?s=96&d=mm&r=g","contentUrl":"https:\/\/secure.gravatar.com\/avatar\/c4ca25fa72cace7a696b52ff5db9e095?s=96&d=mm&r=g","caption":"hudo"},"url":"https:\/\/hudo.com\/si\/author\/hudo\/"}]}},"amp_enabled":true,"_links":{"self":[{"href":"https:\/\/hudo.com\/si\/wp-json\/wp\/v2\/posts\/327645"}],"collection":[{"href":"https:\/\/hudo.com\/si\/wp-json\/wp\/v2\/posts"}],"about":[{"href":"https:\/\/hudo.com\/si\/wp-json\/wp\/v2\/types\/post"}],"author":[{"embeddable":true,"href":"https:\/\/hudo.com\/si\/wp-json\/wp\/v2\/users\/1"}],"replies":[{"embeddable":true,"href":"https:\/\/hudo.com\/si\/wp-json\/wp\/v2\/comments?post=327645"}],"version-history":[{"count":0,"href":"https:\/\/hudo.com\/si\/wp-json\/wp\/v2\/posts\/327645\/revisions"}],"wp:attachment":[{"href":"https:\/\/hudo.com\/si\/wp-json\/wp\/v2\/media?parent=327645"}],"wp:term":[{"taxonomy":"category","embeddable":true,"href":"https:\/\/hudo.com\/si\/wp-json\/wp\/v2\/categories?post=327645"},{"taxonomy":"post_tag","embeddable":true,"href":"https:\/\/hudo.com\/si\/wp-json\/wp\/v2\/tags?post=327645"},{"taxonomy":"source","embeddable":true,"href":"https:\/\/hudo.com\/si\/wp-json\/wp\/v2\/source?post=327645"},{"taxonomy":"supertag","embeddable":true,"href":"https:\/\/hudo.com\/si\/wp-json\/wp\/v2\/supertag?post=327645"}],"curies":[{"name":"wp","href":"https:\/\/api.w.org\/{rel}","templated":true}]}}