{"id":327926,"date":"2017-11-30T10:52:09","date_gmt":"2017-11-30T09:52:09","guid":{"rendered":"http:\/\/hudo.com\/si\/?p=327926"},"modified":"2017-11-30T10:52:09","modified_gmt":"2017-11-30T09:52:09","slug":"preiskovalci-zaceli-preiskavo-praljakovega-samomora","status":"publish","type":"post","link":"https:\/\/hudo.com\/si\/aktualno\/preiskovalci-zaceli-preiskavo-praljakovega-samomora\/","title":{"rendered":"Preiskovalci za\u010deli preiskavo Praljakovega samomora"},"content":{"rendered":"<div class=\"text\">\n<p>Praljak je po izreku pravnomo\u010dne sodbe, ki je zavrnila njegovo prito\u017ebo, v sodni dvorani zavpil, da ni vojni zlo\u010dinec in da ne priznava sodbe. Nato je iz temno rjave stekleni\u010dke domnevno spil strup, nato pa v bolni\u0161nici v Haagu umrl.<\/p>\n<p>Tiskovni predstavnik sodi\u0161\u010da Nenad Gol\u010devski je v sredo potrdil, da je Praljak umrl v bolni\u0161nici v Haagu, potem ko je &#8220;v sodni dvorani popil za zdaj \u0161e neznano teko\u010dino in mu je postalo slabo&#8221;. V skladu s standardnimi postopki so na zahtevo haa\u0161kega sodi\u0161\u010da nizozemske oblasti spro\u017eile preiskavo, je dodal.<\/p>\n<p>&#8220;Za sedaj se bo preiskava osredoto\u010dila na pomo\u010d pri samomoru in kr\u0161enje zakona o zdravilih,&#8221; so pozno v sredo sporo\u010dili z nizozemskega to\u017eilstva.<\/p>\n<p>Preiskovalci bodo tako podrobneje preu\u010dili, kako je lahko kljub poostrenemu nadzoru in varnosti v sodno dvorano pri\u0161la stekleni\u010dka s strupom, kdo jo je priskrbel Praljaku, ki je bil sicer v haa\u0161kem priporu, ter ali je bila vsebina stekleni\u010dke strupena.<\/p>\n<p>Praljak ni prvi, ki si je vzel svoje \u017eivljenje oziroma umrl v \u010dasu sojenja na haa\u0161kem sodi\u0161\u010du. Je bil pa prvi, ki je storil samomor v javnosti. Leta 1998 se je v svoji celici ubil hrva\u0161ki Srb Slavko Dokmanovi\u0107, istega leta je naravne smrti umrl bosanski Srb Milan Kova\u010devi\u0107. \u017divljenje pa si je v svoji celici vzel \u0161e nekdanji voditelj hrva\u0161kih Srbov med vojno na Hrva\u0161kem Milan Babi\u0107, in sicer leta 2006. Istega leta so mrtvega v svoji celici na\u0161li \u0161e nekdanjega jugoslovanskega in srbskega predsednika Slobodana Milo\u0161evi\u0107a, ki je umrl zaradi infarkta.<\/p>\n<p>Haa\u0161ko Mednarodno sodi\u0161\u010de za vojne zlo\u010dine na obmo\u010dju nekdanje Jugoslavije je v sredo v prizivnem postopku potrdilo sodbe na prvi stopnji \u0161estim biv\u0161im visokim predstavnikom samooklicane medvojne hrva\u0161ke tvorbe Herceg-Bosne &#8211; biv\u0161emu predsedniku vlade Herceg-Bosne Jadranku Prli\u0107u na 25 let zapora, biv\u0161emu obrambnemu ministru Brunu Stoji\u0107u na 20 let, na\u010delniku general\u0161taba Hrva\u0161kega obrambnega sveta (HVO) Milivoju Petkovi\u0107u na 20 let zapora ter biv\u0161emu \u0161efu voja\u0161ke policije Valentinu \u0106ori\u0107u na 16 ter \u0161efu komisije za izmenjavo vojnih ujetnikov Berislavu Pu\u0161i\u0107u na 10 let. Praljaku, biv\u0161emu na\u010delniku general\u0161taba HVO, pa je potrdilo sodbo 20 let zapora.<\/p>\n<\/div>\n","protected":false},"excerpt":{"rendered":"<p>Nizozemski preiskovalci so uradno spro\u017eili preiskavo samomora obsojenca haa\u0161kega sodi\u0161\u010da, nekdanjega poveljnika bosanskih Hrvatov Slobodana Praljaka. Osredoto\u010dili se bodo na vpra\u0161anji, kaj je ubilo Praljaka in ali mu je kdo pomagal pridobiti domnevni strup, poro\u010da francoska tiskovna agencija AFP.<\/p>\n","protected":false},"author":5,"featured_media":327584,"comment_status":"closed","ping_status":"closed","sticky":false,"template":"","format":"standard","meta":{"footnotes":""},"categories":[1179],"tags":[5386,7228,1810,4587,4764,9938,9939],"source":[4511],"supertag":[],"acf":[],"yoast_head":"<!-- This site is optimized with the Yoast SEO plugin v21.3 - https:\/\/yoast.com\/wordpress\/plugins\/seo\/ -->\n<title>Preiskovalci za\u010deli preiskavo Praljakovega samomora - Hudo Slovenija<\/title>\n<meta name=\"robots\" content=\"index, follow, max-snippet:-1, max-image-preview:large, max-video-preview:-1\" \/>\n<link rel=\"canonical\" href=\"https:\/\/hudo.com\/si\/aktualno\/preiskovalci-zaceli-preiskavo-praljakovega-samomora\/\" \/>\n<meta property=\"og:locale\" content=\"sl_SI\" \/>\n<meta property=\"og:type\" content=\"article\" \/>\n<meta property=\"og:title\" content=\"Preiskovalci za\u010deli preiskavo Praljakovega samomora - Hudo Slovenija\" \/>\n<meta property=\"og:description\" content=\"Nizozemski preiskovalci so uradno spro\u017eili preiskavo samomora obsojenca haa\u0161kega sodi\u0161\u010da, nekdanjega poveljnika bosanskih Hrvatov Slobodana Praljaka. Osredoto\u010dili se bodo na vpra\u0161anji, kaj je ubilo Praljaka in ali mu je kdo pomagal pridobiti domnevni strup, poro\u010da francoska tiskovna agencija AFP.\" \/>\n<meta property=\"og:url\" content=\"https:\/\/hudo.com\/si\/aktualno\/preiskovalci-zaceli-preiskavo-praljakovega-samomora\/\" \/>\n<meta property=\"og:site_name\" content=\"Hudo Slovenija\" \/>\n<meta property=\"article:publisher\" content=\"https:\/\/www.facebook.com\/hudo.si\" \/>\n<meta property=\"article:published_time\" content=\"2017-11-30T09:52:09+00:00\" \/>\n<meta property=\"og:image\" content=\"https:\/\/hudo.com\/si\/wp-content\/uploads\/sites\/2\/2017\/11\/profimedia-0356446923.jpg\" \/>\n\t<meta property=\"og:image:width\" content=\"1250\" \/>\n\t<meta property=\"og:image:height\" content=\"904\" \/>\n\t<meta property=\"og:image:type\" content=\"image\/jpeg\" \/>\n<meta name=\"author\" content=\"A. G., STA\" \/>\n<meta name=\"twitter:card\" content=\"summary_large_image\" \/>\n<meta name=\"twitter:creator\" content=\"@hudo_si\" \/>\n<meta name=\"twitter:site\" content=\"@hudo_si\" \/>\n<meta name=\"twitter:label1\" content=\"Written by\" \/>\n\t<meta name=\"twitter:data1\" content=\"A. G., STA\" \/>\n\t<meta name=\"twitter:label2\" content=\"Est. reading time\" \/>\n\t<meta name=\"twitter:data2\" content=\"2 minuti\" \/>\n<script type=\"application\/ld+json\" class=\"yoast-schema-graph\">{\"@context\":\"https:\/\/schema.org\",\"@graph\":[{\"@type\":\"Article\",\"@id\":\"https:\/\/hudo.com\/si\/aktualno\/preiskovalci-zaceli-preiskavo-praljakovega-samomora\/#article\",\"isPartOf\":{\"@id\":\"https:\/\/hudo.com\/si\/aktualno\/preiskovalci-zaceli-preiskavo-praljakovega-samomora\/\"},\"author\":{\"name\":\"A. G., STA\",\"@id\":\"https:\/\/hudo.com\/si\/#\/schema\/person\/2391667a63ea075ba94f2f2dc6b77537\"},\"headline\":\"Preiskovalci za\u010deli preiskavo Praljakovega samomora\",\"datePublished\":\"2017-11-30T09:52:09+00:00\",\"dateModified\":\"2017-11-30T09:52:09+00:00\",\"mainEntityOfPage\":{\"@id\":\"https:\/\/hudo.com\/si\/aktualno\/preiskovalci-zaceli-preiskavo-praljakovega-samomora\/\"},\"wordCount\":389,\"publisher\":{\"@id\":\"https:\/\/hudo.com\/si\/#organization\"},\"keywords\":[\"BIH\",\"Haa\u0161ko sodi\u0161\u010de\",\"hrva\u0161ka\",\"preiskava\",\"samomor\",\"Slobodan Praljak\",\"strup\"],\"articleSection\":[\"Aktualno\"],\"inLanguage\":\"sl-SI\"},{\"@type\":\"WebPage\",\"@id\":\"https:\/\/hudo.com\/si\/aktualno\/preiskovalci-zaceli-preiskavo-praljakovega-samomora\/\",\"url\":\"https:\/\/hudo.com\/si\/aktualno\/preiskovalci-zaceli-preiskavo-praljakovega-samomora\/\",\"name\":\"Preiskovalci za\u010deli preiskavo Praljakovega samomora - Hudo Slovenija\",\"isPartOf\":{\"@id\":\"https:\/\/hudo.com\/si\/#website\"},\"datePublished\":\"2017-11-30T09:52:09+00:00\",\"dateModified\":\"2017-11-30T09:52:09+00:00\",\"breadcrumb\":{\"@id\":\"https:\/\/hudo.com\/si\/aktualno\/preiskovalci-zaceli-preiskavo-praljakovega-samomora\/#breadcrumb\"},\"inLanguage\":\"sl-SI\",\"potentialAction\":[{\"@type\":\"ReadAction\",\"target\":[\"https:\/\/hudo.com\/si\/aktualno\/preiskovalci-zaceli-preiskavo-praljakovega-samomora\/\"]}]},{\"@type\":\"BreadcrumbList\",\"@id\":\"https:\/\/hudo.com\/si\/aktualno\/preiskovalci-zaceli-preiskavo-praljakovega-samomora\/#breadcrumb\",\"itemListElement\":[{\"@type\":\"ListItem\",\"position\":1,\"name\":\"Home\",\"item\":\"https:\/\/hudo.com\/si\/\"},{\"@type\":\"ListItem\",\"position\":2,\"name\":\"Preiskovalci za\u010deli preiskavo Praljakovega samomora\"}]},{\"@type\":\"WebSite\",\"@id\":\"https:\/\/hudo.com\/si\/#website\",\"url\":\"https:\/\/hudo.com\/si\/\",\"name\":\"Hudo Slovenija\",\"description\":\"Vse novice iz Slovenije in sveta\",\"publisher\":{\"@id\":\"https:\/\/hudo.com\/si\/#organization\"},\"potentialAction\":[{\"@type\":\"SearchAction\",\"target\":{\"@type\":\"EntryPoint\",\"urlTemplate\":\"https:\/\/hudo.com\/si\/?s={search_term_string}\"},\"query-input\":\"required name=search_term_string\"}],\"inLanguage\":\"sl-SI\"},{\"@type\":\"Organization\",\"@id\":\"https:\/\/hudo.com\/si\/#organization\",\"name\":\"VSN Media\",\"url\":\"https:\/\/hudo.com\/si\/\",\"logo\":{\"@type\":\"ImageObject\",\"inLanguage\":\"sl-SI\",\"@id\":\"https:\/\/hudo.com\/si\/#\/schema\/logo\/image\/\",\"url\":\"https:\/\/hudo.com\/si\/wp-content\/uploads\/sites\/2\/2021\/03\/hudo-app-2.png\",\"contentUrl\":\"https:\/\/hudo.com\/si\/wp-content\/uploads\/sites\/2\/2021\/03\/hudo-app-2.png\",\"width\":2185,\"height\":2167,\"caption\":\"VSN Media\"},\"image\":{\"@id\":\"https:\/\/hudo.com\/si\/#\/schema\/logo\/image\/\"},\"sameAs\":[\"https:\/\/www.facebook.com\/hudo.si\",\"https:\/\/twitter.com\/hudo_si\"]},{\"@type\":\"Person\",\"@id\":\"https:\/\/hudo.com\/si\/#\/schema\/person\/2391667a63ea075ba94f2f2dc6b77537\",\"name\":\"A. G., STA\",\"image\":{\"@type\":\"ImageObject\",\"inLanguage\":\"sl-SI\",\"@id\":\"https:\/\/hudo.com\/si\/#\/schema\/person\/image\/\",\"url\":\"https:\/\/secure.gravatar.com\/avatar\/e13d22ac3e442658d5025fbbe6238a79?s=96&d=mm&r=g\",\"contentUrl\":\"https:\/\/secure.gravatar.com\/avatar\/e13d22ac3e442658d5025fbbe6238a79?s=96&d=mm&r=g\",\"caption\":\"A. G., STA\"},\"url\":\"https:\/\/hudo.com\/si\/author\/alenka\/\"}]}<\/script>\n<!-- \/ Yoast SEO plugin. -->","yoast_head_json":{"title":"Preiskovalci za\u010deli preiskavo Praljakovega samomora - Hudo Slovenija","robots":{"index":"index","follow":"follow","max-snippet":"max-snippet:-1","max-image-preview":"max-image-preview:large","max-video-preview":"max-video-preview:-1"},"canonical":"https:\/\/hudo.com\/si\/aktualno\/preiskovalci-zaceli-preiskavo-praljakovega-samomora\/","og_locale":"sl_SI","og_type":"article","og_title":"Preiskovalci za\u010deli preiskavo Praljakovega samomora - Hudo Slovenija","og_description":"Nizozemski preiskovalci so uradno spro\u017eili preiskavo samomora obsojenca haa\u0161kega sodi\u0161\u010da, nekdanjega poveljnika bosanskih Hrvatov Slobodana Praljaka. Osredoto\u010dili se bodo na vpra\u0161anji, kaj je ubilo Praljaka in ali mu je kdo pomagal pridobiti domnevni strup, poro\u010da francoska tiskovna agencija AFP.","og_url":"https:\/\/hudo.com\/si\/aktualno\/preiskovalci-zaceli-preiskavo-praljakovega-samomora\/","og_site_name":"Hudo Slovenija","article_publisher":"https:\/\/www.facebook.com\/hudo.si","article_published_time":"2017-11-30T09:52:09+00:00","og_image":[{"width":1250,"height":904,"url":"https:\/\/hudo.com\/si\/wp-content\/uploads\/sites\/2\/2017\/11\/profimedia-0356446923.jpg","type":"image\/jpeg"}],"author":"A. G., STA","twitter_card":"summary_large_image","twitter_creator":"@hudo_si","twitter_site":"@hudo_si","twitter_misc":{"Written by":"A. G., STA","Est. reading time":"2 minuti"},"schema":{"@context":"https:\/\/schema.org","@graph":[{"@type":"Article","@id":"https:\/\/hudo.com\/si\/aktualno\/preiskovalci-zaceli-preiskavo-praljakovega-samomora\/#article","isPartOf":{"@id":"https:\/\/hudo.com\/si\/aktualno\/preiskovalci-zaceli-preiskavo-praljakovega-samomora\/"},"author":{"name":"A. G., STA","@id":"https:\/\/hudo.com\/si\/#\/schema\/person\/2391667a63ea075ba94f2f2dc6b77537"},"headline":"Preiskovalci za\u010deli preiskavo Praljakovega samomora","datePublished":"2017-11-30T09:52:09+00:00","dateModified":"2017-11-30T09:52:09+00:00","mainEntityOfPage":{"@id":"https:\/\/hudo.com\/si\/aktualno\/preiskovalci-zaceli-preiskavo-praljakovega-samomora\/"},"wordCount":389,"publisher":{"@id":"https:\/\/hudo.com\/si\/#organization"},"keywords":["BIH","Haa\u0161ko sodi\u0161\u010de","hrva\u0161ka","preiskava","samomor","Slobodan Praljak","strup"],"articleSection":["Aktualno"],"inLanguage":"sl-SI"},{"@type":"WebPage","@id":"https:\/\/hudo.com\/si\/aktualno\/preiskovalci-zaceli-preiskavo-praljakovega-samomora\/","url":"https:\/\/hudo.com\/si\/aktualno\/preiskovalci-zaceli-preiskavo-praljakovega-samomora\/","name":"Preiskovalci za\u010deli preiskavo Praljakovega samomora - Hudo Slovenija","isPartOf":{"@id":"https:\/\/hudo.com\/si\/#website"},"datePublished":"2017-11-30T09:52:09+00:00","dateModified":"2017-11-30T09:52:09+00:00","breadcrumb":{"@id":"https:\/\/hudo.com\/si\/aktualno\/preiskovalci-zaceli-preiskavo-praljakovega-samomora\/#breadcrumb"},"inLanguage":"sl-SI","potentialAction":[{"@type":"ReadAction","target":["https:\/\/hudo.com\/si\/aktualno\/preiskovalci-zaceli-preiskavo-praljakovega-samomora\/"]}]},{"@type":"BreadcrumbList","@id":"https:\/\/hudo.com\/si\/aktualno\/preiskovalci-zaceli-preiskavo-praljakovega-samomora\/#breadcrumb","itemListElement":[{"@type":"ListItem","position":1,"name":"Home","item":"https:\/\/hudo.com\/si\/"},{"@type":"ListItem","position":2,"name":"Preiskovalci za\u010deli preiskavo Praljakovega samomora"}]},{"@type":"WebSite","@id":"https:\/\/hudo.com\/si\/#website","url":"https:\/\/hudo.com\/si\/","name":"Hudo Slovenija","description":"Vse novice iz Slovenije in sveta","publisher":{"@id":"https:\/\/hudo.com\/si\/#organization"},"potentialAction":[{"@type":"SearchAction","target":{"@type":"EntryPoint","urlTemplate":"https:\/\/hudo.com\/si\/?s={search_term_string}"},"query-input":"required name=search_term_string"}],"inLanguage":"sl-SI"},{"@type":"Organization","@id":"https:\/\/hudo.com\/si\/#organization","name":"VSN Media","url":"https:\/\/hudo.com\/si\/","logo":{"@type":"ImageObject","inLanguage":"sl-SI","@id":"https:\/\/hudo.com\/si\/#\/schema\/logo\/image\/","url":"https:\/\/hudo.com\/si\/wp-content\/uploads\/sites\/2\/2021\/03\/hudo-app-2.png","contentUrl":"https:\/\/hudo.com\/si\/wp-content\/uploads\/sites\/2\/2021\/03\/hudo-app-2.png","width":2185,"height":2167,"caption":"VSN Media"},"image":{"@id":"https:\/\/hudo.com\/si\/#\/schema\/logo\/image\/"},"sameAs":["https:\/\/www.facebook.com\/hudo.si","https:\/\/twitter.com\/hudo_si"]},{"@type":"Person","@id":"https:\/\/hudo.com\/si\/#\/schema\/person\/2391667a63ea075ba94f2f2dc6b77537","name":"A. G., STA","image":{"@type":"ImageObject","inLanguage":"sl-SI","@id":"https:\/\/hudo.com\/si\/#\/schema\/person\/image\/","url":"https:\/\/secure.gravatar.com\/avatar\/e13d22ac3e442658d5025fbbe6238a79?s=96&d=mm&r=g","contentUrl":"https:\/\/secure.gravatar.com\/avatar\/e13d22ac3e442658d5025fbbe6238a79?s=96&d=mm&r=g","caption":"A. G., STA"},"url":"https:\/\/hudo.com\/si\/author\/alenka\/"}]}},"amp_enabled":true,"_links":{"self":[{"href":"https:\/\/hudo.com\/si\/wp-json\/wp\/v2\/posts\/327926"}],"collection":[{"href":"https:\/\/hudo.com\/si\/wp-json\/wp\/v2\/posts"}],"about":[{"href":"https:\/\/hudo.com\/si\/wp-json\/wp\/v2\/types\/post"}],"author":[{"embeddable":true,"href":"https:\/\/hudo.com\/si\/wp-json\/wp\/v2\/users\/5"}],"replies":[{"embeddable":true,"href":"https:\/\/hudo.com\/si\/wp-json\/wp\/v2\/comments?post=327926"}],"version-history":[{"count":1,"href":"https:\/\/hudo.com\/si\/wp-json\/wp\/v2\/posts\/327926\/revisions"}],"predecessor-version":[{"id":327927,"href":"https:\/\/hudo.com\/si\/wp-json\/wp\/v2\/posts\/327926\/revisions\/327927"}],"wp:featuredmedia":[{"embeddable":true,"href":"https:\/\/hudo.com\/si\/wp-json\/wp\/v2\/media\/327584"}],"wp:attachment":[{"href":"https:\/\/hudo.com\/si\/wp-json\/wp\/v2\/media?parent=327926"}],"wp:term":[{"taxonomy":"category","embeddable":true,"href":"https:\/\/hudo.com\/si\/wp-json\/wp\/v2\/categories?post=327926"},{"taxonomy":"post_tag","embeddable":true,"href":"https:\/\/hudo.com\/si\/wp-json\/wp\/v2\/tags?post=327926"},{"taxonomy":"source","embeddable":true,"href":"https:\/\/hudo.com\/si\/wp-json\/wp\/v2\/source?post=327926"},{"taxonomy":"supertag","embeddable":true,"href":"https:\/\/hudo.com\/si\/wp-json\/wp\/v2\/supertag?post=327926"}],"curies":[{"name":"wp","href":"https:\/\/api.w.org\/{rel}","templated":true}]}}