{"id":328133,"date":"2017-11-30T13:35:00","date_gmt":"2017-11-30T12:35:00","guid":{"rendered":"http:\/\/hudo.com\/si\/2017\/11\/30\/v-trgovini-manjkrat-ob-nedeljah-in-praznikih-visje-placilo\/"},"modified":"2017-11-30T13:35:00","modified_gmt":"2017-11-30T12:35:00","slug":"v-trgovini-manjkrat-ob-nedeljah-in-praznikih-visje-placilo","status":"publish","type":"post","link":"https:\/\/hudo.com\/si\/aktualno\/v-trgovini-manjkrat-ob-nedeljah-in-praznikih-visje-placilo\/","title":{"rendered":"V trgovini manjkrat ob nedeljah in praznikih, vi\u0161je pla\u010dilo"},"content":{"rendered":"<p>Kategorija: Slovenija Thu, 30 Nov 2017 14:35:00 +0100  Ljubljana \u2212 V dejavnosti trgovine bodo s 1. januarjem veljala nova pravila glede dela ob nedeljah in praznikih. Ve\u010dina trgovin bo na \u00bbglavne\u00ab praznike zaprta, na ostale praznike bodo delavci dobili 250 odstotkov vi\u0161jo urno postavko. Delavec bo lahko delal najve\u010d 15 nedelj v letu, a ne ve\u010d kot dve na mesec, urna postavka bo kot zdaj vi\u0161ja za sto odstotkov. Novosti glede organizacije delovnega \u010dasa dolo\u010da aneks h kolektivni pogodbi dejavnosti trgovine, ki so ga danes podpisali predstavniki delodajalcev in sindikatov v panogi. Kot so povedali na skupni novinarski konferenci v Ljubljani, se bo aneks za\u010del uporabljati s 1. januarjem prihodnje leto. Aneks bo sicer veljal le, \u010de ne bo sprejet zakon ali predpis, ki bi neposredno ali posredno posegal v materijo, ki jo opredeljuje aneks, so se dogovorili. Trgovci delavcev ne\u00a0&#8230;<\/p>\n","protected":false},"excerpt":{"rendered":"<p>Kategorija: Slovenija Thu, 30 Nov 2017 14:35:00 +0100  Ljubljana \u2212 V dejavnosti trgovine bodo s 1. januarjem veljala nova pravila glede dela ob nedeljah in praznikih. Ve\u010dina trgovin bo na \u00bbglavne\u00ab praznike zaprta, na ostale praznike bodo delavci dobili 250 odstotkov vi\u0161jo urno postavko. Delavec bo lahko delal najve\u010d 15 nedelj v letu, a ne ve\u010d kot dve na mesec, urna postavka bo kot zdaj vi\u0161ja za sto odstotkov. Novosti glede organizacije delovnega \u010dasa dolo\u010da aneks h kolektivni pogodbi dejavnosti trgovine, ki so ga danes podpisali predstavniki delodajalcev in sindikatov v panogi. Kot so povedali na skupni novinarski konferenci v Ljubljani, se bo aneks za\u010del uporabljati s 1. januarjem prihodnje leto. Aneks bo sicer veljal le, \u010de ne bo sprejet zakon ali predpis, ki bi neposredno ali posredno posegal v materijo, ki jo opredeljuje aneks, so se dogovorili. Trgovci delavcev ne\u00a0&#8230;<\/p>\n","protected":false},"author":1,"featured_media":0,"comment_status":"closed","ping_status":"closed","sticky":false,"template":"","format":"standard","meta":{"footnotes":""},"categories":[1179],"tags":[],"source":[1703],"supertag":[],"acf":[],"yoast_head":"<!-- This site is optimized with the Yoast SEO plugin v21.3 - https:\/\/yoast.com\/wordpress\/plugins\/seo\/ -->\n<title>V trgovini manjkrat ob nedeljah in praznikih, vi\u0161je pla\u010dilo - Hudo Slovenija<\/title>\n<meta name=\"robots\" content=\"index, follow, max-snippet:-1, max-image-preview:large, max-video-preview:-1\" \/>\n<link rel=\"canonical\" href=\"https:\/\/hudo.com\/si\/aktualno\/v-trgovini-manjkrat-ob-nedeljah-in-praznikih-visje-placilo\/\" \/>\n<meta property=\"og:locale\" content=\"sl_SI\" \/>\n<meta property=\"og:type\" content=\"article\" \/>\n<meta property=\"og:title\" content=\"V trgovini manjkrat ob nedeljah in praznikih, vi\u0161je pla\u010dilo - Hudo Slovenija\" \/>\n<meta property=\"og:description\" content=\"Kategorija: Slovenija Thu, 30 Nov 2017 14:35:00 +0100 Ljubljana \u2212 V dejavnosti trgovine bodo s 1. januarjem veljala nova pravila glede dela ob nedeljah in praznikih. Ve\u010dina trgovin bo na \u00bbglavne\u00ab praznike zaprta, na ostale praznike bodo delavci dobili 250 odstotkov vi\u0161jo urno postavko. Delavec bo lahko delal najve\u010d 15 nedelj v letu, a ne ve\u010d kot dve na mesec, urna postavka bo kot zdaj vi\u0161ja za sto odstotkov. Novosti glede organizacije delovnega \u010dasa dolo\u010da aneks h kolektivni pogodbi dejavnosti trgovine, ki so ga danes podpisali predstavniki delodajalcev in sindikatov v panogi. Kot so povedali na skupni novinarski konferenci v Ljubljani, se bo aneks za\u010del uporabljati s 1. januarjem prihodnje leto. Aneks bo sicer veljal le, \u010de ne bo sprejet zakon ali predpis, ki bi neposredno ali posredno posegal v materijo, ki jo opredeljuje aneks, so se dogovorili. Trgovci delavcev ne\u00a0...\" \/>\n<meta property=\"og:url\" content=\"https:\/\/hudo.com\/si\/aktualno\/v-trgovini-manjkrat-ob-nedeljah-in-praznikih-visje-placilo\/\" \/>\n<meta property=\"og:site_name\" content=\"Hudo Slovenija\" \/>\n<meta property=\"article:publisher\" content=\"https:\/\/www.facebook.com\/hudo.si\" \/>\n<meta property=\"article:published_time\" content=\"2017-11-30T12:35:00+00:00\" \/>\n<meta property=\"og:image\" content=\"https:\/\/hudo.com\/si\/wp-content\/uploads\/sites\/2\/2017\/11\/480x290_djvu_888416_alster_reut-FRANCE-1.jpeg\" \/>\n\t<meta property=\"og:image:width\" content=\"480\" \/>\n\t<meta property=\"og:image:height\" content=\"290\" \/>\n\t<meta property=\"og:image:type\" content=\"image\/jpeg\" \/>\n<meta name=\"author\" content=\"hudo\" \/>\n<meta name=\"twitter:card\" content=\"summary_large_image\" \/>\n<meta name=\"twitter:creator\" content=\"@hudo_si\" \/>\n<meta name=\"twitter:site\" content=\"@hudo_si\" \/>\n<meta name=\"twitter:label1\" content=\"Written by\" \/>\n\t<meta name=\"twitter:data1\" content=\"hudo\" \/>\n\t<meta name=\"twitter:label2\" content=\"Est. reading time\" \/>\n\t<meta name=\"twitter:data2\" content=\"1 minuta\" \/>\n<script type=\"application\/ld+json\" class=\"yoast-schema-graph\">{\"@context\":\"https:\/\/schema.org\",\"@graph\":[{\"@type\":\"Article\",\"@id\":\"https:\/\/hudo.com\/si\/aktualno\/v-trgovini-manjkrat-ob-nedeljah-in-praznikih-visje-placilo\/#article\",\"isPartOf\":{\"@id\":\"https:\/\/hudo.com\/si\/aktualno\/v-trgovini-manjkrat-ob-nedeljah-in-praznikih-visje-placilo\/\"},\"author\":{\"name\":\"hudo\",\"@id\":\"https:\/\/hudo.com\/si\/#\/schema\/person\/601cf3379633985b20f7e50f2bb47707\"},\"headline\":\"V trgovini manjkrat ob nedeljah in praznikih, vi\u0161je pla\u010dilo\",\"datePublished\":\"2017-11-30T12:35:00+00:00\",\"dateModified\":\"2017-11-30T12:35:00+00:00\",\"mainEntityOfPage\":{\"@id\":\"https:\/\/hudo.com\/si\/aktualno\/v-trgovini-manjkrat-ob-nedeljah-in-praznikih-visje-placilo\/\"},\"wordCount\":148,\"publisher\":{\"@id\":\"https:\/\/hudo.com\/si\/#organization\"},\"articleSection\":[\"Aktualno\"],\"inLanguage\":\"sl-SI\"},{\"@type\":\"WebPage\",\"@id\":\"https:\/\/hudo.com\/si\/aktualno\/v-trgovini-manjkrat-ob-nedeljah-in-praznikih-visje-placilo\/\",\"url\":\"https:\/\/hudo.com\/si\/aktualno\/v-trgovini-manjkrat-ob-nedeljah-in-praznikih-visje-placilo\/\",\"name\":\"V trgovini manjkrat ob nedeljah in praznikih, vi\u0161je pla\u010dilo - Hudo Slovenija\",\"isPartOf\":{\"@id\":\"https:\/\/hudo.com\/si\/#website\"},\"datePublished\":\"2017-11-30T12:35:00+00:00\",\"dateModified\":\"2017-11-30T12:35:00+00:00\",\"breadcrumb\":{\"@id\":\"https:\/\/hudo.com\/si\/aktualno\/v-trgovini-manjkrat-ob-nedeljah-in-praznikih-visje-placilo\/#breadcrumb\"},\"inLanguage\":\"sl-SI\",\"potentialAction\":[{\"@type\":\"ReadAction\",\"target\":[\"https:\/\/hudo.com\/si\/aktualno\/v-trgovini-manjkrat-ob-nedeljah-in-praznikih-visje-placilo\/\"]}]},{\"@type\":\"BreadcrumbList\",\"@id\":\"https:\/\/hudo.com\/si\/aktualno\/v-trgovini-manjkrat-ob-nedeljah-in-praznikih-visje-placilo\/#breadcrumb\",\"itemListElement\":[{\"@type\":\"ListItem\",\"position\":1,\"name\":\"Home\",\"item\":\"https:\/\/hudo.com\/si\/\"},{\"@type\":\"ListItem\",\"position\":2,\"name\":\"V trgovini manjkrat ob nedeljah in praznikih, vi\u0161je pla\u010dilo\"}]},{\"@type\":\"WebSite\",\"@id\":\"https:\/\/hudo.com\/si\/#website\",\"url\":\"https:\/\/hudo.com\/si\/\",\"name\":\"Hudo Slovenija\",\"description\":\"Vse novice iz Slovenije in sveta\",\"publisher\":{\"@id\":\"https:\/\/hudo.com\/si\/#organization\"},\"potentialAction\":[{\"@type\":\"SearchAction\",\"target\":{\"@type\":\"EntryPoint\",\"urlTemplate\":\"https:\/\/hudo.com\/si\/?s={search_term_string}\"},\"query-input\":\"required name=search_term_string\"}],\"inLanguage\":\"sl-SI\"},{\"@type\":\"Organization\",\"@id\":\"https:\/\/hudo.com\/si\/#organization\",\"name\":\"VSN Media\",\"url\":\"https:\/\/hudo.com\/si\/\",\"logo\":{\"@type\":\"ImageObject\",\"inLanguage\":\"sl-SI\",\"@id\":\"https:\/\/hudo.com\/si\/#\/schema\/logo\/image\/\",\"url\":\"https:\/\/hudo.com\/si\/wp-content\/uploads\/sites\/2\/2021\/03\/hudo-app-2.png\",\"contentUrl\":\"https:\/\/hudo.com\/si\/wp-content\/uploads\/sites\/2\/2021\/03\/hudo-app-2.png\",\"width\":2185,\"height\":2167,\"caption\":\"VSN Media\"},\"image\":{\"@id\":\"https:\/\/hudo.com\/si\/#\/schema\/logo\/image\/\"},\"sameAs\":[\"https:\/\/www.facebook.com\/hudo.si\",\"https:\/\/twitter.com\/hudo_si\"]},{\"@type\":\"Person\",\"@id\":\"https:\/\/hudo.com\/si\/#\/schema\/person\/601cf3379633985b20f7e50f2bb47707\",\"name\":\"hudo\",\"image\":{\"@type\":\"ImageObject\",\"inLanguage\":\"sl-SI\",\"@id\":\"https:\/\/hudo.com\/si\/#\/schema\/person\/image\/\",\"url\":\"https:\/\/secure.gravatar.com\/avatar\/c4ca25fa72cace7a696b52ff5db9e095?s=96&d=mm&r=g\",\"contentUrl\":\"https:\/\/secure.gravatar.com\/avatar\/c4ca25fa72cace7a696b52ff5db9e095?s=96&d=mm&r=g\",\"caption\":\"hudo\"},\"url\":\"https:\/\/hudo.com\/si\/author\/hudo\/\"}]}<\/script>\n<!-- \/ Yoast SEO plugin. -->","yoast_head_json":{"title":"V trgovini manjkrat ob nedeljah in praznikih, vi\u0161je pla\u010dilo - Hudo Slovenija","robots":{"index":"index","follow":"follow","max-snippet":"max-snippet:-1","max-image-preview":"max-image-preview:large","max-video-preview":"max-video-preview:-1"},"canonical":"https:\/\/hudo.com\/si\/aktualno\/v-trgovini-manjkrat-ob-nedeljah-in-praznikih-visje-placilo\/","og_locale":"sl_SI","og_type":"article","og_title":"V trgovini manjkrat ob nedeljah in praznikih, vi\u0161je pla\u010dilo - Hudo Slovenija","og_description":"Kategorija: Slovenija Thu, 30 Nov 2017 14:35:00 +0100 Ljubljana \u2212 V dejavnosti trgovine bodo s 1. januarjem veljala nova pravila glede dela ob nedeljah in praznikih. Ve\u010dina trgovin bo na \u00bbglavne\u00ab praznike zaprta, na ostale praznike bodo delavci dobili 250 odstotkov vi\u0161jo urno postavko. Delavec bo lahko delal najve\u010d 15 nedelj v letu, a ne ve\u010d kot dve na mesec, urna postavka bo kot zdaj vi\u0161ja za sto odstotkov. Novosti glede organizacije delovnega \u010dasa dolo\u010da aneks h kolektivni pogodbi dejavnosti trgovine, ki so ga danes podpisali predstavniki delodajalcev in sindikatov v panogi. Kot so povedali na skupni novinarski konferenci v Ljubljani, se bo aneks za\u010del uporabljati s 1. januarjem prihodnje leto. Aneks bo sicer veljal le, \u010de ne bo sprejet zakon ali predpis, ki bi neposredno ali posredno posegal v materijo, ki jo opredeljuje aneks, so se dogovorili. Trgovci delavcev ne\u00a0...","og_url":"https:\/\/hudo.com\/si\/aktualno\/v-trgovini-manjkrat-ob-nedeljah-in-praznikih-visje-placilo\/","og_site_name":"Hudo Slovenija","article_publisher":"https:\/\/www.facebook.com\/hudo.si","article_published_time":"2017-11-30T12:35:00+00:00","og_image":[{"width":480,"height":290,"url":"https:\/\/hudo.com\/si\/wp-content\/uploads\/sites\/2\/2017\/11\/480x290_djvu_888416_alster_reut-FRANCE-1.jpeg","type":"image\/jpeg"}],"author":"hudo","twitter_card":"summary_large_image","twitter_creator":"@hudo_si","twitter_site":"@hudo_si","twitter_misc":{"Written by":"hudo","Est. reading time":"1 minuta"},"schema":{"@context":"https:\/\/schema.org","@graph":[{"@type":"Article","@id":"https:\/\/hudo.com\/si\/aktualno\/v-trgovini-manjkrat-ob-nedeljah-in-praznikih-visje-placilo\/#article","isPartOf":{"@id":"https:\/\/hudo.com\/si\/aktualno\/v-trgovini-manjkrat-ob-nedeljah-in-praznikih-visje-placilo\/"},"author":{"name":"hudo","@id":"https:\/\/hudo.com\/si\/#\/schema\/person\/601cf3379633985b20f7e50f2bb47707"},"headline":"V trgovini manjkrat ob nedeljah in praznikih, vi\u0161je pla\u010dilo","datePublished":"2017-11-30T12:35:00+00:00","dateModified":"2017-11-30T12:35:00+00:00","mainEntityOfPage":{"@id":"https:\/\/hudo.com\/si\/aktualno\/v-trgovini-manjkrat-ob-nedeljah-in-praznikih-visje-placilo\/"},"wordCount":148,"publisher":{"@id":"https:\/\/hudo.com\/si\/#organization"},"articleSection":["Aktualno"],"inLanguage":"sl-SI"},{"@type":"WebPage","@id":"https:\/\/hudo.com\/si\/aktualno\/v-trgovini-manjkrat-ob-nedeljah-in-praznikih-visje-placilo\/","url":"https:\/\/hudo.com\/si\/aktualno\/v-trgovini-manjkrat-ob-nedeljah-in-praznikih-visje-placilo\/","name":"V trgovini manjkrat ob nedeljah in praznikih, vi\u0161je pla\u010dilo - Hudo Slovenija","isPartOf":{"@id":"https:\/\/hudo.com\/si\/#website"},"datePublished":"2017-11-30T12:35:00+00:00","dateModified":"2017-11-30T12:35:00+00:00","breadcrumb":{"@id":"https:\/\/hudo.com\/si\/aktualno\/v-trgovini-manjkrat-ob-nedeljah-in-praznikih-visje-placilo\/#breadcrumb"},"inLanguage":"sl-SI","potentialAction":[{"@type":"ReadAction","target":["https:\/\/hudo.com\/si\/aktualno\/v-trgovini-manjkrat-ob-nedeljah-in-praznikih-visje-placilo\/"]}]},{"@type":"BreadcrumbList","@id":"https:\/\/hudo.com\/si\/aktualno\/v-trgovini-manjkrat-ob-nedeljah-in-praznikih-visje-placilo\/#breadcrumb","itemListElement":[{"@type":"ListItem","position":1,"name":"Home","item":"https:\/\/hudo.com\/si\/"},{"@type":"ListItem","position":2,"name":"V trgovini manjkrat ob nedeljah in praznikih, vi\u0161je pla\u010dilo"}]},{"@type":"WebSite","@id":"https:\/\/hudo.com\/si\/#website","url":"https:\/\/hudo.com\/si\/","name":"Hudo Slovenija","description":"Vse novice iz Slovenije in sveta","publisher":{"@id":"https:\/\/hudo.com\/si\/#organization"},"potentialAction":[{"@type":"SearchAction","target":{"@type":"EntryPoint","urlTemplate":"https:\/\/hudo.com\/si\/?s={search_term_string}"},"query-input":"required name=search_term_string"}],"inLanguage":"sl-SI"},{"@type":"Organization","@id":"https:\/\/hudo.com\/si\/#organization","name":"VSN Media","url":"https:\/\/hudo.com\/si\/","logo":{"@type":"ImageObject","inLanguage":"sl-SI","@id":"https:\/\/hudo.com\/si\/#\/schema\/logo\/image\/","url":"https:\/\/hudo.com\/si\/wp-content\/uploads\/sites\/2\/2021\/03\/hudo-app-2.png","contentUrl":"https:\/\/hudo.com\/si\/wp-content\/uploads\/sites\/2\/2021\/03\/hudo-app-2.png","width":2185,"height":2167,"caption":"VSN Media"},"image":{"@id":"https:\/\/hudo.com\/si\/#\/schema\/logo\/image\/"},"sameAs":["https:\/\/www.facebook.com\/hudo.si","https:\/\/twitter.com\/hudo_si"]},{"@type":"Person","@id":"https:\/\/hudo.com\/si\/#\/schema\/person\/601cf3379633985b20f7e50f2bb47707","name":"hudo","image":{"@type":"ImageObject","inLanguage":"sl-SI","@id":"https:\/\/hudo.com\/si\/#\/schema\/person\/image\/","url":"https:\/\/secure.gravatar.com\/avatar\/c4ca25fa72cace7a696b52ff5db9e095?s=96&d=mm&r=g","contentUrl":"https:\/\/secure.gravatar.com\/avatar\/c4ca25fa72cace7a696b52ff5db9e095?s=96&d=mm&r=g","caption":"hudo"},"url":"https:\/\/hudo.com\/si\/author\/hudo\/"}]}},"amp_enabled":true,"_links":{"self":[{"href":"https:\/\/hudo.com\/si\/wp-json\/wp\/v2\/posts\/328133"}],"collection":[{"href":"https:\/\/hudo.com\/si\/wp-json\/wp\/v2\/posts"}],"about":[{"href":"https:\/\/hudo.com\/si\/wp-json\/wp\/v2\/types\/post"}],"author":[{"embeddable":true,"href":"https:\/\/hudo.com\/si\/wp-json\/wp\/v2\/users\/1"}],"replies":[{"embeddable":true,"href":"https:\/\/hudo.com\/si\/wp-json\/wp\/v2\/comments?post=328133"}],"version-history":[{"count":0,"href":"https:\/\/hudo.com\/si\/wp-json\/wp\/v2\/posts\/328133\/revisions"}],"wp:attachment":[{"href":"https:\/\/hudo.com\/si\/wp-json\/wp\/v2\/media?parent=328133"}],"wp:term":[{"taxonomy":"category","embeddable":true,"href":"https:\/\/hudo.com\/si\/wp-json\/wp\/v2\/categories?post=328133"},{"taxonomy":"post_tag","embeddable":true,"href":"https:\/\/hudo.com\/si\/wp-json\/wp\/v2\/tags?post=328133"},{"taxonomy":"source","embeddable":true,"href":"https:\/\/hudo.com\/si\/wp-json\/wp\/v2\/source?post=328133"},{"taxonomy":"supertag","embeddable":true,"href":"https:\/\/hudo.com\/si\/wp-json\/wp\/v2\/supertag?post=328133"}],"curies":[{"name":"wp","href":"https:\/\/api.w.org\/{rel}","templated":true}]}}