{"id":32814,"date":"2016-04-18T14:00:00","date_gmt":"2016-04-18T12:00:00","guid":{"rendered":"http:\/\/hudo.com\/si\/2016\/04\/18\/svedski-minister-odstopil-zaradi-povezav-z-islamisticnimi-skupinami\/"},"modified":"2016-04-19T12:07:18","modified_gmt":"2016-04-19T10:07:18","slug":"svedski-minister-odstopil-zaradi-povezav-z-islamisticnimi-skupinami","status":"publish","type":"post","link":"https:\/\/hudo.com\/si\/aktualno\/svedski-minister-odstopil-zaradi-povezav-z-islamisticnimi-skupinami\/","title":{"rendered":"\u0160vedski minister odstopil zaradi povezav z islamisti\u010dnimi skupinami"},"content":{"rendered":"<p>\u0160vedski premier Stefan L\u00f6fven je danes javnost obvestil o odstopu ministra za stanovanja Mehmeta Kaplana, potem ko so mediji razkrili njegove povezave z islamisti\u010dnimi in ultranacionalisti\u010dnimi skupinami. Kot je dejal socialdemokratski premier, v Tur\u010diji rojeni Kaplan sredi razprav o njegovih povezavah z &#8220;zunanjimi verskimi in politi\u010dnimi organizacijami ni sposoben izvajati ministrskih dol\u017enosti&#8221;, poro\u010da nem\u0161ka tiskovna agencija dpa. Kaplana je s polo\u017eaja dokon\u010dno odneslo nedeljsko poro\u010danje \u010dasnika Svenska Dagbladet, ki je objavil niz njegovih izjav iz leta 2009, ko je bil poslanec. V njih je med drugim izraelsko ravnanje s Palestinci primerjal z ravnanjem z Judi v Nem\u010diji v 30. letih minulega stoletja. Sporni minister je sicer \u017ee prej\u0161nji teden polnil naslovnice \u0161vedskih medijev. Ti so objavili fotografije Kaplana na neki ve\u010derji leta 2015, ki se je je udele\u017eil tudi vodja \u0161vedskega krila tur\u0161kega ultranacionalisti\u010dnega gibanja Sivi volkovi. Oba sta sicer dejala, da nista vedela, kdo vse bo povabljen na omenjeno ve\u010derjo. A premier je v odzivu poudaril, da je vsak minister sam odgovoren za to, v kak\u0161nih krogih ga vidijo. Kaplan se je pod plazom kritik zna\u0161el tudi zaradi preteklih sre\u010danj s \u010dlani islamisti\u010dne organizacije Milli Gorus, ki ima korenine v Tur\u010diji. Nekateri kritiki so ga ozna\u010devali tudi za antisemita. V L\u00f6fvenovo vlado so 44-letnega Kaplana predlagali njegovi Zeleni, manj\u0161i \u010dlan vladne koalicije. Sam je danes poudaril, da zavra\u010da vse oblike ekstremizma, poudaril pa tudi, da njegov odstop ne potrjuje medijskih poro\u010dil o domnevnih povezavah. Resor, ki ga je Kaplan vodil od leta 2014, ko je vajeti dr\u017eave prevzela L\u00f6fvenova vlada, si bosta razdelila dva druga ministra, je medtem \u0161e pojasnil \u0161vedski premier.Svet<\/p>\n","protected":false},"excerpt":{"rendered":"<p>\u0160vedski premier Stefan L\u00f6fven je danes javnost obvestil o odstopu ministra za stanovanja Mehmeta Kaplana, potem ko so mediji razkrili njegove povezave z islamisti\u010dnimi in ultranacionalisti\u010dnimi skupinami. Kot je dejal socialdemokratski premier, v Tur\u010diji rojeni Kaplan sredi razprav o njegovih povezavah z &#8220;zunanjimi verskimi in politi\u010dnimi organizacijami ni sposoben izvajati ministrskih dol\u017enosti&#8221;, poro\u010da nem\u0161ka tiskovna agencija dpa. Kaplana je s polo\u017eaja dokon\u010dno odneslo nedeljsko poro\u010danje \u010dasnika Svenska Dagbladet, ki je objavil niz njegovih izjav iz leta 2009, ko je bil poslanec. V njih je med drugim izraelsko ravnanje s Palestinci primerjal z ravnanjem z Judi v Nem\u010diji v 30. letih minulega stoletja. Sporni minister je sicer \u017ee prej\u0161nji teden polnil naslovnice \u0161vedskih medijev. Ti so objavili fotografije Kaplana na neki ve\u010derji leta 2015, ki se je je udele\u017eil tudi vodja \u0161vedskega krila tur\u0161kega ultranacionalisti\u010dnega gibanja Sivi volkovi. Oba sta sicer dejala, da nista vedela, kdo vse bo povabljen na omenjeno ve\u010derjo. A premier je v odzivu poudaril, da je vsak minister sam odgovoren za to, v kak\u0161nih krogih ga vidijo. Kaplan se je pod plazom kritik zna\u0161el tudi zaradi preteklih sre\u010danj s \u010dlani islamisti\u010dne organizacije Milli Gorus, ki ima korenine v Tur\u010diji. Nekateri kritiki so ga ozna\u010devali tudi za antisemita. V L\u00f6fvenovo vlado so 44-letnega Kaplana predlagali njegovi Zeleni, manj\u0161i \u010dlan vladne koalicije. Sam je danes poudaril, da zavra\u010da vse oblike ekstremizma, poudaril pa tudi, da njegov odstop ne potrjuje medijskih poro\u010dil o domnevnih povezavah. Resor, ki ga je Kaplan vodil od leta 2014, ko je vajeti dr\u017eave prevzela L\u00f6fvenova vlada, si bosta razdelila dva druga ministra, je medtem \u0161e pojasnil \u0161vedski premier.Svet<\/p>\n","protected":false},"author":1,"featured_media":0,"comment_status":"closed","ping_status":"closed","sticky":false,"template":"","format":"standard","meta":{"footnotes":""},"categories":[1179],"tags":[],"source":[1711],"supertag":[],"acf":[],"yoast_head":"<!-- This site is optimized with the Yoast SEO plugin v21.3 - https:\/\/yoast.com\/wordpress\/plugins\/seo\/ -->\n<title>\u0160vedski minister odstopil zaradi povezav z islamisti\u010dnimi skupinami - Hudo Slovenija<\/title>\n<meta name=\"robots\" content=\"index, follow, max-snippet:-1, max-image-preview:large, max-video-preview:-1\" \/>\n<link rel=\"canonical\" href=\"https:\/\/hudo.com\/si\/aktualno\/svedski-minister-odstopil-zaradi-povezav-z-islamisticnimi-skupinami\/\" \/>\n<meta property=\"og:locale\" content=\"sl_SI\" \/>\n<meta property=\"og:type\" content=\"article\" \/>\n<meta property=\"og:title\" content=\"\u0160vedski minister odstopil zaradi povezav z islamisti\u010dnimi skupinami - Hudo Slovenija\" \/>\n<meta property=\"og:description\" content=\"\u0160vedski premier Stefan L\u00f6fven je danes javnost obvestil o odstopu ministra za stanovanja Mehmeta Kaplana, potem ko so mediji razkrili njegove povezave z islamisti\u010dnimi in ultranacionalisti\u010dnimi skupinami. Kot je dejal socialdemokratski premier, v Tur\u010diji rojeni Kaplan sredi razprav o njegovih povezavah z &quot;zunanjimi verskimi in politi\u010dnimi organizacijami ni sposoben izvajati ministrskih dol\u017enosti&quot;, poro\u010da nem\u0161ka tiskovna agencija dpa. Kaplana je s polo\u017eaja dokon\u010dno odneslo nedeljsko poro\u010danje \u010dasnika Svenska Dagbladet, ki je objavil niz njegovih izjav iz leta 2009, ko je bil poslanec. V njih je med drugim izraelsko ravnanje s Palestinci primerjal z ravnanjem z Judi v Nem\u010diji v 30. letih minulega stoletja. Sporni minister je sicer \u017ee prej\u0161nji teden polnil naslovnice \u0161vedskih medijev. Ti so objavili fotografije Kaplana na neki ve\u010derji leta 2015, ki se je je udele\u017eil tudi vodja \u0161vedskega krila tur\u0161kega ultranacionalisti\u010dnega gibanja Sivi volkovi. Oba sta sicer dejala, da nista vedela, kdo vse bo povabljen na omenjeno ve\u010derjo. A premier je v odzivu poudaril, da je vsak minister sam odgovoren za to, v kak\u0161nih krogih ga vidijo. Kaplan se je pod plazom kritik zna\u0161el tudi zaradi preteklih sre\u010danj s \u010dlani islamisti\u010dne organizacije Milli Gorus, ki ima korenine v Tur\u010diji. Nekateri kritiki so ga ozna\u010devali tudi za antisemita. V L\u00f6fvenovo vlado so 44-letnega Kaplana predlagali njegovi Zeleni, manj\u0161i \u010dlan vladne koalicije. Sam je danes poudaril, da zavra\u010da vse oblike ekstremizma, poudaril pa tudi, da njegov odstop ne potrjuje medijskih poro\u010dil o domnevnih povezavah. Resor, ki ga je Kaplan vodil od leta 2014, ko je vajeti dr\u017eave prevzela L\u00f6fvenova vlada, si bosta razdelila dva druga ministra, je medtem \u0161e pojasnil \u0161vedski premier.Svet\" \/>\n<meta property=\"og:url\" content=\"https:\/\/hudo.com\/si\/aktualno\/svedski-minister-odstopil-zaradi-povezav-z-islamisticnimi-skupinami\/\" \/>\n<meta property=\"og:site_name\" content=\"Hudo Slovenija\" \/>\n<meta property=\"article:publisher\" content=\"https:\/\/www.facebook.com\/hudo.si\" \/>\n<meta property=\"article:published_time\" content=\"2016-04-18T12:00:00+00:00\" \/>\n<meta property=\"article:modified_time\" content=\"2016-04-19T10:07:18+00:00\" \/>\n<meta property=\"og:image\" content=\"https:\/\/hudo.com\/si\/wp-content\/uploads\/sites\/2\/2016\/04\/Stefan_Lofven-300.jpg\" \/>\n\t<meta property=\"og:image:width\" content=\"450\" \/>\n\t<meta property=\"og:image:height\" content=\"445\" \/>\n\t<meta property=\"og:image:type\" content=\"image\/jpeg\" \/>\n<meta name=\"author\" content=\"hudo\" \/>\n<meta name=\"twitter:card\" content=\"summary_large_image\" \/>\n<meta name=\"twitter:creator\" content=\"@hudo_si\" \/>\n<meta name=\"twitter:site\" content=\"@hudo_si\" \/>\n<meta name=\"twitter:label1\" content=\"Written by\" \/>\n\t<meta name=\"twitter:data1\" content=\"hudo\" \/>\n\t<meta name=\"twitter:label2\" content=\"Est. reading time\" \/>\n\t<meta name=\"twitter:data2\" content=\"1 minuta\" \/>\n<script type=\"application\/ld+json\" class=\"yoast-schema-graph\">{\"@context\":\"https:\/\/schema.org\",\"@graph\":[{\"@type\":\"Article\",\"@id\":\"https:\/\/hudo.com\/si\/aktualno\/svedski-minister-odstopil-zaradi-povezav-z-islamisticnimi-skupinami\/#article\",\"isPartOf\":{\"@id\":\"https:\/\/hudo.com\/si\/aktualno\/svedski-minister-odstopil-zaradi-povezav-z-islamisticnimi-skupinami\/\"},\"author\":{\"name\":\"hudo\",\"@id\":\"https:\/\/hudo.com\/si\/#\/schema\/person\/601cf3379633985b20f7e50f2bb47707\"},\"headline\":\"\u0160vedski minister odstopil zaradi povezav z islamisti\u010dnimi skupinami\",\"datePublished\":\"2016-04-18T12:00:00+00:00\",\"dateModified\":\"2016-04-19T10:07:18+00:00\",\"mainEntityOfPage\":{\"@id\":\"https:\/\/hudo.com\/si\/aktualno\/svedski-minister-odstopil-zaradi-povezav-z-islamisticnimi-skupinami\/\"},\"wordCount\":299,\"publisher\":{\"@id\":\"https:\/\/hudo.com\/si\/#organization\"},\"articleSection\":[\"Aktualno\"],\"inLanguage\":\"sl-SI\"},{\"@type\":\"WebPage\",\"@id\":\"https:\/\/hudo.com\/si\/aktualno\/svedski-minister-odstopil-zaradi-povezav-z-islamisticnimi-skupinami\/\",\"url\":\"https:\/\/hudo.com\/si\/aktualno\/svedski-minister-odstopil-zaradi-povezav-z-islamisticnimi-skupinami\/\",\"name\":\"\u0160vedski minister odstopil zaradi povezav z islamisti\u010dnimi skupinami - Hudo Slovenija\",\"isPartOf\":{\"@id\":\"https:\/\/hudo.com\/si\/#website\"},\"datePublished\":\"2016-04-18T12:00:00+00:00\",\"dateModified\":\"2016-04-19T10:07:18+00:00\",\"breadcrumb\":{\"@id\":\"https:\/\/hudo.com\/si\/aktualno\/svedski-minister-odstopil-zaradi-povezav-z-islamisticnimi-skupinami\/#breadcrumb\"},\"inLanguage\":\"sl-SI\",\"potentialAction\":[{\"@type\":\"ReadAction\",\"target\":[\"https:\/\/hudo.com\/si\/aktualno\/svedski-minister-odstopil-zaradi-povezav-z-islamisticnimi-skupinami\/\"]}]},{\"@type\":\"BreadcrumbList\",\"@id\":\"https:\/\/hudo.com\/si\/aktualno\/svedski-minister-odstopil-zaradi-povezav-z-islamisticnimi-skupinami\/#breadcrumb\",\"itemListElement\":[{\"@type\":\"ListItem\",\"position\":1,\"name\":\"Home\",\"item\":\"https:\/\/hudo.com\/si\/\"},{\"@type\":\"ListItem\",\"position\":2,\"name\":\"\u0160vedski minister odstopil zaradi povezav z islamisti\u010dnimi skupinami\"}]},{\"@type\":\"WebSite\",\"@id\":\"https:\/\/hudo.com\/si\/#website\",\"url\":\"https:\/\/hudo.com\/si\/\",\"name\":\"Hudo Slovenija\",\"description\":\"Vse novice iz Slovenije in sveta\",\"publisher\":{\"@id\":\"https:\/\/hudo.com\/si\/#organization\"},\"potentialAction\":[{\"@type\":\"SearchAction\",\"target\":{\"@type\":\"EntryPoint\",\"urlTemplate\":\"https:\/\/hudo.com\/si\/?s={search_term_string}\"},\"query-input\":\"required name=search_term_string\"}],\"inLanguage\":\"sl-SI\"},{\"@type\":\"Organization\",\"@id\":\"https:\/\/hudo.com\/si\/#organization\",\"name\":\"VSN Media\",\"url\":\"https:\/\/hudo.com\/si\/\",\"logo\":{\"@type\":\"ImageObject\",\"inLanguage\":\"sl-SI\",\"@id\":\"https:\/\/hudo.com\/si\/#\/schema\/logo\/image\/\",\"url\":\"https:\/\/hudo.com\/si\/wp-content\/uploads\/sites\/2\/2021\/03\/hudo-app-2.png\",\"contentUrl\":\"https:\/\/hudo.com\/si\/wp-content\/uploads\/sites\/2\/2021\/03\/hudo-app-2.png\",\"width\":2185,\"height\":2167,\"caption\":\"VSN Media\"},\"image\":{\"@id\":\"https:\/\/hudo.com\/si\/#\/schema\/logo\/image\/\"},\"sameAs\":[\"https:\/\/www.facebook.com\/hudo.si\",\"https:\/\/twitter.com\/hudo_si\"]},{\"@type\":\"Person\",\"@id\":\"https:\/\/hudo.com\/si\/#\/schema\/person\/601cf3379633985b20f7e50f2bb47707\",\"name\":\"hudo\",\"image\":{\"@type\":\"ImageObject\",\"inLanguage\":\"sl-SI\",\"@id\":\"https:\/\/hudo.com\/si\/#\/schema\/person\/image\/\",\"url\":\"https:\/\/secure.gravatar.com\/avatar\/c4ca25fa72cace7a696b52ff5db9e095?s=96&d=mm&r=g\",\"contentUrl\":\"https:\/\/secure.gravatar.com\/avatar\/c4ca25fa72cace7a696b52ff5db9e095?s=96&d=mm&r=g\",\"caption\":\"hudo\"},\"url\":\"https:\/\/hudo.com\/si\/author\/hudo\/\"}]}<\/script>\n<!-- \/ Yoast SEO plugin. -->","yoast_head_json":{"title":"\u0160vedski minister odstopil zaradi povezav z islamisti\u010dnimi skupinami - Hudo Slovenija","robots":{"index":"index","follow":"follow","max-snippet":"max-snippet:-1","max-image-preview":"max-image-preview:large","max-video-preview":"max-video-preview:-1"},"canonical":"https:\/\/hudo.com\/si\/aktualno\/svedski-minister-odstopil-zaradi-povezav-z-islamisticnimi-skupinami\/","og_locale":"sl_SI","og_type":"article","og_title":"\u0160vedski minister odstopil zaradi povezav z islamisti\u010dnimi skupinami - Hudo Slovenija","og_description":"\u0160vedski premier Stefan L\u00f6fven je danes javnost obvestil o odstopu ministra za stanovanja Mehmeta Kaplana, potem ko so mediji razkrili njegove povezave z islamisti\u010dnimi in ultranacionalisti\u010dnimi skupinami. Kot je dejal socialdemokratski premier, v Tur\u010diji rojeni Kaplan sredi razprav o njegovih povezavah z \"zunanjimi verskimi in politi\u010dnimi organizacijami ni sposoben izvajati ministrskih dol\u017enosti\", poro\u010da nem\u0161ka tiskovna agencija dpa. Kaplana je s polo\u017eaja dokon\u010dno odneslo nedeljsko poro\u010danje \u010dasnika Svenska Dagbladet, ki je objavil niz njegovih izjav iz leta 2009, ko je bil poslanec. V njih je med drugim izraelsko ravnanje s Palestinci primerjal z ravnanjem z Judi v Nem\u010diji v 30. letih minulega stoletja. Sporni minister je sicer \u017ee prej\u0161nji teden polnil naslovnice \u0161vedskih medijev. Ti so objavili fotografije Kaplana na neki ve\u010derji leta 2015, ki se je je udele\u017eil tudi vodja \u0161vedskega krila tur\u0161kega ultranacionalisti\u010dnega gibanja Sivi volkovi. Oba sta sicer dejala, da nista vedela, kdo vse bo povabljen na omenjeno ve\u010derjo. A premier je v odzivu poudaril, da je vsak minister sam odgovoren za to, v kak\u0161nih krogih ga vidijo. Kaplan se je pod plazom kritik zna\u0161el tudi zaradi preteklih sre\u010danj s \u010dlani islamisti\u010dne organizacije Milli Gorus, ki ima korenine v Tur\u010diji. Nekateri kritiki so ga ozna\u010devali tudi za antisemita. V L\u00f6fvenovo vlado so 44-letnega Kaplana predlagali njegovi Zeleni, manj\u0161i \u010dlan vladne koalicije. Sam je danes poudaril, da zavra\u010da vse oblike ekstremizma, poudaril pa tudi, da njegov odstop ne potrjuje medijskih poro\u010dil o domnevnih povezavah. Resor, ki ga je Kaplan vodil od leta 2014, ko je vajeti dr\u017eave prevzela L\u00f6fvenova vlada, si bosta razdelila dva druga ministra, je medtem \u0161e pojasnil \u0161vedski premier.Svet","og_url":"https:\/\/hudo.com\/si\/aktualno\/svedski-minister-odstopil-zaradi-povezav-z-islamisticnimi-skupinami\/","og_site_name":"Hudo Slovenija","article_publisher":"https:\/\/www.facebook.com\/hudo.si","article_published_time":"2016-04-18T12:00:00+00:00","article_modified_time":"2016-04-19T10:07:18+00:00","og_image":[{"width":450,"height":445,"url":"https:\/\/hudo.com\/si\/wp-content\/uploads\/sites\/2\/2016\/04\/Stefan_Lofven-300.jpg","type":"image\/jpeg"}],"author":"hudo","twitter_card":"summary_large_image","twitter_creator":"@hudo_si","twitter_site":"@hudo_si","twitter_misc":{"Written by":"hudo","Est. reading time":"1 minuta"},"schema":{"@context":"https:\/\/schema.org","@graph":[{"@type":"Article","@id":"https:\/\/hudo.com\/si\/aktualno\/svedski-minister-odstopil-zaradi-povezav-z-islamisticnimi-skupinami\/#article","isPartOf":{"@id":"https:\/\/hudo.com\/si\/aktualno\/svedski-minister-odstopil-zaradi-povezav-z-islamisticnimi-skupinami\/"},"author":{"name":"hudo","@id":"https:\/\/hudo.com\/si\/#\/schema\/person\/601cf3379633985b20f7e50f2bb47707"},"headline":"\u0160vedski minister odstopil zaradi povezav z islamisti\u010dnimi skupinami","datePublished":"2016-04-18T12:00:00+00:00","dateModified":"2016-04-19T10:07:18+00:00","mainEntityOfPage":{"@id":"https:\/\/hudo.com\/si\/aktualno\/svedski-minister-odstopil-zaradi-povezav-z-islamisticnimi-skupinami\/"},"wordCount":299,"publisher":{"@id":"https:\/\/hudo.com\/si\/#organization"},"articleSection":["Aktualno"],"inLanguage":"sl-SI"},{"@type":"WebPage","@id":"https:\/\/hudo.com\/si\/aktualno\/svedski-minister-odstopil-zaradi-povezav-z-islamisticnimi-skupinami\/","url":"https:\/\/hudo.com\/si\/aktualno\/svedski-minister-odstopil-zaradi-povezav-z-islamisticnimi-skupinami\/","name":"\u0160vedski minister odstopil zaradi povezav z islamisti\u010dnimi skupinami - Hudo Slovenija","isPartOf":{"@id":"https:\/\/hudo.com\/si\/#website"},"datePublished":"2016-04-18T12:00:00+00:00","dateModified":"2016-04-19T10:07:18+00:00","breadcrumb":{"@id":"https:\/\/hudo.com\/si\/aktualno\/svedski-minister-odstopil-zaradi-povezav-z-islamisticnimi-skupinami\/#breadcrumb"},"inLanguage":"sl-SI","potentialAction":[{"@type":"ReadAction","target":["https:\/\/hudo.com\/si\/aktualno\/svedski-minister-odstopil-zaradi-povezav-z-islamisticnimi-skupinami\/"]}]},{"@type":"BreadcrumbList","@id":"https:\/\/hudo.com\/si\/aktualno\/svedski-minister-odstopil-zaradi-povezav-z-islamisticnimi-skupinami\/#breadcrumb","itemListElement":[{"@type":"ListItem","position":1,"name":"Home","item":"https:\/\/hudo.com\/si\/"},{"@type":"ListItem","position":2,"name":"\u0160vedski minister odstopil zaradi povezav z islamisti\u010dnimi skupinami"}]},{"@type":"WebSite","@id":"https:\/\/hudo.com\/si\/#website","url":"https:\/\/hudo.com\/si\/","name":"Hudo Slovenija","description":"Vse novice iz Slovenije in sveta","publisher":{"@id":"https:\/\/hudo.com\/si\/#organization"},"potentialAction":[{"@type":"SearchAction","target":{"@type":"EntryPoint","urlTemplate":"https:\/\/hudo.com\/si\/?s={search_term_string}"},"query-input":"required name=search_term_string"}],"inLanguage":"sl-SI"},{"@type":"Organization","@id":"https:\/\/hudo.com\/si\/#organization","name":"VSN Media","url":"https:\/\/hudo.com\/si\/","logo":{"@type":"ImageObject","inLanguage":"sl-SI","@id":"https:\/\/hudo.com\/si\/#\/schema\/logo\/image\/","url":"https:\/\/hudo.com\/si\/wp-content\/uploads\/sites\/2\/2021\/03\/hudo-app-2.png","contentUrl":"https:\/\/hudo.com\/si\/wp-content\/uploads\/sites\/2\/2021\/03\/hudo-app-2.png","width":2185,"height":2167,"caption":"VSN Media"},"image":{"@id":"https:\/\/hudo.com\/si\/#\/schema\/logo\/image\/"},"sameAs":["https:\/\/www.facebook.com\/hudo.si","https:\/\/twitter.com\/hudo_si"]},{"@type":"Person","@id":"https:\/\/hudo.com\/si\/#\/schema\/person\/601cf3379633985b20f7e50f2bb47707","name":"hudo","image":{"@type":"ImageObject","inLanguage":"sl-SI","@id":"https:\/\/hudo.com\/si\/#\/schema\/person\/image\/","url":"https:\/\/secure.gravatar.com\/avatar\/c4ca25fa72cace7a696b52ff5db9e095?s=96&d=mm&r=g","contentUrl":"https:\/\/secure.gravatar.com\/avatar\/c4ca25fa72cace7a696b52ff5db9e095?s=96&d=mm&r=g","caption":"hudo"},"url":"https:\/\/hudo.com\/si\/author\/hudo\/"}]}},"amp_enabled":true,"_links":{"self":[{"href":"https:\/\/hudo.com\/si\/wp-json\/wp\/v2\/posts\/32814"}],"collection":[{"href":"https:\/\/hudo.com\/si\/wp-json\/wp\/v2\/posts"}],"about":[{"href":"https:\/\/hudo.com\/si\/wp-json\/wp\/v2\/types\/post"}],"author":[{"embeddable":true,"href":"https:\/\/hudo.com\/si\/wp-json\/wp\/v2\/users\/1"}],"replies":[{"embeddable":true,"href":"https:\/\/hudo.com\/si\/wp-json\/wp\/v2\/comments?post=32814"}],"version-history":[{"count":1,"href":"https:\/\/hudo.com\/si\/wp-json\/wp\/v2\/posts\/32814\/revisions"}],"predecessor-version":[{"id":32865,"href":"https:\/\/hudo.com\/si\/wp-json\/wp\/v2\/posts\/32814\/revisions\/32865"}],"wp:attachment":[{"href":"https:\/\/hudo.com\/si\/wp-json\/wp\/v2\/media?parent=32814"}],"wp:term":[{"taxonomy":"category","embeddable":true,"href":"https:\/\/hudo.com\/si\/wp-json\/wp\/v2\/categories?post=32814"},{"taxonomy":"post_tag","embeddable":true,"href":"https:\/\/hudo.com\/si\/wp-json\/wp\/v2\/tags?post=32814"},{"taxonomy":"source","embeddable":true,"href":"https:\/\/hudo.com\/si\/wp-json\/wp\/v2\/source?post=32814"},{"taxonomy":"supertag","embeddable":true,"href":"https:\/\/hudo.com\/si\/wp-json\/wp\/v2\/supertag?post=32814"}],"curies":[{"name":"wp","href":"https:\/\/api.w.org\/{rel}","templated":true}]}}