{"id":32818,"date":"2016-04-18T14:00:00","date_gmt":"2016-04-18T12:00:00","guid":{"rendered":"http:\/\/hudo.com\/si\/2016\/04\/18\/pojasnilo-andraz-kopac-novi-direktor-ukc-ljubljana\/"},"modified":"2016-04-19T10:12:04","modified_gmt":"2016-04-19T08:12:04","slug":"pojasnilo-andraz-kopac-novi-direktor-ukc-ljubljana","status":"publish","type":"post","link":"https:\/\/hudo.com\/si\/aktualno\/pojasnilo-andraz-kopac-novi-direktor-ukc-ljubljana\/","title":{"rendered":"POJASNILO: Andra\u017e Kopa\u010d novi direktor UKC Ljubljana"},"content":{"rendered":"<p>Kategorija: Slovenija Mon, 18 Apr 2016 16:00:00 +0200  Objavljamo prejeto dodatno pojasnilo vsebine \u010dlanka Andra\u017e Kopa\u010d novi direktor UKC Ljubljana, ki smo ga objavili v \u010detrtek, 7. aprila 2016. V njem je avtorica Milena Zupani\u010d, med drugim, povzela besede predsednika sveta UKC Toma\u017ea Gla\u017earja, da zdravnik iz UKC Zvonko Ho\u010devar, ki se je prijavil na razpis za delovno mesto generalnega sekretarja UKC, ni izpolnjeval razpisnih pogojev. V nadaljevanju objavljamo odgovor na \u010dlanek, ki smo ga prejeli od pravnega zastopnika Zvonka Ho\u010devarja: \u00bbNavedbe \u010dlanka \u00bbAndra\u017e Kopa\u010d novi direktor UKC Ljubljana\u00ab, objavljenega dne 7.4.2016 v mediju www.delo.si so za javnost zavajajo\u010de, neresni\u010dne in posegajo v pravice dr. Zvonka Ho\u010devarja. Dr. Zvonko Ho\u010devar je kandidat za generalnega direktorja Univerzitetnega klini\u010dnega centra Ljubljana. Svojo prijavo je po objavi javnega razpisa pravo\u010dasno oddal in o izpolnjevanju vseh razpisnih pogojev predlo\u017eil listinsko dokumentacijo. Dr. Zvonko Ho\u010devar ustreza\u00a0&#8230;<\/p>\n","protected":false},"excerpt":{"rendered":"<p>Kategorija: Slovenija Mon, 18 Apr 2016 16:00:00 +0200  Objavljamo prejeto dodatno pojasnilo vsebine \u010dlanka Andra\u017e Kopa\u010d novi direktor UKC Ljubljana, ki smo ga objavili v \u010detrtek, 7. aprila 2016. V njem je avtorica Milena Zupani\u010d, med drugim, povzela besede predsednika sveta UKC Toma\u017ea Gla\u017earja, da zdravnik iz UKC Zvonko Ho\u010devar, ki se je prijavil na razpis za delovno mesto generalnega sekretarja UKC, ni izpolnjeval razpisnih pogojev. V nadaljevanju objavljamo odgovor na \u010dlanek, ki smo ga prejeli od pravnega zastopnika Zvonka Ho\u010devarja: \u00bbNavedbe \u010dlanka \u00bbAndra\u017e Kopa\u010d novi direktor UKC Ljubljana\u00ab, objavljenega dne 7.4.2016 v mediju www.delo.si so za javnost zavajajo\u010de, neresni\u010dne in posegajo v pravice dr. Zvonka Ho\u010devarja. Dr. Zvonko Ho\u010devar je kandidat za generalnega direktorja Univerzitetnega klini\u010dnega centra Ljubljana. Svojo prijavo je po objavi javnega razpisa pravo\u010dasno oddal in o izpolnjevanju vseh razpisnih pogojev predlo\u017eil listinsko dokumentacijo. Dr. Zvonko Ho\u010devar ustreza\u00a0&#8230;<\/p>\n","protected":false},"author":1,"featured_media":0,"comment_status":"closed","ping_status":"closed","sticky":false,"template":"","format":"standard","meta":{"footnotes":""},"categories":[1179],"tags":[],"source":[4511],"supertag":[],"acf":[],"yoast_head":"<!-- This site is optimized with the Yoast SEO plugin v21.3 - https:\/\/yoast.com\/wordpress\/plugins\/seo\/ -->\n<title>POJASNILO: Andra\u017e Kopa\u010d novi direktor UKC Ljubljana - Hudo Slovenija<\/title>\n<meta name=\"robots\" content=\"index, follow, max-snippet:-1, max-image-preview:large, max-video-preview:-1\" \/>\n<link rel=\"canonical\" href=\"https:\/\/hudo.com\/si\/aktualno\/pojasnilo-andraz-kopac-novi-direktor-ukc-ljubljana\/\" \/>\n<meta property=\"og:locale\" content=\"sl_SI\" \/>\n<meta property=\"og:type\" content=\"article\" \/>\n<meta property=\"og:title\" content=\"POJASNILO: Andra\u017e Kopa\u010d novi direktor UKC Ljubljana - Hudo Slovenija\" \/>\n<meta property=\"og:description\" content=\"Kategorija: Slovenija Mon, 18 Apr 2016 16:00:00 +0200 Objavljamo prejeto dodatno pojasnilo vsebine \u010dlanka Andra\u017e Kopa\u010d novi direktor UKC Ljubljana, ki smo ga objavili v \u010detrtek, 7. aprila 2016. V njem je avtorica Milena Zupani\u010d, med drugim, povzela besede predsednika sveta UKC Toma\u017ea Gla\u017earja, da zdravnik iz UKC Zvonko Ho\u010devar, ki se je prijavil na razpis za delovno mesto generalnega sekretarja UKC, ni izpolnjeval razpisnih pogojev. V nadaljevanju objavljamo odgovor na \u010dlanek, ki smo ga prejeli od pravnega zastopnika Zvonka Ho\u010devarja: \u00bbNavedbe \u010dlanka \u00bbAndra\u017e Kopa\u010d novi direktor UKC Ljubljana\u00ab, objavljenega dne 7.4.2016 v mediju www.delo.si so za javnost zavajajo\u010de, neresni\u010dne in posegajo v pravice dr. Zvonka Ho\u010devarja. Dr. Zvonko Ho\u010devar je kandidat za generalnega direktorja Univerzitetnega klini\u010dnega centra Ljubljana. Svojo prijavo je po objavi javnega razpisa pravo\u010dasno oddal in o izpolnjevanju vseh razpisnih pogojev predlo\u017eil listinsko dokumentacijo. Dr. Zvonko Ho\u010devar ustreza\u00a0...\" \/>\n<meta property=\"og:url\" content=\"https:\/\/hudo.com\/si\/aktualno\/pojasnilo-andraz-kopac-novi-direktor-ukc-ljubljana\/\" \/>\n<meta property=\"og:site_name\" content=\"Hudo Slovenija\" \/>\n<meta property=\"article:publisher\" content=\"https:\/\/www.facebook.com\/hudo.si\" \/>\n<meta property=\"article:published_time\" content=\"2016-04-18T12:00:00+00:00\" \/>\n<meta property=\"article:modified_time\" content=\"2016-04-19T08:12:04+00:00\" \/>\n<meta property=\"og:image\" content=\"https:\/\/hudo.com\/si\/wp-content\/uploads\/sites\/2\/2016\/04\/480x290_Ozadja__djvu_2252250_vidicl_hires1.jpeg\" \/>\n\t<meta property=\"og:image:width\" content=\"480\" \/>\n\t<meta property=\"og:image:height\" content=\"290\" \/>\n\t<meta property=\"og:image:type\" content=\"image\/jpeg\" \/>\n<meta name=\"author\" content=\"hudo\" \/>\n<meta name=\"twitter:card\" content=\"summary_large_image\" \/>\n<meta name=\"twitter:creator\" content=\"@hudo_si\" \/>\n<meta name=\"twitter:site\" content=\"@hudo_si\" \/>\n<meta name=\"twitter:label1\" content=\"Written by\" \/>\n\t<meta name=\"twitter:data1\" content=\"hudo\" \/>\n\t<meta name=\"twitter:label2\" content=\"Est. reading time\" \/>\n\t<meta name=\"twitter:data2\" content=\"1 minuta\" \/>\n<script type=\"application\/ld+json\" class=\"yoast-schema-graph\">{\"@context\":\"https:\/\/schema.org\",\"@graph\":[{\"@type\":\"Article\",\"@id\":\"https:\/\/hudo.com\/si\/aktualno\/pojasnilo-andraz-kopac-novi-direktor-ukc-ljubljana\/#article\",\"isPartOf\":{\"@id\":\"https:\/\/hudo.com\/si\/aktualno\/pojasnilo-andraz-kopac-novi-direktor-ukc-ljubljana\/\"},\"author\":{\"name\":\"hudo\",\"@id\":\"https:\/\/hudo.com\/si\/#\/schema\/person\/601cf3379633985b20f7e50f2bb47707\"},\"headline\":\"POJASNILO: Andra\u017e Kopa\u010d novi direktor UKC Ljubljana\",\"datePublished\":\"2016-04-18T12:00:00+00:00\",\"dateModified\":\"2016-04-19T08:12:04+00:00\",\"mainEntityOfPage\":{\"@id\":\"https:\/\/hudo.com\/si\/aktualno\/pojasnilo-andraz-kopac-novi-direktor-ukc-ljubljana\/\"},\"wordCount\":155,\"publisher\":{\"@id\":\"https:\/\/hudo.com\/si\/#organization\"},\"articleSection\":[\"Aktualno\"],\"inLanguage\":\"sl-SI\"},{\"@type\":\"WebPage\",\"@id\":\"https:\/\/hudo.com\/si\/aktualno\/pojasnilo-andraz-kopac-novi-direktor-ukc-ljubljana\/\",\"url\":\"https:\/\/hudo.com\/si\/aktualno\/pojasnilo-andraz-kopac-novi-direktor-ukc-ljubljana\/\",\"name\":\"POJASNILO: Andra\u017e Kopa\u010d novi direktor UKC Ljubljana - Hudo Slovenija\",\"isPartOf\":{\"@id\":\"https:\/\/hudo.com\/si\/#website\"},\"datePublished\":\"2016-04-18T12:00:00+00:00\",\"dateModified\":\"2016-04-19T08:12:04+00:00\",\"breadcrumb\":{\"@id\":\"https:\/\/hudo.com\/si\/aktualno\/pojasnilo-andraz-kopac-novi-direktor-ukc-ljubljana\/#breadcrumb\"},\"inLanguage\":\"sl-SI\",\"potentialAction\":[{\"@type\":\"ReadAction\",\"target\":[\"https:\/\/hudo.com\/si\/aktualno\/pojasnilo-andraz-kopac-novi-direktor-ukc-ljubljana\/\"]}]},{\"@type\":\"BreadcrumbList\",\"@id\":\"https:\/\/hudo.com\/si\/aktualno\/pojasnilo-andraz-kopac-novi-direktor-ukc-ljubljana\/#breadcrumb\",\"itemListElement\":[{\"@type\":\"ListItem\",\"position\":1,\"name\":\"Home\",\"item\":\"https:\/\/hudo.com\/si\/\"},{\"@type\":\"ListItem\",\"position\":2,\"name\":\"POJASNILO: Andra\u017e Kopa\u010d novi direktor UKC Ljubljana\"}]},{\"@type\":\"WebSite\",\"@id\":\"https:\/\/hudo.com\/si\/#website\",\"url\":\"https:\/\/hudo.com\/si\/\",\"name\":\"Hudo Slovenija\",\"description\":\"Vse novice iz Slovenije in sveta\",\"publisher\":{\"@id\":\"https:\/\/hudo.com\/si\/#organization\"},\"potentialAction\":[{\"@type\":\"SearchAction\",\"target\":{\"@type\":\"EntryPoint\",\"urlTemplate\":\"https:\/\/hudo.com\/si\/?s={search_term_string}\"},\"query-input\":\"required name=search_term_string\"}],\"inLanguage\":\"sl-SI\"},{\"@type\":\"Organization\",\"@id\":\"https:\/\/hudo.com\/si\/#organization\",\"name\":\"VSN Media\",\"url\":\"https:\/\/hudo.com\/si\/\",\"logo\":{\"@type\":\"ImageObject\",\"inLanguage\":\"sl-SI\",\"@id\":\"https:\/\/hudo.com\/si\/#\/schema\/logo\/image\/\",\"url\":\"https:\/\/hudo.com\/si\/wp-content\/uploads\/sites\/2\/2021\/03\/hudo-app-2.png\",\"contentUrl\":\"https:\/\/hudo.com\/si\/wp-content\/uploads\/sites\/2\/2021\/03\/hudo-app-2.png\",\"width\":2185,\"height\":2167,\"caption\":\"VSN Media\"},\"image\":{\"@id\":\"https:\/\/hudo.com\/si\/#\/schema\/logo\/image\/\"},\"sameAs\":[\"https:\/\/www.facebook.com\/hudo.si\",\"https:\/\/twitter.com\/hudo_si\"]},{\"@type\":\"Person\",\"@id\":\"https:\/\/hudo.com\/si\/#\/schema\/person\/601cf3379633985b20f7e50f2bb47707\",\"name\":\"hudo\",\"image\":{\"@type\":\"ImageObject\",\"inLanguage\":\"sl-SI\",\"@id\":\"https:\/\/hudo.com\/si\/#\/schema\/person\/image\/\",\"url\":\"https:\/\/secure.gravatar.com\/avatar\/c4ca25fa72cace7a696b52ff5db9e095?s=96&d=mm&r=g\",\"contentUrl\":\"https:\/\/secure.gravatar.com\/avatar\/c4ca25fa72cace7a696b52ff5db9e095?s=96&d=mm&r=g\",\"caption\":\"hudo\"},\"url\":\"https:\/\/hudo.com\/si\/author\/hudo\/\"}]}<\/script>\n<!-- \/ Yoast SEO plugin. -->","yoast_head_json":{"title":"POJASNILO: Andra\u017e Kopa\u010d novi direktor UKC Ljubljana - Hudo Slovenija","robots":{"index":"index","follow":"follow","max-snippet":"max-snippet:-1","max-image-preview":"max-image-preview:large","max-video-preview":"max-video-preview:-1"},"canonical":"https:\/\/hudo.com\/si\/aktualno\/pojasnilo-andraz-kopac-novi-direktor-ukc-ljubljana\/","og_locale":"sl_SI","og_type":"article","og_title":"POJASNILO: Andra\u017e Kopa\u010d novi direktor UKC Ljubljana - Hudo Slovenija","og_description":"Kategorija: Slovenija Mon, 18 Apr 2016 16:00:00 +0200 Objavljamo prejeto dodatno pojasnilo vsebine \u010dlanka Andra\u017e Kopa\u010d novi direktor UKC Ljubljana, ki smo ga objavili v \u010detrtek, 7. aprila 2016. V njem je avtorica Milena Zupani\u010d, med drugim, povzela besede predsednika sveta UKC Toma\u017ea Gla\u017earja, da zdravnik iz UKC Zvonko Ho\u010devar, ki se je prijavil na razpis za delovno mesto generalnega sekretarja UKC, ni izpolnjeval razpisnih pogojev. V nadaljevanju objavljamo odgovor na \u010dlanek, ki smo ga prejeli od pravnega zastopnika Zvonka Ho\u010devarja: \u00bbNavedbe \u010dlanka \u00bbAndra\u017e Kopa\u010d novi direktor UKC Ljubljana\u00ab, objavljenega dne 7.4.2016 v mediju www.delo.si so za javnost zavajajo\u010de, neresni\u010dne in posegajo v pravice dr. Zvonka Ho\u010devarja. Dr. Zvonko Ho\u010devar je kandidat za generalnega direktorja Univerzitetnega klini\u010dnega centra Ljubljana. Svojo prijavo je po objavi javnega razpisa pravo\u010dasno oddal in o izpolnjevanju vseh razpisnih pogojev predlo\u017eil listinsko dokumentacijo. Dr. Zvonko Ho\u010devar ustreza\u00a0...","og_url":"https:\/\/hudo.com\/si\/aktualno\/pojasnilo-andraz-kopac-novi-direktor-ukc-ljubljana\/","og_site_name":"Hudo Slovenija","article_publisher":"https:\/\/www.facebook.com\/hudo.si","article_published_time":"2016-04-18T12:00:00+00:00","article_modified_time":"2016-04-19T08:12:04+00:00","og_image":[{"width":480,"height":290,"url":"https:\/\/hudo.com\/si\/wp-content\/uploads\/sites\/2\/2016\/04\/480x290_Ozadja__djvu_2252250_vidicl_hires1.jpeg","type":"image\/jpeg"}],"author":"hudo","twitter_card":"summary_large_image","twitter_creator":"@hudo_si","twitter_site":"@hudo_si","twitter_misc":{"Written by":"hudo","Est. reading time":"1 minuta"},"schema":{"@context":"https:\/\/schema.org","@graph":[{"@type":"Article","@id":"https:\/\/hudo.com\/si\/aktualno\/pojasnilo-andraz-kopac-novi-direktor-ukc-ljubljana\/#article","isPartOf":{"@id":"https:\/\/hudo.com\/si\/aktualno\/pojasnilo-andraz-kopac-novi-direktor-ukc-ljubljana\/"},"author":{"name":"hudo","@id":"https:\/\/hudo.com\/si\/#\/schema\/person\/601cf3379633985b20f7e50f2bb47707"},"headline":"POJASNILO: Andra\u017e Kopa\u010d novi direktor UKC Ljubljana","datePublished":"2016-04-18T12:00:00+00:00","dateModified":"2016-04-19T08:12:04+00:00","mainEntityOfPage":{"@id":"https:\/\/hudo.com\/si\/aktualno\/pojasnilo-andraz-kopac-novi-direktor-ukc-ljubljana\/"},"wordCount":155,"publisher":{"@id":"https:\/\/hudo.com\/si\/#organization"},"articleSection":["Aktualno"],"inLanguage":"sl-SI"},{"@type":"WebPage","@id":"https:\/\/hudo.com\/si\/aktualno\/pojasnilo-andraz-kopac-novi-direktor-ukc-ljubljana\/","url":"https:\/\/hudo.com\/si\/aktualno\/pojasnilo-andraz-kopac-novi-direktor-ukc-ljubljana\/","name":"POJASNILO: Andra\u017e Kopa\u010d novi direktor UKC Ljubljana - Hudo Slovenija","isPartOf":{"@id":"https:\/\/hudo.com\/si\/#website"},"datePublished":"2016-04-18T12:00:00+00:00","dateModified":"2016-04-19T08:12:04+00:00","breadcrumb":{"@id":"https:\/\/hudo.com\/si\/aktualno\/pojasnilo-andraz-kopac-novi-direktor-ukc-ljubljana\/#breadcrumb"},"inLanguage":"sl-SI","potentialAction":[{"@type":"ReadAction","target":["https:\/\/hudo.com\/si\/aktualno\/pojasnilo-andraz-kopac-novi-direktor-ukc-ljubljana\/"]}]},{"@type":"BreadcrumbList","@id":"https:\/\/hudo.com\/si\/aktualno\/pojasnilo-andraz-kopac-novi-direktor-ukc-ljubljana\/#breadcrumb","itemListElement":[{"@type":"ListItem","position":1,"name":"Home","item":"https:\/\/hudo.com\/si\/"},{"@type":"ListItem","position":2,"name":"POJASNILO: Andra\u017e Kopa\u010d novi direktor UKC Ljubljana"}]},{"@type":"WebSite","@id":"https:\/\/hudo.com\/si\/#website","url":"https:\/\/hudo.com\/si\/","name":"Hudo Slovenija","description":"Vse novice iz Slovenije in sveta","publisher":{"@id":"https:\/\/hudo.com\/si\/#organization"},"potentialAction":[{"@type":"SearchAction","target":{"@type":"EntryPoint","urlTemplate":"https:\/\/hudo.com\/si\/?s={search_term_string}"},"query-input":"required name=search_term_string"}],"inLanguage":"sl-SI"},{"@type":"Organization","@id":"https:\/\/hudo.com\/si\/#organization","name":"VSN Media","url":"https:\/\/hudo.com\/si\/","logo":{"@type":"ImageObject","inLanguage":"sl-SI","@id":"https:\/\/hudo.com\/si\/#\/schema\/logo\/image\/","url":"https:\/\/hudo.com\/si\/wp-content\/uploads\/sites\/2\/2021\/03\/hudo-app-2.png","contentUrl":"https:\/\/hudo.com\/si\/wp-content\/uploads\/sites\/2\/2021\/03\/hudo-app-2.png","width":2185,"height":2167,"caption":"VSN Media"},"image":{"@id":"https:\/\/hudo.com\/si\/#\/schema\/logo\/image\/"},"sameAs":["https:\/\/www.facebook.com\/hudo.si","https:\/\/twitter.com\/hudo_si"]},{"@type":"Person","@id":"https:\/\/hudo.com\/si\/#\/schema\/person\/601cf3379633985b20f7e50f2bb47707","name":"hudo","image":{"@type":"ImageObject","inLanguage":"sl-SI","@id":"https:\/\/hudo.com\/si\/#\/schema\/person\/image\/","url":"https:\/\/secure.gravatar.com\/avatar\/c4ca25fa72cace7a696b52ff5db9e095?s=96&d=mm&r=g","contentUrl":"https:\/\/secure.gravatar.com\/avatar\/c4ca25fa72cace7a696b52ff5db9e095?s=96&d=mm&r=g","caption":"hudo"},"url":"https:\/\/hudo.com\/si\/author\/hudo\/"}]}},"amp_enabled":true,"_links":{"self":[{"href":"https:\/\/hudo.com\/si\/wp-json\/wp\/v2\/posts\/32818"}],"collection":[{"href":"https:\/\/hudo.com\/si\/wp-json\/wp\/v2\/posts"}],"about":[{"href":"https:\/\/hudo.com\/si\/wp-json\/wp\/v2\/types\/post"}],"author":[{"embeddable":true,"href":"https:\/\/hudo.com\/si\/wp-json\/wp\/v2\/users\/1"}],"replies":[{"embeddable":true,"href":"https:\/\/hudo.com\/si\/wp-json\/wp\/v2\/comments?post=32818"}],"version-history":[{"count":1,"href":"https:\/\/hudo.com\/si\/wp-json\/wp\/v2\/posts\/32818\/revisions"}],"predecessor-version":[{"id":32867,"href":"https:\/\/hudo.com\/si\/wp-json\/wp\/v2\/posts\/32818\/revisions\/32867"}],"wp:attachment":[{"href":"https:\/\/hudo.com\/si\/wp-json\/wp\/v2\/media?parent=32818"}],"wp:term":[{"taxonomy":"category","embeddable":true,"href":"https:\/\/hudo.com\/si\/wp-json\/wp\/v2\/categories?post=32818"},{"taxonomy":"post_tag","embeddable":true,"href":"https:\/\/hudo.com\/si\/wp-json\/wp\/v2\/tags?post=32818"},{"taxonomy":"source","embeddable":true,"href":"https:\/\/hudo.com\/si\/wp-json\/wp\/v2\/source?post=32818"},{"taxonomy":"supertag","embeddable":true,"href":"https:\/\/hudo.com\/si\/wp-json\/wp\/v2\/supertag?post=32818"}],"curies":[{"name":"wp","href":"https:\/\/api.w.org\/{rel}","templated":true}]}}