{"id":328250,"date":"2017-12-01T06:00:00","date_gmt":"2017-12-01T05:00:00","guid":{"rendered":"http:\/\/hudo.com\/si\/2017\/12\/01\/praznicno-razsipni-stajerci-in-piran-skromni-korosci\/"},"modified":"2017-12-01T06:00:00","modified_gmt":"2017-12-01T05:00:00","slug":"praznicno-razsipni-stajerci-in-piran-skromni-korosci","status":"publish","type":"post","link":"https:\/\/hudo.com\/si\/aktualno\/praznicno-razsipni-stajerci-in-piran-skromni-korosci\/","title":{"rendered":"Prazni\u010dno razsipni \u0160tajerci in Piran, skromni Koro\u0161ci"},"content":{"rendered":"<p>Kategorija: Slovenija Fri, 01 Dec 2017 07:00:00 +0100  Ljubljana &#8211; Maribor bo z decembrskimi praznovanji letos prekosil vse. Prvi v dr\u017eavi se je odel v prazni\u010dni sijaj, v njem \u017eari \u017ee ves teden in tudi skupen stro\u0161ek bo rekorden: 380.000 evrov. Enajst mestnih ob\u010din bo za praznovanja od\u0161telo skoraj 1,5 milijona evrov. Danes popoldne bo sekunde do vklopa svetlobne instalacije od\u0161tevala Ljubljana, zadnje sekunde leta pa ob najdra\u017ejem ognjemetu Piran. Maribor prvi v veselju in kampanji Prvi soj v dr\u017eavi je minuli petek osvetlil Trg generala Majstra, sledilo mu bo \u0161e 32 veselih dni. Bo\u017ei\u010dno-novoletne smreke stojijo na petih lokacijah, nova je igra barv na promenadi mestnega parka. Mariborskega \u010carobnega decembra ne more skaliti niti dejstvo, da je morda le uvod v \u017eupansko predvolilno kampanjo. V sklopu praznovanja, ki bo stalo toliko kot v Kranju, Murski Soboti, Novi Gorici in\u00a0&#8230;<\/p>\n","protected":false},"excerpt":{"rendered":"<p>Kategorija: Slovenija Fri, 01 Dec 2017 07:00:00 +0100  Ljubljana &#8211; Maribor bo z decembrskimi praznovanji letos prekosil vse. Prvi v dr\u017eavi se je odel v prazni\u010dni sijaj, v njem \u017eari \u017ee ves teden in tudi skupen stro\u0161ek bo rekorden: 380.000 evrov. Enajst mestnih ob\u010din bo za praznovanja od\u0161telo skoraj 1,5 milijona evrov. Danes popoldne bo sekunde do vklopa svetlobne instalacije od\u0161tevala Ljubljana, zadnje sekunde leta pa ob najdra\u017ejem ognjemetu Piran. Maribor prvi v veselju in kampanji Prvi soj v dr\u017eavi je minuli petek osvetlil Trg generala Majstra, sledilo mu bo \u0161e 32 veselih dni. Bo\u017ei\u010dno-novoletne smreke stojijo na petih lokacijah, nova je igra barv na promenadi mestnega parka. Mariborskega \u010carobnega decembra ne more skaliti niti dejstvo, da je morda le uvod v \u017eupansko predvolilno kampanjo. V sklopu praznovanja, ki bo stalo toliko kot v Kranju, Murski Soboti, Novi Gorici in\u00a0&#8230;<\/p>\n","protected":false},"author":1,"featured_media":0,"comment_status":"closed","ping_status":"closed","sticky":false,"template":"","format":"standard","meta":{"footnotes":""},"categories":[1179],"tags":[],"source":[1703],"supertag":[],"acf":[],"yoast_head":"<!-- This site is optimized with the Yoast SEO plugin v21.3 - https:\/\/yoast.com\/wordpress\/plugins\/seo\/ -->\n<title>Prazni\u010dno razsipni \u0160tajerci in Piran, skromni Koro\u0161ci - Hudo Slovenija<\/title>\n<meta name=\"robots\" content=\"index, follow, max-snippet:-1, max-image-preview:large, max-video-preview:-1\" \/>\n<link rel=\"canonical\" href=\"https:\/\/hudo.com\/si\/aktualno\/praznicno-razsipni-stajerci-in-piran-skromni-korosci\/\" \/>\n<meta property=\"og:locale\" content=\"sl_SI\" \/>\n<meta property=\"og:type\" content=\"article\" \/>\n<meta property=\"og:title\" content=\"Prazni\u010dno razsipni \u0160tajerci in Piran, skromni Koro\u0161ci - Hudo Slovenija\" \/>\n<meta property=\"og:description\" content=\"Kategorija: Slovenija Fri, 01 Dec 2017 07:00:00 +0100 Ljubljana - Maribor bo z decembrskimi praznovanji letos prekosil vse. Prvi v dr\u017eavi se je odel v prazni\u010dni sijaj, v njem \u017eari \u017ee ves teden in tudi skupen stro\u0161ek bo rekorden: 380.000 evrov. Enajst mestnih ob\u010din bo za praznovanja od\u0161telo skoraj 1,5 milijona evrov. Danes popoldne bo sekunde do vklopa svetlobne instalacije od\u0161tevala Ljubljana, zadnje sekunde leta pa ob najdra\u017ejem ognjemetu Piran. Maribor prvi v veselju in kampanji Prvi soj v dr\u017eavi je minuli petek osvetlil Trg generala Majstra, sledilo mu bo \u0161e 32 veselih dni. Bo\u017ei\u010dno-novoletne smreke stojijo na petih lokacijah, nova je igra barv na promenadi mestnega parka. Mariborskega \u010carobnega decembra ne more skaliti niti dejstvo, da je morda le uvod v \u017eupansko predvolilno kampanjo. V sklopu praznovanja, ki bo stalo toliko kot v Kranju, Murski Soboti, Novi Gorici in\u00a0...\" \/>\n<meta property=\"og:url\" content=\"https:\/\/hudo.com\/si\/aktualno\/praznicno-razsipni-stajerci-in-piran-skromni-korosci\/\" \/>\n<meta property=\"og:site_name\" content=\"Hudo Slovenija\" \/>\n<meta property=\"article:publisher\" content=\"https:\/\/www.facebook.com\/hudo.si\" \/>\n<meta property=\"article:published_time\" content=\"2017-12-01T05:00:00+00:00\" \/>\n<meta property=\"og:image\" content=\"https:\/\/hudo.com\/si\/wp-content\/uploads\/sites\/2\/2017\/12\/480x290_lju3.jpeg\" \/>\n\t<meta property=\"og:image:width\" content=\"480\" \/>\n\t<meta property=\"og:image:height\" content=\"290\" \/>\n\t<meta property=\"og:image:type\" content=\"image\/jpeg\" \/>\n<meta name=\"author\" content=\"hudo\" \/>\n<meta name=\"twitter:card\" content=\"summary_large_image\" \/>\n<meta name=\"twitter:creator\" content=\"@hudo_si\" \/>\n<meta name=\"twitter:site\" content=\"@hudo_si\" \/>\n<meta name=\"twitter:label1\" content=\"Written by\" \/>\n\t<meta name=\"twitter:data1\" content=\"hudo\" \/>\n\t<meta name=\"twitter:label2\" content=\"Est. reading time\" \/>\n\t<meta name=\"twitter:data2\" content=\"1 minuta\" \/>\n<script type=\"application\/ld+json\" class=\"yoast-schema-graph\">{\"@context\":\"https:\/\/schema.org\",\"@graph\":[{\"@type\":\"Article\",\"@id\":\"https:\/\/hudo.com\/si\/aktualno\/praznicno-razsipni-stajerci-in-piran-skromni-korosci\/#article\",\"isPartOf\":{\"@id\":\"https:\/\/hudo.com\/si\/aktualno\/praznicno-razsipni-stajerci-in-piran-skromni-korosci\/\"},\"author\":{\"name\":\"hudo\",\"@id\":\"https:\/\/hudo.com\/si\/#\/schema\/person\/601cf3379633985b20f7e50f2bb47707\"},\"headline\":\"Prazni\u010dno razsipni \u0160tajerci in Piran, skromni Koro\u0161ci\",\"datePublished\":\"2017-12-01T05:00:00+00:00\",\"dateModified\":\"2017-12-01T05:00:00+00:00\",\"mainEntityOfPage\":{\"@id\":\"https:\/\/hudo.com\/si\/aktualno\/praznicno-razsipni-stajerci-in-piran-skromni-korosci\/\"},\"wordCount\":152,\"publisher\":{\"@id\":\"https:\/\/hudo.com\/si\/#organization\"},\"articleSection\":[\"Aktualno\"],\"inLanguage\":\"sl-SI\"},{\"@type\":\"WebPage\",\"@id\":\"https:\/\/hudo.com\/si\/aktualno\/praznicno-razsipni-stajerci-in-piran-skromni-korosci\/\",\"url\":\"https:\/\/hudo.com\/si\/aktualno\/praznicno-razsipni-stajerci-in-piran-skromni-korosci\/\",\"name\":\"Prazni\u010dno razsipni \u0160tajerci in Piran, skromni Koro\u0161ci - Hudo Slovenija\",\"isPartOf\":{\"@id\":\"https:\/\/hudo.com\/si\/#website\"},\"datePublished\":\"2017-12-01T05:00:00+00:00\",\"dateModified\":\"2017-12-01T05:00:00+00:00\",\"breadcrumb\":{\"@id\":\"https:\/\/hudo.com\/si\/aktualno\/praznicno-razsipni-stajerci-in-piran-skromni-korosci\/#breadcrumb\"},\"inLanguage\":\"sl-SI\",\"potentialAction\":[{\"@type\":\"ReadAction\",\"target\":[\"https:\/\/hudo.com\/si\/aktualno\/praznicno-razsipni-stajerci-in-piran-skromni-korosci\/\"]}]},{\"@type\":\"BreadcrumbList\",\"@id\":\"https:\/\/hudo.com\/si\/aktualno\/praznicno-razsipni-stajerci-in-piran-skromni-korosci\/#breadcrumb\",\"itemListElement\":[{\"@type\":\"ListItem\",\"position\":1,\"name\":\"Home\",\"item\":\"https:\/\/hudo.com\/si\/\"},{\"@type\":\"ListItem\",\"position\":2,\"name\":\"Prazni\u010dno razsipni \u0160tajerci in Piran, skromni Koro\u0161ci\"}]},{\"@type\":\"WebSite\",\"@id\":\"https:\/\/hudo.com\/si\/#website\",\"url\":\"https:\/\/hudo.com\/si\/\",\"name\":\"Hudo Slovenija\",\"description\":\"Vse novice iz Slovenije in sveta\",\"publisher\":{\"@id\":\"https:\/\/hudo.com\/si\/#organization\"},\"potentialAction\":[{\"@type\":\"SearchAction\",\"target\":{\"@type\":\"EntryPoint\",\"urlTemplate\":\"https:\/\/hudo.com\/si\/?s={search_term_string}\"},\"query-input\":\"required name=search_term_string\"}],\"inLanguage\":\"sl-SI\"},{\"@type\":\"Organization\",\"@id\":\"https:\/\/hudo.com\/si\/#organization\",\"name\":\"VSN Media\",\"url\":\"https:\/\/hudo.com\/si\/\",\"logo\":{\"@type\":\"ImageObject\",\"inLanguage\":\"sl-SI\",\"@id\":\"https:\/\/hudo.com\/si\/#\/schema\/logo\/image\/\",\"url\":\"https:\/\/hudo.com\/si\/wp-content\/uploads\/sites\/2\/2021\/03\/hudo-app-2.png\",\"contentUrl\":\"https:\/\/hudo.com\/si\/wp-content\/uploads\/sites\/2\/2021\/03\/hudo-app-2.png\",\"width\":2185,\"height\":2167,\"caption\":\"VSN Media\"},\"image\":{\"@id\":\"https:\/\/hudo.com\/si\/#\/schema\/logo\/image\/\"},\"sameAs\":[\"https:\/\/www.facebook.com\/hudo.si\",\"https:\/\/twitter.com\/hudo_si\"]},{\"@type\":\"Person\",\"@id\":\"https:\/\/hudo.com\/si\/#\/schema\/person\/601cf3379633985b20f7e50f2bb47707\",\"name\":\"hudo\",\"image\":{\"@type\":\"ImageObject\",\"inLanguage\":\"sl-SI\",\"@id\":\"https:\/\/hudo.com\/si\/#\/schema\/person\/image\/\",\"url\":\"https:\/\/secure.gravatar.com\/avatar\/c4ca25fa72cace7a696b52ff5db9e095?s=96&d=mm&r=g\",\"contentUrl\":\"https:\/\/secure.gravatar.com\/avatar\/c4ca25fa72cace7a696b52ff5db9e095?s=96&d=mm&r=g\",\"caption\":\"hudo\"},\"url\":\"https:\/\/hudo.com\/si\/author\/hudo\/\"}]}<\/script>\n<!-- \/ Yoast SEO plugin. -->","yoast_head_json":{"title":"Prazni\u010dno razsipni \u0160tajerci in Piran, skromni Koro\u0161ci - Hudo Slovenija","robots":{"index":"index","follow":"follow","max-snippet":"max-snippet:-1","max-image-preview":"max-image-preview:large","max-video-preview":"max-video-preview:-1"},"canonical":"https:\/\/hudo.com\/si\/aktualno\/praznicno-razsipni-stajerci-in-piran-skromni-korosci\/","og_locale":"sl_SI","og_type":"article","og_title":"Prazni\u010dno razsipni \u0160tajerci in Piran, skromni Koro\u0161ci - Hudo Slovenija","og_description":"Kategorija: Slovenija Fri, 01 Dec 2017 07:00:00 +0100 Ljubljana - Maribor bo z decembrskimi praznovanji letos prekosil vse. Prvi v dr\u017eavi se je odel v prazni\u010dni sijaj, v njem \u017eari \u017ee ves teden in tudi skupen stro\u0161ek bo rekorden: 380.000 evrov. Enajst mestnih ob\u010din bo za praznovanja od\u0161telo skoraj 1,5 milijona evrov. Danes popoldne bo sekunde do vklopa svetlobne instalacije od\u0161tevala Ljubljana, zadnje sekunde leta pa ob najdra\u017ejem ognjemetu Piran. Maribor prvi v veselju in kampanji Prvi soj v dr\u017eavi je minuli petek osvetlil Trg generala Majstra, sledilo mu bo \u0161e 32 veselih dni. Bo\u017ei\u010dno-novoletne smreke stojijo na petih lokacijah, nova je igra barv na promenadi mestnega parka. Mariborskega \u010carobnega decembra ne more skaliti niti dejstvo, da je morda le uvod v \u017eupansko predvolilno kampanjo. V sklopu praznovanja, ki bo stalo toliko kot v Kranju, Murski Soboti, Novi Gorici in\u00a0...","og_url":"https:\/\/hudo.com\/si\/aktualno\/praznicno-razsipni-stajerci-in-piran-skromni-korosci\/","og_site_name":"Hudo Slovenija","article_publisher":"https:\/\/www.facebook.com\/hudo.si","article_published_time":"2017-12-01T05:00:00+00:00","og_image":[{"width":480,"height":290,"url":"https:\/\/hudo.com\/si\/wp-content\/uploads\/sites\/2\/2017\/12\/480x290_lju3.jpeg","type":"image\/jpeg"}],"author":"hudo","twitter_card":"summary_large_image","twitter_creator":"@hudo_si","twitter_site":"@hudo_si","twitter_misc":{"Written by":"hudo","Est. reading time":"1 minuta"},"schema":{"@context":"https:\/\/schema.org","@graph":[{"@type":"Article","@id":"https:\/\/hudo.com\/si\/aktualno\/praznicno-razsipni-stajerci-in-piran-skromni-korosci\/#article","isPartOf":{"@id":"https:\/\/hudo.com\/si\/aktualno\/praznicno-razsipni-stajerci-in-piran-skromni-korosci\/"},"author":{"name":"hudo","@id":"https:\/\/hudo.com\/si\/#\/schema\/person\/601cf3379633985b20f7e50f2bb47707"},"headline":"Prazni\u010dno razsipni \u0160tajerci in Piran, skromni Koro\u0161ci","datePublished":"2017-12-01T05:00:00+00:00","dateModified":"2017-12-01T05:00:00+00:00","mainEntityOfPage":{"@id":"https:\/\/hudo.com\/si\/aktualno\/praznicno-razsipni-stajerci-in-piran-skromni-korosci\/"},"wordCount":152,"publisher":{"@id":"https:\/\/hudo.com\/si\/#organization"},"articleSection":["Aktualno"],"inLanguage":"sl-SI"},{"@type":"WebPage","@id":"https:\/\/hudo.com\/si\/aktualno\/praznicno-razsipni-stajerci-in-piran-skromni-korosci\/","url":"https:\/\/hudo.com\/si\/aktualno\/praznicno-razsipni-stajerci-in-piran-skromni-korosci\/","name":"Prazni\u010dno razsipni \u0160tajerci in Piran, skromni Koro\u0161ci - Hudo Slovenija","isPartOf":{"@id":"https:\/\/hudo.com\/si\/#website"},"datePublished":"2017-12-01T05:00:00+00:00","dateModified":"2017-12-01T05:00:00+00:00","breadcrumb":{"@id":"https:\/\/hudo.com\/si\/aktualno\/praznicno-razsipni-stajerci-in-piran-skromni-korosci\/#breadcrumb"},"inLanguage":"sl-SI","potentialAction":[{"@type":"ReadAction","target":["https:\/\/hudo.com\/si\/aktualno\/praznicno-razsipni-stajerci-in-piran-skromni-korosci\/"]}]},{"@type":"BreadcrumbList","@id":"https:\/\/hudo.com\/si\/aktualno\/praznicno-razsipni-stajerci-in-piran-skromni-korosci\/#breadcrumb","itemListElement":[{"@type":"ListItem","position":1,"name":"Home","item":"https:\/\/hudo.com\/si\/"},{"@type":"ListItem","position":2,"name":"Prazni\u010dno razsipni \u0160tajerci in Piran, skromni Koro\u0161ci"}]},{"@type":"WebSite","@id":"https:\/\/hudo.com\/si\/#website","url":"https:\/\/hudo.com\/si\/","name":"Hudo Slovenija","description":"Vse novice iz Slovenije in sveta","publisher":{"@id":"https:\/\/hudo.com\/si\/#organization"},"potentialAction":[{"@type":"SearchAction","target":{"@type":"EntryPoint","urlTemplate":"https:\/\/hudo.com\/si\/?s={search_term_string}"},"query-input":"required name=search_term_string"}],"inLanguage":"sl-SI"},{"@type":"Organization","@id":"https:\/\/hudo.com\/si\/#organization","name":"VSN Media","url":"https:\/\/hudo.com\/si\/","logo":{"@type":"ImageObject","inLanguage":"sl-SI","@id":"https:\/\/hudo.com\/si\/#\/schema\/logo\/image\/","url":"https:\/\/hudo.com\/si\/wp-content\/uploads\/sites\/2\/2021\/03\/hudo-app-2.png","contentUrl":"https:\/\/hudo.com\/si\/wp-content\/uploads\/sites\/2\/2021\/03\/hudo-app-2.png","width":2185,"height":2167,"caption":"VSN Media"},"image":{"@id":"https:\/\/hudo.com\/si\/#\/schema\/logo\/image\/"},"sameAs":["https:\/\/www.facebook.com\/hudo.si","https:\/\/twitter.com\/hudo_si"]},{"@type":"Person","@id":"https:\/\/hudo.com\/si\/#\/schema\/person\/601cf3379633985b20f7e50f2bb47707","name":"hudo","image":{"@type":"ImageObject","inLanguage":"sl-SI","@id":"https:\/\/hudo.com\/si\/#\/schema\/person\/image\/","url":"https:\/\/secure.gravatar.com\/avatar\/c4ca25fa72cace7a696b52ff5db9e095?s=96&d=mm&r=g","contentUrl":"https:\/\/secure.gravatar.com\/avatar\/c4ca25fa72cace7a696b52ff5db9e095?s=96&d=mm&r=g","caption":"hudo"},"url":"https:\/\/hudo.com\/si\/author\/hudo\/"}]}},"amp_enabled":true,"_links":{"self":[{"href":"https:\/\/hudo.com\/si\/wp-json\/wp\/v2\/posts\/328250"}],"collection":[{"href":"https:\/\/hudo.com\/si\/wp-json\/wp\/v2\/posts"}],"about":[{"href":"https:\/\/hudo.com\/si\/wp-json\/wp\/v2\/types\/post"}],"author":[{"embeddable":true,"href":"https:\/\/hudo.com\/si\/wp-json\/wp\/v2\/users\/1"}],"replies":[{"embeddable":true,"href":"https:\/\/hudo.com\/si\/wp-json\/wp\/v2\/comments?post=328250"}],"version-history":[{"count":0,"href":"https:\/\/hudo.com\/si\/wp-json\/wp\/v2\/posts\/328250\/revisions"}],"wp:attachment":[{"href":"https:\/\/hudo.com\/si\/wp-json\/wp\/v2\/media?parent=328250"}],"wp:term":[{"taxonomy":"category","embeddable":true,"href":"https:\/\/hudo.com\/si\/wp-json\/wp\/v2\/categories?post=328250"},{"taxonomy":"post_tag","embeddable":true,"href":"https:\/\/hudo.com\/si\/wp-json\/wp\/v2\/tags?post=328250"},{"taxonomy":"source","embeddable":true,"href":"https:\/\/hudo.com\/si\/wp-json\/wp\/v2\/source?post=328250"},{"taxonomy":"supertag","embeddable":true,"href":"https:\/\/hudo.com\/si\/wp-json\/wp\/v2\/supertag?post=328250"}],"curies":[{"name":"wp","href":"https:\/\/api.w.org\/{rel}","templated":true}]}}