{"id":328252,"date":"2017-12-01T05:00:00","date_gmt":"2017-12-01T04:00:00","guid":{"rendered":"http:\/\/hudo.com\/si\/2017\/12\/01\/moska-premiera-napovedala-slovenski-dvig\/"},"modified":"2017-12-01T05:00:00","modified_gmt":"2017-12-01T04:00:00","slug":"moska-premiera-napovedala-slovenski-dvig","status":"publish","type":"post","link":"https:\/\/hudo.com\/si\/aktualno\/moska-premiera-napovedala-slovenski-dvig\/","title":{"rendered":"Mo\u0161ka premiera napovedala slovenski dvig"},"content":{"rendered":"<p>Kategorija: Zimski Fri, 01 Dec 2017 06:00:00 +0100  \u00d6stersund \u2013 Led je prebit! Kar zadr\u017eano so v slovenskem biatlonskem taboru pri\u010dakali za\u010detek nove sezone, potem ko so se jim v prej\u0161nji domala vsi na\u010drti poru\u0161ili, nakar je sledila \u0161e zau\u0161nica dopin\u0161kih sumov pri Teji Gregorin. Na uvodni mo\u0161ki posami\u010dni tekmi je bil Klemen Bauer v\u010deraj 10., zadnji strel ga je oddaljil od stopni\u010dk, povratnik Jakov Fak pa 12.Sredina \u017eenska tekma prav posebej ni razveselila slovenskega tabora: resda je bila Ur\u0161ka Poje s 57. mestom pri svoji najvi\u0161ji uvrstitvi doslej v svetovnem pokalu, a obenem je bilo jasno, da je zdaj na\u0161a ekipa brez Gregorinove in \u017ee prej upokojene Andreje Mali res dale\u010d od najbolj\u0161ih. Mo\u0161ka premiera pa je nato pod \u0161vedskimi \u017earometi na tradicionalnem uvodnem prizori\u0161\u010du biatlonske sezone ponudila precej upanja v zasuk navzgor pri slovenskih biatloncih, zlasti\u00a0&#8230;<\/p>\n","protected":false},"excerpt":{"rendered":"<p>Kategorija: Zimski Fri, 01 Dec 2017 06:00:00 +0100  \u00d6stersund \u2013 Led je prebit! Kar zadr\u017eano so v slovenskem biatlonskem taboru pri\u010dakali za\u010detek nove sezone, potem ko so se jim v prej\u0161nji domala vsi na\u010drti poru\u0161ili, nakar je sledila \u0161e zau\u0161nica dopin\u0161kih sumov pri Teji Gregorin. Na uvodni mo\u0161ki posami\u010dni tekmi je bil Klemen Bauer v\u010deraj 10., zadnji strel ga je oddaljil od stopni\u010dk, povratnik Jakov Fak pa 12.Sredina \u017eenska tekma prav posebej ni razveselila slovenskega tabora: resda je bila Ur\u0161ka Poje s 57. mestom pri svoji najvi\u0161ji uvrstitvi doslej v svetovnem pokalu, a obenem je bilo jasno, da je zdaj na\u0161a ekipa brez Gregorinove in \u017ee prej upokojene Andreje Mali res dale\u010d od najbolj\u0161ih. Mo\u0161ka premiera pa je nato pod \u0161vedskimi \u017earometi na tradicionalnem uvodnem prizori\u0161\u010du biatlonske sezone ponudila precej upanja v zasuk navzgor pri slovenskih biatloncih, zlasti\u00a0&#8230;<\/p>\n","protected":false},"author":1,"featured_media":0,"comment_status":"closed","ping_status":"closed","sticky":false,"template":"","format":"standard","meta":{"footnotes":""},"categories":[1179],"tags":[],"source":[1703],"supertag":[],"acf":[],"yoast_head":"<!-- This site is optimized with the Yoast SEO plugin v21.3 - https:\/\/yoast.com\/wordpress\/plugins\/seo\/ -->\n<title>Mo\u0161ka premiera napovedala slovenski dvig - Hudo Slovenija<\/title>\n<meta name=\"robots\" content=\"index, follow, max-snippet:-1, max-image-preview:large, max-video-preview:-1\" \/>\n<link rel=\"canonical\" href=\"https:\/\/hudo.com\/si\/aktualno\/moska-premiera-napovedala-slovenski-dvig\/\" \/>\n<meta property=\"og:locale\" content=\"sl_SI\" \/>\n<meta property=\"og:type\" content=\"article\" \/>\n<meta property=\"og:title\" content=\"Mo\u0161ka premiera napovedala slovenski dvig - Hudo Slovenija\" \/>\n<meta property=\"og:description\" content=\"Kategorija: Zimski Fri, 01 Dec 2017 06:00:00 +0100 \u00d6stersund \u2013 Led je prebit! Kar zadr\u017eano so v slovenskem biatlonskem taboru pri\u010dakali za\u010detek nove sezone, potem ko so se jim v prej\u0161nji domala vsi na\u010drti poru\u0161ili, nakar je sledila \u0161e zau\u0161nica dopin\u0161kih sumov pri Teji Gregorin. Na uvodni mo\u0161ki posami\u010dni tekmi je bil Klemen Bauer v\u010deraj 10., zadnji strel ga je oddaljil od stopni\u010dk, povratnik Jakov Fak pa 12.Sredina \u017eenska tekma prav posebej ni razveselila slovenskega tabora: resda je bila Ur\u0161ka Poje s 57. mestom pri svoji najvi\u0161ji uvrstitvi doslej v svetovnem pokalu, a obenem je bilo jasno, da je zdaj na\u0161a ekipa brez Gregorinove in \u017ee prej upokojene Andreje Mali res dale\u010d od najbolj\u0161ih. Mo\u0161ka premiera pa je nato pod \u0161vedskimi \u017earometi na tradicionalnem uvodnem prizori\u0161\u010du biatlonske sezone ponudila precej upanja v zasuk navzgor pri slovenskih biatloncih, zlasti\u00a0...\" \/>\n<meta property=\"og:url\" content=\"https:\/\/hudo.com\/si\/aktualno\/moska-premiera-napovedala-slovenski-dvig\/\" \/>\n<meta property=\"og:site_name\" content=\"Hudo Slovenija\" \/>\n<meta property=\"article:publisher\" content=\"https:\/\/www.facebook.com\/hudo.si\" \/>\n<meta property=\"article:published_time\" content=\"2017-12-01T04:00:00+00:00\" \/>\n<meta property=\"og:image\" content=\"https:\/\/hudo.com\/si\/wp-content\/uploads\/sites\/2\/2017\/12\/480x290_Sport__djvu_2441266_sinisa__hires0.jpeg\" \/>\n\t<meta property=\"og:image:width\" content=\"480\" \/>\n\t<meta property=\"og:image:height\" content=\"290\" \/>\n\t<meta property=\"og:image:type\" content=\"image\/jpeg\" \/>\n<meta name=\"author\" content=\"hudo\" \/>\n<meta name=\"twitter:card\" content=\"summary_large_image\" \/>\n<meta name=\"twitter:creator\" content=\"@hudo_si\" \/>\n<meta name=\"twitter:site\" content=\"@hudo_si\" \/>\n<meta name=\"twitter:label1\" content=\"Written by\" \/>\n\t<meta name=\"twitter:data1\" content=\"hudo\" \/>\n\t<meta name=\"twitter:label2\" content=\"Est. reading time\" \/>\n\t<meta name=\"twitter:data2\" content=\"1 minuta\" \/>\n<script type=\"application\/ld+json\" class=\"yoast-schema-graph\">{\"@context\":\"https:\/\/schema.org\",\"@graph\":[{\"@type\":\"Article\",\"@id\":\"https:\/\/hudo.com\/si\/aktualno\/moska-premiera-napovedala-slovenski-dvig\/#article\",\"isPartOf\":{\"@id\":\"https:\/\/hudo.com\/si\/aktualno\/moska-premiera-napovedala-slovenski-dvig\/\"},\"author\":{\"name\":\"hudo\",\"@id\":\"https:\/\/hudo.com\/si\/#\/schema\/person\/601cf3379633985b20f7e50f2bb47707\"},\"headline\":\"Mo\u0161ka premiera napovedala slovenski dvig\",\"datePublished\":\"2017-12-01T04:00:00+00:00\",\"dateModified\":\"2017-12-01T04:00:00+00:00\",\"mainEntityOfPage\":{\"@id\":\"https:\/\/hudo.com\/si\/aktualno\/moska-premiera-napovedala-slovenski-dvig\/\"},\"wordCount\":155,\"publisher\":{\"@id\":\"https:\/\/hudo.com\/si\/#organization\"},\"articleSection\":[\"Aktualno\"],\"inLanguage\":\"sl-SI\"},{\"@type\":\"WebPage\",\"@id\":\"https:\/\/hudo.com\/si\/aktualno\/moska-premiera-napovedala-slovenski-dvig\/\",\"url\":\"https:\/\/hudo.com\/si\/aktualno\/moska-premiera-napovedala-slovenski-dvig\/\",\"name\":\"Mo\u0161ka premiera napovedala slovenski dvig - Hudo Slovenija\",\"isPartOf\":{\"@id\":\"https:\/\/hudo.com\/si\/#website\"},\"datePublished\":\"2017-12-01T04:00:00+00:00\",\"dateModified\":\"2017-12-01T04:00:00+00:00\",\"breadcrumb\":{\"@id\":\"https:\/\/hudo.com\/si\/aktualno\/moska-premiera-napovedala-slovenski-dvig\/#breadcrumb\"},\"inLanguage\":\"sl-SI\",\"potentialAction\":[{\"@type\":\"ReadAction\",\"target\":[\"https:\/\/hudo.com\/si\/aktualno\/moska-premiera-napovedala-slovenski-dvig\/\"]}]},{\"@type\":\"BreadcrumbList\",\"@id\":\"https:\/\/hudo.com\/si\/aktualno\/moska-premiera-napovedala-slovenski-dvig\/#breadcrumb\",\"itemListElement\":[{\"@type\":\"ListItem\",\"position\":1,\"name\":\"Home\",\"item\":\"https:\/\/hudo.com\/si\/\"},{\"@type\":\"ListItem\",\"position\":2,\"name\":\"Mo\u0161ka premiera napovedala slovenski dvig\"}]},{\"@type\":\"WebSite\",\"@id\":\"https:\/\/hudo.com\/si\/#website\",\"url\":\"https:\/\/hudo.com\/si\/\",\"name\":\"Hudo Slovenija\",\"description\":\"Vse novice iz Slovenije in sveta\",\"publisher\":{\"@id\":\"https:\/\/hudo.com\/si\/#organization\"},\"potentialAction\":[{\"@type\":\"SearchAction\",\"target\":{\"@type\":\"EntryPoint\",\"urlTemplate\":\"https:\/\/hudo.com\/si\/?s={search_term_string}\"},\"query-input\":\"required name=search_term_string\"}],\"inLanguage\":\"sl-SI\"},{\"@type\":\"Organization\",\"@id\":\"https:\/\/hudo.com\/si\/#organization\",\"name\":\"VSN Media\",\"url\":\"https:\/\/hudo.com\/si\/\",\"logo\":{\"@type\":\"ImageObject\",\"inLanguage\":\"sl-SI\",\"@id\":\"https:\/\/hudo.com\/si\/#\/schema\/logo\/image\/\",\"url\":\"https:\/\/hudo.com\/si\/wp-content\/uploads\/sites\/2\/2021\/03\/hudo-app-2.png\",\"contentUrl\":\"https:\/\/hudo.com\/si\/wp-content\/uploads\/sites\/2\/2021\/03\/hudo-app-2.png\",\"width\":2185,\"height\":2167,\"caption\":\"VSN Media\"},\"image\":{\"@id\":\"https:\/\/hudo.com\/si\/#\/schema\/logo\/image\/\"},\"sameAs\":[\"https:\/\/www.facebook.com\/hudo.si\",\"https:\/\/twitter.com\/hudo_si\"]},{\"@type\":\"Person\",\"@id\":\"https:\/\/hudo.com\/si\/#\/schema\/person\/601cf3379633985b20f7e50f2bb47707\",\"name\":\"hudo\",\"image\":{\"@type\":\"ImageObject\",\"inLanguage\":\"sl-SI\",\"@id\":\"https:\/\/hudo.com\/si\/#\/schema\/person\/image\/\",\"url\":\"https:\/\/secure.gravatar.com\/avatar\/c4ca25fa72cace7a696b52ff5db9e095?s=96&d=mm&r=g\",\"contentUrl\":\"https:\/\/secure.gravatar.com\/avatar\/c4ca25fa72cace7a696b52ff5db9e095?s=96&d=mm&r=g\",\"caption\":\"hudo\"},\"url\":\"https:\/\/hudo.com\/si\/author\/hudo\/\"}]}<\/script>\n<!-- \/ Yoast SEO plugin. -->","yoast_head_json":{"title":"Mo\u0161ka premiera napovedala slovenski dvig - Hudo Slovenija","robots":{"index":"index","follow":"follow","max-snippet":"max-snippet:-1","max-image-preview":"max-image-preview:large","max-video-preview":"max-video-preview:-1"},"canonical":"https:\/\/hudo.com\/si\/aktualno\/moska-premiera-napovedala-slovenski-dvig\/","og_locale":"sl_SI","og_type":"article","og_title":"Mo\u0161ka premiera napovedala slovenski dvig - Hudo Slovenija","og_description":"Kategorija: Zimski Fri, 01 Dec 2017 06:00:00 +0100 \u00d6stersund \u2013 Led je prebit! Kar zadr\u017eano so v slovenskem biatlonskem taboru pri\u010dakali za\u010detek nove sezone, potem ko so se jim v prej\u0161nji domala vsi na\u010drti poru\u0161ili, nakar je sledila \u0161e zau\u0161nica dopin\u0161kih sumov pri Teji Gregorin. Na uvodni mo\u0161ki posami\u010dni tekmi je bil Klemen Bauer v\u010deraj 10., zadnji strel ga je oddaljil od stopni\u010dk, povratnik Jakov Fak pa 12.Sredina \u017eenska tekma prav posebej ni razveselila slovenskega tabora: resda je bila Ur\u0161ka Poje s 57. mestom pri svoji najvi\u0161ji uvrstitvi doslej v svetovnem pokalu, a obenem je bilo jasno, da je zdaj na\u0161a ekipa brez Gregorinove in \u017ee prej upokojene Andreje Mali res dale\u010d od najbolj\u0161ih. Mo\u0161ka premiera pa je nato pod \u0161vedskimi \u017earometi na tradicionalnem uvodnem prizori\u0161\u010du biatlonske sezone ponudila precej upanja v zasuk navzgor pri slovenskih biatloncih, zlasti\u00a0...","og_url":"https:\/\/hudo.com\/si\/aktualno\/moska-premiera-napovedala-slovenski-dvig\/","og_site_name":"Hudo Slovenija","article_publisher":"https:\/\/www.facebook.com\/hudo.si","article_published_time":"2017-12-01T04:00:00+00:00","og_image":[{"width":480,"height":290,"url":"https:\/\/hudo.com\/si\/wp-content\/uploads\/sites\/2\/2017\/12\/480x290_Sport__djvu_2441266_sinisa__hires0.jpeg","type":"image\/jpeg"}],"author":"hudo","twitter_card":"summary_large_image","twitter_creator":"@hudo_si","twitter_site":"@hudo_si","twitter_misc":{"Written by":"hudo","Est. reading time":"1 minuta"},"schema":{"@context":"https:\/\/schema.org","@graph":[{"@type":"Article","@id":"https:\/\/hudo.com\/si\/aktualno\/moska-premiera-napovedala-slovenski-dvig\/#article","isPartOf":{"@id":"https:\/\/hudo.com\/si\/aktualno\/moska-premiera-napovedala-slovenski-dvig\/"},"author":{"name":"hudo","@id":"https:\/\/hudo.com\/si\/#\/schema\/person\/601cf3379633985b20f7e50f2bb47707"},"headline":"Mo\u0161ka premiera napovedala slovenski dvig","datePublished":"2017-12-01T04:00:00+00:00","dateModified":"2017-12-01T04:00:00+00:00","mainEntityOfPage":{"@id":"https:\/\/hudo.com\/si\/aktualno\/moska-premiera-napovedala-slovenski-dvig\/"},"wordCount":155,"publisher":{"@id":"https:\/\/hudo.com\/si\/#organization"},"articleSection":["Aktualno"],"inLanguage":"sl-SI"},{"@type":"WebPage","@id":"https:\/\/hudo.com\/si\/aktualno\/moska-premiera-napovedala-slovenski-dvig\/","url":"https:\/\/hudo.com\/si\/aktualno\/moska-premiera-napovedala-slovenski-dvig\/","name":"Mo\u0161ka premiera napovedala slovenski dvig - Hudo Slovenija","isPartOf":{"@id":"https:\/\/hudo.com\/si\/#website"},"datePublished":"2017-12-01T04:00:00+00:00","dateModified":"2017-12-01T04:00:00+00:00","breadcrumb":{"@id":"https:\/\/hudo.com\/si\/aktualno\/moska-premiera-napovedala-slovenski-dvig\/#breadcrumb"},"inLanguage":"sl-SI","potentialAction":[{"@type":"ReadAction","target":["https:\/\/hudo.com\/si\/aktualno\/moska-premiera-napovedala-slovenski-dvig\/"]}]},{"@type":"BreadcrumbList","@id":"https:\/\/hudo.com\/si\/aktualno\/moska-premiera-napovedala-slovenski-dvig\/#breadcrumb","itemListElement":[{"@type":"ListItem","position":1,"name":"Home","item":"https:\/\/hudo.com\/si\/"},{"@type":"ListItem","position":2,"name":"Mo\u0161ka premiera napovedala slovenski dvig"}]},{"@type":"WebSite","@id":"https:\/\/hudo.com\/si\/#website","url":"https:\/\/hudo.com\/si\/","name":"Hudo Slovenija","description":"Vse novice iz Slovenije in sveta","publisher":{"@id":"https:\/\/hudo.com\/si\/#organization"},"potentialAction":[{"@type":"SearchAction","target":{"@type":"EntryPoint","urlTemplate":"https:\/\/hudo.com\/si\/?s={search_term_string}"},"query-input":"required name=search_term_string"}],"inLanguage":"sl-SI"},{"@type":"Organization","@id":"https:\/\/hudo.com\/si\/#organization","name":"VSN Media","url":"https:\/\/hudo.com\/si\/","logo":{"@type":"ImageObject","inLanguage":"sl-SI","@id":"https:\/\/hudo.com\/si\/#\/schema\/logo\/image\/","url":"https:\/\/hudo.com\/si\/wp-content\/uploads\/sites\/2\/2021\/03\/hudo-app-2.png","contentUrl":"https:\/\/hudo.com\/si\/wp-content\/uploads\/sites\/2\/2021\/03\/hudo-app-2.png","width":2185,"height":2167,"caption":"VSN Media"},"image":{"@id":"https:\/\/hudo.com\/si\/#\/schema\/logo\/image\/"},"sameAs":["https:\/\/www.facebook.com\/hudo.si","https:\/\/twitter.com\/hudo_si"]},{"@type":"Person","@id":"https:\/\/hudo.com\/si\/#\/schema\/person\/601cf3379633985b20f7e50f2bb47707","name":"hudo","image":{"@type":"ImageObject","inLanguage":"sl-SI","@id":"https:\/\/hudo.com\/si\/#\/schema\/person\/image\/","url":"https:\/\/secure.gravatar.com\/avatar\/c4ca25fa72cace7a696b52ff5db9e095?s=96&d=mm&r=g","contentUrl":"https:\/\/secure.gravatar.com\/avatar\/c4ca25fa72cace7a696b52ff5db9e095?s=96&d=mm&r=g","caption":"hudo"},"url":"https:\/\/hudo.com\/si\/author\/hudo\/"}]}},"amp_enabled":true,"_links":{"self":[{"href":"https:\/\/hudo.com\/si\/wp-json\/wp\/v2\/posts\/328252"}],"collection":[{"href":"https:\/\/hudo.com\/si\/wp-json\/wp\/v2\/posts"}],"about":[{"href":"https:\/\/hudo.com\/si\/wp-json\/wp\/v2\/types\/post"}],"author":[{"embeddable":true,"href":"https:\/\/hudo.com\/si\/wp-json\/wp\/v2\/users\/1"}],"replies":[{"embeddable":true,"href":"https:\/\/hudo.com\/si\/wp-json\/wp\/v2\/comments?post=328252"}],"version-history":[{"count":0,"href":"https:\/\/hudo.com\/si\/wp-json\/wp\/v2\/posts\/328252\/revisions"}],"wp:attachment":[{"href":"https:\/\/hudo.com\/si\/wp-json\/wp\/v2\/media?parent=328252"}],"wp:term":[{"taxonomy":"category","embeddable":true,"href":"https:\/\/hudo.com\/si\/wp-json\/wp\/v2\/categories?post=328252"},{"taxonomy":"post_tag","embeddable":true,"href":"https:\/\/hudo.com\/si\/wp-json\/wp\/v2\/tags?post=328252"},{"taxonomy":"source","embeddable":true,"href":"https:\/\/hudo.com\/si\/wp-json\/wp\/v2\/source?post=328252"},{"taxonomy":"supertag","embeddable":true,"href":"https:\/\/hudo.com\/si\/wp-json\/wp\/v2\/supertag?post=328252"}],"curies":[{"name":"wp","href":"https:\/\/api.w.org\/{rel}","templated":true}]}}