{"id":328266,"date":"2017-12-01T05:00:00","date_gmt":"2017-12-01T04:00:00","guid":{"rendered":"http:\/\/hudo.com\/si\/2017\/12\/01\/desus-ne-izkljucuje-svojega-zakona-o-demografskem-skladu\/"},"modified":"2017-12-01T05:00:00","modified_gmt":"2017-12-01T04:00:00","slug":"desus-ne-izkljucuje-svojega-zakona-o-demografskem-skladu","status":"publish","type":"post","link":"https:\/\/hudo.com\/si\/aktualno\/desus-ne-izkljucuje-svojega-zakona-o-demografskem-skladu\/","title":{"rendered":"Desus ne izklju\u010duje svojega zakona o demografskem skladu"},"content":{"rendered":"<p>Kategorija: Finance Fri, 01 Dec 2017 06:00:00 +0100  Ljubljana\u00a0\u2013 V Desusu, kot ka\u017ee, \u0161e niso dvignili rok od demografskega sklada. Kot je mogo\u010de izvedeti, se za januar na to temo na\u010drtuje poseben vrh koalicije, kjer bodo stranke posku\u0161ale zbli\u017eati stali\u0161\u010da. \u010ce s tem ne bodo uspe\u0161ni,\u00a0Desus ob podpori upokojencev in sindikatov napoveduje svoj zakon. Koalicijski vrh, na katerem naj bi vladajo\u010da oblast \u0161e\u00a0zadnji\u010d posku\u0161ala premostiti\u00a0konceptualne razlike, ki jih razdvajajo glede ustanovitve demografskega sklada, se je napovedoval \u017ee za oktober, zdaj je predviden za januar. \u010ce se glede re\u0161itev ne bodo dogovorili, v Desusu napovedujejo svoj zakon. Na vpra\u0161anje, ali je ta \u017ee spisan, odgovarjajo, da ga bodo \u0161e pripravili. \u017de zdaj pa je jasno, da je zelo malo mo\u017enosti, da bi bil zakon sprejet do\u00a0parlamentarnih\u00a0volitev.\u00a0Tudi mo\u017enosti, da bi ministrstvo za finance in stranka SMC na eni ter Desus na\u00a0&#8230;<\/p>\n","protected":false},"excerpt":{"rendered":"<p>Kategorija: Finance Fri, 01 Dec 2017 06:00:00 +0100  Ljubljana\u00a0\u2013 V Desusu, kot ka\u017ee, \u0161e niso dvignili rok od demografskega sklada. Kot je mogo\u010de izvedeti, se za januar na to temo na\u010drtuje poseben vrh koalicije, kjer bodo stranke posku\u0161ale zbli\u017eati stali\u0161\u010da. \u010ce s tem ne bodo uspe\u0161ni,\u00a0Desus ob podpori upokojencev in sindikatov napoveduje svoj zakon. Koalicijski vrh, na katerem naj bi vladajo\u010da oblast \u0161e\u00a0zadnji\u010d posku\u0161ala premostiti\u00a0konceptualne razlike, ki jih razdvajajo glede ustanovitve demografskega sklada, se je napovedoval \u017ee za oktober, zdaj je predviden za januar. \u010ce se glede re\u0161itev ne bodo dogovorili, v Desusu napovedujejo svoj zakon. Na vpra\u0161anje, ali je ta \u017ee spisan, odgovarjajo, da ga bodo \u0161e pripravili. \u017de zdaj pa je jasno, da je zelo malo mo\u017enosti, da bi bil zakon sprejet do\u00a0parlamentarnih\u00a0volitev.\u00a0Tudi mo\u017enosti, da bi ministrstvo za finance in stranka SMC na eni ter Desus na\u00a0&#8230;<\/p>\n","protected":false},"author":1,"featured_media":0,"comment_status":"closed","ping_status":"closed","sticky":false,"template":"","format":"standard","meta":{"footnotes":""},"categories":[1179],"tags":[],"source":[1703],"supertag":[],"acf":[],"yoast_head":"<!-- This site is optimized with the Yoast SEO plugin v21.3 - https:\/\/yoast.com\/wordpress\/plugins\/seo\/ -->\n<title>Desus ne izklju\u010duje svojega zakona o demografskem skladu - Hudo Slovenija<\/title>\n<meta name=\"robots\" content=\"index, follow, max-snippet:-1, max-image-preview:large, max-video-preview:-1\" \/>\n<link rel=\"canonical\" href=\"https:\/\/hudo.com\/si\/aktualno\/desus-ne-izkljucuje-svojega-zakona-o-demografskem-skladu\/\" \/>\n<meta property=\"og:locale\" content=\"sl_SI\" \/>\n<meta property=\"og:type\" content=\"article\" \/>\n<meta property=\"og:title\" content=\"Desus ne izklju\u010duje svojega zakona o demografskem skladu - Hudo Slovenija\" \/>\n<meta property=\"og:description\" content=\"Kategorija: Finance Fri, 01 Dec 2017 06:00:00 +0100 Ljubljana\u00a0\u2013 V Desusu, kot ka\u017ee, \u0161e niso dvignili rok od demografskega sklada. Kot je mogo\u010de izvedeti, se za januar na to temo na\u010drtuje poseben vrh koalicije, kjer bodo stranke posku\u0161ale zbli\u017eati stali\u0161\u010da. \u010ce s tem ne bodo uspe\u0161ni,\u00a0Desus ob podpori upokojencev in sindikatov napoveduje svoj zakon. Koalicijski vrh, na katerem naj bi vladajo\u010da oblast \u0161e\u00a0zadnji\u010d posku\u0161ala premostiti\u00a0konceptualne razlike, ki jih razdvajajo glede ustanovitve demografskega sklada, se je napovedoval \u017ee za oktober, zdaj je predviden za januar. \u010ce se glede re\u0161itev ne bodo dogovorili, v Desusu napovedujejo svoj zakon. Na vpra\u0161anje, ali je ta \u017ee spisan, odgovarjajo, da ga bodo \u0161e pripravili. \u017de zdaj pa je jasno, da je zelo malo mo\u017enosti, da bi bil zakon sprejet do\u00a0parlamentarnih\u00a0volitev.\u00a0Tudi mo\u017enosti, da bi ministrstvo za finance in stranka SMC na eni ter Desus na\u00a0...\" \/>\n<meta property=\"og:url\" content=\"https:\/\/hudo.com\/si\/aktualno\/desus-ne-izkljucuje-svojega-zakona-o-demografskem-skladu\/\" \/>\n<meta property=\"og:site_name\" content=\"Hudo Slovenija\" \/>\n<meta property=\"article:publisher\" content=\"https:\/\/www.facebook.com\/hudo.si\" \/>\n<meta property=\"article:published_time\" content=\"2017-12-01T04:00:00+00:00\" \/>\n<meta property=\"og:image\" content=\"https:\/\/hudo.com\/si\/wp-content\/uploads\/sites\/2\/2017\/12\/480x290_djvu_2240401_cakaricn_vidic-desus.jpeg\" \/>\n\t<meta property=\"og:image:width\" content=\"480\" \/>\n\t<meta property=\"og:image:height\" content=\"290\" \/>\n\t<meta property=\"og:image:type\" content=\"image\/jpeg\" \/>\n<meta name=\"author\" content=\"hudo\" \/>\n<meta name=\"twitter:card\" content=\"summary_large_image\" \/>\n<meta name=\"twitter:creator\" content=\"@hudo_si\" \/>\n<meta name=\"twitter:site\" content=\"@hudo_si\" \/>\n<meta name=\"twitter:label1\" content=\"Written by\" \/>\n\t<meta name=\"twitter:data1\" content=\"hudo\" \/>\n\t<meta name=\"twitter:label2\" content=\"Est. reading time\" \/>\n\t<meta name=\"twitter:data2\" content=\"1 minuta\" \/>\n<script type=\"application\/ld+json\" class=\"yoast-schema-graph\">{\"@context\":\"https:\/\/schema.org\",\"@graph\":[{\"@type\":\"Article\",\"@id\":\"https:\/\/hudo.com\/si\/aktualno\/desus-ne-izkljucuje-svojega-zakona-o-demografskem-skladu\/#article\",\"isPartOf\":{\"@id\":\"https:\/\/hudo.com\/si\/aktualno\/desus-ne-izkljucuje-svojega-zakona-o-demografskem-skladu\/\"},\"author\":{\"name\":\"hudo\",\"@id\":\"https:\/\/hudo.com\/si\/#\/schema\/person\/601cf3379633985b20f7e50f2bb47707\"},\"headline\":\"Desus ne izklju\u010duje svojega zakona o demografskem skladu\",\"datePublished\":\"2017-12-01T04:00:00+00:00\",\"dateModified\":\"2017-12-01T04:00:00+00:00\",\"mainEntityOfPage\":{\"@id\":\"https:\/\/hudo.com\/si\/aktualno\/desus-ne-izkljucuje-svojega-zakona-o-demografskem-skladu\/\"},\"wordCount\":163,\"publisher\":{\"@id\":\"https:\/\/hudo.com\/si\/#organization\"},\"articleSection\":[\"Aktualno\"],\"inLanguage\":\"sl-SI\"},{\"@type\":\"WebPage\",\"@id\":\"https:\/\/hudo.com\/si\/aktualno\/desus-ne-izkljucuje-svojega-zakona-o-demografskem-skladu\/\",\"url\":\"https:\/\/hudo.com\/si\/aktualno\/desus-ne-izkljucuje-svojega-zakona-o-demografskem-skladu\/\",\"name\":\"Desus ne izklju\u010duje svojega zakona o demografskem skladu - Hudo Slovenija\",\"isPartOf\":{\"@id\":\"https:\/\/hudo.com\/si\/#website\"},\"datePublished\":\"2017-12-01T04:00:00+00:00\",\"dateModified\":\"2017-12-01T04:00:00+00:00\",\"breadcrumb\":{\"@id\":\"https:\/\/hudo.com\/si\/aktualno\/desus-ne-izkljucuje-svojega-zakona-o-demografskem-skladu\/#breadcrumb\"},\"inLanguage\":\"sl-SI\",\"potentialAction\":[{\"@type\":\"ReadAction\",\"target\":[\"https:\/\/hudo.com\/si\/aktualno\/desus-ne-izkljucuje-svojega-zakona-o-demografskem-skladu\/\"]}]},{\"@type\":\"BreadcrumbList\",\"@id\":\"https:\/\/hudo.com\/si\/aktualno\/desus-ne-izkljucuje-svojega-zakona-o-demografskem-skladu\/#breadcrumb\",\"itemListElement\":[{\"@type\":\"ListItem\",\"position\":1,\"name\":\"Home\",\"item\":\"https:\/\/hudo.com\/si\/\"},{\"@type\":\"ListItem\",\"position\":2,\"name\":\"Desus ne izklju\u010duje svojega zakona o demografskem skladu\"}]},{\"@type\":\"WebSite\",\"@id\":\"https:\/\/hudo.com\/si\/#website\",\"url\":\"https:\/\/hudo.com\/si\/\",\"name\":\"Hudo Slovenija\",\"description\":\"Vse novice iz Slovenije in sveta\",\"publisher\":{\"@id\":\"https:\/\/hudo.com\/si\/#organization\"},\"potentialAction\":[{\"@type\":\"SearchAction\",\"target\":{\"@type\":\"EntryPoint\",\"urlTemplate\":\"https:\/\/hudo.com\/si\/?s={search_term_string}\"},\"query-input\":\"required name=search_term_string\"}],\"inLanguage\":\"sl-SI\"},{\"@type\":\"Organization\",\"@id\":\"https:\/\/hudo.com\/si\/#organization\",\"name\":\"VSN Media\",\"url\":\"https:\/\/hudo.com\/si\/\",\"logo\":{\"@type\":\"ImageObject\",\"inLanguage\":\"sl-SI\",\"@id\":\"https:\/\/hudo.com\/si\/#\/schema\/logo\/image\/\",\"url\":\"https:\/\/hudo.com\/si\/wp-content\/uploads\/sites\/2\/2021\/03\/hudo-app-2.png\",\"contentUrl\":\"https:\/\/hudo.com\/si\/wp-content\/uploads\/sites\/2\/2021\/03\/hudo-app-2.png\",\"width\":2185,\"height\":2167,\"caption\":\"VSN Media\"},\"image\":{\"@id\":\"https:\/\/hudo.com\/si\/#\/schema\/logo\/image\/\"},\"sameAs\":[\"https:\/\/www.facebook.com\/hudo.si\",\"https:\/\/twitter.com\/hudo_si\"]},{\"@type\":\"Person\",\"@id\":\"https:\/\/hudo.com\/si\/#\/schema\/person\/601cf3379633985b20f7e50f2bb47707\",\"name\":\"hudo\",\"image\":{\"@type\":\"ImageObject\",\"inLanguage\":\"sl-SI\",\"@id\":\"https:\/\/hudo.com\/si\/#\/schema\/person\/image\/\",\"url\":\"https:\/\/secure.gravatar.com\/avatar\/c4ca25fa72cace7a696b52ff5db9e095?s=96&d=mm&r=g\",\"contentUrl\":\"https:\/\/secure.gravatar.com\/avatar\/c4ca25fa72cace7a696b52ff5db9e095?s=96&d=mm&r=g\",\"caption\":\"hudo\"},\"url\":\"https:\/\/hudo.com\/si\/author\/hudo\/\"}]}<\/script>\n<!-- \/ Yoast SEO plugin. -->","yoast_head_json":{"title":"Desus ne izklju\u010duje svojega zakona o demografskem skladu - Hudo Slovenija","robots":{"index":"index","follow":"follow","max-snippet":"max-snippet:-1","max-image-preview":"max-image-preview:large","max-video-preview":"max-video-preview:-1"},"canonical":"https:\/\/hudo.com\/si\/aktualno\/desus-ne-izkljucuje-svojega-zakona-o-demografskem-skladu\/","og_locale":"sl_SI","og_type":"article","og_title":"Desus ne izklju\u010duje svojega zakona o demografskem skladu - Hudo Slovenija","og_description":"Kategorija: Finance Fri, 01 Dec 2017 06:00:00 +0100 Ljubljana\u00a0\u2013 V Desusu, kot ka\u017ee, \u0161e niso dvignili rok od demografskega sklada. Kot je mogo\u010de izvedeti, se za januar na to temo na\u010drtuje poseben vrh koalicije, kjer bodo stranke posku\u0161ale zbli\u017eati stali\u0161\u010da. \u010ce s tem ne bodo uspe\u0161ni,\u00a0Desus ob podpori upokojencev in sindikatov napoveduje svoj zakon. Koalicijski vrh, na katerem naj bi vladajo\u010da oblast \u0161e\u00a0zadnji\u010d posku\u0161ala premostiti\u00a0konceptualne razlike, ki jih razdvajajo glede ustanovitve demografskega sklada, se je napovedoval \u017ee za oktober, zdaj je predviden za januar. \u010ce se glede re\u0161itev ne bodo dogovorili, v Desusu napovedujejo svoj zakon. Na vpra\u0161anje, ali je ta \u017ee spisan, odgovarjajo, da ga bodo \u0161e pripravili. \u017de zdaj pa je jasno, da je zelo malo mo\u017enosti, da bi bil zakon sprejet do\u00a0parlamentarnih\u00a0volitev.\u00a0Tudi mo\u017enosti, da bi ministrstvo za finance in stranka SMC na eni ter Desus na\u00a0...","og_url":"https:\/\/hudo.com\/si\/aktualno\/desus-ne-izkljucuje-svojega-zakona-o-demografskem-skladu\/","og_site_name":"Hudo Slovenija","article_publisher":"https:\/\/www.facebook.com\/hudo.si","article_published_time":"2017-12-01T04:00:00+00:00","og_image":[{"width":480,"height":290,"url":"https:\/\/hudo.com\/si\/wp-content\/uploads\/sites\/2\/2017\/12\/480x290_djvu_2240401_cakaricn_vidic-desus.jpeg","type":"image\/jpeg"}],"author":"hudo","twitter_card":"summary_large_image","twitter_creator":"@hudo_si","twitter_site":"@hudo_si","twitter_misc":{"Written by":"hudo","Est. reading time":"1 minuta"},"schema":{"@context":"https:\/\/schema.org","@graph":[{"@type":"Article","@id":"https:\/\/hudo.com\/si\/aktualno\/desus-ne-izkljucuje-svojega-zakona-o-demografskem-skladu\/#article","isPartOf":{"@id":"https:\/\/hudo.com\/si\/aktualno\/desus-ne-izkljucuje-svojega-zakona-o-demografskem-skladu\/"},"author":{"name":"hudo","@id":"https:\/\/hudo.com\/si\/#\/schema\/person\/601cf3379633985b20f7e50f2bb47707"},"headline":"Desus ne izklju\u010duje svojega zakona o demografskem skladu","datePublished":"2017-12-01T04:00:00+00:00","dateModified":"2017-12-01T04:00:00+00:00","mainEntityOfPage":{"@id":"https:\/\/hudo.com\/si\/aktualno\/desus-ne-izkljucuje-svojega-zakona-o-demografskem-skladu\/"},"wordCount":163,"publisher":{"@id":"https:\/\/hudo.com\/si\/#organization"},"articleSection":["Aktualno"],"inLanguage":"sl-SI"},{"@type":"WebPage","@id":"https:\/\/hudo.com\/si\/aktualno\/desus-ne-izkljucuje-svojega-zakona-o-demografskem-skladu\/","url":"https:\/\/hudo.com\/si\/aktualno\/desus-ne-izkljucuje-svojega-zakona-o-demografskem-skladu\/","name":"Desus ne izklju\u010duje svojega zakona o demografskem skladu - Hudo Slovenija","isPartOf":{"@id":"https:\/\/hudo.com\/si\/#website"},"datePublished":"2017-12-01T04:00:00+00:00","dateModified":"2017-12-01T04:00:00+00:00","breadcrumb":{"@id":"https:\/\/hudo.com\/si\/aktualno\/desus-ne-izkljucuje-svojega-zakona-o-demografskem-skladu\/#breadcrumb"},"inLanguage":"sl-SI","potentialAction":[{"@type":"ReadAction","target":["https:\/\/hudo.com\/si\/aktualno\/desus-ne-izkljucuje-svojega-zakona-o-demografskem-skladu\/"]}]},{"@type":"BreadcrumbList","@id":"https:\/\/hudo.com\/si\/aktualno\/desus-ne-izkljucuje-svojega-zakona-o-demografskem-skladu\/#breadcrumb","itemListElement":[{"@type":"ListItem","position":1,"name":"Home","item":"https:\/\/hudo.com\/si\/"},{"@type":"ListItem","position":2,"name":"Desus ne izklju\u010duje svojega zakona o demografskem skladu"}]},{"@type":"WebSite","@id":"https:\/\/hudo.com\/si\/#website","url":"https:\/\/hudo.com\/si\/","name":"Hudo Slovenija","description":"Vse novice iz Slovenije in sveta","publisher":{"@id":"https:\/\/hudo.com\/si\/#organization"},"potentialAction":[{"@type":"SearchAction","target":{"@type":"EntryPoint","urlTemplate":"https:\/\/hudo.com\/si\/?s={search_term_string}"},"query-input":"required name=search_term_string"}],"inLanguage":"sl-SI"},{"@type":"Organization","@id":"https:\/\/hudo.com\/si\/#organization","name":"VSN Media","url":"https:\/\/hudo.com\/si\/","logo":{"@type":"ImageObject","inLanguage":"sl-SI","@id":"https:\/\/hudo.com\/si\/#\/schema\/logo\/image\/","url":"https:\/\/hudo.com\/si\/wp-content\/uploads\/sites\/2\/2021\/03\/hudo-app-2.png","contentUrl":"https:\/\/hudo.com\/si\/wp-content\/uploads\/sites\/2\/2021\/03\/hudo-app-2.png","width":2185,"height":2167,"caption":"VSN Media"},"image":{"@id":"https:\/\/hudo.com\/si\/#\/schema\/logo\/image\/"},"sameAs":["https:\/\/www.facebook.com\/hudo.si","https:\/\/twitter.com\/hudo_si"]},{"@type":"Person","@id":"https:\/\/hudo.com\/si\/#\/schema\/person\/601cf3379633985b20f7e50f2bb47707","name":"hudo","image":{"@type":"ImageObject","inLanguage":"sl-SI","@id":"https:\/\/hudo.com\/si\/#\/schema\/person\/image\/","url":"https:\/\/secure.gravatar.com\/avatar\/c4ca25fa72cace7a696b52ff5db9e095?s=96&d=mm&r=g","contentUrl":"https:\/\/secure.gravatar.com\/avatar\/c4ca25fa72cace7a696b52ff5db9e095?s=96&d=mm&r=g","caption":"hudo"},"url":"https:\/\/hudo.com\/si\/author\/hudo\/"}]}},"amp_enabled":true,"_links":{"self":[{"href":"https:\/\/hudo.com\/si\/wp-json\/wp\/v2\/posts\/328266"}],"collection":[{"href":"https:\/\/hudo.com\/si\/wp-json\/wp\/v2\/posts"}],"about":[{"href":"https:\/\/hudo.com\/si\/wp-json\/wp\/v2\/types\/post"}],"author":[{"embeddable":true,"href":"https:\/\/hudo.com\/si\/wp-json\/wp\/v2\/users\/1"}],"replies":[{"embeddable":true,"href":"https:\/\/hudo.com\/si\/wp-json\/wp\/v2\/comments?post=328266"}],"version-history":[{"count":0,"href":"https:\/\/hudo.com\/si\/wp-json\/wp\/v2\/posts\/328266\/revisions"}],"wp:attachment":[{"href":"https:\/\/hudo.com\/si\/wp-json\/wp\/v2\/media?parent=328266"}],"wp:term":[{"taxonomy":"category","embeddable":true,"href":"https:\/\/hudo.com\/si\/wp-json\/wp\/v2\/categories?post=328266"},{"taxonomy":"post_tag","embeddable":true,"href":"https:\/\/hudo.com\/si\/wp-json\/wp\/v2\/tags?post=328266"},{"taxonomy":"source","embeddable":true,"href":"https:\/\/hudo.com\/si\/wp-json\/wp\/v2\/source?post=328266"},{"taxonomy":"supertag","embeddable":true,"href":"https:\/\/hudo.com\/si\/wp-json\/wp\/v2\/supertag?post=328266"}],"curies":[{"name":"wp","href":"https:\/\/api.w.org\/{rel}","templated":true}]}}