{"id":328281,"date":"2017-12-01T03:05:00","date_gmt":"2017-12-01T02:05:00","guid":{"rendered":"http:\/\/hudo.com\/si\/2017\/12\/01\/kako-je-sef-luke-koper-nagradil-svoje-zagovornike-iz-vrst-delavcev\/"},"modified":"2017-12-01T03:05:00","modified_gmt":"2017-12-01T02:05:00","slug":"kako-je-sef-luke-koper-nagradil-svoje-zagovornike-iz-vrst-delavcev","status":"publish","type":"post","link":"https:\/\/hudo.com\/si\/aktualno\/kako-je-sef-luke-koper-nagradil-svoje-zagovornike-iz-vrst-delavcev\/","title":{"rendered":"Kako je \u0161ef Luke Koper nagradil svoje zagovornike iz vrst delavcev"},"content":{"rendered":"<p>Medtem ko se pribli\u017euje izredna skup\u0161\u010dina Luke Koper, na kateri bo dr\u017eava zape\u010datila usodo prvega mo\u017ea dru\u017ebe, si ta na razli\u010dne na\u010dine kupuje naklonjenost izbrancev iz vrst delavcev, med drugim tudi z zvi\u0161anjem pla\u010d.<\/p>\n","protected":false},"excerpt":{"rendered":"<p>Medtem ko se pribli\u017euje izredna skup\u0161\u010dina Luke Koper, na kateri bo dr\u017eava zape\u010datila usodo prvega mo\u017ea dru\u017ebe, si ta na razli\u010dne na\u010dine kupuje naklonjenost izbrancev iz vrst delavcev, med drugim tudi z zvi\u0161anjem pla\u010d.<\/p>\n","protected":false},"author":1,"featured_media":0,"comment_status":"closed","ping_status":"closed","sticky":false,"template":"","format":"standard","meta":{"footnotes":""},"categories":[1179],"tags":[],"source":[1717],"supertag":[],"acf":[],"yoast_head":"<!-- This site is optimized with the Yoast SEO plugin v21.3 - https:\/\/yoast.com\/wordpress\/plugins\/seo\/ -->\n<title>Kako je \u0161ef Luke Koper nagradil svoje zagovornike iz vrst delavcev - Hudo Slovenija<\/title>\n<meta name=\"robots\" content=\"index, follow, max-snippet:-1, max-image-preview:large, max-video-preview:-1\" \/>\n<link rel=\"canonical\" href=\"https:\/\/hudo.com\/si\/aktualno\/kako-je-sef-luke-koper-nagradil-svoje-zagovornike-iz-vrst-delavcev\/\" \/>\n<meta property=\"og:locale\" content=\"sl_SI\" \/>\n<meta property=\"og:type\" content=\"article\" \/>\n<meta property=\"og:title\" content=\"Kako je \u0161ef Luke Koper nagradil svoje zagovornike iz vrst delavcev - Hudo Slovenija\" \/>\n<meta property=\"og:description\" content=\"Medtem ko se pribli\u017euje izredna skup\u0161\u010dina Luke Koper, na kateri bo dr\u017eava zape\u010datila usodo prvega mo\u017ea dru\u017ebe, si ta na razli\u010dne na\u010dine kupuje naklonjenost izbrancev iz vrst delavcev, med drugim tudi z zvi\u0161anjem pla\u010d.\" \/>\n<meta property=\"og:url\" content=\"https:\/\/hudo.com\/si\/aktualno\/kako-je-sef-luke-koper-nagradil-svoje-zagovornike-iz-vrst-delavcev\/\" \/>\n<meta property=\"og:site_name\" content=\"Hudo Slovenija\" \/>\n<meta property=\"article:publisher\" content=\"https:\/\/www.facebook.com\/hudo.si\" \/>\n<meta property=\"article:published_time\" content=\"2017-12-01T02:05:00+00:00\" \/>\n<meta property=\"og:image\" content=\"https:\/\/hudo.com\/si\/wp-content\/uploads\/sites\/2\/2017\/12\/4a8dbb7d4e3a821a2cda-luka-koper-protesti.png\" \/>\n\t<meta property=\"og:image:width\" content=\"1200\" \/>\n\t<meta property=\"og:image:height\" content=\"628\" \/>\n\t<meta property=\"og:image:type\" content=\"image\/png\" \/>\n<meta name=\"author\" content=\"hudo\" \/>\n<meta name=\"twitter:card\" content=\"summary_large_image\" \/>\n<meta name=\"twitter:creator\" content=\"@hudo_si\" \/>\n<meta name=\"twitter:site\" content=\"@hudo_si\" \/>\n<meta name=\"twitter:label1\" content=\"Written by\" \/>\n\t<meta name=\"twitter:data1\" content=\"hudo\" \/>\n<script type=\"application\/ld+json\" class=\"yoast-schema-graph\">{\"@context\":\"https:\/\/schema.org\",\"@graph\":[{\"@type\":\"Article\",\"@id\":\"https:\/\/hudo.com\/si\/aktualno\/kako-je-sef-luke-koper-nagradil-svoje-zagovornike-iz-vrst-delavcev\/#article\",\"isPartOf\":{\"@id\":\"https:\/\/hudo.com\/si\/aktualno\/kako-je-sef-luke-koper-nagradil-svoje-zagovornike-iz-vrst-delavcev\/\"},\"author\":{\"name\":\"hudo\",\"@id\":\"https:\/\/hudo.com\/si\/#\/schema\/person\/601cf3379633985b20f7e50f2bb47707\"},\"headline\":\"Kako je \u0161ef Luke Koper nagradil svoje zagovornike iz vrst delavcev\",\"datePublished\":\"2017-12-01T02:05:00+00:00\",\"dateModified\":\"2017-12-01T02:05:00+00:00\",\"mainEntityOfPage\":{\"@id\":\"https:\/\/hudo.com\/si\/aktualno\/kako-je-sef-luke-koper-nagradil-svoje-zagovornike-iz-vrst-delavcev\/\"},\"wordCount\":54,\"publisher\":{\"@id\":\"https:\/\/hudo.com\/si\/#organization\"},\"articleSection\":[\"Aktualno\"],\"inLanguage\":\"sl-SI\"},{\"@type\":\"WebPage\",\"@id\":\"https:\/\/hudo.com\/si\/aktualno\/kako-je-sef-luke-koper-nagradil-svoje-zagovornike-iz-vrst-delavcev\/\",\"url\":\"https:\/\/hudo.com\/si\/aktualno\/kako-je-sef-luke-koper-nagradil-svoje-zagovornike-iz-vrst-delavcev\/\",\"name\":\"Kako je \u0161ef Luke Koper nagradil svoje zagovornike iz vrst delavcev - Hudo Slovenija\",\"isPartOf\":{\"@id\":\"https:\/\/hudo.com\/si\/#website\"},\"datePublished\":\"2017-12-01T02:05:00+00:00\",\"dateModified\":\"2017-12-01T02:05:00+00:00\",\"breadcrumb\":{\"@id\":\"https:\/\/hudo.com\/si\/aktualno\/kako-je-sef-luke-koper-nagradil-svoje-zagovornike-iz-vrst-delavcev\/#breadcrumb\"},\"inLanguage\":\"sl-SI\",\"potentialAction\":[{\"@type\":\"ReadAction\",\"target\":[\"https:\/\/hudo.com\/si\/aktualno\/kako-je-sef-luke-koper-nagradil-svoje-zagovornike-iz-vrst-delavcev\/\"]}]},{\"@type\":\"BreadcrumbList\",\"@id\":\"https:\/\/hudo.com\/si\/aktualno\/kako-je-sef-luke-koper-nagradil-svoje-zagovornike-iz-vrst-delavcev\/#breadcrumb\",\"itemListElement\":[{\"@type\":\"ListItem\",\"position\":1,\"name\":\"Home\",\"item\":\"https:\/\/hudo.com\/si\/\"},{\"@type\":\"ListItem\",\"position\":2,\"name\":\"Kako je \u0161ef Luke Koper nagradil svoje zagovornike iz vrst delavcev\"}]},{\"@type\":\"WebSite\",\"@id\":\"https:\/\/hudo.com\/si\/#website\",\"url\":\"https:\/\/hudo.com\/si\/\",\"name\":\"Hudo Slovenija\",\"description\":\"Vse novice iz Slovenije in sveta\",\"publisher\":{\"@id\":\"https:\/\/hudo.com\/si\/#organization\"},\"potentialAction\":[{\"@type\":\"SearchAction\",\"target\":{\"@type\":\"EntryPoint\",\"urlTemplate\":\"https:\/\/hudo.com\/si\/?s={search_term_string}\"},\"query-input\":\"required name=search_term_string\"}],\"inLanguage\":\"sl-SI\"},{\"@type\":\"Organization\",\"@id\":\"https:\/\/hudo.com\/si\/#organization\",\"name\":\"VSN Media\",\"url\":\"https:\/\/hudo.com\/si\/\",\"logo\":{\"@type\":\"ImageObject\",\"inLanguage\":\"sl-SI\",\"@id\":\"https:\/\/hudo.com\/si\/#\/schema\/logo\/image\/\",\"url\":\"https:\/\/hudo.com\/si\/wp-content\/uploads\/sites\/2\/2021\/03\/hudo-app-2.png\",\"contentUrl\":\"https:\/\/hudo.com\/si\/wp-content\/uploads\/sites\/2\/2021\/03\/hudo-app-2.png\",\"width\":2185,\"height\":2167,\"caption\":\"VSN Media\"},\"image\":{\"@id\":\"https:\/\/hudo.com\/si\/#\/schema\/logo\/image\/\"},\"sameAs\":[\"https:\/\/www.facebook.com\/hudo.si\",\"https:\/\/twitter.com\/hudo_si\"]},{\"@type\":\"Person\",\"@id\":\"https:\/\/hudo.com\/si\/#\/schema\/person\/601cf3379633985b20f7e50f2bb47707\",\"name\":\"hudo\",\"image\":{\"@type\":\"ImageObject\",\"inLanguage\":\"sl-SI\",\"@id\":\"https:\/\/hudo.com\/si\/#\/schema\/person\/image\/\",\"url\":\"https:\/\/secure.gravatar.com\/avatar\/c4ca25fa72cace7a696b52ff5db9e095?s=96&d=mm&r=g\",\"contentUrl\":\"https:\/\/secure.gravatar.com\/avatar\/c4ca25fa72cace7a696b52ff5db9e095?s=96&d=mm&r=g\",\"caption\":\"hudo\"},\"url\":\"https:\/\/hudo.com\/si\/author\/hudo\/\"}]}<\/script>\n<!-- \/ Yoast SEO plugin. -->","yoast_head_json":{"title":"Kako je \u0161ef Luke Koper nagradil svoje zagovornike iz vrst delavcev - Hudo Slovenija","robots":{"index":"index","follow":"follow","max-snippet":"max-snippet:-1","max-image-preview":"max-image-preview:large","max-video-preview":"max-video-preview:-1"},"canonical":"https:\/\/hudo.com\/si\/aktualno\/kako-je-sef-luke-koper-nagradil-svoje-zagovornike-iz-vrst-delavcev\/","og_locale":"sl_SI","og_type":"article","og_title":"Kako je \u0161ef Luke Koper nagradil svoje zagovornike iz vrst delavcev - Hudo Slovenija","og_description":"Medtem ko se pribli\u017euje izredna skup\u0161\u010dina Luke Koper, na kateri bo dr\u017eava zape\u010datila usodo prvega mo\u017ea dru\u017ebe, si ta na razli\u010dne na\u010dine kupuje naklonjenost izbrancev iz vrst delavcev, med drugim tudi z zvi\u0161anjem pla\u010d.","og_url":"https:\/\/hudo.com\/si\/aktualno\/kako-je-sef-luke-koper-nagradil-svoje-zagovornike-iz-vrst-delavcev\/","og_site_name":"Hudo Slovenija","article_publisher":"https:\/\/www.facebook.com\/hudo.si","article_published_time":"2017-12-01T02:05:00+00:00","og_image":[{"width":1200,"height":628,"url":"https:\/\/hudo.com\/si\/wp-content\/uploads\/sites\/2\/2017\/12\/4a8dbb7d4e3a821a2cda-luka-koper-protesti.png","type":"image\/png"}],"author":"hudo","twitter_card":"summary_large_image","twitter_creator":"@hudo_si","twitter_site":"@hudo_si","twitter_misc":{"Written by":"hudo"},"schema":{"@context":"https:\/\/schema.org","@graph":[{"@type":"Article","@id":"https:\/\/hudo.com\/si\/aktualno\/kako-je-sef-luke-koper-nagradil-svoje-zagovornike-iz-vrst-delavcev\/#article","isPartOf":{"@id":"https:\/\/hudo.com\/si\/aktualno\/kako-je-sef-luke-koper-nagradil-svoje-zagovornike-iz-vrst-delavcev\/"},"author":{"name":"hudo","@id":"https:\/\/hudo.com\/si\/#\/schema\/person\/601cf3379633985b20f7e50f2bb47707"},"headline":"Kako je \u0161ef Luke Koper nagradil svoje zagovornike iz vrst delavcev","datePublished":"2017-12-01T02:05:00+00:00","dateModified":"2017-12-01T02:05:00+00:00","mainEntityOfPage":{"@id":"https:\/\/hudo.com\/si\/aktualno\/kako-je-sef-luke-koper-nagradil-svoje-zagovornike-iz-vrst-delavcev\/"},"wordCount":54,"publisher":{"@id":"https:\/\/hudo.com\/si\/#organization"},"articleSection":["Aktualno"],"inLanguage":"sl-SI"},{"@type":"WebPage","@id":"https:\/\/hudo.com\/si\/aktualno\/kako-je-sef-luke-koper-nagradil-svoje-zagovornike-iz-vrst-delavcev\/","url":"https:\/\/hudo.com\/si\/aktualno\/kako-je-sef-luke-koper-nagradil-svoje-zagovornike-iz-vrst-delavcev\/","name":"Kako je \u0161ef Luke Koper nagradil svoje zagovornike iz vrst delavcev - Hudo Slovenija","isPartOf":{"@id":"https:\/\/hudo.com\/si\/#website"},"datePublished":"2017-12-01T02:05:00+00:00","dateModified":"2017-12-01T02:05:00+00:00","breadcrumb":{"@id":"https:\/\/hudo.com\/si\/aktualno\/kako-je-sef-luke-koper-nagradil-svoje-zagovornike-iz-vrst-delavcev\/#breadcrumb"},"inLanguage":"sl-SI","potentialAction":[{"@type":"ReadAction","target":["https:\/\/hudo.com\/si\/aktualno\/kako-je-sef-luke-koper-nagradil-svoje-zagovornike-iz-vrst-delavcev\/"]}]},{"@type":"BreadcrumbList","@id":"https:\/\/hudo.com\/si\/aktualno\/kako-je-sef-luke-koper-nagradil-svoje-zagovornike-iz-vrst-delavcev\/#breadcrumb","itemListElement":[{"@type":"ListItem","position":1,"name":"Home","item":"https:\/\/hudo.com\/si\/"},{"@type":"ListItem","position":2,"name":"Kako je \u0161ef Luke Koper nagradil svoje zagovornike iz vrst delavcev"}]},{"@type":"WebSite","@id":"https:\/\/hudo.com\/si\/#website","url":"https:\/\/hudo.com\/si\/","name":"Hudo Slovenija","description":"Vse novice iz Slovenije in sveta","publisher":{"@id":"https:\/\/hudo.com\/si\/#organization"},"potentialAction":[{"@type":"SearchAction","target":{"@type":"EntryPoint","urlTemplate":"https:\/\/hudo.com\/si\/?s={search_term_string}"},"query-input":"required name=search_term_string"}],"inLanguage":"sl-SI"},{"@type":"Organization","@id":"https:\/\/hudo.com\/si\/#organization","name":"VSN Media","url":"https:\/\/hudo.com\/si\/","logo":{"@type":"ImageObject","inLanguage":"sl-SI","@id":"https:\/\/hudo.com\/si\/#\/schema\/logo\/image\/","url":"https:\/\/hudo.com\/si\/wp-content\/uploads\/sites\/2\/2021\/03\/hudo-app-2.png","contentUrl":"https:\/\/hudo.com\/si\/wp-content\/uploads\/sites\/2\/2021\/03\/hudo-app-2.png","width":2185,"height":2167,"caption":"VSN Media"},"image":{"@id":"https:\/\/hudo.com\/si\/#\/schema\/logo\/image\/"},"sameAs":["https:\/\/www.facebook.com\/hudo.si","https:\/\/twitter.com\/hudo_si"]},{"@type":"Person","@id":"https:\/\/hudo.com\/si\/#\/schema\/person\/601cf3379633985b20f7e50f2bb47707","name":"hudo","image":{"@type":"ImageObject","inLanguage":"sl-SI","@id":"https:\/\/hudo.com\/si\/#\/schema\/person\/image\/","url":"https:\/\/secure.gravatar.com\/avatar\/c4ca25fa72cace7a696b52ff5db9e095?s=96&d=mm&r=g","contentUrl":"https:\/\/secure.gravatar.com\/avatar\/c4ca25fa72cace7a696b52ff5db9e095?s=96&d=mm&r=g","caption":"hudo"},"url":"https:\/\/hudo.com\/si\/author\/hudo\/"}]}},"amp_enabled":true,"_links":{"self":[{"href":"https:\/\/hudo.com\/si\/wp-json\/wp\/v2\/posts\/328281"}],"collection":[{"href":"https:\/\/hudo.com\/si\/wp-json\/wp\/v2\/posts"}],"about":[{"href":"https:\/\/hudo.com\/si\/wp-json\/wp\/v2\/types\/post"}],"author":[{"embeddable":true,"href":"https:\/\/hudo.com\/si\/wp-json\/wp\/v2\/users\/1"}],"replies":[{"embeddable":true,"href":"https:\/\/hudo.com\/si\/wp-json\/wp\/v2\/comments?post=328281"}],"version-history":[{"count":0,"href":"https:\/\/hudo.com\/si\/wp-json\/wp\/v2\/posts\/328281\/revisions"}],"wp:attachment":[{"href":"https:\/\/hudo.com\/si\/wp-json\/wp\/v2\/media?parent=328281"}],"wp:term":[{"taxonomy":"category","embeddable":true,"href":"https:\/\/hudo.com\/si\/wp-json\/wp\/v2\/categories?post=328281"},{"taxonomy":"post_tag","embeddable":true,"href":"https:\/\/hudo.com\/si\/wp-json\/wp\/v2\/tags?post=328281"},{"taxonomy":"source","embeddable":true,"href":"https:\/\/hudo.com\/si\/wp-json\/wp\/v2\/source?post=328281"},{"taxonomy":"supertag","embeddable":true,"href":"https:\/\/hudo.com\/si\/wp-json\/wp\/v2\/supertag?post=328281"}],"curies":[{"name":"wp","href":"https:\/\/api.w.org\/{rel}","templated":true}]}}