{"id":328313,"date":"2017-12-01T08:21:13","date_gmt":"2017-12-01T07:21:13","guid":{"rendered":"http:\/\/hudo.com\/si\/?p=328313"},"modified":"2017-12-01T08:21:13","modified_gmt":"2017-12-01T07:21:13","slug":"zacetek-meteoroloske-zime-bo-spremljal-sneg","status":"publish","type":"post","link":"https:\/\/hudo.com\/si\/aktualno\/zacetek-meteoroloske-zime-bo-spremljal-sneg\/","title":{"rendered":"Za\u010detek meteorolo\u0161ke zime bo spremljal sneg"},"content":{"rendered":"<div class=\"text\">\n<p>Na prvi dan meteorolo\u0161ke zime bo po podatkih Arsa prete\u017eno obla\u010dno, ponekod bo ob\u010dasno naletaval sneg. Na Primorskem bo sprva delno jasno, \u010dez dan se bo poobla\u010dilo. Najvi\u0161je dnevne temperature bodo od -2 do 3, na Primorskem do 9 stopinj Celzija.<\/p>\n<p>V soboto \u010dez dan se bo na zahodu delno zjasnilo. V nedeljo bo na zahodu delno jasno, drugod pa zmerno do prete\u017eno obla\u010dno. Jutro bo mrzlo in ponekod po ni\u017einah megleno. V ponedeljek bo delno jasno, jutro bo zelo mrzlo, \u0161e napovedujejo na Arsu.<\/p>\n<p>Zgodnji za\u010detek leto\u0161nje zime je \u017ee povzro\u010dil nekaj nev\u0161e\u010dnosti. Prvi sneg, ki je do ni\u017ein zapadel 13. novembra zjutraj, je krojil \u017eivljenje v dobr\u0161nem delu Slovenije. Vreme je takrat najve\u010d te\u017eav v prometu in v preskrbi z elektriko povzro\u010dilo na Notranjskem, Severnoprimorskem in v osrednji Sloveniji. Ker pa so bila tla topla, se sneg ni obdr\u017eal.<\/p>\n<p>V no\u010di na nedeljo je sneg ni\u017eine po dr\u017eavi zopet pobelil. Takrat ve\u010djih nev\u0161e\u010dnosti ni povzro\u010dal. Sneg je nato ob\u010dasno \u0161e naletaval do \u010detrtka. \u017de v sredo so bile razmere na cestah po dr\u017eavi zaradi sne\u017eenja slab\u0161e. Vreme je botrovalo nekaj prometnim nesre\u010dam na Gorenjskem.<\/p>\n<p>\u010cetrtkovo sne\u017eenje pa je v prometu povzro\u010dalo precej\u0161nje te\u017eave. Na primorski avtocesti je bil zaradi poledice promet oviran, zgodili sta se tudi dve prometni nesre\u010di. Sicer pa je bila skupna vi\u0161ina sne\u017ene odeje po podatkih Arsa v \u010detrtek zjutraj na Kredarici 140 centimetrov, na Voglu 100 centimetrov, na Vojskem 38, v Rate\u010dah pa 25 centimetrov.<\/p>\n<p>Zgodnej\u0161i sneg v primerjavi z lanskim letom pa je med drugim razveselil tudi slovenske \u017ei\u010dni\u010darje, saj so nekateri lahko \u017ee novembra zagnali svoja smu\u010di\u0161\u010da.<\/p>\n<\/div>\n","protected":false},"excerpt":{"rendered":"<p>Dana\u0161nji za\u010detek meteorolo\u0161ke zime bo ponekod po dr\u017eavi spremljalo ob\u010dasno naletavanje snega, ka\u017eejo podatki Agencije RS za okolje (Arso). In \u010deprav se meteorolo\u0161ka zima pri\u010dne z mesecem decembrom, je sneg dr\u017eavo pobelil \u017ee dvakrat. Prvi\u010d je zapadel do ni\u017ein 13. novembra, drugi\u010d je veselje in te\u017eave na cestah povzro\u010dal ta teden.<\/p>\n","protected":false},"author":5,"featured_media":328314,"comment_status":"closed","ping_status":"closed","sticky":false,"template":"","format":"standard","meta":{"footnotes":""},"categories":[1179],"tags":[9953,1595,1919,2149],"source":[4511],"supertag":[],"acf":[],"yoast_head":"<!-- This site is optimized with the Yoast SEO plugin v21.3 - https:\/\/yoast.com\/wordpress\/plugins\/seo\/ -->\n<title>Za\u010detek meteorolo\u0161ke zime bo spremljal sneg - Hudo Slovenija<\/title>\n<meta name=\"robots\" content=\"index, follow, max-snippet:-1, max-image-preview:large, max-video-preview:-1\" \/>\n<link rel=\"canonical\" href=\"https:\/\/hudo.com\/si\/aktualno\/zacetek-meteoroloske-zime-bo-spremljal-sneg\/\" \/>\n<meta property=\"og:locale\" content=\"sl_SI\" \/>\n<meta property=\"og:type\" content=\"article\" \/>\n<meta property=\"og:title\" content=\"Za\u010detek meteorolo\u0161ke zime bo spremljal sneg - Hudo Slovenija\" \/>\n<meta property=\"og:description\" content=\"Dana\u0161nji za\u010detek meteorolo\u0161ke zime bo ponekod po dr\u017eavi spremljalo ob\u010dasno naletavanje snega, ka\u017eejo podatki Agencije RS za okolje (Arso). In \u010deprav se meteorolo\u0161ka zima pri\u010dne z mesecem decembrom, je sneg dr\u017eavo pobelil \u017ee dvakrat. Prvi\u010d je zapadel do ni\u017ein 13. novembra, drugi\u010d je veselje in te\u017eave na cestah povzro\u010dal ta teden.\" \/>\n<meta property=\"og:url\" content=\"https:\/\/hudo.com\/si\/aktualno\/zacetek-meteoroloske-zime-bo-spremljal-sneg\/\" \/>\n<meta property=\"og:site_name\" content=\"Hudo Slovenija\" \/>\n<meta property=\"article:publisher\" content=\"https:\/\/www.facebook.com\/hudo.si\" \/>\n<meta property=\"article:published_time\" content=\"2017-12-01T07:21:13+00:00\" \/>\n<meta property=\"og:image\" content=\"https:\/\/hudo.com\/si\/wp-content\/uploads\/sites\/2\/2017\/12\/profimedia-0295026355.jpg\" \/>\n\t<meta property=\"og:image:width\" content=\"1250\" \/>\n\t<meta property=\"og:image:height\" content=\"808\" \/>\n\t<meta property=\"og:image:type\" content=\"image\/jpeg\" \/>\n<meta name=\"author\" content=\"A. G., STA\" \/>\n<meta name=\"twitter:card\" content=\"summary_large_image\" \/>\n<meta name=\"twitter:creator\" content=\"@hudo_si\" \/>\n<meta name=\"twitter:site\" content=\"@hudo_si\" \/>\n<meta name=\"twitter:label1\" content=\"Written by\" \/>\n\t<meta name=\"twitter:data1\" content=\"A. G., STA\" \/>\n\t<meta name=\"twitter:label2\" content=\"Est. reading time\" \/>\n\t<meta name=\"twitter:data2\" content=\"2 minuti\" \/>\n<script type=\"application\/ld+json\" class=\"yoast-schema-graph\">{\"@context\":\"https:\/\/schema.org\",\"@graph\":[{\"@type\":\"Article\",\"@id\":\"https:\/\/hudo.com\/si\/aktualno\/zacetek-meteoroloske-zime-bo-spremljal-sneg\/#article\",\"isPartOf\":{\"@id\":\"https:\/\/hudo.com\/si\/aktualno\/zacetek-meteoroloske-zime-bo-spremljal-sneg\/\"},\"author\":{\"name\":\"A. G., STA\",\"@id\":\"https:\/\/hudo.com\/si\/#\/schema\/person\/2391667a63ea075ba94f2f2dc6b77537\"},\"headline\":\"Za\u010detek meteorolo\u0161ke zime bo spremljal sneg\",\"datePublished\":\"2017-12-01T07:21:13+00:00\",\"dateModified\":\"2017-12-01T07:21:13+00:00\",\"mainEntityOfPage\":{\"@id\":\"https:\/\/hudo.com\/si\/aktualno\/zacetek-meteoroloske-zime-bo-spremljal-sneg\/\"},\"wordCount\":310,\"publisher\":{\"@id\":\"https:\/\/hudo.com\/si\/#organization\"},\"keywords\":[\"meteorolo\u0161ka zima\",\"Slovenija\",\"sneg\",\"vreme\"],\"articleSection\":[\"Aktualno\"],\"inLanguage\":\"sl-SI\"},{\"@type\":\"WebPage\",\"@id\":\"https:\/\/hudo.com\/si\/aktualno\/zacetek-meteoroloske-zime-bo-spremljal-sneg\/\",\"url\":\"https:\/\/hudo.com\/si\/aktualno\/zacetek-meteoroloske-zime-bo-spremljal-sneg\/\",\"name\":\"Za\u010detek meteorolo\u0161ke zime bo spremljal sneg - Hudo Slovenija\",\"isPartOf\":{\"@id\":\"https:\/\/hudo.com\/si\/#website\"},\"datePublished\":\"2017-12-01T07:21:13+00:00\",\"dateModified\":\"2017-12-01T07:21:13+00:00\",\"breadcrumb\":{\"@id\":\"https:\/\/hudo.com\/si\/aktualno\/zacetek-meteoroloske-zime-bo-spremljal-sneg\/#breadcrumb\"},\"inLanguage\":\"sl-SI\",\"potentialAction\":[{\"@type\":\"ReadAction\",\"target\":[\"https:\/\/hudo.com\/si\/aktualno\/zacetek-meteoroloske-zime-bo-spremljal-sneg\/\"]}]},{\"@type\":\"BreadcrumbList\",\"@id\":\"https:\/\/hudo.com\/si\/aktualno\/zacetek-meteoroloske-zime-bo-spremljal-sneg\/#breadcrumb\",\"itemListElement\":[{\"@type\":\"ListItem\",\"position\":1,\"name\":\"Home\",\"item\":\"https:\/\/hudo.com\/si\/\"},{\"@type\":\"ListItem\",\"position\":2,\"name\":\"Za\u010detek meteorolo\u0161ke zime bo spremljal sneg\"}]},{\"@type\":\"WebSite\",\"@id\":\"https:\/\/hudo.com\/si\/#website\",\"url\":\"https:\/\/hudo.com\/si\/\",\"name\":\"Hudo Slovenija\",\"description\":\"Vse novice iz Slovenije in sveta\",\"publisher\":{\"@id\":\"https:\/\/hudo.com\/si\/#organization\"},\"potentialAction\":[{\"@type\":\"SearchAction\",\"target\":{\"@type\":\"EntryPoint\",\"urlTemplate\":\"https:\/\/hudo.com\/si\/?s={search_term_string}\"},\"query-input\":\"required name=search_term_string\"}],\"inLanguage\":\"sl-SI\"},{\"@type\":\"Organization\",\"@id\":\"https:\/\/hudo.com\/si\/#organization\",\"name\":\"VSN Media\",\"url\":\"https:\/\/hudo.com\/si\/\",\"logo\":{\"@type\":\"ImageObject\",\"inLanguage\":\"sl-SI\",\"@id\":\"https:\/\/hudo.com\/si\/#\/schema\/logo\/image\/\",\"url\":\"https:\/\/hudo.com\/si\/wp-content\/uploads\/sites\/2\/2021\/03\/hudo-app-2.png\",\"contentUrl\":\"https:\/\/hudo.com\/si\/wp-content\/uploads\/sites\/2\/2021\/03\/hudo-app-2.png\",\"width\":2185,\"height\":2167,\"caption\":\"VSN Media\"},\"image\":{\"@id\":\"https:\/\/hudo.com\/si\/#\/schema\/logo\/image\/\"},\"sameAs\":[\"https:\/\/www.facebook.com\/hudo.si\",\"https:\/\/twitter.com\/hudo_si\"]},{\"@type\":\"Person\",\"@id\":\"https:\/\/hudo.com\/si\/#\/schema\/person\/2391667a63ea075ba94f2f2dc6b77537\",\"name\":\"A. G., STA\",\"image\":{\"@type\":\"ImageObject\",\"inLanguage\":\"sl-SI\",\"@id\":\"https:\/\/hudo.com\/si\/#\/schema\/person\/image\/\",\"url\":\"https:\/\/secure.gravatar.com\/avatar\/e13d22ac3e442658d5025fbbe6238a79?s=96&d=mm&r=g\",\"contentUrl\":\"https:\/\/secure.gravatar.com\/avatar\/e13d22ac3e442658d5025fbbe6238a79?s=96&d=mm&r=g\",\"caption\":\"A. G., STA\"},\"url\":\"https:\/\/hudo.com\/si\/author\/alenka\/\"}]}<\/script>\n<!-- \/ Yoast SEO plugin. -->","yoast_head_json":{"title":"Za\u010detek meteorolo\u0161ke zime bo spremljal sneg - Hudo Slovenija","robots":{"index":"index","follow":"follow","max-snippet":"max-snippet:-1","max-image-preview":"max-image-preview:large","max-video-preview":"max-video-preview:-1"},"canonical":"https:\/\/hudo.com\/si\/aktualno\/zacetek-meteoroloske-zime-bo-spremljal-sneg\/","og_locale":"sl_SI","og_type":"article","og_title":"Za\u010detek meteorolo\u0161ke zime bo spremljal sneg - Hudo Slovenija","og_description":"Dana\u0161nji za\u010detek meteorolo\u0161ke zime bo ponekod po dr\u017eavi spremljalo ob\u010dasno naletavanje snega, ka\u017eejo podatki Agencije RS za okolje (Arso). In \u010deprav se meteorolo\u0161ka zima pri\u010dne z mesecem decembrom, je sneg dr\u017eavo pobelil \u017ee dvakrat. Prvi\u010d je zapadel do ni\u017ein 13. novembra, drugi\u010d je veselje in te\u017eave na cestah povzro\u010dal ta teden.","og_url":"https:\/\/hudo.com\/si\/aktualno\/zacetek-meteoroloske-zime-bo-spremljal-sneg\/","og_site_name":"Hudo Slovenija","article_publisher":"https:\/\/www.facebook.com\/hudo.si","article_published_time":"2017-12-01T07:21:13+00:00","og_image":[{"width":1250,"height":808,"url":"https:\/\/hudo.com\/si\/wp-content\/uploads\/sites\/2\/2017\/12\/profimedia-0295026355.jpg","type":"image\/jpeg"}],"author":"A. G., STA","twitter_card":"summary_large_image","twitter_creator":"@hudo_si","twitter_site":"@hudo_si","twitter_misc":{"Written by":"A. G., STA","Est. reading time":"2 minuti"},"schema":{"@context":"https:\/\/schema.org","@graph":[{"@type":"Article","@id":"https:\/\/hudo.com\/si\/aktualno\/zacetek-meteoroloske-zime-bo-spremljal-sneg\/#article","isPartOf":{"@id":"https:\/\/hudo.com\/si\/aktualno\/zacetek-meteoroloske-zime-bo-spremljal-sneg\/"},"author":{"name":"A. G., STA","@id":"https:\/\/hudo.com\/si\/#\/schema\/person\/2391667a63ea075ba94f2f2dc6b77537"},"headline":"Za\u010detek meteorolo\u0161ke zime bo spremljal sneg","datePublished":"2017-12-01T07:21:13+00:00","dateModified":"2017-12-01T07:21:13+00:00","mainEntityOfPage":{"@id":"https:\/\/hudo.com\/si\/aktualno\/zacetek-meteoroloske-zime-bo-spremljal-sneg\/"},"wordCount":310,"publisher":{"@id":"https:\/\/hudo.com\/si\/#organization"},"keywords":["meteorolo\u0161ka zima","Slovenija","sneg","vreme"],"articleSection":["Aktualno"],"inLanguage":"sl-SI"},{"@type":"WebPage","@id":"https:\/\/hudo.com\/si\/aktualno\/zacetek-meteoroloske-zime-bo-spremljal-sneg\/","url":"https:\/\/hudo.com\/si\/aktualno\/zacetek-meteoroloske-zime-bo-spremljal-sneg\/","name":"Za\u010detek meteorolo\u0161ke zime bo spremljal sneg - Hudo Slovenija","isPartOf":{"@id":"https:\/\/hudo.com\/si\/#website"},"datePublished":"2017-12-01T07:21:13+00:00","dateModified":"2017-12-01T07:21:13+00:00","breadcrumb":{"@id":"https:\/\/hudo.com\/si\/aktualno\/zacetek-meteoroloske-zime-bo-spremljal-sneg\/#breadcrumb"},"inLanguage":"sl-SI","potentialAction":[{"@type":"ReadAction","target":["https:\/\/hudo.com\/si\/aktualno\/zacetek-meteoroloske-zime-bo-spremljal-sneg\/"]}]},{"@type":"BreadcrumbList","@id":"https:\/\/hudo.com\/si\/aktualno\/zacetek-meteoroloske-zime-bo-spremljal-sneg\/#breadcrumb","itemListElement":[{"@type":"ListItem","position":1,"name":"Home","item":"https:\/\/hudo.com\/si\/"},{"@type":"ListItem","position":2,"name":"Za\u010detek meteorolo\u0161ke zime bo spremljal sneg"}]},{"@type":"WebSite","@id":"https:\/\/hudo.com\/si\/#website","url":"https:\/\/hudo.com\/si\/","name":"Hudo Slovenija","description":"Vse novice iz Slovenije in sveta","publisher":{"@id":"https:\/\/hudo.com\/si\/#organization"},"potentialAction":[{"@type":"SearchAction","target":{"@type":"EntryPoint","urlTemplate":"https:\/\/hudo.com\/si\/?s={search_term_string}"},"query-input":"required name=search_term_string"}],"inLanguage":"sl-SI"},{"@type":"Organization","@id":"https:\/\/hudo.com\/si\/#organization","name":"VSN Media","url":"https:\/\/hudo.com\/si\/","logo":{"@type":"ImageObject","inLanguage":"sl-SI","@id":"https:\/\/hudo.com\/si\/#\/schema\/logo\/image\/","url":"https:\/\/hudo.com\/si\/wp-content\/uploads\/sites\/2\/2021\/03\/hudo-app-2.png","contentUrl":"https:\/\/hudo.com\/si\/wp-content\/uploads\/sites\/2\/2021\/03\/hudo-app-2.png","width":2185,"height":2167,"caption":"VSN Media"},"image":{"@id":"https:\/\/hudo.com\/si\/#\/schema\/logo\/image\/"},"sameAs":["https:\/\/www.facebook.com\/hudo.si","https:\/\/twitter.com\/hudo_si"]},{"@type":"Person","@id":"https:\/\/hudo.com\/si\/#\/schema\/person\/2391667a63ea075ba94f2f2dc6b77537","name":"A. G., STA","image":{"@type":"ImageObject","inLanguage":"sl-SI","@id":"https:\/\/hudo.com\/si\/#\/schema\/person\/image\/","url":"https:\/\/secure.gravatar.com\/avatar\/e13d22ac3e442658d5025fbbe6238a79?s=96&d=mm&r=g","contentUrl":"https:\/\/secure.gravatar.com\/avatar\/e13d22ac3e442658d5025fbbe6238a79?s=96&d=mm&r=g","caption":"A. G., STA"},"url":"https:\/\/hudo.com\/si\/author\/alenka\/"}]}},"amp_enabled":true,"_links":{"self":[{"href":"https:\/\/hudo.com\/si\/wp-json\/wp\/v2\/posts\/328313"}],"collection":[{"href":"https:\/\/hudo.com\/si\/wp-json\/wp\/v2\/posts"}],"about":[{"href":"https:\/\/hudo.com\/si\/wp-json\/wp\/v2\/types\/post"}],"author":[{"embeddable":true,"href":"https:\/\/hudo.com\/si\/wp-json\/wp\/v2\/users\/5"}],"replies":[{"embeddable":true,"href":"https:\/\/hudo.com\/si\/wp-json\/wp\/v2\/comments?post=328313"}],"version-history":[{"count":1,"href":"https:\/\/hudo.com\/si\/wp-json\/wp\/v2\/posts\/328313\/revisions"}],"predecessor-version":[{"id":328315,"href":"https:\/\/hudo.com\/si\/wp-json\/wp\/v2\/posts\/328313\/revisions\/328315"}],"wp:featuredmedia":[{"embeddable":true,"href":"https:\/\/hudo.com\/si\/wp-json\/wp\/v2\/media\/328314"}],"wp:attachment":[{"href":"https:\/\/hudo.com\/si\/wp-json\/wp\/v2\/media?parent=328313"}],"wp:term":[{"taxonomy":"category","embeddable":true,"href":"https:\/\/hudo.com\/si\/wp-json\/wp\/v2\/categories?post=328313"},{"taxonomy":"post_tag","embeddable":true,"href":"https:\/\/hudo.com\/si\/wp-json\/wp\/v2\/tags?post=328313"},{"taxonomy":"source","embeddable":true,"href":"https:\/\/hudo.com\/si\/wp-json\/wp\/v2\/source?post=328313"},{"taxonomy":"supertag","embeddable":true,"href":"https:\/\/hudo.com\/si\/wp-json\/wp\/v2\/supertag?post=328313"}],"curies":[{"name":"wp","href":"https:\/\/api.w.org\/{rel}","templated":true}]}}