{"id":328316,"date":"2017-12-01T08:27:23","date_gmt":"2017-12-01T07:27:23","guid":{"rendered":"http:\/\/hudo.com\/si\/?p=328316"},"modified":"2017-12-01T10:49:55","modified_gmt":"2017-12-01T09:49:55","slug":"vec-slovenskih-mestih-bodo-danes-razsvetlile-praznicne-luci","status":"publish","type":"post","link":"https:\/\/hudo.com\/si\/aktualno\/vec-slovenskih-mestih-bodo-danes-razsvetlile-praznicne-luci\/","title":{"rendered":"Ve\u010d slovenskih mest bodo danes razsvetlile prazni\u010dne lu\u010di"},"content":{"rendered":"<div class=\"text\">\n<p>S pri\u017eigom lu\u010di na ptujskem Mestnem trgu bo najstarej\u0161e slovensko mesto ob 18. uri zasijalo v novi prazni\u010dni podobi. Soju tiso\u010derih lu\u010di, ki bodo osvetlile pro\u010delja zgodovinskih hi\u0161, se bodo namre\u010d v unikatni okrasitvi vizualne umetnice Stanke Vauda pridru\u017eili \u0161e zvo\u010dni dra\u017eljaji. Kot se spodobi za karnevalsko mesto, bo veselo ves december.<\/p>\n<p>Otro\u0161ko veselje ob drevi\u0161njem pri\u017eigu lu\u010dk bodo pri\u010darala pravlji\u010dna bitja, za toplo okrep\u010dilo in unikatna prazni\u010dna darilca pa bodo ob glasbenih uspe\u0161nicah David Mati\u0107i banda poskrbeli ptujski ponudniki na prazni\u010dnih stojnicah.<\/p>\n<p>Kot poudarjajo na tamkaj\u0161njem zavodu za turizem, je na\u010drtovanje ptujske okrasitve vedno svojevrsten izziv, saj se ta ne poslovi s prazniki, pa\u010d pa traja vse do konca pustnega \u010dasa. Prav zato kro\u017ene oblike okrasitve simbolizirajo cikli\u010dnost letnih \u010dasov, plapolajo\u010di beli trakovi pa vzbujajo asociacije na kurenta, ki v zimsko belino prinese barvito pomlad. Poseben element krasitve bodo tudi aluminjaste rondelice, ki jih raz\u017earijo son\u010dni \u017earki, veter pa jih zaziba v prijetni \u017evenket.<\/p>\n<p>Unikatna okrasitev mestnega sredi\u0161\u010da, ki se ji v zadnji polovici decembra pridru\u017ei \u0161e prazni\u010dni program Ptujske pravljice, bosta po mnenju Vaude najlep\u0161e povabilo vsem generacijam, da se sprehodijo po najstarej\u0161em slovenskem mestu in se nau\u017eijejo prazni\u010dnega duha.<\/p>\n<p>V Izoli bodo prazni\u010dne lu\u010di v parku Pietra Coppa ob 17. uri pri\u017egali otroci in izolski \u017eupan Igor Kolenc, so sporo\u010dili z Ob\u010dine Izola. Park bodo tudi letos krasile skulpture z morskimi motivi, izdelane iz odpadnih materialov. Pri\u017eig lu\u010di bodo popestrili \u010dlani gledali\u0161\u010da STEPS, glasbena animacija Duo Pingo, animirani Disneyjevi junaki in mladi glasbeni talenti \u0161ole Cirque.<\/p>\n<p>Pravlji\u010dni Kamnik bodo odprli na Glavnem trgu, kjer bo ob 17. uri kamni\u0161ki \u017eupan Marjan \u0160arec slavnostno pri\u017egal prazni\u010dno osvetlitev mesta. Letos bo okoli sedem kilometrov dolga osvetlitev segala tudi v Ker\u0161man\u010dev park, so v sporo\u010dilu za javnost zapisali na Zavodu za turizem, \u0161port in kulturo Kamnik. Pri\u017eigu lu\u010dk pa bo sledila zabava z glasbeno skupino \u010cuki.<\/p>\n<p>Medtem bo Velenje s 150 tiso\u010d lu\u010dmi prazni\u010dno zasijalo ob 18. uri, na Titovem trgu bo zbrane nagovoril velenjski \u017eupan Bojan Konti\u010d. Vstop v veseli december bo spremljal tudi koncert Mance \u0160pik in Isaaca Palme, so sporo\u010dili z Mestne ob\u010dine Velenje. Okra\u0161eno bo sredi\u0161\u010de mesta, promenada, Kardeljev trg in stari del mesta, drevesa ob \u0160ale\u0161ki cesti, kro\u017ei\u0161\u010di pod skakalnicami in pri Son\u010dnem parku ter \u0160ale\u0161ki grad.<\/p>\n<p>Tudi Portoro\u017e bo danes za\u017eivel v veselem decembrskem dogajanju. Ob 16. uri bo za\u017eivela bo\u017ei\u010dno-novoletna tr\u017enica v parku hotela Kempinski Palace Portoro\u017e, kjer bodo ponujali tipi\u010dne izdelke in kulinari\u010dne dobrote. Dogajanje bo popestril tudi nastop baritonista Nevena Stipanova, najmlaj\u0161e pa bo razveselil Miklav\u017e s spremstvom, so sporo\u010dili iz Turisti\u010dnega zdru\u017eenja Portoro\u017e. Malo pred 17. uro bo pod\u017eupanja piranske ob\u010dine Meira Hot slavnostno pri\u017egala prazni\u010dno osvetlitev.<\/p>\n<p>V okviru Magi\u010dnega decembra pa bo na Titovem trgu v Kopru ob 17. uri za\u017eivelo drsali\u0161\u010de. Poleg tega bo za prazni\u010dno vzdu\u0161je poskrbela tudi gostinska ponudba in bogat program. Med 6. in 10. decembrom pa bo dogajanje v mestu \u0161e dodatno popestril Miklav\u017eev sejem, so sporo\u010dili iz Mestne ob\u010dine Koper.<\/p>\n<\/div>\n","protected":false},"excerpt":{"rendered":"<p>Po ve\u010d slovenskih mestih bodo danes pri\u017egali prazni\u010dne lu\u010di, vstop v veseli december pa bodo pospremili tudi z nekaterimi prireditvami. Prazni\u010dne lu\u010di ne bodo za\u017earele samo v prestolnici, ampak tudi na Ptuju in Bledu, v Izoli, Kamniku in Velenju. V Portoro\u017eu bodo odprli bo\u017ei\u010dno-novoletno tr\u017enico, v Kopru pa bo za\u017eivelo drsali\u0161\u010de.<\/p>\n","protected":false},"author":5,"featured_media":328317,"comment_status":"closed","ping_status":"closed","sticky":false,"template":"","format":"standard","meta":{"footnotes":""},"categories":[1179],"tags":[9954,1595],"source":[4511],"supertag":[],"acf":[],"yoast_head":"<!-- This site is optimized with the Yoast SEO plugin v21.3 - https:\/\/yoast.com\/wordpress\/plugins\/seo\/ -->\n<title>Ve\u010d slovenskih mest bodo danes razsvetlile prazni\u010dne lu\u010di - Hudo Slovenija<\/title>\n<meta name=\"robots\" content=\"index, follow, max-snippet:-1, max-image-preview:large, max-video-preview:-1\" \/>\n<link rel=\"canonical\" href=\"https:\/\/hudo.com\/si\/aktualno\/vec-slovenskih-mestih-bodo-danes-razsvetlile-praznicne-luci\/\" \/>\n<meta property=\"og:locale\" content=\"sl_SI\" \/>\n<meta property=\"og:type\" content=\"article\" \/>\n<meta property=\"og:title\" content=\"Ve\u010d slovenskih mest bodo danes razsvetlile prazni\u010dne lu\u010di - Hudo Slovenija\" \/>\n<meta property=\"og:description\" content=\"Po ve\u010d slovenskih mestih bodo danes pri\u017egali prazni\u010dne lu\u010di, vstop v veseli december pa bodo pospremili tudi z nekaterimi prireditvami. Prazni\u010dne lu\u010di ne bodo za\u017earele samo v prestolnici, ampak tudi na Ptuju in Bledu, v Izoli, Kamniku in Velenju. V Portoro\u017eu bodo odprli bo\u017ei\u010dno-novoletno tr\u017enico, v Kopru pa bo za\u017eivelo drsali\u0161\u010de.\" \/>\n<meta property=\"og:url\" content=\"https:\/\/hudo.com\/si\/aktualno\/vec-slovenskih-mestih-bodo-danes-razsvetlile-praznicne-luci\/\" \/>\n<meta property=\"og:site_name\" content=\"Hudo Slovenija\" \/>\n<meta property=\"article:publisher\" content=\"https:\/\/www.facebook.com\/hudo.si\" \/>\n<meta property=\"article:published_time\" content=\"2017-12-01T07:27:23+00:00\" \/>\n<meta property=\"article:modified_time\" content=\"2017-12-01T09:49:55+00:00\" \/>\n<meta property=\"og:image\" content=\"https:\/\/hudo.com\/si\/wp-content\/uploads\/sites\/2\/2017\/12\/profimedia-0317129135.jpg\" \/>\n\t<meta property=\"og:image:width\" content=\"1250\" \/>\n\t<meta property=\"og:image:height\" content=\"750\" \/>\n\t<meta property=\"og:image:type\" content=\"image\/jpeg\" \/>\n<meta name=\"author\" content=\"A. G., STA\" \/>\n<meta name=\"twitter:card\" content=\"summary_large_image\" \/>\n<meta name=\"twitter:creator\" content=\"@hudo_si\" \/>\n<meta name=\"twitter:site\" content=\"@hudo_si\" \/>\n<meta name=\"twitter:label1\" content=\"Written by\" \/>\n\t<meta name=\"twitter:data1\" content=\"A. G., STA\" \/>\n\t<meta name=\"twitter:label2\" content=\"Est. reading time\" \/>\n\t<meta name=\"twitter:data2\" content=\"3 minute\" \/>\n<script type=\"application\/ld+json\" class=\"yoast-schema-graph\">{\"@context\":\"https:\/\/schema.org\",\"@graph\":[{\"@type\":\"Article\",\"@id\":\"https:\/\/hudo.com\/si\/aktualno\/vec-slovenskih-mestih-bodo-danes-razsvetlile-praznicne-luci\/#article\",\"isPartOf\":{\"@id\":\"https:\/\/hudo.com\/si\/aktualno\/vec-slovenskih-mestih-bodo-danes-razsvetlile-praznicne-luci\/\"},\"author\":{\"name\":\"A. G., STA\",\"@id\":\"https:\/\/hudo.com\/si\/#\/schema\/person\/2391667a63ea075ba94f2f2dc6b77537\"},\"headline\":\"Ve\u010d slovenskih mest bodo danes razsvetlile prazni\u010dne lu\u010di\",\"datePublished\":\"2017-12-01T07:27:23+00:00\",\"dateModified\":\"2017-12-01T09:49:55+00:00\",\"mainEntityOfPage\":{\"@id\":\"https:\/\/hudo.com\/si\/aktualno\/vec-slovenskih-mestih-bodo-danes-razsvetlile-praznicne-luci\/\"},\"wordCount\":573,\"publisher\":{\"@id\":\"https:\/\/hudo.com\/si\/#organization\"},\"keywords\":[\"pri\u017eig prazni\u010dnih lu\u010di\",\"Slovenija\"],\"articleSection\":[\"Aktualno\"],\"inLanguage\":\"sl-SI\"},{\"@type\":\"WebPage\",\"@id\":\"https:\/\/hudo.com\/si\/aktualno\/vec-slovenskih-mestih-bodo-danes-razsvetlile-praznicne-luci\/\",\"url\":\"https:\/\/hudo.com\/si\/aktualno\/vec-slovenskih-mestih-bodo-danes-razsvetlile-praznicne-luci\/\",\"name\":\"Ve\u010d slovenskih mest bodo danes razsvetlile prazni\u010dne lu\u010di - Hudo Slovenija\",\"isPartOf\":{\"@id\":\"https:\/\/hudo.com\/si\/#website\"},\"datePublished\":\"2017-12-01T07:27:23+00:00\",\"dateModified\":\"2017-12-01T09:49:55+00:00\",\"breadcrumb\":{\"@id\":\"https:\/\/hudo.com\/si\/aktualno\/vec-slovenskih-mestih-bodo-danes-razsvetlile-praznicne-luci\/#breadcrumb\"},\"inLanguage\":\"sl-SI\",\"potentialAction\":[{\"@type\":\"ReadAction\",\"target\":[\"https:\/\/hudo.com\/si\/aktualno\/vec-slovenskih-mestih-bodo-danes-razsvetlile-praznicne-luci\/\"]}]},{\"@type\":\"BreadcrumbList\",\"@id\":\"https:\/\/hudo.com\/si\/aktualno\/vec-slovenskih-mestih-bodo-danes-razsvetlile-praznicne-luci\/#breadcrumb\",\"itemListElement\":[{\"@type\":\"ListItem\",\"position\":1,\"name\":\"Home\",\"item\":\"https:\/\/hudo.com\/si\/\"},{\"@type\":\"ListItem\",\"position\":2,\"name\":\"Ve\u010d slovenskih mest bodo danes razsvetlile prazni\u010dne lu\u010di\"}]},{\"@type\":\"WebSite\",\"@id\":\"https:\/\/hudo.com\/si\/#website\",\"url\":\"https:\/\/hudo.com\/si\/\",\"name\":\"Hudo Slovenija\",\"description\":\"Vse novice iz Slovenije in sveta\",\"publisher\":{\"@id\":\"https:\/\/hudo.com\/si\/#organization\"},\"potentialAction\":[{\"@type\":\"SearchAction\",\"target\":{\"@type\":\"EntryPoint\",\"urlTemplate\":\"https:\/\/hudo.com\/si\/?s={search_term_string}\"},\"query-input\":\"required name=search_term_string\"}],\"inLanguage\":\"sl-SI\"},{\"@type\":\"Organization\",\"@id\":\"https:\/\/hudo.com\/si\/#organization\",\"name\":\"VSN Media\",\"url\":\"https:\/\/hudo.com\/si\/\",\"logo\":{\"@type\":\"ImageObject\",\"inLanguage\":\"sl-SI\",\"@id\":\"https:\/\/hudo.com\/si\/#\/schema\/logo\/image\/\",\"url\":\"https:\/\/hudo.com\/si\/wp-content\/uploads\/sites\/2\/2021\/03\/hudo-app-2.png\",\"contentUrl\":\"https:\/\/hudo.com\/si\/wp-content\/uploads\/sites\/2\/2021\/03\/hudo-app-2.png\",\"width\":2185,\"height\":2167,\"caption\":\"VSN Media\"},\"image\":{\"@id\":\"https:\/\/hudo.com\/si\/#\/schema\/logo\/image\/\"},\"sameAs\":[\"https:\/\/www.facebook.com\/hudo.si\",\"https:\/\/twitter.com\/hudo_si\"]},{\"@type\":\"Person\",\"@id\":\"https:\/\/hudo.com\/si\/#\/schema\/person\/2391667a63ea075ba94f2f2dc6b77537\",\"name\":\"A. G., STA\",\"image\":{\"@type\":\"ImageObject\",\"inLanguage\":\"sl-SI\",\"@id\":\"https:\/\/hudo.com\/si\/#\/schema\/person\/image\/\",\"url\":\"https:\/\/secure.gravatar.com\/avatar\/e13d22ac3e442658d5025fbbe6238a79?s=96&d=mm&r=g\",\"contentUrl\":\"https:\/\/secure.gravatar.com\/avatar\/e13d22ac3e442658d5025fbbe6238a79?s=96&d=mm&r=g\",\"caption\":\"A. G., STA\"},\"url\":\"https:\/\/hudo.com\/si\/author\/alenka\/\"}]}<\/script>\n<!-- \/ Yoast SEO plugin. -->","yoast_head_json":{"title":"Ve\u010d slovenskih mest bodo danes razsvetlile prazni\u010dne lu\u010di - Hudo Slovenija","robots":{"index":"index","follow":"follow","max-snippet":"max-snippet:-1","max-image-preview":"max-image-preview:large","max-video-preview":"max-video-preview:-1"},"canonical":"https:\/\/hudo.com\/si\/aktualno\/vec-slovenskih-mestih-bodo-danes-razsvetlile-praznicne-luci\/","og_locale":"sl_SI","og_type":"article","og_title":"Ve\u010d slovenskih mest bodo danes razsvetlile prazni\u010dne lu\u010di - Hudo Slovenija","og_description":"Po ve\u010d slovenskih mestih bodo danes pri\u017egali prazni\u010dne lu\u010di, vstop v veseli december pa bodo pospremili tudi z nekaterimi prireditvami. Prazni\u010dne lu\u010di ne bodo za\u017earele samo v prestolnici, ampak tudi na Ptuju in Bledu, v Izoli, Kamniku in Velenju. V Portoro\u017eu bodo odprli bo\u017ei\u010dno-novoletno tr\u017enico, v Kopru pa bo za\u017eivelo drsali\u0161\u010de.","og_url":"https:\/\/hudo.com\/si\/aktualno\/vec-slovenskih-mestih-bodo-danes-razsvetlile-praznicne-luci\/","og_site_name":"Hudo Slovenija","article_publisher":"https:\/\/www.facebook.com\/hudo.si","article_published_time":"2017-12-01T07:27:23+00:00","article_modified_time":"2017-12-01T09:49:55+00:00","og_image":[{"width":1250,"height":750,"url":"https:\/\/hudo.com\/si\/wp-content\/uploads\/sites\/2\/2017\/12\/profimedia-0317129135.jpg","type":"image\/jpeg"}],"author":"A. G., STA","twitter_card":"summary_large_image","twitter_creator":"@hudo_si","twitter_site":"@hudo_si","twitter_misc":{"Written by":"A. G., STA","Est. reading time":"3 minute"},"schema":{"@context":"https:\/\/schema.org","@graph":[{"@type":"Article","@id":"https:\/\/hudo.com\/si\/aktualno\/vec-slovenskih-mestih-bodo-danes-razsvetlile-praznicne-luci\/#article","isPartOf":{"@id":"https:\/\/hudo.com\/si\/aktualno\/vec-slovenskih-mestih-bodo-danes-razsvetlile-praznicne-luci\/"},"author":{"name":"A. G., STA","@id":"https:\/\/hudo.com\/si\/#\/schema\/person\/2391667a63ea075ba94f2f2dc6b77537"},"headline":"Ve\u010d slovenskih mest bodo danes razsvetlile prazni\u010dne lu\u010di","datePublished":"2017-12-01T07:27:23+00:00","dateModified":"2017-12-01T09:49:55+00:00","mainEntityOfPage":{"@id":"https:\/\/hudo.com\/si\/aktualno\/vec-slovenskih-mestih-bodo-danes-razsvetlile-praznicne-luci\/"},"wordCount":573,"publisher":{"@id":"https:\/\/hudo.com\/si\/#organization"},"keywords":["pri\u017eig prazni\u010dnih lu\u010di","Slovenija"],"articleSection":["Aktualno"],"inLanguage":"sl-SI"},{"@type":"WebPage","@id":"https:\/\/hudo.com\/si\/aktualno\/vec-slovenskih-mestih-bodo-danes-razsvetlile-praznicne-luci\/","url":"https:\/\/hudo.com\/si\/aktualno\/vec-slovenskih-mestih-bodo-danes-razsvetlile-praznicne-luci\/","name":"Ve\u010d slovenskih mest bodo danes razsvetlile prazni\u010dne lu\u010di - Hudo Slovenija","isPartOf":{"@id":"https:\/\/hudo.com\/si\/#website"},"datePublished":"2017-12-01T07:27:23+00:00","dateModified":"2017-12-01T09:49:55+00:00","breadcrumb":{"@id":"https:\/\/hudo.com\/si\/aktualno\/vec-slovenskih-mestih-bodo-danes-razsvetlile-praznicne-luci\/#breadcrumb"},"inLanguage":"sl-SI","potentialAction":[{"@type":"ReadAction","target":["https:\/\/hudo.com\/si\/aktualno\/vec-slovenskih-mestih-bodo-danes-razsvetlile-praznicne-luci\/"]}]},{"@type":"BreadcrumbList","@id":"https:\/\/hudo.com\/si\/aktualno\/vec-slovenskih-mestih-bodo-danes-razsvetlile-praznicne-luci\/#breadcrumb","itemListElement":[{"@type":"ListItem","position":1,"name":"Home","item":"https:\/\/hudo.com\/si\/"},{"@type":"ListItem","position":2,"name":"Ve\u010d slovenskih mest bodo danes razsvetlile prazni\u010dne lu\u010di"}]},{"@type":"WebSite","@id":"https:\/\/hudo.com\/si\/#website","url":"https:\/\/hudo.com\/si\/","name":"Hudo Slovenija","description":"Vse novice iz Slovenije in sveta","publisher":{"@id":"https:\/\/hudo.com\/si\/#organization"},"potentialAction":[{"@type":"SearchAction","target":{"@type":"EntryPoint","urlTemplate":"https:\/\/hudo.com\/si\/?s={search_term_string}"},"query-input":"required name=search_term_string"}],"inLanguage":"sl-SI"},{"@type":"Organization","@id":"https:\/\/hudo.com\/si\/#organization","name":"VSN Media","url":"https:\/\/hudo.com\/si\/","logo":{"@type":"ImageObject","inLanguage":"sl-SI","@id":"https:\/\/hudo.com\/si\/#\/schema\/logo\/image\/","url":"https:\/\/hudo.com\/si\/wp-content\/uploads\/sites\/2\/2021\/03\/hudo-app-2.png","contentUrl":"https:\/\/hudo.com\/si\/wp-content\/uploads\/sites\/2\/2021\/03\/hudo-app-2.png","width":2185,"height":2167,"caption":"VSN Media"},"image":{"@id":"https:\/\/hudo.com\/si\/#\/schema\/logo\/image\/"},"sameAs":["https:\/\/www.facebook.com\/hudo.si","https:\/\/twitter.com\/hudo_si"]},{"@type":"Person","@id":"https:\/\/hudo.com\/si\/#\/schema\/person\/2391667a63ea075ba94f2f2dc6b77537","name":"A. G., STA","image":{"@type":"ImageObject","inLanguage":"sl-SI","@id":"https:\/\/hudo.com\/si\/#\/schema\/person\/image\/","url":"https:\/\/secure.gravatar.com\/avatar\/e13d22ac3e442658d5025fbbe6238a79?s=96&d=mm&r=g","contentUrl":"https:\/\/secure.gravatar.com\/avatar\/e13d22ac3e442658d5025fbbe6238a79?s=96&d=mm&r=g","caption":"A. G., STA"},"url":"https:\/\/hudo.com\/si\/author\/alenka\/"}]}},"amp_enabled":true,"_links":{"self":[{"href":"https:\/\/hudo.com\/si\/wp-json\/wp\/v2\/posts\/328316"}],"collection":[{"href":"https:\/\/hudo.com\/si\/wp-json\/wp\/v2\/posts"}],"about":[{"href":"https:\/\/hudo.com\/si\/wp-json\/wp\/v2\/types\/post"}],"author":[{"embeddable":true,"href":"https:\/\/hudo.com\/si\/wp-json\/wp\/v2\/users\/5"}],"replies":[{"embeddable":true,"href":"https:\/\/hudo.com\/si\/wp-json\/wp\/v2\/comments?post=328316"}],"version-history":[{"count":2,"href":"https:\/\/hudo.com\/si\/wp-json\/wp\/v2\/posts\/328316\/revisions"}],"predecessor-version":[{"id":328397,"href":"https:\/\/hudo.com\/si\/wp-json\/wp\/v2\/posts\/328316\/revisions\/328397"}],"wp:featuredmedia":[{"embeddable":true,"href":"https:\/\/hudo.com\/si\/wp-json\/wp\/v2\/media\/328317"}],"wp:attachment":[{"href":"https:\/\/hudo.com\/si\/wp-json\/wp\/v2\/media?parent=328316"}],"wp:term":[{"taxonomy":"category","embeddable":true,"href":"https:\/\/hudo.com\/si\/wp-json\/wp\/v2\/categories?post=328316"},{"taxonomy":"post_tag","embeddable":true,"href":"https:\/\/hudo.com\/si\/wp-json\/wp\/v2\/tags?post=328316"},{"taxonomy":"source","embeddable":true,"href":"https:\/\/hudo.com\/si\/wp-json\/wp\/v2\/source?post=328316"},{"taxonomy":"supertag","embeddable":true,"href":"https:\/\/hudo.com\/si\/wp-json\/wp\/v2\/supertag?post=328316"}],"curies":[{"name":"wp","href":"https:\/\/api.w.org\/{rel}","templated":true}]}}