{"id":328333,"date":"2017-12-01T07:00:00","date_gmt":"2017-12-01T06:00:00","guid":{"rendered":"http:\/\/hudo.com\/si\/2017\/12\/01\/smog-je-dodaten-razlog-za-zaskrbljenost\/"},"modified":"2017-12-01T07:00:00","modified_gmt":"2017-12-01T06:00:00","slug":"smog-je-dodaten-razlog-za-zaskrbljenost","status":"publish","type":"post","link":"https:\/\/hudo.com\/si\/aktualno\/smog-je-dodaten-razlog-za-zaskrbljenost\/","title":{"rendered":"Smog je dodaten razlog za zaskrbljenost"},"content":{"rendered":"<p>Kategorija: Kronika Fri, 01 Dec 2017 08:00:00 +0100  \u0160kofja Loka \u2013 Ob intervenciji 58 prostovoljnih gasilcev z obmo\u010dja \u0160kofje Loke v sredo zve\u010der v podjetju Ekologija v \u0160kofji Loki so ugotovili, da je pri\u0161lo do pregrevanja agregata hidravli\u010dne stiskalnice in nato do izpusta hidravli\u010dnega olja, medtem ko naj ne bi bilo neposredne nevarnosti za okolje in ljudi.\u00bbUkrepanje je potekalo, glede na to, da je bilo zaznati dim, kot da bi gorelo, z vso potrebno za\u0161\u010ditno opremo in opremo za ga\u0161enje. Kljub temu smo bili pripravljeni za ukrepanje v primeru, da bi pri\u0161lo do izpusta nevarnih teko\u010din,\u00ab je povedal vodja intervencije, poveljnik PGD Trata Toma\u017e A\u017ebe. Izkazalo se je, da ni pri\u0161lo do izpustov, zaradi same okvare hidravli\u010dnega stroja pa tudi ni pri\u0161lo do vplivov na okolje, je dodal. Iz podjetja Ekologija so v izjavi v\u010deraj med drugim zapisali,\u00a0&#8230;<\/p>\n","protected":false},"excerpt":{"rendered":"<p>Kategorija: Kronika Fri, 01 Dec 2017 08:00:00 +0100  \u0160kofja Loka \u2013 Ob intervenciji 58 prostovoljnih gasilcev z obmo\u010dja \u0160kofje Loke v sredo zve\u010der v podjetju Ekologija v \u0160kofji Loki so ugotovili, da je pri\u0161lo do pregrevanja agregata hidravli\u010dne stiskalnice in nato do izpusta hidravli\u010dnega olja, medtem ko naj ne bi bilo neposredne nevarnosti za okolje in ljudi.\u00bbUkrepanje je potekalo, glede na to, da je bilo zaznati dim, kot da bi gorelo, z vso potrebno za\u0161\u010ditno opremo in opremo za ga\u0161enje. Kljub temu smo bili pripravljeni za ukrepanje v primeru, da bi pri\u0161lo do izpusta nevarnih teko\u010din,\u00ab je povedal vodja intervencije, poveljnik PGD Trata Toma\u017e A\u017ebe. Izkazalo se je, da ni pri\u0161lo do izpustov, zaradi same okvare hidravli\u010dnega stroja pa tudi ni pri\u0161lo do vplivov na okolje, je dodal. Iz podjetja Ekologija so v izjavi v\u010deraj med drugim zapisali,\u00a0&#8230;<\/p>\n","protected":false},"author":1,"featured_media":0,"comment_status":"closed","ping_status":"closed","sticky":false,"template":"","format":"standard","meta":{"footnotes":""},"categories":[1179],"tags":[],"source":[1703],"supertag":[],"acf":[],"yoast_head":"<!-- This site is optimized with the Yoast SEO plugin v21.3 - https:\/\/yoast.com\/wordpress\/plugins\/seo\/ -->\n<title>Smog je dodaten razlog za zaskrbljenost - Hudo Slovenija<\/title>\n<meta name=\"robots\" content=\"index, follow, max-snippet:-1, max-image-preview:large, max-video-preview:-1\" \/>\n<link rel=\"canonical\" href=\"https:\/\/hudo.com\/si\/aktualno\/smog-je-dodaten-razlog-za-zaskrbljenost\/\" \/>\n<meta property=\"og:locale\" content=\"sl_SI\" \/>\n<meta property=\"og:type\" content=\"article\" \/>\n<meta property=\"og:title\" content=\"Smog je dodaten razlog za zaskrbljenost - Hudo Slovenija\" \/>\n<meta property=\"og:description\" content=\"Kategorija: Kronika Fri, 01 Dec 2017 08:00:00 +0100 \u0160kofja Loka \u2013 Ob intervenciji 58 prostovoljnih gasilcev z obmo\u010dja \u0160kofje Loke v sredo zve\u010der v podjetju Ekologija v \u0160kofji Loki so ugotovili, da je pri\u0161lo do pregrevanja agregata hidravli\u010dne stiskalnice in nato do izpusta hidravli\u010dnega olja, medtem ko naj ne bi bilo neposredne nevarnosti za okolje in ljudi.\u00bbUkrepanje je potekalo, glede na to, da je bilo zaznati dim, kot da bi gorelo, z vso potrebno za\u0161\u010ditno opremo in opremo za ga\u0161enje. Kljub temu smo bili pripravljeni za ukrepanje v primeru, da bi pri\u0161lo do izpusta nevarnih teko\u010din,\u00ab je povedal vodja intervencije, poveljnik PGD Trata Toma\u017e A\u017ebe. Izkazalo se je, da ni pri\u0161lo do izpustov, zaradi same okvare hidravli\u010dnega stroja pa tudi ni pri\u0161lo do vplivov na okolje, je dodal. Iz podjetja Ekologija so v izjavi v\u010deraj med drugim zapisali,\u00a0...\" \/>\n<meta property=\"og:url\" content=\"https:\/\/hudo.com\/si\/aktualno\/smog-je-dodaten-razlog-za-zaskrbljenost\/\" \/>\n<meta property=\"og:site_name\" content=\"Hudo Slovenija\" \/>\n<meta property=\"article:publisher\" content=\"https:\/\/www.facebook.com\/hudo.si\" \/>\n<meta property=\"article:published_time\" content=\"2017-12-01T06:00:00+00:00\" \/>\n<meta property=\"og:image\" content=\"https:\/\/hudo.com\/si\/wp-content\/uploads\/sites\/2\/2017\/12\/480x290_Delo_Foto-20171201075823-47986900.jpeg\" \/>\n\t<meta property=\"og:image:width\" content=\"480\" \/>\n\t<meta property=\"og:image:height\" content=\"290\" \/>\n\t<meta property=\"og:image:type\" content=\"image\/jpeg\" \/>\n<meta name=\"author\" content=\"hudo\" \/>\n<meta name=\"twitter:card\" content=\"summary_large_image\" \/>\n<meta name=\"twitter:creator\" content=\"@hudo_si\" \/>\n<meta name=\"twitter:site\" content=\"@hudo_si\" \/>\n<meta name=\"twitter:label1\" content=\"Written by\" \/>\n\t<meta name=\"twitter:data1\" content=\"hudo\" \/>\n\t<meta name=\"twitter:label2\" content=\"Est. reading time\" \/>\n\t<meta name=\"twitter:data2\" content=\"1 minuta\" \/>\n<script type=\"application\/ld+json\" class=\"yoast-schema-graph\">{\"@context\":\"https:\/\/schema.org\",\"@graph\":[{\"@type\":\"Article\",\"@id\":\"https:\/\/hudo.com\/si\/aktualno\/smog-je-dodaten-razlog-za-zaskrbljenost\/#article\",\"isPartOf\":{\"@id\":\"https:\/\/hudo.com\/si\/aktualno\/smog-je-dodaten-razlog-za-zaskrbljenost\/\"},\"author\":{\"name\":\"hudo\",\"@id\":\"https:\/\/hudo.com\/si\/#\/schema\/person\/601cf3379633985b20f7e50f2bb47707\"},\"headline\":\"Smog je dodaten razlog za zaskrbljenost\",\"datePublished\":\"2017-12-01T06:00:00+00:00\",\"dateModified\":\"2017-12-01T06:00:00+00:00\",\"mainEntityOfPage\":{\"@id\":\"https:\/\/hudo.com\/si\/aktualno\/smog-je-dodaten-razlog-za-zaskrbljenost\/\"},\"wordCount\":153,\"publisher\":{\"@id\":\"https:\/\/hudo.com\/si\/#organization\"},\"articleSection\":[\"Aktualno\"],\"inLanguage\":\"sl-SI\"},{\"@type\":\"WebPage\",\"@id\":\"https:\/\/hudo.com\/si\/aktualno\/smog-je-dodaten-razlog-za-zaskrbljenost\/\",\"url\":\"https:\/\/hudo.com\/si\/aktualno\/smog-je-dodaten-razlog-za-zaskrbljenost\/\",\"name\":\"Smog je dodaten razlog za zaskrbljenost - Hudo Slovenija\",\"isPartOf\":{\"@id\":\"https:\/\/hudo.com\/si\/#website\"},\"datePublished\":\"2017-12-01T06:00:00+00:00\",\"dateModified\":\"2017-12-01T06:00:00+00:00\",\"breadcrumb\":{\"@id\":\"https:\/\/hudo.com\/si\/aktualno\/smog-je-dodaten-razlog-za-zaskrbljenost\/#breadcrumb\"},\"inLanguage\":\"sl-SI\",\"potentialAction\":[{\"@type\":\"ReadAction\",\"target\":[\"https:\/\/hudo.com\/si\/aktualno\/smog-je-dodaten-razlog-za-zaskrbljenost\/\"]}]},{\"@type\":\"BreadcrumbList\",\"@id\":\"https:\/\/hudo.com\/si\/aktualno\/smog-je-dodaten-razlog-za-zaskrbljenost\/#breadcrumb\",\"itemListElement\":[{\"@type\":\"ListItem\",\"position\":1,\"name\":\"Home\",\"item\":\"https:\/\/hudo.com\/si\/\"},{\"@type\":\"ListItem\",\"position\":2,\"name\":\"Smog je dodaten razlog za zaskrbljenost\"}]},{\"@type\":\"WebSite\",\"@id\":\"https:\/\/hudo.com\/si\/#website\",\"url\":\"https:\/\/hudo.com\/si\/\",\"name\":\"Hudo Slovenija\",\"description\":\"Vse novice iz Slovenije in sveta\",\"publisher\":{\"@id\":\"https:\/\/hudo.com\/si\/#organization\"},\"potentialAction\":[{\"@type\":\"SearchAction\",\"target\":{\"@type\":\"EntryPoint\",\"urlTemplate\":\"https:\/\/hudo.com\/si\/?s={search_term_string}\"},\"query-input\":\"required name=search_term_string\"}],\"inLanguage\":\"sl-SI\"},{\"@type\":\"Organization\",\"@id\":\"https:\/\/hudo.com\/si\/#organization\",\"name\":\"VSN Media\",\"url\":\"https:\/\/hudo.com\/si\/\",\"logo\":{\"@type\":\"ImageObject\",\"inLanguage\":\"sl-SI\",\"@id\":\"https:\/\/hudo.com\/si\/#\/schema\/logo\/image\/\",\"url\":\"https:\/\/hudo.com\/si\/wp-content\/uploads\/sites\/2\/2021\/03\/hudo-app-2.png\",\"contentUrl\":\"https:\/\/hudo.com\/si\/wp-content\/uploads\/sites\/2\/2021\/03\/hudo-app-2.png\",\"width\":2185,\"height\":2167,\"caption\":\"VSN Media\"},\"image\":{\"@id\":\"https:\/\/hudo.com\/si\/#\/schema\/logo\/image\/\"},\"sameAs\":[\"https:\/\/www.facebook.com\/hudo.si\",\"https:\/\/twitter.com\/hudo_si\"]},{\"@type\":\"Person\",\"@id\":\"https:\/\/hudo.com\/si\/#\/schema\/person\/601cf3379633985b20f7e50f2bb47707\",\"name\":\"hudo\",\"image\":{\"@type\":\"ImageObject\",\"inLanguage\":\"sl-SI\",\"@id\":\"https:\/\/hudo.com\/si\/#\/schema\/person\/image\/\",\"url\":\"https:\/\/secure.gravatar.com\/avatar\/c4ca25fa72cace7a696b52ff5db9e095?s=96&d=mm&r=g\",\"contentUrl\":\"https:\/\/secure.gravatar.com\/avatar\/c4ca25fa72cace7a696b52ff5db9e095?s=96&d=mm&r=g\",\"caption\":\"hudo\"},\"url\":\"https:\/\/hudo.com\/si\/author\/hudo\/\"}]}<\/script>\n<!-- \/ Yoast SEO plugin. -->","yoast_head_json":{"title":"Smog je dodaten razlog za zaskrbljenost - Hudo Slovenija","robots":{"index":"index","follow":"follow","max-snippet":"max-snippet:-1","max-image-preview":"max-image-preview:large","max-video-preview":"max-video-preview:-1"},"canonical":"https:\/\/hudo.com\/si\/aktualno\/smog-je-dodaten-razlog-za-zaskrbljenost\/","og_locale":"sl_SI","og_type":"article","og_title":"Smog je dodaten razlog za zaskrbljenost - Hudo Slovenija","og_description":"Kategorija: Kronika Fri, 01 Dec 2017 08:00:00 +0100 \u0160kofja Loka \u2013 Ob intervenciji 58 prostovoljnih gasilcev z obmo\u010dja \u0160kofje Loke v sredo zve\u010der v podjetju Ekologija v \u0160kofji Loki so ugotovili, da je pri\u0161lo do pregrevanja agregata hidravli\u010dne stiskalnice in nato do izpusta hidravli\u010dnega olja, medtem ko naj ne bi bilo neposredne nevarnosti za okolje in ljudi.\u00bbUkrepanje je potekalo, glede na to, da je bilo zaznati dim, kot da bi gorelo, z vso potrebno za\u0161\u010ditno opremo in opremo za ga\u0161enje. Kljub temu smo bili pripravljeni za ukrepanje v primeru, da bi pri\u0161lo do izpusta nevarnih teko\u010din,\u00ab je povedal vodja intervencije, poveljnik PGD Trata Toma\u017e A\u017ebe. Izkazalo se je, da ni pri\u0161lo do izpustov, zaradi same okvare hidravli\u010dnega stroja pa tudi ni pri\u0161lo do vplivov na okolje, je dodal. Iz podjetja Ekologija so v izjavi v\u010deraj med drugim zapisali,\u00a0...","og_url":"https:\/\/hudo.com\/si\/aktualno\/smog-je-dodaten-razlog-za-zaskrbljenost\/","og_site_name":"Hudo Slovenija","article_publisher":"https:\/\/www.facebook.com\/hudo.si","article_published_time":"2017-12-01T06:00:00+00:00","og_image":[{"width":480,"height":290,"url":"https:\/\/hudo.com\/si\/wp-content\/uploads\/sites\/2\/2017\/12\/480x290_Delo_Foto-20171201075823-47986900.jpeg","type":"image\/jpeg"}],"author":"hudo","twitter_card":"summary_large_image","twitter_creator":"@hudo_si","twitter_site":"@hudo_si","twitter_misc":{"Written by":"hudo","Est. reading time":"1 minuta"},"schema":{"@context":"https:\/\/schema.org","@graph":[{"@type":"Article","@id":"https:\/\/hudo.com\/si\/aktualno\/smog-je-dodaten-razlog-za-zaskrbljenost\/#article","isPartOf":{"@id":"https:\/\/hudo.com\/si\/aktualno\/smog-je-dodaten-razlog-za-zaskrbljenost\/"},"author":{"name":"hudo","@id":"https:\/\/hudo.com\/si\/#\/schema\/person\/601cf3379633985b20f7e50f2bb47707"},"headline":"Smog je dodaten razlog za zaskrbljenost","datePublished":"2017-12-01T06:00:00+00:00","dateModified":"2017-12-01T06:00:00+00:00","mainEntityOfPage":{"@id":"https:\/\/hudo.com\/si\/aktualno\/smog-je-dodaten-razlog-za-zaskrbljenost\/"},"wordCount":153,"publisher":{"@id":"https:\/\/hudo.com\/si\/#organization"},"articleSection":["Aktualno"],"inLanguage":"sl-SI"},{"@type":"WebPage","@id":"https:\/\/hudo.com\/si\/aktualno\/smog-je-dodaten-razlog-za-zaskrbljenost\/","url":"https:\/\/hudo.com\/si\/aktualno\/smog-je-dodaten-razlog-za-zaskrbljenost\/","name":"Smog je dodaten razlog za zaskrbljenost - Hudo Slovenija","isPartOf":{"@id":"https:\/\/hudo.com\/si\/#website"},"datePublished":"2017-12-01T06:00:00+00:00","dateModified":"2017-12-01T06:00:00+00:00","breadcrumb":{"@id":"https:\/\/hudo.com\/si\/aktualno\/smog-je-dodaten-razlog-za-zaskrbljenost\/#breadcrumb"},"inLanguage":"sl-SI","potentialAction":[{"@type":"ReadAction","target":["https:\/\/hudo.com\/si\/aktualno\/smog-je-dodaten-razlog-za-zaskrbljenost\/"]}]},{"@type":"BreadcrumbList","@id":"https:\/\/hudo.com\/si\/aktualno\/smog-je-dodaten-razlog-za-zaskrbljenost\/#breadcrumb","itemListElement":[{"@type":"ListItem","position":1,"name":"Home","item":"https:\/\/hudo.com\/si\/"},{"@type":"ListItem","position":2,"name":"Smog je dodaten razlog za zaskrbljenost"}]},{"@type":"WebSite","@id":"https:\/\/hudo.com\/si\/#website","url":"https:\/\/hudo.com\/si\/","name":"Hudo Slovenija","description":"Vse novice iz Slovenije in sveta","publisher":{"@id":"https:\/\/hudo.com\/si\/#organization"},"potentialAction":[{"@type":"SearchAction","target":{"@type":"EntryPoint","urlTemplate":"https:\/\/hudo.com\/si\/?s={search_term_string}"},"query-input":"required name=search_term_string"}],"inLanguage":"sl-SI"},{"@type":"Organization","@id":"https:\/\/hudo.com\/si\/#organization","name":"VSN Media","url":"https:\/\/hudo.com\/si\/","logo":{"@type":"ImageObject","inLanguage":"sl-SI","@id":"https:\/\/hudo.com\/si\/#\/schema\/logo\/image\/","url":"https:\/\/hudo.com\/si\/wp-content\/uploads\/sites\/2\/2021\/03\/hudo-app-2.png","contentUrl":"https:\/\/hudo.com\/si\/wp-content\/uploads\/sites\/2\/2021\/03\/hudo-app-2.png","width":2185,"height":2167,"caption":"VSN Media"},"image":{"@id":"https:\/\/hudo.com\/si\/#\/schema\/logo\/image\/"},"sameAs":["https:\/\/www.facebook.com\/hudo.si","https:\/\/twitter.com\/hudo_si"]},{"@type":"Person","@id":"https:\/\/hudo.com\/si\/#\/schema\/person\/601cf3379633985b20f7e50f2bb47707","name":"hudo","image":{"@type":"ImageObject","inLanguage":"sl-SI","@id":"https:\/\/hudo.com\/si\/#\/schema\/person\/image\/","url":"https:\/\/secure.gravatar.com\/avatar\/c4ca25fa72cace7a696b52ff5db9e095?s=96&d=mm&r=g","contentUrl":"https:\/\/secure.gravatar.com\/avatar\/c4ca25fa72cace7a696b52ff5db9e095?s=96&d=mm&r=g","caption":"hudo"},"url":"https:\/\/hudo.com\/si\/author\/hudo\/"}]}},"amp_enabled":true,"_links":{"self":[{"href":"https:\/\/hudo.com\/si\/wp-json\/wp\/v2\/posts\/328333"}],"collection":[{"href":"https:\/\/hudo.com\/si\/wp-json\/wp\/v2\/posts"}],"about":[{"href":"https:\/\/hudo.com\/si\/wp-json\/wp\/v2\/types\/post"}],"author":[{"embeddable":true,"href":"https:\/\/hudo.com\/si\/wp-json\/wp\/v2\/users\/1"}],"replies":[{"embeddable":true,"href":"https:\/\/hudo.com\/si\/wp-json\/wp\/v2\/comments?post=328333"}],"version-history":[{"count":0,"href":"https:\/\/hudo.com\/si\/wp-json\/wp\/v2\/posts\/328333\/revisions"}],"wp:attachment":[{"href":"https:\/\/hudo.com\/si\/wp-json\/wp\/v2\/media?parent=328333"}],"wp:term":[{"taxonomy":"category","embeddable":true,"href":"https:\/\/hudo.com\/si\/wp-json\/wp\/v2\/categories?post=328333"},{"taxonomy":"post_tag","embeddable":true,"href":"https:\/\/hudo.com\/si\/wp-json\/wp\/v2\/tags?post=328333"},{"taxonomy":"source","embeddable":true,"href":"https:\/\/hudo.com\/si\/wp-json\/wp\/v2\/source?post=328333"},{"taxonomy":"supertag","embeddable":true,"href":"https:\/\/hudo.com\/si\/wp-json\/wp\/v2\/supertag?post=328333"}],"curies":[{"name":"wp","href":"https:\/\/api.w.org\/{rel}","templated":true}]}}