{"id":328870,"date":"2017-12-02T15:57:00","date_gmt":"2017-12-02T14:57:00","guid":{"rendered":"http:\/\/hudo.com\/si\/2017\/12\/02\/tomaz-druml-koncal-kariero-pod-slovensko-zastavo\/"},"modified":"2017-12-02T15:57:00","modified_gmt":"2017-12-02T14:57:00","slug":"tomaz-druml-koncal-kariero-pod-slovensko-zastavo","status":"publish","type":"post","link":"https:\/\/hudo.com\/si\/aktualno\/tomaz-druml-koncal-kariero-pod-slovensko-zastavo\/","title":{"rendered":"Toma\u017e Druml kon\u010dal kariero pod slovensko zastavo"},"content":{"rendered":"<p>Kategorija: Zimski Sat, 02 Dec 2017 16:57:00 +0100  Lillehammer &#8211; Ekipno tekmo svetovnega pokala nordijskih kombinatorcev je, s slovenskega gledi\u0161\u010da, zaznamoval poslovilni nastop zamejca Toma\u017ea Drumla, ki je poleti avstrijske barve zamenjal za slovenske, a zaradi zdravstvenih te\u017eav kariere ne more nadaljevati. \u0160portno pot je zaklju\u010dil kot \u010dlan zadnjeuvr\u0161\u010dene \u010detverice, ki so jo sestavljali \u0161e Marjan Jelenko, Leon \u0160arc in Vid Vrhovnik. Zasedli so dvanajsto mesto, a bi bili vi\u0161je, \u010de \u0160arc v skakalnem delu preizku\u0161nje ne bi bil diskvalificiran zaradi neustreznega skakalnega \u010devlja. Na stopni\u010dkah so se zvrstili Norve\u017eani, Nemci in Francozi. \u00bbZame je bil to zelo \u010dustven dan, emocije so bile prisotne vso tekmo. \u0160koda, da nismo imeli mo\u017enosti boriti se za \u010dim bolj\u0161e mesto zaradi diskvallifikacije, a tudi tako sem na poslovilni tekmi zelo u\u017eival. Hvala fantom za danes in vso sre\u010do za naprej! Gledal sem\u00a0&#8230;<\/p>\n","protected":false},"excerpt":{"rendered":"<p>Kategorija: Zimski Sat, 02 Dec 2017 16:57:00 +0100  Lillehammer &#8211; Ekipno tekmo svetovnega pokala nordijskih kombinatorcev je, s slovenskega gledi\u0161\u010da, zaznamoval poslovilni nastop zamejca Toma\u017ea Drumla, ki je poleti avstrijske barve zamenjal za slovenske, a zaradi zdravstvenih te\u017eav kariere ne more nadaljevati. \u0160portno pot je zaklju\u010dil kot \u010dlan zadnjeuvr\u0161\u010dene \u010detverice, ki so jo sestavljali \u0161e Marjan Jelenko, Leon \u0160arc in Vid Vrhovnik. Zasedli so dvanajsto mesto, a bi bili vi\u0161je, \u010de \u0160arc v skakalnem delu preizku\u0161nje ne bi bil diskvalificiran zaradi neustreznega skakalnega \u010devlja. Na stopni\u010dkah so se zvrstili Norve\u017eani, Nemci in Francozi. \u00bbZame je bil to zelo \u010dustven dan, emocije so bile prisotne vso tekmo. \u0160koda, da nismo imeli mo\u017enosti boriti se za \u010dim bolj\u0161e mesto zaradi diskvallifikacije, a tudi tako sem na poslovilni tekmi zelo u\u017eival. Hvala fantom za danes in vso sre\u010do za naprej! Gledal sem\u00a0&#8230;<\/p>\n","protected":false},"author":1,"featured_media":0,"comment_status":"closed","ping_status":"closed","sticky":false,"template":"","format":"standard","meta":{"footnotes":""},"categories":[1179],"tags":[],"source":[1703],"supertag":[],"acf":[],"yoast_head":"<!-- This site is optimized with the Yoast SEO plugin v21.3 - https:\/\/yoast.com\/wordpress\/plugins\/seo\/ -->\n<title>Toma\u017e Druml kon\u010dal kariero pod slovensko zastavo - Hudo Slovenija<\/title>\n<meta name=\"robots\" content=\"index, follow, max-snippet:-1, max-image-preview:large, max-video-preview:-1\" \/>\n<link rel=\"canonical\" href=\"https:\/\/hudo.com\/si\/aktualno\/tomaz-druml-koncal-kariero-pod-slovensko-zastavo\/\" \/>\n<meta property=\"og:locale\" content=\"sl_SI\" \/>\n<meta property=\"og:type\" content=\"article\" \/>\n<meta property=\"og:title\" content=\"Toma\u017e Druml kon\u010dal kariero pod slovensko zastavo - Hudo Slovenija\" \/>\n<meta property=\"og:description\" content=\"Kategorija: Zimski Sat, 02 Dec 2017 16:57:00 +0100 Lillehammer - Ekipno tekmo svetovnega pokala nordijskih kombinatorcev je, s slovenskega gledi\u0161\u010da, zaznamoval poslovilni nastop zamejca Toma\u017ea Drumla, ki je poleti avstrijske barve zamenjal za slovenske, a zaradi zdravstvenih te\u017eav kariere ne more nadaljevati. \u0160portno pot je zaklju\u010dil kot \u010dlan zadnjeuvr\u0161\u010dene \u010detverice, ki so jo sestavljali \u0161e Marjan Jelenko, Leon \u0160arc in Vid Vrhovnik. Zasedli so dvanajsto mesto, a bi bili vi\u0161je, \u010de \u0160arc v skakalnem delu preizku\u0161nje ne bi bil diskvalificiran zaradi neustreznega skakalnega \u010devlja. Na stopni\u010dkah so se zvrstili Norve\u017eani, Nemci in Francozi. \u00bbZame je bil to zelo \u010dustven dan, emocije so bile prisotne vso tekmo. \u0160koda, da nismo imeli mo\u017enosti boriti se za \u010dim bolj\u0161e mesto zaradi diskvallifikacije, a tudi tako sem na poslovilni tekmi zelo u\u017eival. Hvala fantom za danes in vso sre\u010do za naprej! Gledal sem\u00a0...\" \/>\n<meta property=\"og:url\" content=\"https:\/\/hudo.com\/si\/aktualno\/tomaz-druml-koncal-kariero-pod-slovensko-zastavo\/\" \/>\n<meta property=\"og:site_name\" content=\"Hudo Slovenija\" \/>\n<meta property=\"article:publisher\" content=\"https:\/\/www.facebook.com\/hudo.si\" \/>\n<meta property=\"article:published_time\" content=\"2017-12-02T14:57:00+00:00\" \/>\n<meta property=\"og:image\" content=\"https:\/\/hudo.com\/si\/wp-content\/uploads\/sites\/2\/2017\/12\/480x290_Delo_Foto-20170710173208-59338700.jpeg\" \/>\n\t<meta property=\"og:image:width\" content=\"480\" \/>\n\t<meta property=\"og:image:height\" content=\"290\" \/>\n\t<meta property=\"og:image:type\" content=\"image\/jpeg\" \/>\n<meta name=\"author\" content=\"hudo\" \/>\n<meta name=\"twitter:card\" content=\"summary_large_image\" \/>\n<meta name=\"twitter:creator\" content=\"@hudo_si\" \/>\n<meta name=\"twitter:site\" content=\"@hudo_si\" \/>\n<meta name=\"twitter:label1\" content=\"Written by\" \/>\n\t<meta name=\"twitter:data1\" content=\"hudo\" \/>\n\t<meta name=\"twitter:label2\" content=\"Est. reading time\" \/>\n\t<meta name=\"twitter:data2\" content=\"1 minuta\" \/>\n<script type=\"application\/ld+json\" class=\"yoast-schema-graph\">{\"@context\":\"https:\/\/schema.org\",\"@graph\":[{\"@type\":\"Article\",\"@id\":\"https:\/\/hudo.com\/si\/aktualno\/tomaz-druml-koncal-kariero-pod-slovensko-zastavo\/#article\",\"isPartOf\":{\"@id\":\"https:\/\/hudo.com\/si\/aktualno\/tomaz-druml-koncal-kariero-pod-slovensko-zastavo\/\"},\"author\":{\"name\":\"hudo\",\"@id\":\"https:\/\/hudo.com\/si\/#\/schema\/person\/601cf3379633985b20f7e50f2bb47707\"},\"headline\":\"Toma\u017e Druml kon\u010dal kariero pod slovensko zastavo\",\"datePublished\":\"2017-12-02T14:57:00+00:00\",\"dateModified\":\"2017-12-02T14:57:00+00:00\",\"mainEntityOfPage\":{\"@id\":\"https:\/\/hudo.com\/si\/aktualno\/tomaz-druml-koncal-kariero-pod-slovensko-zastavo\/\"},\"wordCount\":156,\"publisher\":{\"@id\":\"https:\/\/hudo.com\/si\/#organization\"},\"articleSection\":[\"Aktualno\"],\"inLanguage\":\"sl-SI\"},{\"@type\":\"WebPage\",\"@id\":\"https:\/\/hudo.com\/si\/aktualno\/tomaz-druml-koncal-kariero-pod-slovensko-zastavo\/\",\"url\":\"https:\/\/hudo.com\/si\/aktualno\/tomaz-druml-koncal-kariero-pod-slovensko-zastavo\/\",\"name\":\"Toma\u017e Druml kon\u010dal kariero pod slovensko zastavo - Hudo Slovenija\",\"isPartOf\":{\"@id\":\"https:\/\/hudo.com\/si\/#website\"},\"datePublished\":\"2017-12-02T14:57:00+00:00\",\"dateModified\":\"2017-12-02T14:57:00+00:00\",\"breadcrumb\":{\"@id\":\"https:\/\/hudo.com\/si\/aktualno\/tomaz-druml-koncal-kariero-pod-slovensko-zastavo\/#breadcrumb\"},\"inLanguage\":\"sl-SI\",\"potentialAction\":[{\"@type\":\"ReadAction\",\"target\":[\"https:\/\/hudo.com\/si\/aktualno\/tomaz-druml-koncal-kariero-pod-slovensko-zastavo\/\"]}]},{\"@type\":\"BreadcrumbList\",\"@id\":\"https:\/\/hudo.com\/si\/aktualno\/tomaz-druml-koncal-kariero-pod-slovensko-zastavo\/#breadcrumb\",\"itemListElement\":[{\"@type\":\"ListItem\",\"position\":1,\"name\":\"Home\",\"item\":\"https:\/\/hudo.com\/si\/\"},{\"@type\":\"ListItem\",\"position\":2,\"name\":\"Toma\u017e Druml kon\u010dal kariero pod slovensko zastavo\"}]},{\"@type\":\"WebSite\",\"@id\":\"https:\/\/hudo.com\/si\/#website\",\"url\":\"https:\/\/hudo.com\/si\/\",\"name\":\"Hudo Slovenija\",\"description\":\"Vse novice iz Slovenije in sveta\",\"publisher\":{\"@id\":\"https:\/\/hudo.com\/si\/#organization\"},\"potentialAction\":[{\"@type\":\"SearchAction\",\"target\":{\"@type\":\"EntryPoint\",\"urlTemplate\":\"https:\/\/hudo.com\/si\/?s={search_term_string}\"},\"query-input\":\"required name=search_term_string\"}],\"inLanguage\":\"sl-SI\"},{\"@type\":\"Organization\",\"@id\":\"https:\/\/hudo.com\/si\/#organization\",\"name\":\"VSN Media\",\"url\":\"https:\/\/hudo.com\/si\/\",\"logo\":{\"@type\":\"ImageObject\",\"inLanguage\":\"sl-SI\",\"@id\":\"https:\/\/hudo.com\/si\/#\/schema\/logo\/image\/\",\"url\":\"https:\/\/hudo.com\/si\/wp-content\/uploads\/sites\/2\/2021\/03\/hudo-app-2.png\",\"contentUrl\":\"https:\/\/hudo.com\/si\/wp-content\/uploads\/sites\/2\/2021\/03\/hudo-app-2.png\",\"width\":2185,\"height\":2167,\"caption\":\"VSN Media\"},\"image\":{\"@id\":\"https:\/\/hudo.com\/si\/#\/schema\/logo\/image\/\"},\"sameAs\":[\"https:\/\/www.facebook.com\/hudo.si\",\"https:\/\/twitter.com\/hudo_si\"]},{\"@type\":\"Person\",\"@id\":\"https:\/\/hudo.com\/si\/#\/schema\/person\/601cf3379633985b20f7e50f2bb47707\",\"name\":\"hudo\",\"image\":{\"@type\":\"ImageObject\",\"inLanguage\":\"sl-SI\",\"@id\":\"https:\/\/hudo.com\/si\/#\/schema\/person\/image\/\",\"url\":\"https:\/\/secure.gravatar.com\/avatar\/c4ca25fa72cace7a696b52ff5db9e095?s=96&d=mm&r=g\",\"contentUrl\":\"https:\/\/secure.gravatar.com\/avatar\/c4ca25fa72cace7a696b52ff5db9e095?s=96&d=mm&r=g\",\"caption\":\"hudo\"},\"url\":\"https:\/\/hudo.com\/si\/author\/hudo\/\"}]}<\/script>\n<!-- \/ Yoast SEO plugin. -->","yoast_head_json":{"title":"Toma\u017e Druml kon\u010dal kariero pod slovensko zastavo - Hudo Slovenija","robots":{"index":"index","follow":"follow","max-snippet":"max-snippet:-1","max-image-preview":"max-image-preview:large","max-video-preview":"max-video-preview:-1"},"canonical":"https:\/\/hudo.com\/si\/aktualno\/tomaz-druml-koncal-kariero-pod-slovensko-zastavo\/","og_locale":"sl_SI","og_type":"article","og_title":"Toma\u017e Druml kon\u010dal kariero pod slovensko zastavo - Hudo Slovenija","og_description":"Kategorija: Zimski Sat, 02 Dec 2017 16:57:00 +0100 Lillehammer - Ekipno tekmo svetovnega pokala nordijskih kombinatorcev je, s slovenskega gledi\u0161\u010da, zaznamoval poslovilni nastop zamejca Toma\u017ea Drumla, ki je poleti avstrijske barve zamenjal za slovenske, a zaradi zdravstvenih te\u017eav kariere ne more nadaljevati. \u0160portno pot je zaklju\u010dil kot \u010dlan zadnjeuvr\u0161\u010dene \u010detverice, ki so jo sestavljali \u0161e Marjan Jelenko, Leon \u0160arc in Vid Vrhovnik. Zasedli so dvanajsto mesto, a bi bili vi\u0161je, \u010de \u0160arc v skakalnem delu preizku\u0161nje ne bi bil diskvalificiran zaradi neustreznega skakalnega \u010devlja. Na stopni\u010dkah so se zvrstili Norve\u017eani, Nemci in Francozi. \u00bbZame je bil to zelo \u010dustven dan, emocije so bile prisotne vso tekmo. \u0160koda, da nismo imeli mo\u017enosti boriti se za \u010dim bolj\u0161e mesto zaradi diskvallifikacije, a tudi tako sem na poslovilni tekmi zelo u\u017eival. Hvala fantom za danes in vso sre\u010do za naprej! Gledal sem\u00a0...","og_url":"https:\/\/hudo.com\/si\/aktualno\/tomaz-druml-koncal-kariero-pod-slovensko-zastavo\/","og_site_name":"Hudo Slovenija","article_publisher":"https:\/\/www.facebook.com\/hudo.si","article_published_time":"2017-12-02T14:57:00+00:00","og_image":[{"width":480,"height":290,"url":"https:\/\/hudo.com\/si\/wp-content\/uploads\/sites\/2\/2017\/12\/480x290_Delo_Foto-20170710173208-59338700.jpeg","type":"image\/jpeg"}],"author":"hudo","twitter_card":"summary_large_image","twitter_creator":"@hudo_si","twitter_site":"@hudo_si","twitter_misc":{"Written by":"hudo","Est. reading time":"1 minuta"},"schema":{"@context":"https:\/\/schema.org","@graph":[{"@type":"Article","@id":"https:\/\/hudo.com\/si\/aktualno\/tomaz-druml-koncal-kariero-pod-slovensko-zastavo\/#article","isPartOf":{"@id":"https:\/\/hudo.com\/si\/aktualno\/tomaz-druml-koncal-kariero-pod-slovensko-zastavo\/"},"author":{"name":"hudo","@id":"https:\/\/hudo.com\/si\/#\/schema\/person\/601cf3379633985b20f7e50f2bb47707"},"headline":"Toma\u017e Druml kon\u010dal kariero pod slovensko zastavo","datePublished":"2017-12-02T14:57:00+00:00","dateModified":"2017-12-02T14:57:00+00:00","mainEntityOfPage":{"@id":"https:\/\/hudo.com\/si\/aktualno\/tomaz-druml-koncal-kariero-pod-slovensko-zastavo\/"},"wordCount":156,"publisher":{"@id":"https:\/\/hudo.com\/si\/#organization"},"articleSection":["Aktualno"],"inLanguage":"sl-SI"},{"@type":"WebPage","@id":"https:\/\/hudo.com\/si\/aktualno\/tomaz-druml-koncal-kariero-pod-slovensko-zastavo\/","url":"https:\/\/hudo.com\/si\/aktualno\/tomaz-druml-koncal-kariero-pod-slovensko-zastavo\/","name":"Toma\u017e Druml kon\u010dal kariero pod slovensko zastavo - Hudo Slovenija","isPartOf":{"@id":"https:\/\/hudo.com\/si\/#website"},"datePublished":"2017-12-02T14:57:00+00:00","dateModified":"2017-12-02T14:57:00+00:00","breadcrumb":{"@id":"https:\/\/hudo.com\/si\/aktualno\/tomaz-druml-koncal-kariero-pod-slovensko-zastavo\/#breadcrumb"},"inLanguage":"sl-SI","potentialAction":[{"@type":"ReadAction","target":["https:\/\/hudo.com\/si\/aktualno\/tomaz-druml-koncal-kariero-pod-slovensko-zastavo\/"]}]},{"@type":"BreadcrumbList","@id":"https:\/\/hudo.com\/si\/aktualno\/tomaz-druml-koncal-kariero-pod-slovensko-zastavo\/#breadcrumb","itemListElement":[{"@type":"ListItem","position":1,"name":"Home","item":"https:\/\/hudo.com\/si\/"},{"@type":"ListItem","position":2,"name":"Toma\u017e Druml kon\u010dal kariero pod slovensko zastavo"}]},{"@type":"WebSite","@id":"https:\/\/hudo.com\/si\/#website","url":"https:\/\/hudo.com\/si\/","name":"Hudo Slovenija","description":"Vse novice iz Slovenije in sveta","publisher":{"@id":"https:\/\/hudo.com\/si\/#organization"},"potentialAction":[{"@type":"SearchAction","target":{"@type":"EntryPoint","urlTemplate":"https:\/\/hudo.com\/si\/?s={search_term_string}"},"query-input":"required name=search_term_string"}],"inLanguage":"sl-SI"},{"@type":"Organization","@id":"https:\/\/hudo.com\/si\/#organization","name":"VSN Media","url":"https:\/\/hudo.com\/si\/","logo":{"@type":"ImageObject","inLanguage":"sl-SI","@id":"https:\/\/hudo.com\/si\/#\/schema\/logo\/image\/","url":"https:\/\/hudo.com\/si\/wp-content\/uploads\/sites\/2\/2021\/03\/hudo-app-2.png","contentUrl":"https:\/\/hudo.com\/si\/wp-content\/uploads\/sites\/2\/2021\/03\/hudo-app-2.png","width":2185,"height":2167,"caption":"VSN Media"},"image":{"@id":"https:\/\/hudo.com\/si\/#\/schema\/logo\/image\/"},"sameAs":["https:\/\/www.facebook.com\/hudo.si","https:\/\/twitter.com\/hudo_si"]},{"@type":"Person","@id":"https:\/\/hudo.com\/si\/#\/schema\/person\/601cf3379633985b20f7e50f2bb47707","name":"hudo","image":{"@type":"ImageObject","inLanguage":"sl-SI","@id":"https:\/\/hudo.com\/si\/#\/schema\/person\/image\/","url":"https:\/\/secure.gravatar.com\/avatar\/c4ca25fa72cace7a696b52ff5db9e095?s=96&d=mm&r=g","contentUrl":"https:\/\/secure.gravatar.com\/avatar\/c4ca25fa72cace7a696b52ff5db9e095?s=96&d=mm&r=g","caption":"hudo"},"url":"https:\/\/hudo.com\/si\/author\/hudo\/"}]}},"amp_enabled":true,"_links":{"self":[{"href":"https:\/\/hudo.com\/si\/wp-json\/wp\/v2\/posts\/328870"}],"collection":[{"href":"https:\/\/hudo.com\/si\/wp-json\/wp\/v2\/posts"}],"about":[{"href":"https:\/\/hudo.com\/si\/wp-json\/wp\/v2\/types\/post"}],"author":[{"embeddable":true,"href":"https:\/\/hudo.com\/si\/wp-json\/wp\/v2\/users\/1"}],"replies":[{"embeddable":true,"href":"https:\/\/hudo.com\/si\/wp-json\/wp\/v2\/comments?post=328870"}],"version-history":[{"count":0,"href":"https:\/\/hudo.com\/si\/wp-json\/wp\/v2\/posts\/328870\/revisions"}],"wp:attachment":[{"href":"https:\/\/hudo.com\/si\/wp-json\/wp\/v2\/media?parent=328870"}],"wp:term":[{"taxonomy":"category","embeddable":true,"href":"https:\/\/hudo.com\/si\/wp-json\/wp\/v2\/categories?post=328870"},{"taxonomy":"post_tag","embeddable":true,"href":"https:\/\/hudo.com\/si\/wp-json\/wp\/v2\/tags?post=328870"},{"taxonomy":"source","embeddable":true,"href":"https:\/\/hudo.com\/si\/wp-json\/wp\/v2\/source?post=328870"},{"taxonomy":"supertag","embeddable":true,"href":"https:\/\/hudo.com\/si\/wp-json\/wp\/v2\/supertag?post=328870"}],"curies":[{"name":"wp","href":"https:\/\/api.w.org\/{rel}","templated":true}]}}