{"id":328965,"date":"2017-12-03T07:22:00","date_gmt":"2017-12-03T06:22:00","guid":{"rendered":"http:\/\/hudo.com\/si\/2017\/12\/03\/afd-bosta-odslej-vodila-meuthen-in-gauland\/"},"modified":"2017-12-03T07:22:00","modified_gmt":"2017-12-03T06:22:00","slug":"afd-bosta-odslej-vodila-meuthen-in-gauland","status":"publish","type":"post","link":"https:\/\/hudo.com\/si\/aktualno\/afd-bosta-odslej-vodila-meuthen-in-gauland\/","title":{"rendered":"AfD bosta odslej vodila Meuthen in Gauland"},"content":{"rendered":"<p>Kategorija: Evropa Sun, 03 Dec 2017 08:22:00 +0100  Hannover &#8211; Skrajno desna Alternativa za Nem\u010dijo (AfD), ki je po septembrskih volitvah bundestaga tretja najmo\u010dnej\u0161a nem\u0161ka stranka, je v soboto pozno zve\u010der vendarle uspela izvoliti svoje novo vodstvo. Po novem bosta stranko vodila J\u00f6rg Meuthen in pa vodja poslanske skupine AfD v bundestagu Alexander Gauland. Gre za poraz zmernega krila stranke. Izvolitev Meuthna, ki je \u017ee od leta 2015 eden od dveh sopredsedujo\u010dih stranki, je v soboto potekala brez zapletov, saj je bil z 72 odstotki podpore prepri\u010dljivo potrjen \u017ee v prvem krogu glasovanja. \u010ceprav je zgovoren tudi podatek, da je proti njemu glasovala pribli\u017eno \u010detrtina delegatov. Zapletlo pa se je pri volitvah drugega predsednika, kjer se pribli\u017eno 600 delegatov AfD, zbranih na kongresu v Hannovru, nikakor ni moglo poenotiti. Za polo\u017eaj sta se potegovala vodja berlinske AfD Georg Pazderski in\u00a0&#8230;<\/p>\n","protected":false},"excerpt":{"rendered":"<p>Kategorija: Evropa Sun, 03 Dec 2017 08:22:00 +0100  Hannover &#8211; Skrajno desna Alternativa za Nem\u010dijo (AfD), ki je po septembrskih volitvah bundestaga tretja najmo\u010dnej\u0161a nem\u0161ka stranka, je v soboto pozno zve\u010der vendarle uspela izvoliti svoje novo vodstvo. Po novem bosta stranko vodila J\u00f6rg Meuthen in pa vodja poslanske skupine AfD v bundestagu Alexander Gauland. Gre za poraz zmernega krila stranke. Izvolitev Meuthna, ki je \u017ee od leta 2015 eden od dveh sopredsedujo\u010dih stranki, je v soboto potekala brez zapletov, saj je bil z 72 odstotki podpore prepri\u010dljivo potrjen \u017ee v prvem krogu glasovanja. \u010ceprav je zgovoren tudi podatek, da je proti njemu glasovala pribli\u017eno \u010detrtina delegatov. Zapletlo pa se je pri volitvah drugega predsednika, kjer se pribli\u017eno 600 delegatov AfD, zbranih na kongresu v Hannovru, nikakor ni moglo poenotiti. Za polo\u017eaj sta se potegovala vodja berlinske AfD Georg Pazderski in\u00a0&#8230;<\/p>\n","protected":false},"author":1,"featured_media":0,"comment_status":"closed","ping_status":"closed","sticky":false,"template":"","format":"standard","meta":{"footnotes":""},"categories":[1179],"tags":[],"source":[1703],"supertag":[],"acf":[],"yoast_head":"<!-- This site is optimized with the Yoast SEO plugin v21.3 - https:\/\/yoast.com\/wordpress\/plugins\/seo\/ -->\n<title>AfD bosta odslej vodila Meuthen in Gauland - Hudo Slovenija<\/title>\n<meta name=\"robots\" content=\"index, follow, max-snippet:-1, max-image-preview:large, max-video-preview:-1\" \/>\n<link rel=\"canonical\" href=\"https:\/\/hudo.com\/si\/aktualno\/afd-bosta-odslej-vodila-meuthen-in-gauland\/\" \/>\n<meta property=\"og:locale\" content=\"sl_SI\" \/>\n<meta property=\"og:type\" content=\"article\" \/>\n<meta property=\"og:title\" content=\"AfD bosta odslej vodila Meuthen in Gauland - Hudo Slovenija\" \/>\n<meta property=\"og:description\" content=\"Kategorija: Evropa Sun, 03 Dec 2017 08:22:00 +0100 Hannover - Skrajno desna Alternativa za Nem\u010dijo (AfD), ki je po septembrskih volitvah bundestaga tretja najmo\u010dnej\u0161a nem\u0161ka stranka, je v soboto pozno zve\u010der vendarle uspela izvoliti svoje novo vodstvo. Po novem bosta stranko vodila J\u00f6rg Meuthen in pa vodja poslanske skupine AfD v bundestagu Alexander Gauland. Gre za poraz zmernega krila stranke. Izvolitev Meuthna, ki je \u017ee od leta 2015 eden od dveh sopredsedujo\u010dih stranki, je v soboto potekala brez zapletov, saj je bil z 72 odstotki podpore prepri\u010dljivo potrjen \u017ee v prvem krogu glasovanja. \u010ceprav je zgovoren tudi podatek, da je proti njemu glasovala pribli\u017eno \u010detrtina delegatov. Zapletlo pa se je pri volitvah drugega predsednika, kjer se pribli\u017eno 600 delegatov AfD, zbranih na kongresu v Hannovru, nikakor ni moglo poenotiti. Za polo\u017eaj sta se potegovala vodja berlinske AfD Georg Pazderski in\u00a0...\" \/>\n<meta property=\"og:url\" content=\"https:\/\/hudo.com\/si\/aktualno\/afd-bosta-odslej-vodila-meuthen-in-gauland\/\" \/>\n<meta property=\"og:site_name\" content=\"Hudo Slovenija\" \/>\n<meta property=\"article:publisher\" content=\"https:\/\/www.facebook.com\/hudo.si\" \/>\n<meta property=\"article:published_time\" content=\"2017-12-03T06:22:00+00:00\" \/>\n<meta property=\"og:image\" content=\"https:\/\/hudo.com\/si\/wp-content\/uploads\/sites\/2\/2017\/12\/480x290_Reuters_Pictures-20171202193033-02947900.jpeg\" \/>\n\t<meta property=\"og:image:width\" content=\"480\" \/>\n\t<meta property=\"og:image:height\" content=\"290\" \/>\n\t<meta property=\"og:image:type\" content=\"image\/jpeg\" \/>\n<meta name=\"author\" content=\"hudo\" \/>\n<meta name=\"twitter:card\" content=\"summary_large_image\" \/>\n<meta name=\"twitter:creator\" content=\"@hudo_si\" \/>\n<meta name=\"twitter:site\" content=\"@hudo_si\" \/>\n<meta name=\"twitter:label1\" content=\"Written by\" \/>\n\t<meta name=\"twitter:data1\" content=\"hudo\" \/>\n\t<meta name=\"twitter:label2\" content=\"Est. reading time\" \/>\n\t<meta name=\"twitter:data2\" content=\"1 minuta\" \/>\n<script type=\"application\/ld+json\" class=\"yoast-schema-graph\">{\"@context\":\"https:\/\/schema.org\",\"@graph\":[{\"@type\":\"Article\",\"@id\":\"https:\/\/hudo.com\/si\/aktualno\/afd-bosta-odslej-vodila-meuthen-in-gauland\/#article\",\"isPartOf\":{\"@id\":\"https:\/\/hudo.com\/si\/aktualno\/afd-bosta-odslej-vodila-meuthen-in-gauland\/\"},\"author\":{\"name\":\"hudo\",\"@id\":\"https:\/\/hudo.com\/si\/#\/schema\/person\/601cf3379633985b20f7e50f2bb47707\"},\"headline\":\"AfD bosta odslej vodila Meuthen in Gauland\",\"datePublished\":\"2017-12-03T06:22:00+00:00\",\"dateModified\":\"2017-12-03T06:22:00+00:00\",\"mainEntityOfPage\":{\"@id\":\"https:\/\/hudo.com\/si\/aktualno\/afd-bosta-odslej-vodila-meuthen-in-gauland\/\"},\"wordCount\":151,\"publisher\":{\"@id\":\"https:\/\/hudo.com\/si\/#organization\"},\"articleSection\":[\"Aktualno\"],\"inLanguage\":\"sl-SI\"},{\"@type\":\"WebPage\",\"@id\":\"https:\/\/hudo.com\/si\/aktualno\/afd-bosta-odslej-vodila-meuthen-in-gauland\/\",\"url\":\"https:\/\/hudo.com\/si\/aktualno\/afd-bosta-odslej-vodila-meuthen-in-gauland\/\",\"name\":\"AfD bosta odslej vodila Meuthen in Gauland - Hudo Slovenija\",\"isPartOf\":{\"@id\":\"https:\/\/hudo.com\/si\/#website\"},\"datePublished\":\"2017-12-03T06:22:00+00:00\",\"dateModified\":\"2017-12-03T06:22:00+00:00\",\"breadcrumb\":{\"@id\":\"https:\/\/hudo.com\/si\/aktualno\/afd-bosta-odslej-vodila-meuthen-in-gauland\/#breadcrumb\"},\"inLanguage\":\"sl-SI\",\"potentialAction\":[{\"@type\":\"ReadAction\",\"target\":[\"https:\/\/hudo.com\/si\/aktualno\/afd-bosta-odslej-vodila-meuthen-in-gauland\/\"]}]},{\"@type\":\"BreadcrumbList\",\"@id\":\"https:\/\/hudo.com\/si\/aktualno\/afd-bosta-odslej-vodila-meuthen-in-gauland\/#breadcrumb\",\"itemListElement\":[{\"@type\":\"ListItem\",\"position\":1,\"name\":\"Home\",\"item\":\"https:\/\/hudo.com\/si\/\"},{\"@type\":\"ListItem\",\"position\":2,\"name\":\"AfD bosta odslej vodila Meuthen in Gauland\"}]},{\"@type\":\"WebSite\",\"@id\":\"https:\/\/hudo.com\/si\/#website\",\"url\":\"https:\/\/hudo.com\/si\/\",\"name\":\"Hudo Slovenija\",\"description\":\"Vse novice iz Slovenije in sveta\",\"publisher\":{\"@id\":\"https:\/\/hudo.com\/si\/#organization\"},\"potentialAction\":[{\"@type\":\"SearchAction\",\"target\":{\"@type\":\"EntryPoint\",\"urlTemplate\":\"https:\/\/hudo.com\/si\/?s={search_term_string}\"},\"query-input\":\"required name=search_term_string\"}],\"inLanguage\":\"sl-SI\"},{\"@type\":\"Organization\",\"@id\":\"https:\/\/hudo.com\/si\/#organization\",\"name\":\"VSN Media\",\"url\":\"https:\/\/hudo.com\/si\/\",\"logo\":{\"@type\":\"ImageObject\",\"inLanguage\":\"sl-SI\",\"@id\":\"https:\/\/hudo.com\/si\/#\/schema\/logo\/image\/\",\"url\":\"https:\/\/hudo.com\/si\/wp-content\/uploads\/sites\/2\/2021\/03\/hudo-app-2.png\",\"contentUrl\":\"https:\/\/hudo.com\/si\/wp-content\/uploads\/sites\/2\/2021\/03\/hudo-app-2.png\",\"width\":2185,\"height\":2167,\"caption\":\"VSN Media\"},\"image\":{\"@id\":\"https:\/\/hudo.com\/si\/#\/schema\/logo\/image\/\"},\"sameAs\":[\"https:\/\/www.facebook.com\/hudo.si\",\"https:\/\/twitter.com\/hudo_si\"]},{\"@type\":\"Person\",\"@id\":\"https:\/\/hudo.com\/si\/#\/schema\/person\/601cf3379633985b20f7e50f2bb47707\",\"name\":\"hudo\",\"image\":{\"@type\":\"ImageObject\",\"inLanguage\":\"sl-SI\",\"@id\":\"https:\/\/hudo.com\/si\/#\/schema\/person\/image\/\",\"url\":\"https:\/\/secure.gravatar.com\/avatar\/c4ca25fa72cace7a696b52ff5db9e095?s=96&d=mm&r=g\",\"contentUrl\":\"https:\/\/secure.gravatar.com\/avatar\/c4ca25fa72cace7a696b52ff5db9e095?s=96&d=mm&r=g\",\"caption\":\"hudo\"},\"url\":\"https:\/\/hudo.com\/si\/author\/hudo\/\"}]}<\/script>\n<!-- \/ Yoast SEO plugin. -->","yoast_head_json":{"title":"AfD bosta odslej vodila Meuthen in Gauland - Hudo Slovenija","robots":{"index":"index","follow":"follow","max-snippet":"max-snippet:-1","max-image-preview":"max-image-preview:large","max-video-preview":"max-video-preview:-1"},"canonical":"https:\/\/hudo.com\/si\/aktualno\/afd-bosta-odslej-vodila-meuthen-in-gauland\/","og_locale":"sl_SI","og_type":"article","og_title":"AfD bosta odslej vodila Meuthen in Gauland - Hudo Slovenija","og_description":"Kategorija: Evropa Sun, 03 Dec 2017 08:22:00 +0100 Hannover - Skrajno desna Alternativa za Nem\u010dijo (AfD), ki je po septembrskih volitvah bundestaga tretja najmo\u010dnej\u0161a nem\u0161ka stranka, je v soboto pozno zve\u010der vendarle uspela izvoliti svoje novo vodstvo. Po novem bosta stranko vodila J\u00f6rg Meuthen in pa vodja poslanske skupine AfD v bundestagu Alexander Gauland. Gre za poraz zmernega krila stranke. Izvolitev Meuthna, ki je \u017ee od leta 2015 eden od dveh sopredsedujo\u010dih stranki, je v soboto potekala brez zapletov, saj je bil z 72 odstotki podpore prepri\u010dljivo potrjen \u017ee v prvem krogu glasovanja. \u010ceprav je zgovoren tudi podatek, da je proti njemu glasovala pribli\u017eno \u010detrtina delegatov. Zapletlo pa se je pri volitvah drugega predsednika, kjer se pribli\u017eno 600 delegatov AfD, zbranih na kongresu v Hannovru, nikakor ni moglo poenotiti. Za polo\u017eaj sta se potegovala vodja berlinske AfD Georg Pazderski in\u00a0...","og_url":"https:\/\/hudo.com\/si\/aktualno\/afd-bosta-odslej-vodila-meuthen-in-gauland\/","og_site_name":"Hudo Slovenija","article_publisher":"https:\/\/www.facebook.com\/hudo.si","article_published_time":"2017-12-03T06:22:00+00:00","og_image":[{"width":480,"height":290,"url":"https:\/\/hudo.com\/si\/wp-content\/uploads\/sites\/2\/2017\/12\/480x290_Reuters_Pictures-20171202193033-02947900.jpeg","type":"image\/jpeg"}],"author":"hudo","twitter_card":"summary_large_image","twitter_creator":"@hudo_si","twitter_site":"@hudo_si","twitter_misc":{"Written by":"hudo","Est. reading time":"1 minuta"},"schema":{"@context":"https:\/\/schema.org","@graph":[{"@type":"Article","@id":"https:\/\/hudo.com\/si\/aktualno\/afd-bosta-odslej-vodila-meuthen-in-gauland\/#article","isPartOf":{"@id":"https:\/\/hudo.com\/si\/aktualno\/afd-bosta-odslej-vodila-meuthen-in-gauland\/"},"author":{"name":"hudo","@id":"https:\/\/hudo.com\/si\/#\/schema\/person\/601cf3379633985b20f7e50f2bb47707"},"headline":"AfD bosta odslej vodila Meuthen in Gauland","datePublished":"2017-12-03T06:22:00+00:00","dateModified":"2017-12-03T06:22:00+00:00","mainEntityOfPage":{"@id":"https:\/\/hudo.com\/si\/aktualno\/afd-bosta-odslej-vodila-meuthen-in-gauland\/"},"wordCount":151,"publisher":{"@id":"https:\/\/hudo.com\/si\/#organization"},"articleSection":["Aktualno"],"inLanguage":"sl-SI"},{"@type":"WebPage","@id":"https:\/\/hudo.com\/si\/aktualno\/afd-bosta-odslej-vodila-meuthen-in-gauland\/","url":"https:\/\/hudo.com\/si\/aktualno\/afd-bosta-odslej-vodila-meuthen-in-gauland\/","name":"AfD bosta odslej vodila Meuthen in Gauland - Hudo Slovenija","isPartOf":{"@id":"https:\/\/hudo.com\/si\/#website"},"datePublished":"2017-12-03T06:22:00+00:00","dateModified":"2017-12-03T06:22:00+00:00","breadcrumb":{"@id":"https:\/\/hudo.com\/si\/aktualno\/afd-bosta-odslej-vodila-meuthen-in-gauland\/#breadcrumb"},"inLanguage":"sl-SI","potentialAction":[{"@type":"ReadAction","target":["https:\/\/hudo.com\/si\/aktualno\/afd-bosta-odslej-vodila-meuthen-in-gauland\/"]}]},{"@type":"BreadcrumbList","@id":"https:\/\/hudo.com\/si\/aktualno\/afd-bosta-odslej-vodila-meuthen-in-gauland\/#breadcrumb","itemListElement":[{"@type":"ListItem","position":1,"name":"Home","item":"https:\/\/hudo.com\/si\/"},{"@type":"ListItem","position":2,"name":"AfD bosta odslej vodila Meuthen in Gauland"}]},{"@type":"WebSite","@id":"https:\/\/hudo.com\/si\/#website","url":"https:\/\/hudo.com\/si\/","name":"Hudo Slovenija","description":"Vse novice iz Slovenije in sveta","publisher":{"@id":"https:\/\/hudo.com\/si\/#organization"},"potentialAction":[{"@type":"SearchAction","target":{"@type":"EntryPoint","urlTemplate":"https:\/\/hudo.com\/si\/?s={search_term_string}"},"query-input":"required name=search_term_string"}],"inLanguage":"sl-SI"},{"@type":"Organization","@id":"https:\/\/hudo.com\/si\/#organization","name":"VSN Media","url":"https:\/\/hudo.com\/si\/","logo":{"@type":"ImageObject","inLanguage":"sl-SI","@id":"https:\/\/hudo.com\/si\/#\/schema\/logo\/image\/","url":"https:\/\/hudo.com\/si\/wp-content\/uploads\/sites\/2\/2021\/03\/hudo-app-2.png","contentUrl":"https:\/\/hudo.com\/si\/wp-content\/uploads\/sites\/2\/2021\/03\/hudo-app-2.png","width":2185,"height":2167,"caption":"VSN Media"},"image":{"@id":"https:\/\/hudo.com\/si\/#\/schema\/logo\/image\/"},"sameAs":["https:\/\/www.facebook.com\/hudo.si","https:\/\/twitter.com\/hudo_si"]},{"@type":"Person","@id":"https:\/\/hudo.com\/si\/#\/schema\/person\/601cf3379633985b20f7e50f2bb47707","name":"hudo","image":{"@type":"ImageObject","inLanguage":"sl-SI","@id":"https:\/\/hudo.com\/si\/#\/schema\/person\/image\/","url":"https:\/\/secure.gravatar.com\/avatar\/c4ca25fa72cace7a696b52ff5db9e095?s=96&d=mm&r=g","contentUrl":"https:\/\/secure.gravatar.com\/avatar\/c4ca25fa72cace7a696b52ff5db9e095?s=96&d=mm&r=g","caption":"hudo"},"url":"https:\/\/hudo.com\/si\/author\/hudo\/"}]}},"amp_enabled":true,"_links":{"self":[{"href":"https:\/\/hudo.com\/si\/wp-json\/wp\/v2\/posts\/328965"}],"collection":[{"href":"https:\/\/hudo.com\/si\/wp-json\/wp\/v2\/posts"}],"about":[{"href":"https:\/\/hudo.com\/si\/wp-json\/wp\/v2\/types\/post"}],"author":[{"embeddable":true,"href":"https:\/\/hudo.com\/si\/wp-json\/wp\/v2\/users\/1"}],"replies":[{"embeddable":true,"href":"https:\/\/hudo.com\/si\/wp-json\/wp\/v2\/comments?post=328965"}],"version-history":[{"count":0,"href":"https:\/\/hudo.com\/si\/wp-json\/wp\/v2\/posts\/328965\/revisions"}],"wp:attachment":[{"href":"https:\/\/hudo.com\/si\/wp-json\/wp\/v2\/media?parent=328965"}],"wp:term":[{"taxonomy":"category","embeddable":true,"href":"https:\/\/hudo.com\/si\/wp-json\/wp\/v2\/categories?post=328965"},{"taxonomy":"post_tag","embeddable":true,"href":"https:\/\/hudo.com\/si\/wp-json\/wp\/v2\/tags?post=328965"},{"taxonomy":"source","embeddable":true,"href":"https:\/\/hudo.com\/si\/wp-json\/wp\/v2\/source?post=328965"},{"taxonomy":"supertag","embeddable":true,"href":"https:\/\/hudo.com\/si\/wp-json\/wp\/v2\/supertag?post=328965"}],"curies":[{"name":"wp","href":"https:\/\/api.w.org\/{rel}","templated":true}]}}