{"id":329102,"date":"2017-12-03T19:26:04","date_gmt":"2017-12-03T18:26:04","guid":{"rendered":"http:\/\/hudo.com\/si\/?p=329102"},"modified":"2017-12-03T19:26:04","modified_gmt":"2017-12-03T18:26:04","slug":"jakov-fak-odlicnega-2-mesta","status":"publish","type":"post","link":"https:\/\/hudo.com\/si\/aktualno\/jakov-fak-odlicnega-2-mesta\/","title":{"rendered":"Jakov Fak do odli\u010dnega 2. mesta"},"content":{"rendered":"<div class=\"text\">\n<p>Fourcade si je \u017ee na zadnjem streljanju zagotovil dobro minuto prednosti pred tekmeci. Fak, ki je osvojil \u017ee 22. stopni\u010dke v karieri, se je za drugo mesto udaril z drugim Francozom Quentinom Fillonom Mailletom, s katerim sta skupaj zapustila streli\u0161\u010de po zadnjem postanku. V fini\u0161u pa dobrega pol kilometra pred ciljem Faku uspel odlo\u010dilni napad za drugo mesto. Klemen Bauer je bil po \u0161tirih kazenskih krogih 41., Mitja Drinovec pa je zgre\u0161il osem tar\u010d in bil 57.<\/p>\n<p>Za\u010detek tekme je obetal druga\u010den razplet. Fak je zgre\u0161il prvi strel in moral po prvem streljanju enkrat v kazenski krog in zdrsnil na 14. mesto, razlika do takrat vodilnega Emila Hegleja Svendsna pa je zna\u0161ala dobrih 40 sekund, za vodilno \u0161esterico je zaostajal za dobre pol minute. A v nadaljevanju so gre\u0161ili tudi tekmeci in po naslednjih dveh streljanjih je bila v vodstvu trojica, ki se je na koncu uvrstila na zmagovalni oder, prednost Fourcada pa je bila 40 sekund, s \u010dimer si je lahko na koncu privo\u0161\u010dil celo kazenski krog.<\/p>\n<p>Francoz je na zadnjem streljanju zadel petkrat in se ob prvi zmagi v novi sezoni zmagoslavno ozrl na tribuno. V ozadju pa je sledila napetost, saj sta Fak in Quentin Maillot morala po enkrat v kazenski krog, a tudi tekmeci so bili nenatan\u010dni in ob odhodu v smu\u010dino sta imela Francoz in Slovenec dobrih 12 sekund naskoka pred Norve\u017eanoma Larsom Helgejem Birkelandom in Emilom Heglejem Svendsnom ter \u0160vedom Frederikom Lindstroemom. Kaj kmalu se je pokazalo, da bosta Fak in Quentin Maillot na zadnjih dveh kilometrih in pol o drugem mestu odlo\u010dila med sabo.<\/p>\n<p>&#8220;Spet sem se po\u010dutil odli\u010dno. Zaradi zadnje viroze in prve tekme pa nisem vedel, kako hitro se bo telo regeneriralo in ali bo na nivoju za tak\u0161en nastop, kot je bil danes. A o\u010ditno se je. Zelo sem vesel, zelo pozitivno je vse tole, kar se zdaj dogaja. Zelo veliko \u010dasa sem \u017ertvoval zato, da bi pri\u0161el nazaj, zamenjal sem tudi okolje za treninge. Bilo je te\u017eko, a na ta na\u010din se vso delo in odrekanja mene in moje dru\u017eine izpla\u010da. Vesel sem, da sem dokazal, da se lahko vrnem iz zelo te\u017eke situacije,&#8221; je za spletno stran SZS povedal Fak in razkril, da je bil zadnji napad za drugo mesto na\u010drtovan: &#8220;Napadel sem takrat, ko sem to na\u010drtoval in ga realiziral. Vse je bilo premi\u0161ljeno. Seveda pa je treba taktiko v\u010dasih izdelati kar med tekom samim.&#8221;<\/p>\n<p>&#8220;Pogoji so bili danes zelo te\u017eki, zelo malo je bilo tekmovalcev, ki bi se idealno zna\u0161li. Eden izmed teh, ki jim je uspelo, je bil Jakov. Odtekel je tekmo, ki smo jo pri\u010dakovali. To vrsto tekmovanj ima zelo rad, v temu u\u017eiva in danes je to samo potrdil. \u010ce je Jakov v pravem razpolo\u017eenju, ga te\u017eko kdo v zadnjem krogu oziroma na ciljni ravnini premaga. Naredil je to, kar je moral, kar je sigurno na\u010drtoval. Ta tekma mu je super uspela,&#8221; pa je po tekmi dejal glavni trener Toma\u0161 Kos, za ostala dva tekmovalca pa ocenil, da sta bila preve\u010d nenatan\u010dna na streli\u0161\u010du.<\/p>\n<p>Prihodnji konec tedna se biatlonska karavana seli v avstrijski Hochfilzen, kjer tekmovalce in tekmovalke v petek in soboto \u010dakata sprint in zasledovanje, v nedeljo pa \u0161tafetni tekmi.<\/p>\n<\/div>\n","protected":false},"excerpt":{"rendered":"<p>Slovenski biatlonec Jakov Fak je na zasledovalni 12,5-kilometrski tekmi v \u00d6stersundu osvojil drugo mesto. Hitrej\u0161i od Faka je bil le \u0161estkratni zmagovalec svetovnega pokala Francoz Martin Fourcade (30:12,2\/1), ki je slavil 64-i\u010d v karieri.<\/p>\n","protected":false},"author":5,"featured_media":329103,"comment_status":"closed","ping_status":"closed","sticky":false,"template":"","format":"standard","meta":{"footnotes":""},"categories":[1179],"tags":[6943,7247,1595,4941],"source":[4511],"supertag":[6098],"acf":[],"yoast_head":"<!-- This site is optimized with the Yoast SEO plugin v21.3 - https:\/\/yoast.com\/wordpress\/plugins\/seo\/ -->\n<title>Jakov Fak do odli\u010dnega 2. mesta - Hudo Slovenija<\/title>\n<meta name=\"robots\" content=\"index, follow, max-snippet:-1, max-image-preview:large, max-video-preview:-1\" \/>\n<link rel=\"canonical\" href=\"https:\/\/hudo.com\/si\/aktualno\/jakov-fak-odlicnega-2-mesta\/\" \/>\n<meta property=\"og:locale\" content=\"sl_SI\" \/>\n<meta property=\"og:type\" content=\"article\" \/>\n<meta property=\"og:title\" content=\"Jakov Fak do odli\u010dnega 2. mesta - Hudo Slovenija\" \/>\n<meta property=\"og:description\" content=\"Slovenski biatlonec Jakov Fak je na zasledovalni 12,5-kilometrski tekmi v \u00d6stersundu osvojil drugo mesto. Hitrej\u0161i od Faka je bil le \u0161estkratni zmagovalec svetovnega pokala Francoz Martin Fourcade (30:12,2\/1), ki je slavil 64-i\u010d v karieri.\" \/>\n<meta property=\"og:url\" content=\"https:\/\/hudo.com\/si\/aktualno\/jakov-fak-odlicnega-2-mesta\/\" \/>\n<meta property=\"og:site_name\" content=\"Hudo Slovenija\" \/>\n<meta property=\"article:publisher\" content=\"https:\/\/www.facebook.com\/hudo.si\" \/>\n<meta property=\"article:published_time\" content=\"2017-12-03T18:26:04+00:00\" \/>\n<meta property=\"og:image\" content=\"https:\/\/hudo.com\/si\/wp-content\/uploads\/sites\/2\/2017\/12\/profimedia-0356804091.jpg\" \/>\n\t<meta property=\"og:image:width\" content=\"1250\" \/>\n\t<meta property=\"og:image:height\" content=\"834\" \/>\n\t<meta property=\"og:image:type\" content=\"image\/jpeg\" \/>\n<meta name=\"author\" content=\"A. G., STA\" \/>\n<meta name=\"twitter:card\" content=\"summary_large_image\" \/>\n<meta name=\"twitter:creator\" content=\"@hudo_si\" \/>\n<meta name=\"twitter:site\" content=\"@hudo_si\" \/>\n<meta name=\"twitter:label1\" content=\"Written by\" \/>\n\t<meta name=\"twitter:data1\" content=\"A. G., STA\" \/>\n\t<meta name=\"twitter:label2\" content=\"Est. reading time\" \/>\n\t<meta name=\"twitter:data2\" content=\"3 minute\" \/>\n<script type=\"application\/ld+json\" class=\"yoast-schema-graph\">{\"@context\":\"https:\/\/schema.org\",\"@graph\":[{\"@type\":\"Article\",\"@id\":\"https:\/\/hudo.com\/si\/aktualno\/jakov-fak-odlicnega-2-mesta\/#article\",\"isPartOf\":{\"@id\":\"https:\/\/hudo.com\/si\/aktualno\/jakov-fak-odlicnega-2-mesta\/\"},\"author\":{\"name\":\"A. G., STA\",\"@id\":\"https:\/\/hudo.com\/si\/#\/schema\/person\/2391667a63ea075ba94f2f2dc6b77537\"},\"headline\":\"Jakov Fak do odli\u010dnega 2. mesta\",\"datePublished\":\"2017-12-03T18:26:04+00:00\",\"dateModified\":\"2017-12-03T18:26:04+00:00\",\"mainEntityOfPage\":{\"@id\":\"https:\/\/hudo.com\/si\/aktualno\/jakov-fak-odlicnega-2-mesta\/\"},\"wordCount\":565,\"publisher\":{\"@id\":\"https:\/\/hudo.com\/si\/#organization\"},\"keywords\":[\"biatlon\",\"Jakov Fak\",\"Slovenija\",\"svetovni pokal\"],\"articleSection\":[\"Aktualno\"],\"inLanguage\":\"sl-SI\"},{\"@type\":\"WebPage\",\"@id\":\"https:\/\/hudo.com\/si\/aktualno\/jakov-fak-odlicnega-2-mesta\/\",\"url\":\"https:\/\/hudo.com\/si\/aktualno\/jakov-fak-odlicnega-2-mesta\/\",\"name\":\"Jakov Fak do odli\u010dnega 2. mesta - Hudo Slovenija\",\"isPartOf\":{\"@id\":\"https:\/\/hudo.com\/si\/#website\"},\"datePublished\":\"2017-12-03T18:26:04+00:00\",\"dateModified\":\"2017-12-03T18:26:04+00:00\",\"breadcrumb\":{\"@id\":\"https:\/\/hudo.com\/si\/aktualno\/jakov-fak-odlicnega-2-mesta\/#breadcrumb\"},\"inLanguage\":\"sl-SI\",\"potentialAction\":[{\"@type\":\"ReadAction\",\"target\":[\"https:\/\/hudo.com\/si\/aktualno\/jakov-fak-odlicnega-2-mesta\/\"]}]},{\"@type\":\"BreadcrumbList\",\"@id\":\"https:\/\/hudo.com\/si\/aktualno\/jakov-fak-odlicnega-2-mesta\/#breadcrumb\",\"itemListElement\":[{\"@type\":\"ListItem\",\"position\":1,\"name\":\"Home\",\"item\":\"https:\/\/hudo.com\/si\/\"},{\"@type\":\"ListItem\",\"position\":2,\"name\":\"Jakov Fak do odli\u010dnega 2. mesta\"}]},{\"@type\":\"WebSite\",\"@id\":\"https:\/\/hudo.com\/si\/#website\",\"url\":\"https:\/\/hudo.com\/si\/\",\"name\":\"Hudo Slovenija\",\"description\":\"Vse novice iz Slovenije in sveta\",\"publisher\":{\"@id\":\"https:\/\/hudo.com\/si\/#organization\"},\"potentialAction\":[{\"@type\":\"SearchAction\",\"target\":{\"@type\":\"EntryPoint\",\"urlTemplate\":\"https:\/\/hudo.com\/si\/?s={search_term_string}\"},\"query-input\":\"required name=search_term_string\"}],\"inLanguage\":\"sl-SI\"},{\"@type\":\"Organization\",\"@id\":\"https:\/\/hudo.com\/si\/#organization\",\"name\":\"VSN Media\",\"url\":\"https:\/\/hudo.com\/si\/\",\"logo\":{\"@type\":\"ImageObject\",\"inLanguage\":\"sl-SI\",\"@id\":\"https:\/\/hudo.com\/si\/#\/schema\/logo\/image\/\",\"url\":\"https:\/\/hudo.com\/si\/wp-content\/uploads\/sites\/2\/2021\/03\/hudo-app-2.png\",\"contentUrl\":\"https:\/\/hudo.com\/si\/wp-content\/uploads\/sites\/2\/2021\/03\/hudo-app-2.png\",\"width\":2185,\"height\":2167,\"caption\":\"VSN Media\"},\"image\":{\"@id\":\"https:\/\/hudo.com\/si\/#\/schema\/logo\/image\/\"},\"sameAs\":[\"https:\/\/www.facebook.com\/hudo.si\",\"https:\/\/twitter.com\/hudo_si\"]},{\"@type\":\"Person\",\"@id\":\"https:\/\/hudo.com\/si\/#\/schema\/person\/2391667a63ea075ba94f2f2dc6b77537\",\"name\":\"A. G., STA\",\"image\":{\"@type\":\"ImageObject\",\"inLanguage\":\"sl-SI\",\"@id\":\"https:\/\/hudo.com\/si\/#\/schema\/person\/image\/\",\"url\":\"https:\/\/secure.gravatar.com\/avatar\/e13d22ac3e442658d5025fbbe6238a79?s=96&d=mm&r=g\",\"contentUrl\":\"https:\/\/secure.gravatar.com\/avatar\/e13d22ac3e442658d5025fbbe6238a79?s=96&d=mm&r=g\",\"caption\":\"A. G., STA\"},\"url\":\"https:\/\/hudo.com\/si\/author\/alenka\/\"}]}<\/script>\n<!-- \/ Yoast SEO plugin. -->","yoast_head_json":{"title":"Jakov Fak do odli\u010dnega 2. mesta - Hudo Slovenija","robots":{"index":"index","follow":"follow","max-snippet":"max-snippet:-1","max-image-preview":"max-image-preview:large","max-video-preview":"max-video-preview:-1"},"canonical":"https:\/\/hudo.com\/si\/aktualno\/jakov-fak-odlicnega-2-mesta\/","og_locale":"sl_SI","og_type":"article","og_title":"Jakov Fak do odli\u010dnega 2. mesta - Hudo Slovenija","og_description":"Slovenski biatlonec Jakov Fak je na zasledovalni 12,5-kilometrski tekmi v \u00d6stersundu osvojil drugo mesto. Hitrej\u0161i od Faka je bil le \u0161estkratni zmagovalec svetovnega pokala Francoz Martin Fourcade (30:12,2\/1), ki je slavil 64-i\u010d v karieri.","og_url":"https:\/\/hudo.com\/si\/aktualno\/jakov-fak-odlicnega-2-mesta\/","og_site_name":"Hudo Slovenija","article_publisher":"https:\/\/www.facebook.com\/hudo.si","article_published_time":"2017-12-03T18:26:04+00:00","og_image":[{"width":1250,"height":834,"url":"https:\/\/hudo.com\/si\/wp-content\/uploads\/sites\/2\/2017\/12\/profimedia-0356804091.jpg","type":"image\/jpeg"}],"author":"A. G., STA","twitter_card":"summary_large_image","twitter_creator":"@hudo_si","twitter_site":"@hudo_si","twitter_misc":{"Written by":"A. G., STA","Est. reading time":"3 minute"},"schema":{"@context":"https:\/\/schema.org","@graph":[{"@type":"Article","@id":"https:\/\/hudo.com\/si\/aktualno\/jakov-fak-odlicnega-2-mesta\/#article","isPartOf":{"@id":"https:\/\/hudo.com\/si\/aktualno\/jakov-fak-odlicnega-2-mesta\/"},"author":{"name":"A. G., STA","@id":"https:\/\/hudo.com\/si\/#\/schema\/person\/2391667a63ea075ba94f2f2dc6b77537"},"headline":"Jakov Fak do odli\u010dnega 2. mesta","datePublished":"2017-12-03T18:26:04+00:00","dateModified":"2017-12-03T18:26:04+00:00","mainEntityOfPage":{"@id":"https:\/\/hudo.com\/si\/aktualno\/jakov-fak-odlicnega-2-mesta\/"},"wordCount":565,"publisher":{"@id":"https:\/\/hudo.com\/si\/#organization"},"keywords":["biatlon","Jakov Fak","Slovenija","svetovni pokal"],"articleSection":["Aktualno"],"inLanguage":"sl-SI"},{"@type":"WebPage","@id":"https:\/\/hudo.com\/si\/aktualno\/jakov-fak-odlicnega-2-mesta\/","url":"https:\/\/hudo.com\/si\/aktualno\/jakov-fak-odlicnega-2-mesta\/","name":"Jakov Fak do odli\u010dnega 2. mesta - Hudo Slovenija","isPartOf":{"@id":"https:\/\/hudo.com\/si\/#website"},"datePublished":"2017-12-03T18:26:04+00:00","dateModified":"2017-12-03T18:26:04+00:00","breadcrumb":{"@id":"https:\/\/hudo.com\/si\/aktualno\/jakov-fak-odlicnega-2-mesta\/#breadcrumb"},"inLanguage":"sl-SI","potentialAction":[{"@type":"ReadAction","target":["https:\/\/hudo.com\/si\/aktualno\/jakov-fak-odlicnega-2-mesta\/"]}]},{"@type":"BreadcrumbList","@id":"https:\/\/hudo.com\/si\/aktualno\/jakov-fak-odlicnega-2-mesta\/#breadcrumb","itemListElement":[{"@type":"ListItem","position":1,"name":"Home","item":"https:\/\/hudo.com\/si\/"},{"@type":"ListItem","position":2,"name":"Jakov Fak do odli\u010dnega 2. mesta"}]},{"@type":"WebSite","@id":"https:\/\/hudo.com\/si\/#website","url":"https:\/\/hudo.com\/si\/","name":"Hudo Slovenija","description":"Vse novice iz Slovenije in sveta","publisher":{"@id":"https:\/\/hudo.com\/si\/#organization"},"potentialAction":[{"@type":"SearchAction","target":{"@type":"EntryPoint","urlTemplate":"https:\/\/hudo.com\/si\/?s={search_term_string}"},"query-input":"required name=search_term_string"}],"inLanguage":"sl-SI"},{"@type":"Organization","@id":"https:\/\/hudo.com\/si\/#organization","name":"VSN Media","url":"https:\/\/hudo.com\/si\/","logo":{"@type":"ImageObject","inLanguage":"sl-SI","@id":"https:\/\/hudo.com\/si\/#\/schema\/logo\/image\/","url":"https:\/\/hudo.com\/si\/wp-content\/uploads\/sites\/2\/2021\/03\/hudo-app-2.png","contentUrl":"https:\/\/hudo.com\/si\/wp-content\/uploads\/sites\/2\/2021\/03\/hudo-app-2.png","width":2185,"height":2167,"caption":"VSN Media"},"image":{"@id":"https:\/\/hudo.com\/si\/#\/schema\/logo\/image\/"},"sameAs":["https:\/\/www.facebook.com\/hudo.si","https:\/\/twitter.com\/hudo_si"]},{"@type":"Person","@id":"https:\/\/hudo.com\/si\/#\/schema\/person\/2391667a63ea075ba94f2f2dc6b77537","name":"A. G., STA","image":{"@type":"ImageObject","inLanguage":"sl-SI","@id":"https:\/\/hudo.com\/si\/#\/schema\/person\/image\/","url":"https:\/\/secure.gravatar.com\/avatar\/e13d22ac3e442658d5025fbbe6238a79?s=96&d=mm&r=g","contentUrl":"https:\/\/secure.gravatar.com\/avatar\/e13d22ac3e442658d5025fbbe6238a79?s=96&d=mm&r=g","caption":"A. G., STA"},"url":"https:\/\/hudo.com\/si\/author\/alenka\/"}]}},"amp_enabled":true,"_links":{"self":[{"href":"https:\/\/hudo.com\/si\/wp-json\/wp\/v2\/posts\/329102"}],"collection":[{"href":"https:\/\/hudo.com\/si\/wp-json\/wp\/v2\/posts"}],"about":[{"href":"https:\/\/hudo.com\/si\/wp-json\/wp\/v2\/types\/post"}],"author":[{"embeddable":true,"href":"https:\/\/hudo.com\/si\/wp-json\/wp\/v2\/users\/5"}],"replies":[{"embeddable":true,"href":"https:\/\/hudo.com\/si\/wp-json\/wp\/v2\/comments?post=329102"}],"version-history":[{"count":1,"href":"https:\/\/hudo.com\/si\/wp-json\/wp\/v2\/posts\/329102\/revisions"}],"predecessor-version":[{"id":329104,"href":"https:\/\/hudo.com\/si\/wp-json\/wp\/v2\/posts\/329102\/revisions\/329104"}],"wp:featuredmedia":[{"embeddable":true,"href":"https:\/\/hudo.com\/si\/wp-json\/wp\/v2\/media\/329103"}],"wp:attachment":[{"href":"https:\/\/hudo.com\/si\/wp-json\/wp\/v2\/media?parent=329102"}],"wp:term":[{"taxonomy":"category","embeddable":true,"href":"https:\/\/hudo.com\/si\/wp-json\/wp\/v2\/categories?post=329102"},{"taxonomy":"post_tag","embeddable":true,"href":"https:\/\/hudo.com\/si\/wp-json\/wp\/v2\/tags?post=329102"},{"taxonomy":"source","embeddable":true,"href":"https:\/\/hudo.com\/si\/wp-json\/wp\/v2\/source?post=329102"},{"taxonomy":"supertag","embeddable":true,"href":"https:\/\/hudo.com\/si\/wp-json\/wp\/v2\/supertag?post=329102"}],"curies":[{"name":"wp","href":"https:\/\/api.w.org\/{rel}","templated":true}]}}