{"id":329958,"date":"2017-12-06T05:00:00","date_gmt":"2017-12-06T04:00:00","guid":{"rendered":"http:\/\/hudo.com\/si\/2017\/12\/06\/lastniki-gorenja-o-odpoklicu-voljca-in-slavinca-9-januarja\/"},"modified":"2017-12-06T05:00:00","modified_gmt":"2017-12-06T04:00:00","slug":"lastniki-gorenja-o-odpoklicu-voljca-in-slavinca-9-januarja","status":"publish","type":"post","link":"https:\/\/hudo.com\/si\/aktualno\/lastniki-gorenja-o-odpoklicu-voljca-in-slavinca-9-januarja\/","title":{"rendered":"Lastniki Gorenja o odpoklicu Volj\u010da in Slavinca 9. januarja"},"content":{"rendered":"<p>Kategorija: Podjetja Wed, 06 Dec 2017 06:00:00 +0100  Ljubljana &#8211; Skup\u0161\u010dina, na kateri bodo lastniki Gorenja odlo\u010dali o odpoklicu dveh nadzornikov dru\u017ebe &#8211; Marku Volj\u010du in Uro\u0161u Slavincu, je na zahtevo treh delni\u010darjev sklicana za 9. januar prihodnje leto. Sklic skup\u0161\u010dine in omenjeni odpoklic prvega nadzornika in njegovega namestnika je najprej zahteval delni\u010dar Home Products Europe oziroma Philip Alexander Sluiter, nato pa sta se njegovi zahtevi pridru\u017eila \u0161e Kristijan Flori\u010di\u0107 in Splitska banka. Skupaj torej 12-odstotkov lastni\u0161kega kapitala. Namesto Volj\u010da in Slavinca, ki se jima mandat izte\u010de prihodnjo pomlad, za nadzornika predlagajo Philipa Sluiterja in Roberta Li\u010dna. O\u010ditki o prijateljskih vezeh Sluiter je Gorenju, ki ga vodi Franjo Bobinac, javno o\u010dital, da ne dosega ciljev iz strategije dru\u017ebe, zlasti glede razdol\u017eevanja, Volj\u010du in Slavincu pa prijateljske vezi z Bobincem, zaradi \u010desar da blokirata spremembe v vodstvu dru\u017ebe. Nadzorni svet je o\u010ditke o\u00a0&#8230;<\/p>\n","protected":false},"excerpt":{"rendered":"<p>Kategorija: Podjetja Wed, 06 Dec 2017 06:00:00 +0100  Ljubljana &#8211; Skup\u0161\u010dina, na kateri bodo lastniki Gorenja odlo\u010dali o odpoklicu dveh nadzornikov dru\u017ebe &#8211; Marku Volj\u010du in Uro\u0161u Slavincu, je na zahtevo treh delni\u010darjev sklicana za 9. januar prihodnje leto. Sklic skup\u0161\u010dine in omenjeni odpoklic prvega nadzornika in njegovega namestnika je najprej zahteval delni\u010dar Home Products Europe oziroma Philip Alexander Sluiter, nato pa sta se njegovi zahtevi pridru\u017eila \u0161e Kristijan Flori\u010di\u0107 in Splitska banka. Skupaj torej 12-odstotkov lastni\u0161kega kapitala. Namesto Volj\u010da in Slavinca, ki se jima mandat izte\u010de prihodnjo pomlad, za nadzornika predlagajo Philipa Sluiterja in Roberta Li\u010dna. O\u010ditki o prijateljskih vezeh Sluiter je Gorenju, ki ga vodi Franjo Bobinac, javno o\u010dital, da ne dosega ciljev iz strategije dru\u017ebe, zlasti glede razdol\u017eevanja, Volj\u010du in Slavincu pa prijateljske vezi z Bobincem, zaradi \u010desar da blokirata spremembe v vodstvu dru\u017ebe. Nadzorni svet je o\u010ditke o\u00a0&#8230;<\/p>\n","protected":false},"author":1,"featured_media":0,"comment_status":"closed","ping_status":"closed","sticky":false,"template":"","format":"standard","meta":{"footnotes":""},"categories":[1179],"tags":[],"source":[1703],"supertag":[],"acf":[],"yoast_head":"<!-- This site is optimized with the Yoast SEO plugin v21.3 - https:\/\/yoast.com\/wordpress\/plugins\/seo\/ -->\n<title>Lastniki Gorenja o odpoklicu Volj\u010da in Slavinca 9. januarja - Hudo Slovenija<\/title>\n<meta name=\"robots\" content=\"index, follow, max-snippet:-1, max-image-preview:large, max-video-preview:-1\" \/>\n<link rel=\"canonical\" href=\"https:\/\/hudo.com\/si\/aktualno\/lastniki-gorenja-o-odpoklicu-voljca-in-slavinca-9-januarja\/\" \/>\n<meta property=\"og:locale\" content=\"sl_SI\" \/>\n<meta property=\"og:type\" content=\"article\" \/>\n<meta property=\"og:title\" content=\"Lastniki Gorenja o odpoklicu Volj\u010da in Slavinca 9. januarja - Hudo Slovenija\" \/>\n<meta property=\"og:description\" content=\"Kategorija: Podjetja Wed, 06 Dec 2017 06:00:00 +0100 Ljubljana - Skup\u0161\u010dina, na kateri bodo lastniki Gorenja odlo\u010dali o odpoklicu dveh nadzornikov dru\u017ebe - Marku Volj\u010du in Uro\u0161u Slavincu, je na zahtevo treh delni\u010darjev sklicana za 9. januar prihodnje leto. Sklic skup\u0161\u010dine in omenjeni odpoklic prvega nadzornika in njegovega namestnika je najprej zahteval delni\u010dar Home Products Europe oziroma Philip Alexander Sluiter, nato pa sta se njegovi zahtevi pridru\u017eila \u0161e Kristijan Flori\u010di\u0107 in Splitska banka. Skupaj torej 12-odstotkov lastni\u0161kega kapitala. Namesto Volj\u010da in Slavinca, ki se jima mandat izte\u010de prihodnjo pomlad, za nadzornika predlagajo Philipa Sluiterja in Roberta Li\u010dna. O\u010ditki o prijateljskih vezeh Sluiter je Gorenju, ki ga vodi Franjo Bobinac, javno o\u010dital, da ne dosega ciljev iz strategije dru\u017ebe, zlasti glede razdol\u017eevanja, Volj\u010du in Slavincu pa prijateljske vezi z Bobincem, zaradi \u010desar da blokirata spremembe v vodstvu dru\u017ebe. Nadzorni svet je o\u010ditke o\u00a0...\" \/>\n<meta property=\"og:url\" content=\"https:\/\/hudo.com\/si\/aktualno\/lastniki-gorenja-o-odpoklicu-voljca-in-slavinca-9-januarja\/\" \/>\n<meta property=\"og:site_name\" content=\"Hudo Slovenija\" \/>\n<meta property=\"article:publisher\" content=\"https:\/\/www.facebook.com\/hudo.si\" \/>\n<meta property=\"article:published_time\" content=\"2017-12-06T04:00:00+00:00\" \/>\n<meta property=\"og:image\" content=\"https:\/\/hudo.com\/si\/wp-content\/uploads\/sites\/2\/2017\/12\/480x290_djvu_1013229_pavlinb_mpi_GORENJE-VELENJE.jpeg\" \/>\n\t<meta property=\"og:image:width\" content=\"480\" \/>\n\t<meta property=\"og:image:height\" content=\"290\" \/>\n\t<meta property=\"og:image:type\" content=\"image\/jpeg\" \/>\n<meta name=\"author\" content=\"hudo\" \/>\n<meta name=\"twitter:card\" content=\"summary_large_image\" \/>\n<meta name=\"twitter:creator\" content=\"@hudo_si\" \/>\n<meta name=\"twitter:site\" content=\"@hudo_si\" \/>\n<meta name=\"twitter:label1\" content=\"Written by\" \/>\n\t<meta name=\"twitter:data1\" content=\"hudo\" \/>\n\t<meta name=\"twitter:label2\" content=\"Est. reading time\" \/>\n\t<meta name=\"twitter:data2\" content=\"1 minuta\" \/>\n<script type=\"application\/ld+json\" class=\"yoast-schema-graph\">{\"@context\":\"https:\/\/schema.org\",\"@graph\":[{\"@type\":\"Article\",\"@id\":\"https:\/\/hudo.com\/si\/aktualno\/lastniki-gorenja-o-odpoklicu-voljca-in-slavinca-9-januarja\/#article\",\"isPartOf\":{\"@id\":\"https:\/\/hudo.com\/si\/aktualno\/lastniki-gorenja-o-odpoklicu-voljca-in-slavinca-9-januarja\/\"},\"author\":{\"name\":\"hudo\",\"@id\":\"https:\/\/hudo.com\/si\/#\/schema\/person\/601cf3379633985b20f7e50f2bb47707\"},\"headline\":\"Lastniki Gorenja o odpoklicu Volj\u010da in Slavinca 9. januarja\",\"datePublished\":\"2017-12-06T04:00:00+00:00\",\"dateModified\":\"2017-12-06T04:00:00+00:00\",\"mainEntityOfPage\":{\"@id\":\"https:\/\/hudo.com\/si\/aktualno\/lastniki-gorenja-o-odpoklicu-voljca-in-slavinca-9-januarja\/\"},\"wordCount\":167,\"publisher\":{\"@id\":\"https:\/\/hudo.com\/si\/#organization\"},\"articleSection\":[\"Aktualno\"],\"inLanguage\":\"sl-SI\"},{\"@type\":\"WebPage\",\"@id\":\"https:\/\/hudo.com\/si\/aktualno\/lastniki-gorenja-o-odpoklicu-voljca-in-slavinca-9-januarja\/\",\"url\":\"https:\/\/hudo.com\/si\/aktualno\/lastniki-gorenja-o-odpoklicu-voljca-in-slavinca-9-januarja\/\",\"name\":\"Lastniki Gorenja o odpoklicu Volj\u010da in Slavinca 9. januarja - Hudo Slovenija\",\"isPartOf\":{\"@id\":\"https:\/\/hudo.com\/si\/#website\"},\"datePublished\":\"2017-12-06T04:00:00+00:00\",\"dateModified\":\"2017-12-06T04:00:00+00:00\",\"breadcrumb\":{\"@id\":\"https:\/\/hudo.com\/si\/aktualno\/lastniki-gorenja-o-odpoklicu-voljca-in-slavinca-9-januarja\/#breadcrumb\"},\"inLanguage\":\"sl-SI\",\"potentialAction\":[{\"@type\":\"ReadAction\",\"target\":[\"https:\/\/hudo.com\/si\/aktualno\/lastniki-gorenja-o-odpoklicu-voljca-in-slavinca-9-januarja\/\"]}]},{\"@type\":\"BreadcrumbList\",\"@id\":\"https:\/\/hudo.com\/si\/aktualno\/lastniki-gorenja-o-odpoklicu-voljca-in-slavinca-9-januarja\/#breadcrumb\",\"itemListElement\":[{\"@type\":\"ListItem\",\"position\":1,\"name\":\"Home\",\"item\":\"https:\/\/hudo.com\/si\/\"},{\"@type\":\"ListItem\",\"position\":2,\"name\":\"Lastniki Gorenja o odpoklicu Volj\u010da in Slavinca 9. januarja\"}]},{\"@type\":\"WebSite\",\"@id\":\"https:\/\/hudo.com\/si\/#website\",\"url\":\"https:\/\/hudo.com\/si\/\",\"name\":\"Hudo Slovenija\",\"description\":\"Vse novice iz Slovenije in sveta\",\"publisher\":{\"@id\":\"https:\/\/hudo.com\/si\/#organization\"},\"potentialAction\":[{\"@type\":\"SearchAction\",\"target\":{\"@type\":\"EntryPoint\",\"urlTemplate\":\"https:\/\/hudo.com\/si\/?s={search_term_string}\"},\"query-input\":\"required name=search_term_string\"}],\"inLanguage\":\"sl-SI\"},{\"@type\":\"Organization\",\"@id\":\"https:\/\/hudo.com\/si\/#organization\",\"name\":\"VSN Media\",\"url\":\"https:\/\/hudo.com\/si\/\",\"logo\":{\"@type\":\"ImageObject\",\"inLanguage\":\"sl-SI\",\"@id\":\"https:\/\/hudo.com\/si\/#\/schema\/logo\/image\/\",\"url\":\"https:\/\/hudo.com\/si\/wp-content\/uploads\/sites\/2\/2021\/03\/hudo-app-2.png\",\"contentUrl\":\"https:\/\/hudo.com\/si\/wp-content\/uploads\/sites\/2\/2021\/03\/hudo-app-2.png\",\"width\":2185,\"height\":2167,\"caption\":\"VSN Media\"},\"image\":{\"@id\":\"https:\/\/hudo.com\/si\/#\/schema\/logo\/image\/\"},\"sameAs\":[\"https:\/\/www.facebook.com\/hudo.si\",\"https:\/\/twitter.com\/hudo_si\"]},{\"@type\":\"Person\",\"@id\":\"https:\/\/hudo.com\/si\/#\/schema\/person\/601cf3379633985b20f7e50f2bb47707\",\"name\":\"hudo\",\"image\":{\"@type\":\"ImageObject\",\"inLanguage\":\"sl-SI\",\"@id\":\"https:\/\/hudo.com\/si\/#\/schema\/person\/image\/\",\"url\":\"https:\/\/secure.gravatar.com\/avatar\/c4ca25fa72cace7a696b52ff5db9e095?s=96&d=mm&r=g\",\"contentUrl\":\"https:\/\/secure.gravatar.com\/avatar\/c4ca25fa72cace7a696b52ff5db9e095?s=96&d=mm&r=g\",\"caption\":\"hudo\"},\"url\":\"https:\/\/hudo.com\/si\/author\/hudo\/\"}]}<\/script>\n<!-- \/ Yoast SEO plugin. -->","yoast_head_json":{"title":"Lastniki Gorenja o odpoklicu Volj\u010da in Slavinca 9. januarja - Hudo Slovenija","robots":{"index":"index","follow":"follow","max-snippet":"max-snippet:-1","max-image-preview":"max-image-preview:large","max-video-preview":"max-video-preview:-1"},"canonical":"https:\/\/hudo.com\/si\/aktualno\/lastniki-gorenja-o-odpoklicu-voljca-in-slavinca-9-januarja\/","og_locale":"sl_SI","og_type":"article","og_title":"Lastniki Gorenja o odpoklicu Volj\u010da in Slavinca 9. januarja - Hudo Slovenija","og_description":"Kategorija: Podjetja Wed, 06 Dec 2017 06:00:00 +0100 Ljubljana - Skup\u0161\u010dina, na kateri bodo lastniki Gorenja odlo\u010dali o odpoklicu dveh nadzornikov dru\u017ebe - Marku Volj\u010du in Uro\u0161u Slavincu, je na zahtevo treh delni\u010darjev sklicana za 9. januar prihodnje leto. Sklic skup\u0161\u010dine in omenjeni odpoklic prvega nadzornika in njegovega namestnika je najprej zahteval delni\u010dar Home Products Europe oziroma Philip Alexander Sluiter, nato pa sta se njegovi zahtevi pridru\u017eila \u0161e Kristijan Flori\u010di\u0107 in Splitska banka. Skupaj torej 12-odstotkov lastni\u0161kega kapitala. Namesto Volj\u010da in Slavinca, ki se jima mandat izte\u010de prihodnjo pomlad, za nadzornika predlagajo Philipa Sluiterja in Roberta Li\u010dna. O\u010ditki o prijateljskih vezeh Sluiter je Gorenju, ki ga vodi Franjo Bobinac, javno o\u010dital, da ne dosega ciljev iz strategije dru\u017ebe, zlasti glede razdol\u017eevanja, Volj\u010du in Slavincu pa prijateljske vezi z Bobincem, zaradi \u010desar da blokirata spremembe v vodstvu dru\u017ebe. Nadzorni svet je o\u010ditke o\u00a0...","og_url":"https:\/\/hudo.com\/si\/aktualno\/lastniki-gorenja-o-odpoklicu-voljca-in-slavinca-9-januarja\/","og_site_name":"Hudo Slovenija","article_publisher":"https:\/\/www.facebook.com\/hudo.si","article_published_time":"2017-12-06T04:00:00+00:00","og_image":[{"width":480,"height":290,"url":"https:\/\/hudo.com\/si\/wp-content\/uploads\/sites\/2\/2017\/12\/480x290_djvu_1013229_pavlinb_mpi_GORENJE-VELENJE.jpeg","type":"image\/jpeg"}],"author":"hudo","twitter_card":"summary_large_image","twitter_creator":"@hudo_si","twitter_site":"@hudo_si","twitter_misc":{"Written by":"hudo","Est. reading time":"1 minuta"},"schema":{"@context":"https:\/\/schema.org","@graph":[{"@type":"Article","@id":"https:\/\/hudo.com\/si\/aktualno\/lastniki-gorenja-o-odpoklicu-voljca-in-slavinca-9-januarja\/#article","isPartOf":{"@id":"https:\/\/hudo.com\/si\/aktualno\/lastniki-gorenja-o-odpoklicu-voljca-in-slavinca-9-januarja\/"},"author":{"name":"hudo","@id":"https:\/\/hudo.com\/si\/#\/schema\/person\/601cf3379633985b20f7e50f2bb47707"},"headline":"Lastniki Gorenja o odpoklicu Volj\u010da in Slavinca 9. januarja","datePublished":"2017-12-06T04:00:00+00:00","dateModified":"2017-12-06T04:00:00+00:00","mainEntityOfPage":{"@id":"https:\/\/hudo.com\/si\/aktualno\/lastniki-gorenja-o-odpoklicu-voljca-in-slavinca-9-januarja\/"},"wordCount":167,"publisher":{"@id":"https:\/\/hudo.com\/si\/#organization"},"articleSection":["Aktualno"],"inLanguage":"sl-SI"},{"@type":"WebPage","@id":"https:\/\/hudo.com\/si\/aktualno\/lastniki-gorenja-o-odpoklicu-voljca-in-slavinca-9-januarja\/","url":"https:\/\/hudo.com\/si\/aktualno\/lastniki-gorenja-o-odpoklicu-voljca-in-slavinca-9-januarja\/","name":"Lastniki Gorenja o odpoklicu Volj\u010da in Slavinca 9. januarja - Hudo Slovenija","isPartOf":{"@id":"https:\/\/hudo.com\/si\/#website"},"datePublished":"2017-12-06T04:00:00+00:00","dateModified":"2017-12-06T04:00:00+00:00","breadcrumb":{"@id":"https:\/\/hudo.com\/si\/aktualno\/lastniki-gorenja-o-odpoklicu-voljca-in-slavinca-9-januarja\/#breadcrumb"},"inLanguage":"sl-SI","potentialAction":[{"@type":"ReadAction","target":["https:\/\/hudo.com\/si\/aktualno\/lastniki-gorenja-o-odpoklicu-voljca-in-slavinca-9-januarja\/"]}]},{"@type":"BreadcrumbList","@id":"https:\/\/hudo.com\/si\/aktualno\/lastniki-gorenja-o-odpoklicu-voljca-in-slavinca-9-januarja\/#breadcrumb","itemListElement":[{"@type":"ListItem","position":1,"name":"Home","item":"https:\/\/hudo.com\/si\/"},{"@type":"ListItem","position":2,"name":"Lastniki Gorenja o odpoklicu Volj\u010da in Slavinca 9. januarja"}]},{"@type":"WebSite","@id":"https:\/\/hudo.com\/si\/#website","url":"https:\/\/hudo.com\/si\/","name":"Hudo Slovenija","description":"Vse novice iz Slovenije in sveta","publisher":{"@id":"https:\/\/hudo.com\/si\/#organization"},"potentialAction":[{"@type":"SearchAction","target":{"@type":"EntryPoint","urlTemplate":"https:\/\/hudo.com\/si\/?s={search_term_string}"},"query-input":"required name=search_term_string"}],"inLanguage":"sl-SI"},{"@type":"Organization","@id":"https:\/\/hudo.com\/si\/#organization","name":"VSN Media","url":"https:\/\/hudo.com\/si\/","logo":{"@type":"ImageObject","inLanguage":"sl-SI","@id":"https:\/\/hudo.com\/si\/#\/schema\/logo\/image\/","url":"https:\/\/hudo.com\/si\/wp-content\/uploads\/sites\/2\/2021\/03\/hudo-app-2.png","contentUrl":"https:\/\/hudo.com\/si\/wp-content\/uploads\/sites\/2\/2021\/03\/hudo-app-2.png","width":2185,"height":2167,"caption":"VSN Media"},"image":{"@id":"https:\/\/hudo.com\/si\/#\/schema\/logo\/image\/"},"sameAs":["https:\/\/www.facebook.com\/hudo.si","https:\/\/twitter.com\/hudo_si"]},{"@type":"Person","@id":"https:\/\/hudo.com\/si\/#\/schema\/person\/601cf3379633985b20f7e50f2bb47707","name":"hudo","image":{"@type":"ImageObject","inLanguage":"sl-SI","@id":"https:\/\/hudo.com\/si\/#\/schema\/person\/image\/","url":"https:\/\/secure.gravatar.com\/avatar\/c4ca25fa72cace7a696b52ff5db9e095?s=96&d=mm&r=g","contentUrl":"https:\/\/secure.gravatar.com\/avatar\/c4ca25fa72cace7a696b52ff5db9e095?s=96&d=mm&r=g","caption":"hudo"},"url":"https:\/\/hudo.com\/si\/author\/hudo\/"}]}},"amp_enabled":true,"_links":{"self":[{"href":"https:\/\/hudo.com\/si\/wp-json\/wp\/v2\/posts\/329958"}],"collection":[{"href":"https:\/\/hudo.com\/si\/wp-json\/wp\/v2\/posts"}],"about":[{"href":"https:\/\/hudo.com\/si\/wp-json\/wp\/v2\/types\/post"}],"author":[{"embeddable":true,"href":"https:\/\/hudo.com\/si\/wp-json\/wp\/v2\/users\/1"}],"replies":[{"embeddable":true,"href":"https:\/\/hudo.com\/si\/wp-json\/wp\/v2\/comments?post=329958"}],"version-history":[{"count":0,"href":"https:\/\/hudo.com\/si\/wp-json\/wp\/v2\/posts\/329958\/revisions"}],"wp:attachment":[{"href":"https:\/\/hudo.com\/si\/wp-json\/wp\/v2\/media?parent=329958"}],"wp:term":[{"taxonomy":"category","embeddable":true,"href":"https:\/\/hudo.com\/si\/wp-json\/wp\/v2\/categories?post=329958"},{"taxonomy":"post_tag","embeddable":true,"href":"https:\/\/hudo.com\/si\/wp-json\/wp\/v2\/tags?post=329958"},{"taxonomy":"source","embeddable":true,"href":"https:\/\/hudo.com\/si\/wp-json\/wp\/v2\/source?post=329958"},{"taxonomy":"supertag","embeddable":true,"href":"https:\/\/hudo.com\/si\/wp-json\/wp\/v2\/supertag?post=329958"}],"curies":[{"name":"wp","href":"https:\/\/api.w.org\/{rel}","templated":true}]}}