{"id":330018,"date":"2017-12-06T05:21:00","date_gmt":"2017-12-06T04:21:00","guid":{"rendered":"http:\/\/hudo.com\/si\/2017\/12\/06\/bostjan-vasle-ostaja-na-celu-umarja-kot-vrsilec-dolznosti-direktorja\/"},"modified":"2017-12-06T05:21:00","modified_gmt":"2017-12-06T04:21:00","slug":"bostjan-vasle-ostaja-na-celu-umarja-kot-vrsilec-dolznosti-direktorja","status":"publish","type":"post","link":"https:\/\/hudo.com\/si\/aktualno\/bostjan-vasle-ostaja-na-celu-umarja-kot-vrsilec-dolznosti-direktorja\/","title":{"rendered":"Bo\u0161tjan Vasle ostaja na \u010delu Umarja kot vr\u0161ilec dol\u017enosti direktorja"},"content":{"rendered":"<p>Na javnem nate\u010daju za polo\u017eaj direktorja Umarja ni bil izbran noben kandidat, zato je vlada na dana\u0161nji dopisni seji odlo\u010dila, da za vr\u0161ilca dol\u017enosti direktorja urada imenuje dosedanjega direktorja Bo\u0161tjana Vasleta. Ta je imenovan do imenovanja novega direktorja oz. najdlje do 5. junija 2018.<\/p>\n","protected":false},"excerpt":{"rendered":"<p>Na javnem nate\u010daju za polo\u017eaj direktorja Umarja ni bil izbran noben kandidat, zato je vlada na dana\u0161nji dopisni seji odlo\u010dila, da za vr\u0161ilca dol\u017enosti direktorja urada imenuje dosedanjega direktorja Bo\u0161tjana Vasleta. Ta je imenovan do imenovanja novega direktorja oz. najdlje do 5. junija 2018.<\/p>\n","protected":false},"author":1,"featured_media":0,"comment_status":"closed","ping_status":"closed","sticky":false,"template":"","format":"standard","meta":{"footnotes":""},"categories":[1179],"tags":[],"source":[6627],"supertag":[],"acf":[],"yoast_head":"<!-- This site is optimized with the Yoast SEO plugin v21.3 - https:\/\/yoast.com\/wordpress\/plugins\/seo\/ -->\n<title>Bo\u0161tjan Vasle ostaja na \u010delu Umarja kot vr\u0161ilec dol\u017enosti direktorja - Hudo Slovenija<\/title>\n<meta name=\"robots\" content=\"index, follow, max-snippet:-1, max-image-preview:large, max-video-preview:-1\" \/>\n<link rel=\"canonical\" href=\"https:\/\/hudo.com\/si\/aktualno\/bostjan-vasle-ostaja-na-celu-umarja-kot-vrsilec-dolznosti-direktorja\/\" \/>\n<meta property=\"og:locale\" content=\"sl_SI\" \/>\n<meta property=\"og:type\" content=\"article\" \/>\n<meta property=\"og:title\" content=\"Bo\u0161tjan Vasle ostaja na \u010delu Umarja kot vr\u0161ilec dol\u017enosti direktorja - Hudo Slovenija\" \/>\n<meta property=\"og:description\" content=\"Na javnem nate\u010daju za polo\u017eaj direktorja Umarja ni bil izbran noben kandidat, zato je vlada na dana\u0161nji dopisni seji odlo\u010dila, da za vr\u0161ilca dol\u017enosti direktorja urada imenuje dosedanjega direktorja Bo\u0161tjana Vasleta. Ta je imenovan do imenovanja novega direktorja oz. najdlje do 5. junija 2018.\" \/>\n<meta property=\"og:url\" content=\"https:\/\/hudo.com\/si\/aktualno\/bostjan-vasle-ostaja-na-celu-umarja-kot-vrsilec-dolznosti-direktorja\/\" \/>\n<meta property=\"og:site_name\" content=\"Hudo Slovenija\" \/>\n<meta property=\"article:publisher\" content=\"https:\/\/www.facebook.com\/hudo.si\" \/>\n<meta property=\"article:published_time\" content=\"2017-12-06T04:21:00+00:00\" \/>\n<meta property=\"og:image\" content=\"https:\/\/hudo.com\/si\/wp-content\/uploads\/sites\/2\/2017\/12\/d52fd6ed9e78bed6d78b.jpeg\" \/>\n\t<meta property=\"og:image:width\" content=\"950\" \/>\n\t<meta property=\"og:image:height\" content=\"529\" \/>\n\t<meta property=\"og:image:type\" content=\"image\/jpeg\" \/>\n<meta name=\"author\" content=\"hudo\" \/>\n<meta name=\"twitter:card\" content=\"summary_large_image\" \/>\n<meta name=\"twitter:creator\" content=\"@hudo_si\" \/>\n<meta name=\"twitter:site\" content=\"@hudo_si\" \/>\n<meta name=\"twitter:label1\" content=\"Written by\" \/>\n\t<meta name=\"twitter:data1\" content=\"hudo\" \/>\n<script type=\"application\/ld+json\" class=\"yoast-schema-graph\">{\"@context\":\"https:\/\/schema.org\",\"@graph\":[{\"@type\":\"Article\",\"@id\":\"https:\/\/hudo.com\/si\/aktualno\/bostjan-vasle-ostaja-na-celu-umarja-kot-vrsilec-dolznosti-direktorja\/#article\",\"isPartOf\":{\"@id\":\"https:\/\/hudo.com\/si\/aktualno\/bostjan-vasle-ostaja-na-celu-umarja-kot-vrsilec-dolznosti-direktorja\/\"},\"author\":{\"name\":\"hudo\",\"@id\":\"https:\/\/hudo.com\/si\/#\/schema\/person\/601cf3379633985b20f7e50f2bb47707\"},\"headline\":\"Bo\u0161tjan Vasle ostaja na \u010delu Umarja kot vr\u0161ilec dol\u017enosti direktorja\",\"datePublished\":\"2017-12-06T04:21:00+00:00\",\"dateModified\":\"2017-12-06T04:21:00+00:00\",\"mainEntityOfPage\":{\"@id\":\"https:\/\/hudo.com\/si\/aktualno\/bostjan-vasle-ostaja-na-celu-umarja-kot-vrsilec-dolznosti-direktorja\/\"},\"wordCount\":62,\"publisher\":{\"@id\":\"https:\/\/hudo.com\/si\/#organization\"},\"articleSection\":[\"Aktualno\"],\"inLanguage\":\"sl-SI\"},{\"@type\":\"WebPage\",\"@id\":\"https:\/\/hudo.com\/si\/aktualno\/bostjan-vasle-ostaja-na-celu-umarja-kot-vrsilec-dolznosti-direktorja\/\",\"url\":\"https:\/\/hudo.com\/si\/aktualno\/bostjan-vasle-ostaja-na-celu-umarja-kot-vrsilec-dolznosti-direktorja\/\",\"name\":\"Bo\u0161tjan Vasle ostaja na \u010delu Umarja kot vr\u0161ilec dol\u017enosti direktorja - Hudo Slovenija\",\"isPartOf\":{\"@id\":\"https:\/\/hudo.com\/si\/#website\"},\"datePublished\":\"2017-12-06T04:21:00+00:00\",\"dateModified\":\"2017-12-06T04:21:00+00:00\",\"breadcrumb\":{\"@id\":\"https:\/\/hudo.com\/si\/aktualno\/bostjan-vasle-ostaja-na-celu-umarja-kot-vrsilec-dolznosti-direktorja\/#breadcrumb\"},\"inLanguage\":\"sl-SI\",\"potentialAction\":[{\"@type\":\"ReadAction\",\"target\":[\"https:\/\/hudo.com\/si\/aktualno\/bostjan-vasle-ostaja-na-celu-umarja-kot-vrsilec-dolznosti-direktorja\/\"]}]},{\"@type\":\"BreadcrumbList\",\"@id\":\"https:\/\/hudo.com\/si\/aktualno\/bostjan-vasle-ostaja-na-celu-umarja-kot-vrsilec-dolznosti-direktorja\/#breadcrumb\",\"itemListElement\":[{\"@type\":\"ListItem\",\"position\":1,\"name\":\"Home\",\"item\":\"https:\/\/hudo.com\/si\/\"},{\"@type\":\"ListItem\",\"position\":2,\"name\":\"Bo\u0161tjan Vasle ostaja na \u010delu Umarja kot vr\u0161ilec dol\u017enosti direktorja\"}]},{\"@type\":\"WebSite\",\"@id\":\"https:\/\/hudo.com\/si\/#website\",\"url\":\"https:\/\/hudo.com\/si\/\",\"name\":\"Hudo Slovenija\",\"description\":\"Vse novice iz Slovenije in sveta\",\"publisher\":{\"@id\":\"https:\/\/hudo.com\/si\/#organization\"},\"potentialAction\":[{\"@type\":\"SearchAction\",\"target\":{\"@type\":\"EntryPoint\",\"urlTemplate\":\"https:\/\/hudo.com\/si\/?s={search_term_string}\"},\"query-input\":\"required name=search_term_string\"}],\"inLanguage\":\"sl-SI\"},{\"@type\":\"Organization\",\"@id\":\"https:\/\/hudo.com\/si\/#organization\",\"name\":\"VSN Media\",\"url\":\"https:\/\/hudo.com\/si\/\",\"logo\":{\"@type\":\"ImageObject\",\"inLanguage\":\"sl-SI\",\"@id\":\"https:\/\/hudo.com\/si\/#\/schema\/logo\/image\/\",\"url\":\"https:\/\/hudo.com\/si\/wp-content\/uploads\/sites\/2\/2021\/03\/hudo-app-2.png\",\"contentUrl\":\"https:\/\/hudo.com\/si\/wp-content\/uploads\/sites\/2\/2021\/03\/hudo-app-2.png\",\"width\":2185,\"height\":2167,\"caption\":\"VSN Media\"},\"image\":{\"@id\":\"https:\/\/hudo.com\/si\/#\/schema\/logo\/image\/\"},\"sameAs\":[\"https:\/\/www.facebook.com\/hudo.si\",\"https:\/\/twitter.com\/hudo_si\"]},{\"@type\":\"Person\",\"@id\":\"https:\/\/hudo.com\/si\/#\/schema\/person\/601cf3379633985b20f7e50f2bb47707\",\"name\":\"hudo\",\"image\":{\"@type\":\"ImageObject\",\"inLanguage\":\"sl-SI\",\"@id\":\"https:\/\/hudo.com\/si\/#\/schema\/person\/image\/\",\"url\":\"https:\/\/secure.gravatar.com\/avatar\/c4ca25fa72cace7a696b52ff5db9e095?s=96&d=mm&r=g\",\"contentUrl\":\"https:\/\/secure.gravatar.com\/avatar\/c4ca25fa72cace7a696b52ff5db9e095?s=96&d=mm&r=g\",\"caption\":\"hudo\"},\"url\":\"https:\/\/hudo.com\/si\/author\/hudo\/\"}]}<\/script>\n<!-- \/ Yoast SEO plugin. -->","yoast_head_json":{"title":"Bo\u0161tjan Vasle ostaja na \u010delu Umarja kot vr\u0161ilec dol\u017enosti direktorja - Hudo Slovenija","robots":{"index":"index","follow":"follow","max-snippet":"max-snippet:-1","max-image-preview":"max-image-preview:large","max-video-preview":"max-video-preview:-1"},"canonical":"https:\/\/hudo.com\/si\/aktualno\/bostjan-vasle-ostaja-na-celu-umarja-kot-vrsilec-dolznosti-direktorja\/","og_locale":"sl_SI","og_type":"article","og_title":"Bo\u0161tjan Vasle ostaja na \u010delu Umarja kot vr\u0161ilec dol\u017enosti direktorja - Hudo Slovenija","og_description":"Na javnem nate\u010daju za polo\u017eaj direktorja Umarja ni bil izbran noben kandidat, zato je vlada na dana\u0161nji dopisni seji odlo\u010dila, da za vr\u0161ilca dol\u017enosti direktorja urada imenuje dosedanjega direktorja Bo\u0161tjana Vasleta. Ta je imenovan do imenovanja novega direktorja oz. najdlje do 5. junija 2018.","og_url":"https:\/\/hudo.com\/si\/aktualno\/bostjan-vasle-ostaja-na-celu-umarja-kot-vrsilec-dolznosti-direktorja\/","og_site_name":"Hudo Slovenija","article_publisher":"https:\/\/www.facebook.com\/hudo.si","article_published_time":"2017-12-06T04:21:00+00:00","og_image":[{"width":950,"height":529,"url":"https:\/\/hudo.com\/si\/wp-content\/uploads\/sites\/2\/2017\/12\/d52fd6ed9e78bed6d78b.jpeg","type":"image\/jpeg"}],"author":"hudo","twitter_card":"summary_large_image","twitter_creator":"@hudo_si","twitter_site":"@hudo_si","twitter_misc":{"Written by":"hudo"},"schema":{"@context":"https:\/\/schema.org","@graph":[{"@type":"Article","@id":"https:\/\/hudo.com\/si\/aktualno\/bostjan-vasle-ostaja-na-celu-umarja-kot-vrsilec-dolznosti-direktorja\/#article","isPartOf":{"@id":"https:\/\/hudo.com\/si\/aktualno\/bostjan-vasle-ostaja-na-celu-umarja-kot-vrsilec-dolznosti-direktorja\/"},"author":{"name":"hudo","@id":"https:\/\/hudo.com\/si\/#\/schema\/person\/601cf3379633985b20f7e50f2bb47707"},"headline":"Bo\u0161tjan Vasle ostaja na \u010delu Umarja kot vr\u0161ilec dol\u017enosti direktorja","datePublished":"2017-12-06T04:21:00+00:00","dateModified":"2017-12-06T04:21:00+00:00","mainEntityOfPage":{"@id":"https:\/\/hudo.com\/si\/aktualno\/bostjan-vasle-ostaja-na-celu-umarja-kot-vrsilec-dolznosti-direktorja\/"},"wordCount":62,"publisher":{"@id":"https:\/\/hudo.com\/si\/#organization"},"articleSection":["Aktualno"],"inLanguage":"sl-SI"},{"@type":"WebPage","@id":"https:\/\/hudo.com\/si\/aktualno\/bostjan-vasle-ostaja-na-celu-umarja-kot-vrsilec-dolznosti-direktorja\/","url":"https:\/\/hudo.com\/si\/aktualno\/bostjan-vasle-ostaja-na-celu-umarja-kot-vrsilec-dolznosti-direktorja\/","name":"Bo\u0161tjan Vasle ostaja na \u010delu Umarja kot vr\u0161ilec dol\u017enosti direktorja - Hudo Slovenija","isPartOf":{"@id":"https:\/\/hudo.com\/si\/#website"},"datePublished":"2017-12-06T04:21:00+00:00","dateModified":"2017-12-06T04:21:00+00:00","breadcrumb":{"@id":"https:\/\/hudo.com\/si\/aktualno\/bostjan-vasle-ostaja-na-celu-umarja-kot-vrsilec-dolznosti-direktorja\/#breadcrumb"},"inLanguage":"sl-SI","potentialAction":[{"@type":"ReadAction","target":["https:\/\/hudo.com\/si\/aktualno\/bostjan-vasle-ostaja-na-celu-umarja-kot-vrsilec-dolznosti-direktorja\/"]}]},{"@type":"BreadcrumbList","@id":"https:\/\/hudo.com\/si\/aktualno\/bostjan-vasle-ostaja-na-celu-umarja-kot-vrsilec-dolznosti-direktorja\/#breadcrumb","itemListElement":[{"@type":"ListItem","position":1,"name":"Home","item":"https:\/\/hudo.com\/si\/"},{"@type":"ListItem","position":2,"name":"Bo\u0161tjan Vasle ostaja na \u010delu Umarja kot vr\u0161ilec dol\u017enosti direktorja"}]},{"@type":"WebSite","@id":"https:\/\/hudo.com\/si\/#website","url":"https:\/\/hudo.com\/si\/","name":"Hudo Slovenija","description":"Vse novice iz Slovenije in sveta","publisher":{"@id":"https:\/\/hudo.com\/si\/#organization"},"potentialAction":[{"@type":"SearchAction","target":{"@type":"EntryPoint","urlTemplate":"https:\/\/hudo.com\/si\/?s={search_term_string}"},"query-input":"required name=search_term_string"}],"inLanguage":"sl-SI"},{"@type":"Organization","@id":"https:\/\/hudo.com\/si\/#organization","name":"VSN Media","url":"https:\/\/hudo.com\/si\/","logo":{"@type":"ImageObject","inLanguage":"sl-SI","@id":"https:\/\/hudo.com\/si\/#\/schema\/logo\/image\/","url":"https:\/\/hudo.com\/si\/wp-content\/uploads\/sites\/2\/2021\/03\/hudo-app-2.png","contentUrl":"https:\/\/hudo.com\/si\/wp-content\/uploads\/sites\/2\/2021\/03\/hudo-app-2.png","width":2185,"height":2167,"caption":"VSN Media"},"image":{"@id":"https:\/\/hudo.com\/si\/#\/schema\/logo\/image\/"},"sameAs":["https:\/\/www.facebook.com\/hudo.si","https:\/\/twitter.com\/hudo_si"]},{"@type":"Person","@id":"https:\/\/hudo.com\/si\/#\/schema\/person\/601cf3379633985b20f7e50f2bb47707","name":"hudo","image":{"@type":"ImageObject","inLanguage":"sl-SI","@id":"https:\/\/hudo.com\/si\/#\/schema\/person\/image\/","url":"https:\/\/secure.gravatar.com\/avatar\/c4ca25fa72cace7a696b52ff5db9e095?s=96&d=mm&r=g","contentUrl":"https:\/\/secure.gravatar.com\/avatar\/c4ca25fa72cace7a696b52ff5db9e095?s=96&d=mm&r=g","caption":"hudo"},"url":"https:\/\/hudo.com\/si\/author\/hudo\/"}]}},"amp_enabled":true,"_links":{"self":[{"href":"https:\/\/hudo.com\/si\/wp-json\/wp\/v2\/posts\/330018"}],"collection":[{"href":"https:\/\/hudo.com\/si\/wp-json\/wp\/v2\/posts"}],"about":[{"href":"https:\/\/hudo.com\/si\/wp-json\/wp\/v2\/types\/post"}],"author":[{"embeddable":true,"href":"https:\/\/hudo.com\/si\/wp-json\/wp\/v2\/users\/1"}],"replies":[{"embeddable":true,"href":"https:\/\/hudo.com\/si\/wp-json\/wp\/v2\/comments?post=330018"}],"version-history":[{"count":0,"href":"https:\/\/hudo.com\/si\/wp-json\/wp\/v2\/posts\/330018\/revisions"}],"wp:attachment":[{"href":"https:\/\/hudo.com\/si\/wp-json\/wp\/v2\/media?parent=330018"}],"wp:term":[{"taxonomy":"category","embeddable":true,"href":"https:\/\/hudo.com\/si\/wp-json\/wp\/v2\/categories?post=330018"},{"taxonomy":"post_tag","embeddable":true,"href":"https:\/\/hudo.com\/si\/wp-json\/wp\/v2\/tags?post=330018"},{"taxonomy":"source","embeddable":true,"href":"https:\/\/hudo.com\/si\/wp-json\/wp\/v2\/source?post=330018"},{"taxonomy":"supertag","embeddable":true,"href":"https:\/\/hudo.com\/si\/wp-json\/wp\/v2\/supertag?post=330018"}],"curies":[{"name":"wp","href":"https:\/\/api.w.org\/{rel}","templated":true}]}}