{"id":330074,"date":"2017-12-06T07:36:00","date_gmt":"2017-12-06T06:36:00","guid":{"rendered":"http:\/\/hudo.com\/si\/2017\/12\/06\/skala-pod-borlom-mora-vzdrzati-se-to-zimo\/"},"modified":"2017-12-06T07:36:00","modified_gmt":"2017-12-06T06:36:00","slug":"skala-pod-borlom-mora-vzdrzati-se-to-zimo","status":"publish","type":"post","link":"https:\/\/hudo.com\/si\/aktualno\/skala-pod-borlom-mora-vzdrzati-se-to-zimo\/","title":{"rendered":"Skala pod Borlom mora vzdr\u017eati \u0161e to zimo"},"content":{"rendered":"<p>Kategorija: Slovenija Wed, 06 Dec 2017 08:36:00 +0100  Direkcija RS za infrastrukturo je \u017ee drugi\u010d letos razpisala utrjevanje skalne bre\u017eine pri gradu Borl na obronkih Haloz. Sredi leta 2012\u00a0je tam namre\u010d na cesto pod bre\u017eino\u00a0zgrmelo nekaj velikih skal in kamenja &#8211;\u00a0priprave na sanacijo so torej trajale kar pet let. Po projektantski oceni naj bi ta stala 1,64 milijona evrov, za\u010deti jo bo\u00a0treba prihodnjo pomlad in kon\u010dati \u0161ele do konca novembra 2019. Ob podoru skal in kamenja na sre\u010do na cesti ni bilo nobenega vozila, \u010deprav je cesta med Ptujem in Zavr\u010dem ( ter naprej na Hrva\u0161ko proti Vara\u017edinu) zelo prometna. Zdaj je zasilno zavarovana z lovilnimi \u00a0mre\u017eami, podor pa je pokazal, da ima kak\u0161nih 50 metrov visoka skala, na kateri stoji grad Borl, kriti\u010dno razpoko, v katero pronica voda in \u010de bi se skala odlomila po njej, bi s\u00a0&#8230;<\/p>\n","protected":false},"excerpt":{"rendered":"<p>Kategorija: Slovenija Wed, 06 Dec 2017 08:36:00 +0100  Direkcija RS za infrastrukturo je \u017ee drugi\u010d letos razpisala utrjevanje skalne bre\u017eine pri gradu Borl na obronkih Haloz. Sredi leta 2012\u00a0je tam namre\u010d na cesto pod bre\u017eino\u00a0zgrmelo nekaj velikih skal in kamenja &#8211;\u00a0priprave na sanacijo so torej trajale kar pet let. Po projektantski oceni naj bi ta stala 1,64 milijona evrov, za\u010deti jo bo\u00a0treba prihodnjo pomlad in kon\u010dati \u0161ele do konca novembra 2019. Ob podoru skal in kamenja na sre\u010do na cesti ni bilo nobenega vozila, \u010deprav je cesta med Ptujem in Zavr\u010dem ( ter naprej na Hrva\u0161ko proti Vara\u017edinu) zelo prometna. Zdaj je zasilno zavarovana z lovilnimi \u00a0mre\u017eami, podor pa je pokazal, da ima kak\u0161nih 50 metrov visoka skala, na kateri stoji grad Borl, kriti\u010dno razpoko, v katero pronica voda in \u010de bi se skala odlomila po njej, bi s\u00a0&#8230;<\/p>\n","protected":false},"author":1,"featured_media":0,"comment_status":"closed","ping_status":"closed","sticky":false,"template":"","format":"standard","meta":{"footnotes":""},"categories":[1179],"tags":[],"source":[1703],"supertag":[],"acf":[],"yoast_head":"<!-- This site is optimized with the Yoast SEO plugin v21.3 - https:\/\/yoast.com\/wordpress\/plugins\/seo\/ -->\n<title>Skala pod Borlom mora vzdr\u017eati \u0161e to zimo - Hudo Slovenija<\/title>\n<meta name=\"robots\" content=\"index, follow, max-snippet:-1, max-image-preview:large, max-video-preview:-1\" \/>\n<link rel=\"canonical\" href=\"https:\/\/hudo.com\/si\/aktualno\/skala-pod-borlom-mora-vzdrzati-se-to-zimo\/\" \/>\n<meta property=\"og:locale\" content=\"sl_SI\" \/>\n<meta property=\"og:type\" content=\"article\" \/>\n<meta property=\"og:title\" content=\"Skala pod Borlom mora vzdr\u017eati \u0161e to zimo - Hudo Slovenija\" \/>\n<meta property=\"og:description\" content=\"Kategorija: Slovenija Wed, 06 Dec 2017 08:36:00 +0100 Direkcija RS za infrastrukturo je \u017ee drugi\u010d letos razpisala utrjevanje skalne bre\u017eine pri gradu Borl na obronkih Haloz. Sredi leta 2012\u00a0je tam namre\u010d na cesto pod bre\u017eino\u00a0zgrmelo nekaj velikih skal in kamenja -\u00a0priprave na sanacijo so torej trajale kar pet let. Po projektantski oceni naj bi ta stala 1,64 milijona evrov, za\u010deti jo bo\u00a0treba prihodnjo pomlad in kon\u010dati \u0161ele do konca novembra 2019. Ob podoru skal in kamenja na sre\u010do na cesti ni bilo nobenega vozila, \u010deprav je cesta med Ptujem in Zavr\u010dem ( ter naprej na Hrva\u0161ko proti Vara\u017edinu) zelo prometna. Zdaj je zasilno zavarovana z lovilnimi \u00a0mre\u017eami, podor pa je pokazal, da ima kak\u0161nih 50 metrov visoka skala, na kateri stoji grad Borl, kriti\u010dno razpoko, v katero pronica voda in \u010de bi se skala odlomila po njej, bi s\u00a0...\" \/>\n<meta property=\"og:url\" content=\"https:\/\/hudo.com\/si\/aktualno\/skala-pod-borlom-mora-vzdrzati-se-to-zimo\/\" \/>\n<meta property=\"og:site_name\" content=\"Hudo Slovenija\" \/>\n<meta property=\"article:publisher\" content=\"https:\/\/www.facebook.com\/hudo.si\" \/>\n<meta property=\"article:published_time\" content=\"2017-12-06T06:36:00+00:00\" \/>\n<meta property=\"og:image\" content=\"https:\/\/hudo.com\/si\/wp-content\/uploads\/sites\/2\/2017\/12\/480x290_borl2.jpeg\" \/>\n\t<meta property=\"og:image:width\" content=\"480\" \/>\n\t<meta property=\"og:image:height\" content=\"290\" \/>\n\t<meta property=\"og:image:type\" content=\"image\/jpeg\" \/>\n<meta name=\"author\" content=\"hudo\" \/>\n<meta name=\"twitter:card\" content=\"summary_large_image\" \/>\n<meta name=\"twitter:creator\" content=\"@hudo_si\" \/>\n<meta name=\"twitter:site\" content=\"@hudo_si\" \/>\n<meta name=\"twitter:label1\" content=\"Written by\" \/>\n\t<meta name=\"twitter:data1\" content=\"hudo\" \/>\n\t<meta name=\"twitter:label2\" content=\"Est. reading time\" \/>\n\t<meta name=\"twitter:data2\" content=\"1 minuta\" \/>\n<script type=\"application\/ld+json\" class=\"yoast-schema-graph\">{\"@context\":\"https:\/\/schema.org\",\"@graph\":[{\"@type\":\"Article\",\"@id\":\"https:\/\/hudo.com\/si\/aktualno\/skala-pod-borlom-mora-vzdrzati-se-to-zimo\/#article\",\"isPartOf\":{\"@id\":\"https:\/\/hudo.com\/si\/aktualno\/skala-pod-borlom-mora-vzdrzati-se-to-zimo\/\"},\"author\":{\"name\":\"hudo\",\"@id\":\"https:\/\/hudo.com\/si\/#\/schema\/person\/601cf3379633985b20f7e50f2bb47707\"},\"headline\":\"Skala pod Borlom mora vzdr\u017eati \u0161e to zimo\",\"datePublished\":\"2017-12-06T06:36:00+00:00\",\"dateModified\":\"2017-12-06T06:36:00+00:00\",\"mainEntityOfPage\":{\"@id\":\"https:\/\/hudo.com\/si\/aktualno\/skala-pod-borlom-mora-vzdrzati-se-to-zimo\/\"},\"wordCount\":154,\"publisher\":{\"@id\":\"https:\/\/hudo.com\/si\/#organization\"},\"articleSection\":[\"Aktualno\"],\"inLanguage\":\"sl-SI\"},{\"@type\":\"WebPage\",\"@id\":\"https:\/\/hudo.com\/si\/aktualno\/skala-pod-borlom-mora-vzdrzati-se-to-zimo\/\",\"url\":\"https:\/\/hudo.com\/si\/aktualno\/skala-pod-borlom-mora-vzdrzati-se-to-zimo\/\",\"name\":\"Skala pod Borlom mora vzdr\u017eati \u0161e to zimo - Hudo Slovenija\",\"isPartOf\":{\"@id\":\"https:\/\/hudo.com\/si\/#website\"},\"datePublished\":\"2017-12-06T06:36:00+00:00\",\"dateModified\":\"2017-12-06T06:36:00+00:00\",\"breadcrumb\":{\"@id\":\"https:\/\/hudo.com\/si\/aktualno\/skala-pod-borlom-mora-vzdrzati-se-to-zimo\/#breadcrumb\"},\"inLanguage\":\"sl-SI\",\"potentialAction\":[{\"@type\":\"ReadAction\",\"target\":[\"https:\/\/hudo.com\/si\/aktualno\/skala-pod-borlom-mora-vzdrzati-se-to-zimo\/\"]}]},{\"@type\":\"BreadcrumbList\",\"@id\":\"https:\/\/hudo.com\/si\/aktualno\/skala-pod-borlom-mora-vzdrzati-se-to-zimo\/#breadcrumb\",\"itemListElement\":[{\"@type\":\"ListItem\",\"position\":1,\"name\":\"Home\",\"item\":\"https:\/\/hudo.com\/si\/\"},{\"@type\":\"ListItem\",\"position\":2,\"name\":\"Skala pod Borlom mora vzdr\u017eati \u0161e to zimo\"}]},{\"@type\":\"WebSite\",\"@id\":\"https:\/\/hudo.com\/si\/#website\",\"url\":\"https:\/\/hudo.com\/si\/\",\"name\":\"Hudo Slovenija\",\"description\":\"Vse novice iz Slovenije in sveta\",\"publisher\":{\"@id\":\"https:\/\/hudo.com\/si\/#organization\"},\"potentialAction\":[{\"@type\":\"SearchAction\",\"target\":{\"@type\":\"EntryPoint\",\"urlTemplate\":\"https:\/\/hudo.com\/si\/?s={search_term_string}\"},\"query-input\":\"required name=search_term_string\"}],\"inLanguage\":\"sl-SI\"},{\"@type\":\"Organization\",\"@id\":\"https:\/\/hudo.com\/si\/#organization\",\"name\":\"VSN Media\",\"url\":\"https:\/\/hudo.com\/si\/\",\"logo\":{\"@type\":\"ImageObject\",\"inLanguage\":\"sl-SI\",\"@id\":\"https:\/\/hudo.com\/si\/#\/schema\/logo\/image\/\",\"url\":\"https:\/\/hudo.com\/si\/wp-content\/uploads\/sites\/2\/2021\/03\/hudo-app-2.png\",\"contentUrl\":\"https:\/\/hudo.com\/si\/wp-content\/uploads\/sites\/2\/2021\/03\/hudo-app-2.png\",\"width\":2185,\"height\":2167,\"caption\":\"VSN Media\"},\"image\":{\"@id\":\"https:\/\/hudo.com\/si\/#\/schema\/logo\/image\/\"},\"sameAs\":[\"https:\/\/www.facebook.com\/hudo.si\",\"https:\/\/twitter.com\/hudo_si\"]},{\"@type\":\"Person\",\"@id\":\"https:\/\/hudo.com\/si\/#\/schema\/person\/601cf3379633985b20f7e50f2bb47707\",\"name\":\"hudo\",\"image\":{\"@type\":\"ImageObject\",\"inLanguage\":\"sl-SI\",\"@id\":\"https:\/\/hudo.com\/si\/#\/schema\/person\/image\/\",\"url\":\"https:\/\/secure.gravatar.com\/avatar\/c4ca25fa72cace7a696b52ff5db9e095?s=96&d=mm&r=g\",\"contentUrl\":\"https:\/\/secure.gravatar.com\/avatar\/c4ca25fa72cace7a696b52ff5db9e095?s=96&d=mm&r=g\",\"caption\":\"hudo\"},\"url\":\"https:\/\/hudo.com\/si\/author\/hudo\/\"}]}<\/script>\n<!-- \/ Yoast SEO plugin. -->","yoast_head_json":{"title":"Skala pod Borlom mora vzdr\u017eati \u0161e to zimo - Hudo Slovenija","robots":{"index":"index","follow":"follow","max-snippet":"max-snippet:-1","max-image-preview":"max-image-preview:large","max-video-preview":"max-video-preview:-1"},"canonical":"https:\/\/hudo.com\/si\/aktualno\/skala-pod-borlom-mora-vzdrzati-se-to-zimo\/","og_locale":"sl_SI","og_type":"article","og_title":"Skala pod Borlom mora vzdr\u017eati \u0161e to zimo - Hudo Slovenija","og_description":"Kategorija: Slovenija Wed, 06 Dec 2017 08:36:00 +0100 Direkcija RS za infrastrukturo je \u017ee drugi\u010d letos razpisala utrjevanje skalne bre\u017eine pri gradu Borl na obronkih Haloz. Sredi leta 2012\u00a0je tam namre\u010d na cesto pod bre\u017eino\u00a0zgrmelo nekaj velikih skal in kamenja -\u00a0priprave na sanacijo so torej trajale kar pet let. Po projektantski oceni naj bi ta stala 1,64 milijona evrov, za\u010deti jo bo\u00a0treba prihodnjo pomlad in kon\u010dati \u0161ele do konca novembra 2019. Ob podoru skal in kamenja na sre\u010do na cesti ni bilo nobenega vozila, \u010deprav je cesta med Ptujem in Zavr\u010dem ( ter naprej na Hrva\u0161ko proti Vara\u017edinu) zelo prometna. Zdaj je zasilno zavarovana z lovilnimi \u00a0mre\u017eami, podor pa je pokazal, da ima kak\u0161nih 50 metrov visoka skala, na kateri stoji grad Borl, kriti\u010dno razpoko, v katero pronica voda in \u010de bi se skala odlomila po njej, bi s\u00a0...","og_url":"https:\/\/hudo.com\/si\/aktualno\/skala-pod-borlom-mora-vzdrzati-se-to-zimo\/","og_site_name":"Hudo Slovenija","article_publisher":"https:\/\/www.facebook.com\/hudo.si","article_published_time":"2017-12-06T06:36:00+00:00","og_image":[{"width":480,"height":290,"url":"https:\/\/hudo.com\/si\/wp-content\/uploads\/sites\/2\/2017\/12\/480x290_borl2.jpeg","type":"image\/jpeg"}],"author":"hudo","twitter_card":"summary_large_image","twitter_creator":"@hudo_si","twitter_site":"@hudo_si","twitter_misc":{"Written by":"hudo","Est. reading time":"1 minuta"},"schema":{"@context":"https:\/\/schema.org","@graph":[{"@type":"Article","@id":"https:\/\/hudo.com\/si\/aktualno\/skala-pod-borlom-mora-vzdrzati-se-to-zimo\/#article","isPartOf":{"@id":"https:\/\/hudo.com\/si\/aktualno\/skala-pod-borlom-mora-vzdrzati-se-to-zimo\/"},"author":{"name":"hudo","@id":"https:\/\/hudo.com\/si\/#\/schema\/person\/601cf3379633985b20f7e50f2bb47707"},"headline":"Skala pod Borlom mora vzdr\u017eati \u0161e to zimo","datePublished":"2017-12-06T06:36:00+00:00","dateModified":"2017-12-06T06:36:00+00:00","mainEntityOfPage":{"@id":"https:\/\/hudo.com\/si\/aktualno\/skala-pod-borlom-mora-vzdrzati-se-to-zimo\/"},"wordCount":154,"publisher":{"@id":"https:\/\/hudo.com\/si\/#organization"},"articleSection":["Aktualno"],"inLanguage":"sl-SI"},{"@type":"WebPage","@id":"https:\/\/hudo.com\/si\/aktualno\/skala-pod-borlom-mora-vzdrzati-se-to-zimo\/","url":"https:\/\/hudo.com\/si\/aktualno\/skala-pod-borlom-mora-vzdrzati-se-to-zimo\/","name":"Skala pod Borlom mora vzdr\u017eati \u0161e to zimo - Hudo Slovenija","isPartOf":{"@id":"https:\/\/hudo.com\/si\/#website"},"datePublished":"2017-12-06T06:36:00+00:00","dateModified":"2017-12-06T06:36:00+00:00","breadcrumb":{"@id":"https:\/\/hudo.com\/si\/aktualno\/skala-pod-borlom-mora-vzdrzati-se-to-zimo\/#breadcrumb"},"inLanguage":"sl-SI","potentialAction":[{"@type":"ReadAction","target":["https:\/\/hudo.com\/si\/aktualno\/skala-pod-borlom-mora-vzdrzati-se-to-zimo\/"]}]},{"@type":"BreadcrumbList","@id":"https:\/\/hudo.com\/si\/aktualno\/skala-pod-borlom-mora-vzdrzati-se-to-zimo\/#breadcrumb","itemListElement":[{"@type":"ListItem","position":1,"name":"Home","item":"https:\/\/hudo.com\/si\/"},{"@type":"ListItem","position":2,"name":"Skala pod Borlom mora vzdr\u017eati \u0161e to zimo"}]},{"@type":"WebSite","@id":"https:\/\/hudo.com\/si\/#website","url":"https:\/\/hudo.com\/si\/","name":"Hudo Slovenija","description":"Vse novice iz Slovenije in sveta","publisher":{"@id":"https:\/\/hudo.com\/si\/#organization"},"potentialAction":[{"@type":"SearchAction","target":{"@type":"EntryPoint","urlTemplate":"https:\/\/hudo.com\/si\/?s={search_term_string}"},"query-input":"required name=search_term_string"}],"inLanguage":"sl-SI"},{"@type":"Organization","@id":"https:\/\/hudo.com\/si\/#organization","name":"VSN Media","url":"https:\/\/hudo.com\/si\/","logo":{"@type":"ImageObject","inLanguage":"sl-SI","@id":"https:\/\/hudo.com\/si\/#\/schema\/logo\/image\/","url":"https:\/\/hudo.com\/si\/wp-content\/uploads\/sites\/2\/2021\/03\/hudo-app-2.png","contentUrl":"https:\/\/hudo.com\/si\/wp-content\/uploads\/sites\/2\/2021\/03\/hudo-app-2.png","width":2185,"height":2167,"caption":"VSN Media"},"image":{"@id":"https:\/\/hudo.com\/si\/#\/schema\/logo\/image\/"},"sameAs":["https:\/\/www.facebook.com\/hudo.si","https:\/\/twitter.com\/hudo_si"]},{"@type":"Person","@id":"https:\/\/hudo.com\/si\/#\/schema\/person\/601cf3379633985b20f7e50f2bb47707","name":"hudo","image":{"@type":"ImageObject","inLanguage":"sl-SI","@id":"https:\/\/hudo.com\/si\/#\/schema\/person\/image\/","url":"https:\/\/secure.gravatar.com\/avatar\/c4ca25fa72cace7a696b52ff5db9e095?s=96&d=mm&r=g","contentUrl":"https:\/\/secure.gravatar.com\/avatar\/c4ca25fa72cace7a696b52ff5db9e095?s=96&d=mm&r=g","caption":"hudo"},"url":"https:\/\/hudo.com\/si\/author\/hudo\/"}]}},"amp_enabled":true,"_links":{"self":[{"href":"https:\/\/hudo.com\/si\/wp-json\/wp\/v2\/posts\/330074"}],"collection":[{"href":"https:\/\/hudo.com\/si\/wp-json\/wp\/v2\/posts"}],"about":[{"href":"https:\/\/hudo.com\/si\/wp-json\/wp\/v2\/types\/post"}],"author":[{"embeddable":true,"href":"https:\/\/hudo.com\/si\/wp-json\/wp\/v2\/users\/1"}],"replies":[{"embeddable":true,"href":"https:\/\/hudo.com\/si\/wp-json\/wp\/v2\/comments?post=330074"}],"version-history":[{"count":0,"href":"https:\/\/hudo.com\/si\/wp-json\/wp\/v2\/posts\/330074\/revisions"}],"wp:attachment":[{"href":"https:\/\/hudo.com\/si\/wp-json\/wp\/v2\/media?parent=330074"}],"wp:term":[{"taxonomy":"category","embeddable":true,"href":"https:\/\/hudo.com\/si\/wp-json\/wp\/v2\/categories?post=330074"},{"taxonomy":"post_tag","embeddable":true,"href":"https:\/\/hudo.com\/si\/wp-json\/wp\/v2\/tags?post=330074"},{"taxonomy":"source","embeddable":true,"href":"https:\/\/hudo.com\/si\/wp-json\/wp\/v2\/source?post=330074"},{"taxonomy":"supertag","embeddable":true,"href":"https:\/\/hudo.com\/si\/wp-json\/wp\/v2\/supertag?post=330074"}],"curies":[{"name":"wp","href":"https:\/\/api.w.org\/{rel}","templated":true}]}}