{"id":330570,"date":"2017-12-07T12:41:15","date_gmt":"2017-12-07T11:41:15","guid":{"rendered":"http:\/\/hudo.com\/si\/?p=330570"},"modified":"2017-12-07T12:41:15","modified_gmt":"2017-12-07T11:41:15","slug":"slovenija-se-bo-morala-zaradi-koncesij-zagovarjati-pred-sodiscem-eu","status":"publish","type":"post","link":"https:\/\/hudo.com\/si\/aktualno\/slovenija-se-bo-morala-zaradi-koncesij-zagovarjati-pred-sodiscem-eu\/","title":{"rendered":"Slovenija se bo morala zaradi koncesij zagovarjati pred Sodi\u0161\u010dem EU"},"content":{"rendered":"<p>Komisija se je odlo\u010dila, da postopek na sodi\u0161\u010du EU spro\u017ei tudi proti Avstriji, Luksemburgu in \u0160paniji, ker je omenjene \u010dlanice niso obvestile o polnem prenosu vsaj enega od aktov iz paketa, ki poleg direktive o podeljevanju koncesijskih pogodb vklju\u010duje \u0161e prenovljeni direktivi o javnem naro\u010danju in o javnem naro\u010danju naro\u010dnikov, ki opravljajo dejavnosti v vodnem, energetskem in prometnem sektorju ter sektorju po\u0161tnih storitev.<\/p>\n<p>Drugi opomin je komisija Sloveniji glede tega poslala decembra lani, takrat pa jih je poleg nje prejelo \u0161e 14 dr\u017eav. Zdaj se je seznam kr\u0161iteljic evropskih pravil skr\u010dil na omenjene \u0161tiri \u010dlanice.<\/p>\n<p>Slovenija je z novim sistemskim zakonom o javnem naro\u010danju, ki je za\u010del veljati aprila lani, prenesla obe direktivi s podro\u010dja javnega naro\u010danja. Za prenos tako ostaja \u0161e direktiva o podeljevanju koncesijskih pogodb.<\/p>\n<p>Na ministrstvu za finance so decembra lani za STA pojasnili, da pripravljajo nov zakon o koncesijah, ki bo med drugim uredil tudi prenos koncesijske direktive. Ob tem so poudarili, da obstoje\u010da zakona o javno-zasebnem partnerstvu in o gospodarskih javnih slu\u017ebah to podro\u010dje \u017ee urejata, zato bo po njihovih pojasnilih potreben samo delni prenos direktive. V vladni proceduri predloga zakona za zdaj ni.<\/p>\n<p>Komisija bo sodi\u0161\u010de pozvala, da Sloveniji do prenosa omenjene direktive predpi\u0161e dnevno kazen v vi\u0161ini 8.992,32 evra. \u0160e precej vi\u0161je kazni predlaga za Avstrijo, ki ni prenesla nobene od omenjenih treh direktiv in \u0160paniji, ki ni prenesla dveh. Najvi\u0161ja predvidena dnevna kazen za Avstrijo je skoraj 53.000 evrov, za \u0160panijo pa blizu 124.000 evrov.<\/p>\n<p>V Bruslju so prepri\u010dani, da nova pravila na podro\u010dju javnega naro\u010danja in koncesij zagotavljajo bolj u\u010dinkovito in pregledno javno naro\u010danje z ve\u010d elektronskimi postopki. Prav tako po navedbah komisije omogo\u010dajo la\u017eje in cenej\u0161e sodelovanje na razpisih za javna naro\u010dila za mala in srednja podjetja, izbolj\u0161ujejo preglednost in konkurenco ter pomagajo dosegati \u0161ir\u0161e cilje politike, na primer okoljske in socialne cilje ter inovacije.<\/p>\n<p>Komisarka za notranji trg industrijo, podjetni\u0161tvo in mala ter srednja podjetja Elzbieta Bienkowska je danes poudarila tudi, da nova evropska pravila dr\u017eavnim organom dajejo mo\u010dna orodja za doseganje bolj\u0161ih re\u0161itev za davkopla\u010devalce na podro\u010dju javnega naro\u010danja in koncesij.<\/p>\n<p>Dr\u017eave bi morale komisijo o prenosu paketa obvestiti do aprila lani.<\/p>\n","protected":false},"excerpt":{"rendered":"<p>Evropska komisija se je danes odlo\u010dila, da proti Sloveniji spro\u017ei postopek na Sodi\u0161\u010du EU, ker je ni obvestila o polnem prenosu nove evropske direktive o podeljevanju koncesijskih pogodb iz 2014 v nacionalni pravni red. Komisija bo za Slovenijo do polnega prenosa omenjene direktive predlagala dnevno kazen v vi\u0161ini skoraj 9000 evrov.<\/p>\n","protected":false},"author":8,"featured_media":250004,"comment_status":"closed","ping_status":"closed","sticky":false,"template":"","format":"standard","meta":{"footnotes":""},"categories":[1179],"tags":[8532,1595,6332],"source":[4511],"supertag":[],"acf":[],"yoast_head":"<!-- This site is optimized with the Yoast SEO plugin v21.3 - https:\/\/yoast.com\/wordpress\/plugins\/seo\/ -->\n<title>Slovenija se bo morala zaradi koncesij zagovarjati pred Sodi\u0161\u010dem EU - Hudo Slovenija<\/title>\n<meta name=\"robots\" content=\"index, follow, max-snippet:-1, max-image-preview:large, max-video-preview:-1\" \/>\n<link rel=\"canonical\" href=\"https:\/\/hudo.com\/si\/aktualno\/slovenija-se-bo-morala-zaradi-koncesij-zagovarjati-pred-sodiscem-eu\/\" \/>\n<meta property=\"og:locale\" content=\"sl_SI\" \/>\n<meta property=\"og:type\" content=\"article\" \/>\n<meta property=\"og:title\" content=\"Slovenija se bo morala zaradi koncesij zagovarjati pred Sodi\u0161\u010dem EU - Hudo Slovenija\" \/>\n<meta property=\"og:description\" content=\"Evropska komisija se je danes odlo\u010dila, da proti Sloveniji spro\u017ei postopek na Sodi\u0161\u010du EU, ker je ni obvestila o polnem prenosu nove evropske direktive o podeljevanju koncesijskih pogodb iz 2014 v nacionalni pravni red. Komisija bo za Slovenijo do polnega prenosa omenjene direktive predlagala dnevno kazen v vi\u0161ini skoraj 9000 evrov.\" \/>\n<meta property=\"og:url\" content=\"https:\/\/hudo.com\/si\/aktualno\/slovenija-se-bo-morala-zaradi-koncesij-zagovarjati-pred-sodiscem-eu\/\" \/>\n<meta property=\"og:site_name\" content=\"Hudo Slovenija\" \/>\n<meta property=\"article:publisher\" content=\"https:\/\/www.facebook.com\/hudo.si\" \/>\n<meta property=\"article:published_time\" content=\"2017-12-07T11:41:15+00:00\" \/>\n<meta property=\"og:image\" content=\"https:\/\/hudo.com\/si\/wp-content\/uploads\/sites\/2\/2017\/05\/profimedia-0323139282.jpg\" \/>\n\t<meta property=\"og:image:width\" content=\"1250\" \/>\n\t<meta property=\"og:image:height\" content=\"833\" \/>\n\t<meta property=\"og:image:type\" content=\"image\/jpeg\" \/>\n<meta name=\"author\" content=\"M. N., STA\" \/>\n<meta name=\"twitter:card\" content=\"summary_large_image\" \/>\n<meta name=\"twitter:creator\" content=\"@hudo_si\" \/>\n<meta name=\"twitter:site\" content=\"@hudo_si\" \/>\n<meta name=\"twitter:label1\" content=\"Written by\" \/>\n\t<meta name=\"twitter:data1\" content=\"M. N., STA\" \/>\n\t<meta name=\"twitter:label2\" content=\"Est. reading time\" \/>\n\t<meta name=\"twitter:data2\" content=\"2 minuti\" \/>\n<script type=\"application\/ld+json\" class=\"yoast-schema-graph\">{\"@context\":\"https:\/\/schema.org\",\"@graph\":[{\"@type\":\"Article\",\"@id\":\"https:\/\/hudo.com\/si\/aktualno\/slovenija-se-bo-morala-zaradi-koncesij-zagovarjati-pred-sodiscem-eu\/#article\",\"isPartOf\":{\"@id\":\"https:\/\/hudo.com\/si\/aktualno\/slovenija-se-bo-morala-zaradi-koncesij-zagovarjati-pred-sodiscem-eu\/\"},\"author\":{\"name\":\"M. N., STA\",\"@id\":\"https:\/\/hudo.com\/si\/#\/schema\/person\/c2f10ce65d2e6ede2aeda5be2a0611fa\"},\"headline\":\"Slovenija se bo morala zaradi koncesij zagovarjati pred Sodi\u0161\u010dem EU\",\"datePublished\":\"2017-12-07T11:41:15+00:00\",\"dateModified\":\"2017-12-07T11:41:15+00:00\",\"mainEntityOfPage\":{\"@id\":\"https:\/\/hudo.com\/si\/aktualno\/slovenija-se-bo-morala-zaradi-koncesij-zagovarjati-pred-sodiscem-eu\/\"},\"wordCount\":404,\"publisher\":{\"@id\":\"https:\/\/hudo.com\/si\/#organization\"},\"keywords\":[\"koncesija\",\"Slovenija\",\"sodi\u0161\u010de EU\"],\"articleSection\":[\"Aktualno\"],\"inLanguage\":\"sl-SI\"},{\"@type\":\"WebPage\",\"@id\":\"https:\/\/hudo.com\/si\/aktualno\/slovenija-se-bo-morala-zaradi-koncesij-zagovarjati-pred-sodiscem-eu\/\",\"url\":\"https:\/\/hudo.com\/si\/aktualno\/slovenija-se-bo-morala-zaradi-koncesij-zagovarjati-pred-sodiscem-eu\/\",\"name\":\"Slovenija se bo morala zaradi koncesij zagovarjati pred Sodi\u0161\u010dem EU - Hudo Slovenija\",\"isPartOf\":{\"@id\":\"https:\/\/hudo.com\/si\/#website\"},\"datePublished\":\"2017-12-07T11:41:15+00:00\",\"dateModified\":\"2017-12-07T11:41:15+00:00\",\"breadcrumb\":{\"@id\":\"https:\/\/hudo.com\/si\/aktualno\/slovenija-se-bo-morala-zaradi-koncesij-zagovarjati-pred-sodiscem-eu\/#breadcrumb\"},\"inLanguage\":\"sl-SI\",\"potentialAction\":[{\"@type\":\"ReadAction\",\"target\":[\"https:\/\/hudo.com\/si\/aktualno\/slovenija-se-bo-morala-zaradi-koncesij-zagovarjati-pred-sodiscem-eu\/\"]}]},{\"@type\":\"BreadcrumbList\",\"@id\":\"https:\/\/hudo.com\/si\/aktualno\/slovenija-se-bo-morala-zaradi-koncesij-zagovarjati-pred-sodiscem-eu\/#breadcrumb\",\"itemListElement\":[{\"@type\":\"ListItem\",\"position\":1,\"name\":\"Home\",\"item\":\"https:\/\/hudo.com\/si\/\"},{\"@type\":\"ListItem\",\"position\":2,\"name\":\"Slovenija se bo morala zaradi koncesij zagovarjati pred Sodi\u0161\u010dem EU\"}]},{\"@type\":\"WebSite\",\"@id\":\"https:\/\/hudo.com\/si\/#website\",\"url\":\"https:\/\/hudo.com\/si\/\",\"name\":\"Hudo Slovenija\",\"description\":\"Vse novice iz Slovenije in sveta\",\"publisher\":{\"@id\":\"https:\/\/hudo.com\/si\/#organization\"},\"potentialAction\":[{\"@type\":\"SearchAction\",\"target\":{\"@type\":\"EntryPoint\",\"urlTemplate\":\"https:\/\/hudo.com\/si\/?s={search_term_string}\"},\"query-input\":\"required name=search_term_string\"}],\"inLanguage\":\"sl-SI\"},{\"@type\":\"Organization\",\"@id\":\"https:\/\/hudo.com\/si\/#organization\",\"name\":\"VSN Media\",\"url\":\"https:\/\/hudo.com\/si\/\",\"logo\":{\"@type\":\"ImageObject\",\"inLanguage\":\"sl-SI\",\"@id\":\"https:\/\/hudo.com\/si\/#\/schema\/logo\/image\/\",\"url\":\"https:\/\/hudo.com\/si\/wp-content\/uploads\/sites\/2\/2021\/03\/hudo-app-2.png\",\"contentUrl\":\"https:\/\/hudo.com\/si\/wp-content\/uploads\/sites\/2\/2021\/03\/hudo-app-2.png\",\"width\":2185,\"height\":2167,\"caption\":\"VSN Media\"},\"image\":{\"@id\":\"https:\/\/hudo.com\/si\/#\/schema\/logo\/image\/\"},\"sameAs\":[\"https:\/\/www.facebook.com\/hudo.si\",\"https:\/\/twitter.com\/hudo_si\"]},{\"@type\":\"Person\",\"@id\":\"https:\/\/hudo.com\/si\/#\/schema\/person\/c2f10ce65d2e6ede2aeda5be2a0611fa\",\"name\":\"M. N., STA\",\"image\":{\"@type\":\"ImageObject\",\"inLanguage\":\"sl-SI\",\"@id\":\"https:\/\/hudo.com\/si\/#\/schema\/person\/image\/\",\"url\":\"https:\/\/secure.gravatar.com\/avatar\/f370d38daa10467f755c5c766a4cac20?s=96&d=mm&r=g\",\"contentUrl\":\"https:\/\/secure.gravatar.com\/avatar\/f370d38daa10467f755c5c766a4cac20?s=96&d=mm&r=g\",\"caption\":\"M. N., STA\"},\"url\":\"https:\/\/hudo.com\/si\/author\/mana\/\"}]}<\/script>\n<!-- \/ Yoast SEO plugin. -->","yoast_head_json":{"title":"Slovenija se bo morala zaradi koncesij zagovarjati pred Sodi\u0161\u010dem EU - Hudo Slovenija","robots":{"index":"index","follow":"follow","max-snippet":"max-snippet:-1","max-image-preview":"max-image-preview:large","max-video-preview":"max-video-preview:-1"},"canonical":"https:\/\/hudo.com\/si\/aktualno\/slovenija-se-bo-morala-zaradi-koncesij-zagovarjati-pred-sodiscem-eu\/","og_locale":"sl_SI","og_type":"article","og_title":"Slovenija se bo morala zaradi koncesij zagovarjati pred Sodi\u0161\u010dem EU - Hudo Slovenija","og_description":"Evropska komisija se je danes odlo\u010dila, da proti Sloveniji spro\u017ei postopek na Sodi\u0161\u010du EU, ker je ni obvestila o polnem prenosu nove evropske direktive o podeljevanju koncesijskih pogodb iz 2014 v nacionalni pravni red. Komisija bo za Slovenijo do polnega prenosa omenjene direktive predlagala dnevno kazen v vi\u0161ini skoraj 9000 evrov.","og_url":"https:\/\/hudo.com\/si\/aktualno\/slovenija-se-bo-morala-zaradi-koncesij-zagovarjati-pred-sodiscem-eu\/","og_site_name":"Hudo Slovenija","article_publisher":"https:\/\/www.facebook.com\/hudo.si","article_published_time":"2017-12-07T11:41:15+00:00","og_image":[{"width":1250,"height":833,"url":"https:\/\/hudo.com\/si\/wp-content\/uploads\/sites\/2\/2017\/05\/profimedia-0323139282.jpg","type":"image\/jpeg"}],"author":"M. N., STA","twitter_card":"summary_large_image","twitter_creator":"@hudo_si","twitter_site":"@hudo_si","twitter_misc":{"Written by":"M. N., STA","Est. reading time":"2 minuti"},"schema":{"@context":"https:\/\/schema.org","@graph":[{"@type":"Article","@id":"https:\/\/hudo.com\/si\/aktualno\/slovenija-se-bo-morala-zaradi-koncesij-zagovarjati-pred-sodiscem-eu\/#article","isPartOf":{"@id":"https:\/\/hudo.com\/si\/aktualno\/slovenija-se-bo-morala-zaradi-koncesij-zagovarjati-pred-sodiscem-eu\/"},"author":{"name":"M. N., STA","@id":"https:\/\/hudo.com\/si\/#\/schema\/person\/c2f10ce65d2e6ede2aeda5be2a0611fa"},"headline":"Slovenija se bo morala zaradi koncesij zagovarjati pred Sodi\u0161\u010dem EU","datePublished":"2017-12-07T11:41:15+00:00","dateModified":"2017-12-07T11:41:15+00:00","mainEntityOfPage":{"@id":"https:\/\/hudo.com\/si\/aktualno\/slovenija-se-bo-morala-zaradi-koncesij-zagovarjati-pred-sodiscem-eu\/"},"wordCount":404,"publisher":{"@id":"https:\/\/hudo.com\/si\/#organization"},"keywords":["koncesija","Slovenija","sodi\u0161\u010de EU"],"articleSection":["Aktualno"],"inLanguage":"sl-SI"},{"@type":"WebPage","@id":"https:\/\/hudo.com\/si\/aktualno\/slovenija-se-bo-morala-zaradi-koncesij-zagovarjati-pred-sodiscem-eu\/","url":"https:\/\/hudo.com\/si\/aktualno\/slovenija-se-bo-morala-zaradi-koncesij-zagovarjati-pred-sodiscem-eu\/","name":"Slovenija se bo morala zaradi koncesij zagovarjati pred Sodi\u0161\u010dem EU - Hudo Slovenija","isPartOf":{"@id":"https:\/\/hudo.com\/si\/#website"},"datePublished":"2017-12-07T11:41:15+00:00","dateModified":"2017-12-07T11:41:15+00:00","breadcrumb":{"@id":"https:\/\/hudo.com\/si\/aktualno\/slovenija-se-bo-morala-zaradi-koncesij-zagovarjati-pred-sodiscem-eu\/#breadcrumb"},"inLanguage":"sl-SI","potentialAction":[{"@type":"ReadAction","target":["https:\/\/hudo.com\/si\/aktualno\/slovenija-se-bo-morala-zaradi-koncesij-zagovarjati-pred-sodiscem-eu\/"]}]},{"@type":"BreadcrumbList","@id":"https:\/\/hudo.com\/si\/aktualno\/slovenija-se-bo-morala-zaradi-koncesij-zagovarjati-pred-sodiscem-eu\/#breadcrumb","itemListElement":[{"@type":"ListItem","position":1,"name":"Home","item":"https:\/\/hudo.com\/si\/"},{"@type":"ListItem","position":2,"name":"Slovenija se bo morala zaradi koncesij zagovarjati pred Sodi\u0161\u010dem EU"}]},{"@type":"WebSite","@id":"https:\/\/hudo.com\/si\/#website","url":"https:\/\/hudo.com\/si\/","name":"Hudo Slovenija","description":"Vse novice iz Slovenije in sveta","publisher":{"@id":"https:\/\/hudo.com\/si\/#organization"},"potentialAction":[{"@type":"SearchAction","target":{"@type":"EntryPoint","urlTemplate":"https:\/\/hudo.com\/si\/?s={search_term_string}"},"query-input":"required name=search_term_string"}],"inLanguage":"sl-SI"},{"@type":"Organization","@id":"https:\/\/hudo.com\/si\/#organization","name":"VSN Media","url":"https:\/\/hudo.com\/si\/","logo":{"@type":"ImageObject","inLanguage":"sl-SI","@id":"https:\/\/hudo.com\/si\/#\/schema\/logo\/image\/","url":"https:\/\/hudo.com\/si\/wp-content\/uploads\/sites\/2\/2021\/03\/hudo-app-2.png","contentUrl":"https:\/\/hudo.com\/si\/wp-content\/uploads\/sites\/2\/2021\/03\/hudo-app-2.png","width":2185,"height":2167,"caption":"VSN Media"},"image":{"@id":"https:\/\/hudo.com\/si\/#\/schema\/logo\/image\/"},"sameAs":["https:\/\/www.facebook.com\/hudo.si","https:\/\/twitter.com\/hudo_si"]},{"@type":"Person","@id":"https:\/\/hudo.com\/si\/#\/schema\/person\/c2f10ce65d2e6ede2aeda5be2a0611fa","name":"M. N., STA","image":{"@type":"ImageObject","inLanguage":"sl-SI","@id":"https:\/\/hudo.com\/si\/#\/schema\/person\/image\/","url":"https:\/\/secure.gravatar.com\/avatar\/f370d38daa10467f755c5c766a4cac20?s=96&d=mm&r=g","contentUrl":"https:\/\/secure.gravatar.com\/avatar\/f370d38daa10467f755c5c766a4cac20?s=96&d=mm&r=g","caption":"M. N., STA"},"url":"https:\/\/hudo.com\/si\/author\/mana\/"}]}},"amp_enabled":true,"_links":{"self":[{"href":"https:\/\/hudo.com\/si\/wp-json\/wp\/v2\/posts\/330570"}],"collection":[{"href":"https:\/\/hudo.com\/si\/wp-json\/wp\/v2\/posts"}],"about":[{"href":"https:\/\/hudo.com\/si\/wp-json\/wp\/v2\/types\/post"}],"author":[{"embeddable":true,"href":"https:\/\/hudo.com\/si\/wp-json\/wp\/v2\/users\/8"}],"replies":[{"embeddable":true,"href":"https:\/\/hudo.com\/si\/wp-json\/wp\/v2\/comments?post=330570"}],"version-history":[{"count":1,"href":"https:\/\/hudo.com\/si\/wp-json\/wp\/v2\/posts\/330570\/revisions"}],"predecessor-version":[{"id":330574,"href":"https:\/\/hudo.com\/si\/wp-json\/wp\/v2\/posts\/330570\/revisions\/330574"}],"wp:featuredmedia":[{"embeddable":true,"href":"https:\/\/hudo.com\/si\/wp-json\/wp\/v2\/media\/250004"}],"wp:attachment":[{"href":"https:\/\/hudo.com\/si\/wp-json\/wp\/v2\/media?parent=330570"}],"wp:term":[{"taxonomy":"category","embeddable":true,"href":"https:\/\/hudo.com\/si\/wp-json\/wp\/v2\/categories?post=330570"},{"taxonomy":"post_tag","embeddable":true,"href":"https:\/\/hudo.com\/si\/wp-json\/wp\/v2\/tags?post=330570"},{"taxonomy":"source","embeddable":true,"href":"https:\/\/hudo.com\/si\/wp-json\/wp\/v2\/source?post=330570"},{"taxonomy":"supertag","embeddable":true,"href":"https:\/\/hudo.com\/si\/wp-json\/wp\/v2\/supertag?post=330570"}],"curies":[{"name":"wp","href":"https:\/\/api.w.org\/{rel}","templated":true}]}}