{"id":331125,"date":"2017-12-08T13:10:00","date_gmt":"2017-12-08T12:10:00","guid":{"rendered":"http:\/\/hudo.com\/si\/2017\/12\/08\/pred-drzavnim-zborom-protest-ob-dnevu-clovekovih-pravic\/"},"modified":"2017-12-08T13:10:00","modified_gmt":"2017-12-08T12:10:00","slug":"pred-drzavnim-zborom-protest-ob-dnevu-clovekovih-pravic","status":"publish","type":"post","link":"https:\/\/hudo.com\/si\/aktualno\/pred-drzavnim-zborom-protest-ob-dnevu-clovekovih-pravic\/","title":{"rendered":"Pred dr\u017eavnim zborom protest ob dnevu \u010dlovekovih pravic"},"content":{"rendered":"<p>Kategorija: Slovenija Fri, 08 Dec 2017 14:10:00 +0100  Ljubljana &#8211; Zveza svobodnih sindikatov Slovenije (ZSSS) je dan \u010dlovekovih pravic, ki bo v nedeljo, obele\u017eila z mirnim shodom pred dr\u017eavnim zborom (DZ). Poudarili so, da so delavske pravice sestavni del \u010dlovekovih pravic, ob tem pa so izpostavili te\u017eave prekarnih in napotenih delavcev. Da gre za problem, ki ga je treba za\u010deti re\u0161evati takoj, meni tudi predsednik DZ Milan Brglez. Z mirnim shodom pred DZ \u017eelijo v zvezi svobodnih sindikatov opozoriti na aktualne probleme, s katerimi se sre\u010dujejo delavci v Sloveniji, in za katere verjamejo, da predstavljajo odstopanja od standardov, zapisanih v splo\u0161ni deklaraciji \u010dlovekovih pravic. Predsednica ZSSS Lidija Jerki\u010d je opozorila, da v deklaraciji, ki si je niso izmislili sindikati, najdemo kopico stvari, ki so \u0161e danes kr\u0161ene. \u00bbOd delovnega \u010dasa, prostih in svobodnih zaposlitev, do ustreznih del, ki zagotavljajo dostojanstveno\u00a0&#8230;<\/p>\n","protected":false},"excerpt":{"rendered":"<p>Kategorija: Slovenija Fri, 08 Dec 2017 14:10:00 +0100  Ljubljana &#8211; Zveza svobodnih sindikatov Slovenije (ZSSS) je dan \u010dlovekovih pravic, ki bo v nedeljo, obele\u017eila z mirnim shodom pred dr\u017eavnim zborom (DZ). Poudarili so, da so delavske pravice sestavni del \u010dlovekovih pravic, ob tem pa so izpostavili te\u017eave prekarnih in napotenih delavcev. Da gre za problem, ki ga je treba za\u010deti re\u0161evati takoj, meni tudi predsednik DZ Milan Brglez. Z mirnim shodom pred DZ \u017eelijo v zvezi svobodnih sindikatov opozoriti na aktualne probleme, s katerimi se sre\u010dujejo delavci v Sloveniji, in za katere verjamejo, da predstavljajo odstopanja od standardov, zapisanih v splo\u0161ni deklaraciji \u010dlovekovih pravic. Predsednica ZSSS Lidija Jerki\u010d je opozorila, da v deklaraciji, ki si je niso izmislili sindikati, najdemo kopico stvari, ki so \u0161e danes kr\u0161ene. \u00bbOd delovnega \u010dasa, prostih in svobodnih zaposlitev, do ustreznih del, ki zagotavljajo dostojanstveno\u00a0&#8230;<\/p>\n","protected":false},"author":1,"featured_media":0,"comment_status":"closed","ping_status":"closed","sticky":false,"template":"","format":"standard","meta":{"footnotes":""},"categories":[1179],"tags":[],"source":[1703],"supertag":[],"acf":[],"yoast_head":"<!-- This site is optimized with the Yoast SEO plugin v21.3 - https:\/\/yoast.com\/wordpress\/plugins\/seo\/ -->\n<title>Pred dr\u017eavnim zborom protest ob dnevu \u010dlovekovih pravic - Hudo Slovenija<\/title>\n<meta name=\"robots\" content=\"index, follow, max-snippet:-1, max-image-preview:large, max-video-preview:-1\" \/>\n<link rel=\"canonical\" href=\"https:\/\/hudo.com\/si\/aktualno\/pred-drzavnim-zborom-protest-ob-dnevu-clovekovih-pravic\/\" \/>\n<meta property=\"og:locale\" content=\"sl_SI\" \/>\n<meta property=\"og:type\" content=\"article\" \/>\n<meta property=\"og:title\" content=\"Pred dr\u017eavnim zborom protest ob dnevu \u010dlovekovih pravic - Hudo Slovenija\" \/>\n<meta property=\"og:description\" content=\"Kategorija: Slovenija Fri, 08 Dec 2017 14:10:00 +0100 Ljubljana - Zveza svobodnih sindikatov Slovenije (ZSSS) je dan \u010dlovekovih pravic, ki bo v nedeljo, obele\u017eila z mirnim shodom pred dr\u017eavnim zborom (DZ). Poudarili so, da so delavske pravice sestavni del \u010dlovekovih pravic, ob tem pa so izpostavili te\u017eave prekarnih in napotenih delavcev. Da gre za problem, ki ga je treba za\u010deti re\u0161evati takoj, meni tudi predsednik DZ Milan Brglez. Z mirnim shodom pred DZ \u017eelijo v zvezi svobodnih sindikatov opozoriti na aktualne probleme, s katerimi se sre\u010dujejo delavci v Sloveniji, in za katere verjamejo, da predstavljajo odstopanja od standardov, zapisanih v splo\u0161ni deklaraciji \u010dlovekovih pravic. Predsednica ZSSS Lidija Jerki\u010d je opozorila, da v deklaraciji, ki si je niso izmislili sindikati, najdemo kopico stvari, ki so \u0161e danes kr\u0161ene. \u00bbOd delovnega \u010dasa, prostih in svobodnih zaposlitev, do ustreznih del, ki zagotavljajo dostojanstveno\u00a0...\" \/>\n<meta property=\"og:url\" content=\"https:\/\/hudo.com\/si\/aktualno\/pred-drzavnim-zborom-protest-ob-dnevu-clovekovih-pravic\/\" \/>\n<meta property=\"og:site_name\" content=\"Hudo Slovenija\" \/>\n<meta property=\"article:publisher\" content=\"https:\/\/www.facebook.com\/hudo.si\" \/>\n<meta property=\"article:published_time\" content=\"2017-12-08T12:10:00+00:00\" \/>\n<meta property=\"og:image\" content=\"https:\/\/hudo.com\/si\/wp-content\/uploads\/sites\/2\/2017\/12\/480x290_Delo_Foto-20171208121650-23156900.jpeg\" \/>\n\t<meta property=\"og:image:width\" content=\"480\" \/>\n\t<meta property=\"og:image:height\" content=\"290\" \/>\n\t<meta property=\"og:image:type\" content=\"image\/jpeg\" \/>\n<meta name=\"author\" content=\"hudo\" \/>\n<meta name=\"twitter:card\" content=\"summary_large_image\" \/>\n<meta name=\"twitter:creator\" content=\"@hudo_si\" \/>\n<meta name=\"twitter:site\" content=\"@hudo_si\" \/>\n<meta name=\"twitter:label1\" content=\"Written by\" \/>\n\t<meta name=\"twitter:data1\" content=\"hudo\" \/>\n\t<meta name=\"twitter:label2\" content=\"Est. reading time\" \/>\n\t<meta name=\"twitter:data2\" content=\"1 minuta\" \/>\n<script type=\"application\/ld+json\" class=\"yoast-schema-graph\">{\"@context\":\"https:\/\/schema.org\",\"@graph\":[{\"@type\":\"Article\",\"@id\":\"https:\/\/hudo.com\/si\/aktualno\/pred-drzavnim-zborom-protest-ob-dnevu-clovekovih-pravic\/#article\",\"isPartOf\":{\"@id\":\"https:\/\/hudo.com\/si\/aktualno\/pred-drzavnim-zborom-protest-ob-dnevu-clovekovih-pravic\/\"},\"author\":{\"name\":\"hudo\",\"@id\":\"https:\/\/hudo.com\/si\/#\/schema\/person\/601cf3379633985b20f7e50f2bb47707\"},\"headline\":\"Pred dr\u017eavnim zborom protest ob dnevu \u010dlovekovih pravic\",\"datePublished\":\"2017-12-08T12:10:00+00:00\",\"dateModified\":\"2017-12-08T12:10:00+00:00\",\"mainEntityOfPage\":{\"@id\":\"https:\/\/hudo.com\/si\/aktualno\/pred-drzavnim-zborom-protest-ob-dnevu-clovekovih-pravic\/\"},\"wordCount\":153,\"publisher\":{\"@id\":\"https:\/\/hudo.com\/si\/#organization\"},\"articleSection\":[\"Aktualno\"],\"inLanguage\":\"sl-SI\"},{\"@type\":\"WebPage\",\"@id\":\"https:\/\/hudo.com\/si\/aktualno\/pred-drzavnim-zborom-protest-ob-dnevu-clovekovih-pravic\/\",\"url\":\"https:\/\/hudo.com\/si\/aktualno\/pred-drzavnim-zborom-protest-ob-dnevu-clovekovih-pravic\/\",\"name\":\"Pred dr\u017eavnim zborom protest ob dnevu \u010dlovekovih pravic - Hudo Slovenija\",\"isPartOf\":{\"@id\":\"https:\/\/hudo.com\/si\/#website\"},\"datePublished\":\"2017-12-08T12:10:00+00:00\",\"dateModified\":\"2017-12-08T12:10:00+00:00\",\"breadcrumb\":{\"@id\":\"https:\/\/hudo.com\/si\/aktualno\/pred-drzavnim-zborom-protest-ob-dnevu-clovekovih-pravic\/#breadcrumb\"},\"inLanguage\":\"sl-SI\",\"potentialAction\":[{\"@type\":\"ReadAction\",\"target\":[\"https:\/\/hudo.com\/si\/aktualno\/pred-drzavnim-zborom-protest-ob-dnevu-clovekovih-pravic\/\"]}]},{\"@type\":\"BreadcrumbList\",\"@id\":\"https:\/\/hudo.com\/si\/aktualno\/pred-drzavnim-zborom-protest-ob-dnevu-clovekovih-pravic\/#breadcrumb\",\"itemListElement\":[{\"@type\":\"ListItem\",\"position\":1,\"name\":\"Home\",\"item\":\"https:\/\/hudo.com\/si\/\"},{\"@type\":\"ListItem\",\"position\":2,\"name\":\"Pred dr\u017eavnim zborom protest ob dnevu \u010dlovekovih pravic\"}]},{\"@type\":\"WebSite\",\"@id\":\"https:\/\/hudo.com\/si\/#website\",\"url\":\"https:\/\/hudo.com\/si\/\",\"name\":\"Hudo Slovenija\",\"description\":\"Vse novice iz Slovenije in sveta\",\"publisher\":{\"@id\":\"https:\/\/hudo.com\/si\/#organization\"},\"potentialAction\":[{\"@type\":\"SearchAction\",\"target\":{\"@type\":\"EntryPoint\",\"urlTemplate\":\"https:\/\/hudo.com\/si\/?s={search_term_string}\"},\"query-input\":\"required name=search_term_string\"}],\"inLanguage\":\"sl-SI\"},{\"@type\":\"Organization\",\"@id\":\"https:\/\/hudo.com\/si\/#organization\",\"name\":\"VSN Media\",\"url\":\"https:\/\/hudo.com\/si\/\",\"logo\":{\"@type\":\"ImageObject\",\"inLanguage\":\"sl-SI\",\"@id\":\"https:\/\/hudo.com\/si\/#\/schema\/logo\/image\/\",\"url\":\"https:\/\/hudo.com\/si\/wp-content\/uploads\/sites\/2\/2021\/03\/hudo-app-2.png\",\"contentUrl\":\"https:\/\/hudo.com\/si\/wp-content\/uploads\/sites\/2\/2021\/03\/hudo-app-2.png\",\"width\":2185,\"height\":2167,\"caption\":\"VSN Media\"},\"image\":{\"@id\":\"https:\/\/hudo.com\/si\/#\/schema\/logo\/image\/\"},\"sameAs\":[\"https:\/\/www.facebook.com\/hudo.si\",\"https:\/\/twitter.com\/hudo_si\"]},{\"@type\":\"Person\",\"@id\":\"https:\/\/hudo.com\/si\/#\/schema\/person\/601cf3379633985b20f7e50f2bb47707\",\"name\":\"hudo\",\"image\":{\"@type\":\"ImageObject\",\"inLanguage\":\"sl-SI\",\"@id\":\"https:\/\/hudo.com\/si\/#\/schema\/person\/image\/\",\"url\":\"https:\/\/secure.gravatar.com\/avatar\/c4ca25fa72cace7a696b52ff5db9e095?s=96&d=mm&r=g\",\"contentUrl\":\"https:\/\/secure.gravatar.com\/avatar\/c4ca25fa72cace7a696b52ff5db9e095?s=96&d=mm&r=g\",\"caption\":\"hudo\"},\"url\":\"https:\/\/hudo.com\/si\/author\/hudo\/\"}]}<\/script>\n<!-- \/ Yoast SEO plugin. -->","yoast_head_json":{"title":"Pred dr\u017eavnim zborom protest ob dnevu \u010dlovekovih pravic - Hudo Slovenija","robots":{"index":"index","follow":"follow","max-snippet":"max-snippet:-1","max-image-preview":"max-image-preview:large","max-video-preview":"max-video-preview:-1"},"canonical":"https:\/\/hudo.com\/si\/aktualno\/pred-drzavnim-zborom-protest-ob-dnevu-clovekovih-pravic\/","og_locale":"sl_SI","og_type":"article","og_title":"Pred dr\u017eavnim zborom protest ob dnevu \u010dlovekovih pravic - Hudo Slovenija","og_description":"Kategorija: Slovenija Fri, 08 Dec 2017 14:10:00 +0100 Ljubljana - Zveza svobodnih sindikatov Slovenije (ZSSS) je dan \u010dlovekovih pravic, ki bo v nedeljo, obele\u017eila z mirnim shodom pred dr\u017eavnim zborom (DZ). Poudarili so, da so delavske pravice sestavni del \u010dlovekovih pravic, ob tem pa so izpostavili te\u017eave prekarnih in napotenih delavcev. Da gre za problem, ki ga je treba za\u010deti re\u0161evati takoj, meni tudi predsednik DZ Milan Brglez. Z mirnim shodom pred DZ \u017eelijo v zvezi svobodnih sindikatov opozoriti na aktualne probleme, s katerimi se sre\u010dujejo delavci v Sloveniji, in za katere verjamejo, da predstavljajo odstopanja od standardov, zapisanih v splo\u0161ni deklaraciji \u010dlovekovih pravic. Predsednica ZSSS Lidija Jerki\u010d je opozorila, da v deklaraciji, ki si je niso izmislili sindikati, najdemo kopico stvari, ki so \u0161e danes kr\u0161ene. \u00bbOd delovnega \u010dasa, prostih in svobodnih zaposlitev, do ustreznih del, ki zagotavljajo dostojanstveno\u00a0...","og_url":"https:\/\/hudo.com\/si\/aktualno\/pred-drzavnim-zborom-protest-ob-dnevu-clovekovih-pravic\/","og_site_name":"Hudo Slovenija","article_publisher":"https:\/\/www.facebook.com\/hudo.si","article_published_time":"2017-12-08T12:10:00+00:00","og_image":[{"width":480,"height":290,"url":"https:\/\/hudo.com\/si\/wp-content\/uploads\/sites\/2\/2017\/12\/480x290_Delo_Foto-20171208121650-23156900.jpeg","type":"image\/jpeg"}],"author":"hudo","twitter_card":"summary_large_image","twitter_creator":"@hudo_si","twitter_site":"@hudo_si","twitter_misc":{"Written by":"hudo","Est. reading time":"1 minuta"},"schema":{"@context":"https:\/\/schema.org","@graph":[{"@type":"Article","@id":"https:\/\/hudo.com\/si\/aktualno\/pred-drzavnim-zborom-protest-ob-dnevu-clovekovih-pravic\/#article","isPartOf":{"@id":"https:\/\/hudo.com\/si\/aktualno\/pred-drzavnim-zborom-protest-ob-dnevu-clovekovih-pravic\/"},"author":{"name":"hudo","@id":"https:\/\/hudo.com\/si\/#\/schema\/person\/601cf3379633985b20f7e50f2bb47707"},"headline":"Pred dr\u017eavnim zborom protest ob dnevu \u010dlovekovih pravic","datePublished":"2017-12-08T12:10:00+00:00","dateModified":"2017-12-08T12:10:00+00:00","mainEntityOfPage":{"@id":"https:\/\/hudo.com\/si\/aktualno\/pred-drzavnim-zborom-protest-ob-dnevu-clovekovih-pravic\/"},"wordCount":153,"publisher":{"@id":"https:\/\/hudo.com\/si\/#organization"},"articleSection":["Aktualno"],"inLanguage":"sl-SI"},{"@type":"WebPage","@id":"https:\/\/hudo.com\/si\/aktualno\/pred-drzavnim-zborom-protest-ob-dnevu-clovekovih-pravic\/","url":"https:\/\/hudo.com\/si\/aktualno\/pred-drzavnim-zborom-protest-ob-dnevu-clovekovih-pravic\/","name":"Pred dr\u017eavnim zborom protest ob dnevu \u010dlovekovih pravic - Hudo Slovenija","isPartOf":{"@id":"https:\/\/hudo.com\/si\/#website"},"datePublished":"2017-12-08T12:10:00+00:00","dateModified":"2017-12-08T12:10:00+00:00","breadcrumb":{"@id":"https:\/\/hudo.com\/si\/aktualno\/pred-drzavnim-zborom-protest-ob-dnevu-clovekovih-pravic\/#breadcrumb"},"inLanguage":"sl-SI","potentialAction":[{"@type":"ReadAction","target":["https:\/\/hudo.com\/si\/aktualno\/pred-drzavnim-zborom-protest-ob-dnevu-clovekovih-pravic\/"]}]},{"@type":"BreadcrumbList","@id":"https:\/\/hudo.com\/si\/aktualno\/pred-drzavnim-zborom-protest-ob-dnevu-clovekovih-pravic\/#breadcrumb","itemListElement":[{"@type":"ListItem","position":1,"name":"Home","item":"https:\/\/hudo.com\/si\/"},{"@type":"ListItem","position":2,"name":"Pred dr\u017eavnim zborom protest ob dnevu \u010dlovekovih pravic"}]},{"@type":"WebSite","@id":"https:\/\/hudo.com\/si\/#website","url":"https:\/\/hudo.com\/si\/","name":"Hudo Slovenija","description":"Vse novice iz Slovenije in sveta","publisher":{"@id":"https:\/\/hudo.com\/si\/#organization"},"potentialAction":[{"@type":"SearchAction","target":{"@type":"EntryPoint","urlTemplate":"https:\/\/hudo.com\/si\/?s={search_term_string}"},"query-input":"required name=search_term_string"}],"inLanguage":"sl-SI"},{"@type":"Organization","@id":"https:\/\/hudo.com\/si\/#organization","name":"VSN Media","url":"https:\/\/hudo.com\/si\/","logo":{"@type":"ImageObject","inLanguage":"sl-SI","@id":"https:\/\/hudo.com\/si\/#\/schema\/logo\/image\/","url":"https:\/\/hudo.com\/si\/wp-content\/uploads\/sites\/2\/2021\/03\/hudo-app-2.png","contentUrl":"https:\/\/hudo.com\/si\/wp-content\/uploads\/sites\/2\/2021\/03\/hudo-app-2.png","width":2185,"height":2167,"caption":"VSN Media"},"image":{"@id":"https:\/\/hudo.com\/si\/#\/schema\/logo\/image\/"},"sameAs":["https:\/\/www.facebook.com\/hudo.si","https:\/\/twitter.com\/hudo_si"]},{"@type":"Person","@id":"https:\/\/hudo.com\/si\/#\/schema\/person\/601cf3379633985b20f7e50f2bb47707","name":"hudo","image":{"@type":"ImageObject","inLanguage":"sl-SI","@id":"https:\/\/hudo.com\/si\/#\/schema\/person\/image\/","url":"https:\/\/secure.gravatar.com\/avatar\/c4ca25fa72cace7a696b52ff5db9e095?s=96&d=mm&r=g","contentUrl":"https:\/\/secure.gravatar.com\/avatar\/c4ca25fa72cace7a696b52ff5db9e095?s=96&d=mm&r=g","caption":"hudo"},"url":"https:\/\/hudo.com\/si\/author\/hudo\/"}]}},"amp_enabled":true,"_links":{"self":[{"href":"https:\/\/hudo.com\/si\/wp-json\/wp\/v2\/posts\/331125"}],"collection":[{"href":"https:\/\/hudo.com\/si\/wp-json\/wp\/v2\/posts"}],"about":[{"href":"https:\/\/hudo.com\/si\/wp-json\/wp\/v2\/types\/post"}],"author":[{"embeddable":true,"href":"https:\/\/hudo.com\/si\/wp-json\/wp\/v2\/users\/1"}],"replies":[{"embeddable":true,"href":"https:\/\/hudo.com\/si\/wp-json\/wp\/v2\/comments?post=331125"}],"version-history":[{"count":0,"href":"https:\/\/hudo.com\/si\/wp-json\/wp\/v2\/posts\/331125\/revisions"}],"wp:attachment":[{"href":"https:\/\/hudo.com\/si\/wp-json\/wp\/v2\/media?parent=331125"}],"wp:term":[{"taxonomy":"category","embeddable":true,"href":"https:\/\/hudo.com\/si\/wp-json\/wp\/v2\/categories?post=331125"},{"taxonomy":"post_tag","embeddable":true,"href":"https:\/\/hudo.com\/si\/wp-json\/wp\/v2\/tags?post=331125"},{"taxonomy":"source","embeddable":true,"href":"https:\/\/hudo.com\/si\/wp-json\/wp\/v2\/source?post=331125"},{"taxonomy":"supertag","embeddable":true,"href":"https:\/\/hudo.com\/si\/wp-json\/wp\/v2\/supertag?post=331125"}],"curies":[{"name":"wp","href":"https:\/\/api.w.org\/{rel}","templated":true}]}}