{"id":331156,"date":"2017-12-08T13:37:00","date_gmt":"2017-12-08T12:37:00","guid":{"rendered":"http:\/\/hudo.com\/si\/2017\/12\/08\/protesti-zaradi-trumpove-odlocitve-glede-jeruzalema-se-nadaljujejo\/"},"modified":"2017-12-08T13:37:00","modified_gmt":"2017-12-08T12:37:00","slug":"protesti-zaradi-trumpove-odlocitve-glede-jeruzalema-se-nadaljujejo","status":"publish","type":"post","link":"https:\/\/hudo.com\/si\/aktualno\/protesti-zaradi-trumpove-odlocitve-glede-jeruzalema-se-nadaljujejo\/","title":{"rendered":"Protesti zaradi Trumpove odlo\u010ditve glede Jeruzalema se nadaljujejo"},"content":{"rendered":"<p>Kategorija: Globalno Fri, 08 Dec 2017 14:37:00 +0100  Na palestinskih obmo\u010djih na Zahodnem bregu, obmo\u010dju Gaze in v vzhodnem Jeruzalemu so danes po molitvah vzplamteli \u0161tevilni protesti Palestincev, pa tudi spopadi z izraelsko vojsko in policisti, poro\u010da nem\u0161ka tiskovna agencija DPA. Palestinci protestirajo zaradi ameri\u0161kega priznanja Jeruzalema za prestolnico Izraela. \u00bbDanes, na 30. obletnico prve intifade (palestinske vstaje), se na\u0161e ljudstvo znova dviga v nasprotovanju odlo\u010ditvi ameri\u0161kega predsednika Donalda Trumpa,\u00ab je med molitvami v Gazi izjavil eden od vodilnih \u010dlanov gibanja Hamas, Ahmad Bahar. Kot smo \u017ee pisali, je gibanje Hamas v\u010deraj pozvalo k novi palestinski vstaji. Spopadi med Palestinci in izraelskimi vojaki so izbruhnili na Zahodnem bregu \u2212 v Betlehemu, Nablusu in Hebronu \u2212 ter na obmo\u010dju Gaze. Samo v okolici Nablusa je ranjenih najmanj 40 ljudi. Izraelska vojska je\u00a0&#8230;<\/p>\n","protected":false},"excerpt":{"rendered":"<p>Kategorija: Globalno Fri, 08 Dec 2017 14:37:00 +0100  Na palestinskih obmo\u010djih na Zahodnem bregu, obmo\u010dju Gaze in v vzhodnem Jeruzalemu so danes po molitvah vzplamteli \u0161tevilni protesti Palestincev, pa tudi spopadi z izraelsko vojsko in policisti, poro\u010da nem\u0161ka tiskovna agencija DPA. Palestinci protestirajo zaradi ameri\u0161kega priznanja Jeruzalema za prestolnico Izraela. \u00bbDanes, na 30. obletnico prve intifade (palestinske vstaje), se na\u0161e ljudstvo znova dviga v nasprotovanju odlo\u010ditvi ameri\u0161kega predsednika Donalda Trumpa,\u00ab je med molitvami v Gazi izjavil eden od vodilnih \u010dlanov gibanja Hamas, Ahmad Bahar. Kot smo \u017ee pisali, je gibanje Hamas v\u010deraj pozvalo k novi palestinski vstaji. Spopadi med Palestinci in izraelskimi vojaki so izbruhnili na Zahodnem bregu \u2212 v Betlehemu, Nablusu in Hebronu \u2212 ter na obmo\u010dju Gaze. Samo v okolici Nablusa je ranjenih najmanj 40 ljudi. Izraelska vojska je\u00a0&#8230;<\/p>\n","protected":false},"author":1,"featured_media":0,"comment_status":"closed","ping_status":"closed","sticky":false,"template":"","format":"standard","meta":{"footnotes":""},"categories":[1179],"tags":[],"source":[1703],"supertag":[],"acf":[],"yoast_head":"<!-- This site is optimized with the Yoast SEO plugin v21.3 - https:\/\/yoast.com\/wordpress\/plugins\/seo\/ -->\n<title>Protesti zaradi Trumpove odlo\u010ditve glede Jeruzalema se nadaljujejo - Hudo Slovenija<\/title>\n<meta name=\"robots\" content=\"index, follow, max-snippet:-1, max-image-preview:large, max-video-preview:-1\" \/>\n<link rel=\"canonical\" href=\"https:\/\/hudo.com\/si\/aktualno\/protesti-zaradi-trumpove-odlocitve-glede-jeruzalema-se-nadaljujejo\/\" \/>\n<meta property=\"og:locale\" content=\"sl_SI\" \/>\n<meta property=\"og:type\" content=\"article\" \/>\n<meta property=\"og:title\" content=\"Protesti zaradi Trumpove odlo\u010ditve glede Jeruzalema se nadaljujejo - Hudo Slovenija\" \/>\n<meta property=\"og:description\" content=\"Kategorija: Globalno Fri, 08 Dec 2017 14:37:00 +0100 Na palestinskih obmo\u010djih na Zahodnem bregu, obmo\u010dju Gaze in v vzhodnem Jeruzalemu so danes po molitvah vzplamteli \u0161tevilni protesti Palestincev, pa tudi spopadi z izraelsko vojsko in policisti, poro\u010da nem\u0161ka tiskovna agencija DPA. Palestinci protestirajo zaradi ameri\u0161kega priznanja Jeruzalema za prestolnico Izraela. \u00bbDanes, na 30. obletnico prve intifade (palestinske vstaje), se na\u0161e ljudstvo znova dviga v nasprotovanju odlo\u010ditvi ameri\u0161kega predsednika Donalda Trumpa,\u00ab je med molitvami v Gazi izjavil eden od vodilnih \u010dlanov gibanja Hamas, Ahmad Bahar. Kot smo \u017ee pisali, je gibanje Hamas v\u010deraj pozvalo k novi palestinski vstaji. Spopadi med Palestinci in izraelskimi vojaki so izbruhnili na Zahodnem bregu \u2212 v Betlehemu, Nablusu in Hebronu \u2212 ter na obmo\u010dju Gaze. Samo v okolici Nablusa je ranjenih najmanj 40 ljudi. Izraelska vojska je\u00a0...\" \/>\n<meta property=\"og:url\" content=\"https:\/\/hudo.com\/si\/aktualno\/protesti-zaradi-trumpove-odlocitve-glede-jeruzalema-se-nadaljujejo\/\" \/>\n<meta property=\"og:site_name\" content=\"Hudo Slovenija\" \/>\n<meta property=\"article:publisher\" content=\"https:\/\/www.facebook.com\/hudo.si\" \/>\n<meta property=\"article:published_time\" content=\"2017-12-08T12:37:00+00:00\" \/>\n<meta property=\"og:image\" content=\"https:\/\/hudo.com\/si\/wp-content\/uploads\/sites\/2\/2017\/12\/480x290_AP_Pictures-20171208130728-12509100.jpeg\" \/>\n\t<meta property=\"og:image:width\" content=\"480\" \/>\n\t<meta property=\"og:image:height\" content=\"290\" \/>\n\t<meta property=\"og:image:type\" content=\"image\/jpeg\" \/>\n<meta name=\"author\" content=\"hudo\" \/>\n<meta name=\"twitter:card\" content=\"summary_large_image\" \/>\n<meta name=\"twitter:creator\" content=\"@hudo_si\" \/>\n<meta name=\"twitter:site\" content=\"@hudo_si\" \/>\n<meta name=\"twitter:label1\" content=\"Written by\" \/>\n\t<meta name=\"twitter:data1\" content=\"hudo\" \/>\n\t<meta name=\"twitter:label2\" content=\"Est. reading time\" \/>\n\t<meta name=\"twitter:data2\" content=\"1 minuta\" \/>\n<script type=\"application\/ld+json\" class=\"yoast-schema-graph\">{\"@context\":\"https:\/\/schema.org\",\"@graph\":[{\"@type\":\"Article\",\"@id\":\"https:\/\/hudo.com\/si\/aktualno\/protesti-zaradi-trumpove-odlocitve-glede-jeruzalema-se-nadaljujejo\/#article\",\"isPartOf\":{\"@id\":\"https:\/\/hudo.com\/si\/aktualno\/protesti-zaradi-trumpove-odlocitve-glede-jeruzalema-se-nadaljujejo\/\"},\"author\":{\"name\":\"hudo\",\"@id\":\"https:\/\/hudo.com\/si\/#\/schema\/person\/601cf3379633985b20f7e50f2bb47707\"},\"headline\":\"Protesti zaradi Trumpove odlo\u010ditve glede Jeruzalema se nadaljujejo\",\"datePublished\":\"2017-12-08T12:37:00+00:00\",\"dateModified\":\"2017-12-08T12:37:00+00:00\",\"mainEntityOfPage\":{\"@id\":\"https:\/\/hudo.com\/si\/aktualno\/protesti-zaradi-trumpove-odlocitve-glede-jeruzalema-se-nadaljujejo\/\"},\"wordCount\":142,\"publisher\":{\"@id\":\"https:\/\/hudo.com\/si\/#organization\"},\"articleSection\":[\"Aktualno\"],\"inLanguage\":\"sl-SI\"},{\"@type\":\"WebPage\",\"@id\":\"https:\/\/hudo.com\/si\/aktualno\/protesti-zaradi-trumpove-odlocitve-glede-jeruzalema-se-nadaljujejo\/\",\"url\":\"https:\/\/hudo.com\/si\/aktualno\/protesti-zaradi-trumpove-odlocitve-glede-jeruzalema-se-nadaljujejo\/\",\"name\":\"Protesti zaradi Trumpove odlo\u010ditve glede Jeruzalema se nadaljujejo - Hudo Slovenija\",\"isPartOf\":{\"@id\":\"https:\/\/hudo.com\/si\/#website\"},\"datePublished\":\"2017-12-08T12:37:00+00:00\",\"dateModified\":\"2017-12-08T12:37:00+00:00\",\"breadcrumb\":{\"@id\":\"https:\/\/hudo.com\/si\/aktualno\/protesti-zaradi-trumpove-odlocitve-glede-jeruzalema-se-nadaljujejo\/#breadcrumb\"},\"inLanguage\":\"sl-SI\",\"potentialAction\":[{\"@type\":\"ReadAction\",\"target\":[\"https:\/\/hudo.com\/si\/aktualno\/protesti-zaradi-trumpove-odlocitve-glede-jeruzalema-se-nadaljujejo\/\"]}]},{\"@type\":\"BreadcrumbList\",\"@id\":\"https:\/\/hudo.com\/si\/aktualno\/protesti-zaradi-trumpove-odlocitve-glede-jeruzalema-se-nadaljujejo\/#breadcrumb\",\"itemListElement\":[{\"@type\":\"ListItem\",\"position\":1,\"name\":\"Home\",\"item\":\"https:\/\/hudo.com\/si\/\"},{\"@type\":\"ListItem\",\"position\":2,\"name\":\"Protesti zaradi Trumpove odlo\u010ditve glede Jeruzalema se nadaljujejo\"}]},{\"@type\":\"WebSite\",\"@id\":\"https:\/\/hudo.com\/si\/#website\",\"url\":\"https:\/\/hudo.com\/si\/\",\"name\":\"Hudo Slovenija\",\"description\":\"Vse novice iz Slovenije in sveta\",\"publisher\":{\"@id\":\"https:\/\/hudo.com\/si\/#organization\"},\"potentialAction\":[{\"@type\":\"SearchAction\",\"target\":{\"@type\":\"EntryPoint\",\"urlTemplate\":\"https:\/\/hudo.com\/si\/?s={search_term_string}\"},\"query-input\":\"required name=search_term_string\"}],\"inLanguage\":\"sl-SI\"},{\"@type\":\"Organization\",\"@id\":\"https:\/\/hudo.com\/si\/#organization\",\"name\":\"VSN Media\",\"url\":\"https:\/\/hudo.com\/si\/\",\"logo\":{\"@type\":\"ImageObject\",\"inLanguage\":\"sl-SI\",\"@id\":\"https:\/\/hudo.com\/si\/#\/schema\/logo\/image\/\",\"url\":\"https:\/\/hudo.com\/si\/wp-content\/uploads\/sites\/2\/2021\/03\/hudo-app-2.png\",\"contentUrl\":\"https:\/\/hudo.com\/si\/wp-content\/uploads\/sites\/2\/2021\/03\/hudo-app-2.png\",\"width\":2185,\"height\":2167,\"caption\":\"VSN Media\"},\"image\":{\"@id\":\"https:\/\/hudo.com\/si\/#\/schema\/logo\/image\/\"},\"sameAs\":[\"https:\/\/www.facebook.com\/hudo.si\",\"https:\/\/twitter.com\/hudo_si\"]},{\"@type\":\"Person\",\"@id\":\"https:\/\/hudo.com\/si\/#\/schema\/person\/601cf3379633985b20f7e50f2bb47707\",\"name\":\"hudo\",\"image\":{\"@type\":\"ImageObject\",\"inLanguage\":\"sl-SI\",\"@id\":\"https:\/\/hudo.com\/si\/#\/schema\/person\/image\/\",\"url\":\"https:\/\/secure.gravatar.com\/avatar\/c4ca25fa72cace7a696b52ff5db9e095?s=96&d=mm&r=g\",\"contentUrl\":\"https:\/\/secure.gravatar.com\/avatar\/c4ca25fa72cace7a696b52ff5db9e095?s=96&d=mm&r=g\",\"caption\":\"hudo\"},\"url\":\"https:\/\/hudo.com\/si\/author\/hudo\/\"}]}<\/script>\n<!-- \/ Yoast SEO plugin. -->","yoast_head_json":{"title":"Protesti zaradi Trumpove odlo\u010ditve glede Jeruzalema se nadaljujejo - Hudo Slovenija","robots":{"index":"index","follow":"follow","max-snippet":"max-snippet:-1","max-image-preview":"max-image-preview:large","max-video-preview":"max-video-preview:-1"},"canonical":"https:\/\/hudo.com\/si\/aktualno\/protesti-zaradi-trumpove-odlocitve-glede-jeruzalema-se-nadaljujejo\/","og_locale":"sl_SI","og_type":"article","og_title":"Protesti zaradi Trumpove odlo\u010ditve glede Jeruzalema se nadaljujejo - Hudo Slovenija","og_description":"Kategorija: Globalno Fri, 08 Dec 2017 14:37:00 +0100 Na palestinskih obmo\u010djih na Zahodnem bregu, obmo\u010dju Gaze in v vzhodnem Jeruzalemu so danes po molitvah vzplamteli \u0161tevilni protesti Palestincev, pa tudi spopadi z izraelsko vojsko in policisti, poro\u010da nem\u0161ka tiskovna agencija DPA. Palestinci protestirajo zaradi ameri\u0161kega priznanja Jeruzalema za prestolnico Izraela. \u00bbDanes, na 30. obletnico prve intifade (palestinske vstaje), se na\u0161e ljudstvo znova dviga v nasprotovanju odlo\u010ditvi ameri\u0161kega predsednika Donalda Trumpa,\u00ab je med molitvami v Gazi izjavil eden od vodilnih \u010dlanov gibanja Hamas, Ahmad Bahar. Kot smo \u017ee pisali, je gibanje Hamas v\u010deraj pozvalo k novi palestinski vstaji. Spopadi med Palestinci in izraelskimi vojaki so izbruhnili na Zahodnem bregu \u2212 v Betlehemu, Nablusu in Hebronu \u2212 ter na obmo\u010dju Gaze. Samo v okolici Nablusa je ranjenih najmanj 40 ljudi. Izraelska vojska je\u00a0...","og_url":"https:\/\/hudo.com\/si\/aktualno\/protesti-zaradi-trumpove-odlocitve-glede-jeruzalema-se-nadaljujejo\/","og_site_name":"Hudo Slovenija","article_publisher":"https:\/\/www.facebook.com\/hudo.si","article_published_time":"2017-12-08T12:37:00+00:00","og_image":[{"width":480,"height":290,"url":"https:\/\/hudo.com\/si\/wp-content\/uploads\/sites\/2\/2017\/12\/480x290_AP_Pictures-20171208130728-12509100.jpeg","type":"image\/jpeg"}],"author":"hudo","twitter_card":"summary_large_image","twitter_creator":"@hudo_si","twitter_site":"@hudo_si","twitter_misc":{"Written by":"hudo","Est. reading time":"1 minuta"},"schema":{"@context":"https:\/\/schema.org","@graph":[{"@type":"Article","@id":"https:\/\/hudo.com\/si\/aktualno\/protesti-zaradi-trumpove-odlocitve-glede-jeruzalema-se-nadaljujejo\/#article","isPartOf":{"@id":"https:\/\/hudo.com\/si\/aktualno\/protesti-zaradi-trumpove-odlocitve-glede-jeruzalema-se-nadaljujejo\/"},"author":{"name":"hudo","@id":"https:\/\/hudo.com\/si\/#\/schema\/person\/601cf3379633985b20f7e50f2bb47707"},"headline":"Protesti zaradi Trumpove odlo\u010ditve glede Jeruzalema se nadaljujejo","datePublished":"2017-12-08T12:37:00+00:00","dateModified":"2017-12-08T12:37:00+00:00","mainEntityOfPage":{"@id":"https:\/\/hudo.com\/si\/aktualno\/protesti-zaradi-trumpove-odlocitve-glede-jeruzalema-se-nadaljujejo\/"},"wordCount":142,"publisher":{"@id":"https:\/\/hudo.com\/si\/#organization"},"articleSection":["Aktualno"],"inLanguage":"sl-SI"},{"@type":"WebPage","@id":"https:\/\/hudo.com\/si\/aktualno\/protesti-zaradi-trumpove-odlocitve-glede-jeruzalema-se-nadaljujejo\/","url":"https:\/\/hudo.com\/si\/aktualno\/protesti-zaradi-trumpove-odlocitve-glede-jeruzalema-se-nadaljujejo\/","name":"Protesti zaradi Trumpove odlo\u010ditve glede Jeruzalema se nadaljujejo - Hudo Slovenija","isPartOf":{"@id":"https:\/\/hudo.com\/si\/#website"},"datePublished":"2017-12-08T12:37:00+00:00","dateModified":"2017-12-08T12:37:00+00:00","breadcrumb":{"@id":"https:\/\/hudo.com\/si\/aktualno\/protesti-zaradi-trumpove-odlocitve-glede-jeruzalema-se-nadaljujejo\/#breadcrumb"},"inLanguage":"sl-SI","potentialAction":[{"@type":"ReadAction","target":["https:\/\/hudo.com\/si\/aktualno\/protesti-zaradi-trumpove-odlocitve-glede-jeruzalema-se-nadaljujejo\/"]}]},{"@type":"BreadcrumbList","@id":"https:\/\/hudo.com\/si\/aktualno\/protesti-zaradi-trumpove-odlocitve-glede-jeruzalema-se-nadaljujejo\/#breadcrumb","itemListElement":[{"@type":"ListItem","position":1,"name":"Home","item":"https:\/\/hudo.com\/si\/"},{"@type":"ListItem","position":2,"name":"Protesti zaradi Trumpove odlo\u010ditve glede Jeruzalema se nadaljujejo"}]},{"@type":"WebSite","@id":"https:\/\/hudo.com\/si\/#website","url":"https:\/\/hudo.com\/si\/","name":"Hudo Slovenija","description":"Vse novice iz Slovenije in sveta","publisher":{"@id":"https:\/\/hudo.com\/si\/#organization"},"potentialAction":[{"@type":"SearchAction","target":{"@type":"EntryPoint","urlTemplate":"https:\/\/hudo.com\/si\/?s={search_term_string}"},"query-input":"required name=search_term_string"}],"inLanguage":"sl-SI"},{"@type":"Organization","@id":"https:\/\/hudo.com\/si\/#organization","name":"VSN Media","url":"https:\/\/hudo.com\/si\/","logo":{"@type":"ImageObject","inLanguage":"sl-SI","@id":"https:\/\/hudo.com\/si\/#\/schema\/logo\/image\/","url":"https:\/\/hudo.com\/si\/wp-content\/uploads\/sites\/2\/2021\/03\/hudo-app-2.png","contentUrl":"https:\/\/hudo.com\/si\/wp-content\/uploads\/sites\/2\/2021\/03\/hudo-app-2.png","width":2185,"height":2167,"caption":"VSN Media"},"image":{"@id":"https:\/\/hudo.com\/si\/#\/schema\/logo\/image\/"},"sameAs":["https:\/\/www.facebook.com\/hudo.si","https:\/\/twitter.com\/hudo_si"]},{"@type":"Person","@id":"https:\/\/hudo.com\/si\/#\/schema\/person\/601cf3379633985b20f7e50f2bb47707","name":"hudo","image":{"@type":"ImageObject","inLanguage":"sl-SI","@id":"https:\/\/hudo.com\/si\/#\/schema\/person\/image\/","url":"https:\/\/secure.gravatar.com\/avatar\/c4ca25fa72cace7a696b52ff5db9e095?s=96&d=mm&r=g","contentUrl":"https:\/\/secure.gravatar.com\/avatar\/c4ca25fa72cace7a696b52ff5db9e095?s=96&d=mm&r=g","caption":"hudo"},"url":"https:\/\/hudo.com\/si\/author\/hudo\/"}]}},"amp_enabled":true,"_links":{"self":[{"href":"https:\/\/hudo.com\/si\/wp-json\/wp\/v2\/posts\/331156"}],"collection":[{"href":"https:\/\/hudo.com\/si\/wp-json\/wp\/v2\/posts"}],"about":[{"href":"https:\/\/hudo.com\/si\/wp-json\/wp\/v2\/types\/post"}],"author":[{"embeddable":true,"href":"https:\/\/hudo.com\/si\/wp-json\/wp\/v2\/users\/1"}],"replies":[{"embeddable":true,"href":"https:\/\/hudo.com\/si\/wp-json\/wp\/v2\/comments?post=331156"}],"version-history":[{"count":0,"href":"https:\/\/hudo.com\/si\/wp-json\/wp\/v2\/posts\/331156\/revisions"}],"wp:attachment":[{"href":"https:\/\/hudo.com\/si\/wp-json\/wp\/v2\/media?parent=331156"}],"wp:term":[{"taxonomy":"category","embeddable":true,"href":"https:\/\/hudo.com\/si\/wp-json\/wp\/v2\/categories?post=331156"},{"taxonomy":"post_tag","embeddable":true,"href":"https:\/\/hudo.com\/si\/wp-json\/wp\/v2\/tags?post=331156"},{"taxonomy":"source","embeddable":true,"href":"https:\/\/hudo.com\/si\/wp-json\/wp\/v2\/source?post=331156"},{"taxonomy":"supertag","embeddable":true,"href":"https:\/\/hudo.com\/si\/wp-json\/wp\/v2\/supertag?post=331156"}],"curies":[{"name":"wp","href":"https:\/\/api.w.org\/{rel}","templated":true}]}}