{"id":331158,"date":"2017-12-08T13:24:00","date_gmt":"2017-12-08T12:24:00","guid":{"rendered":"http:\/\/hudo.com\/si\/2017\/12\/08\/turski-predsednik-obiskal-grcijo\/"},"modified":"2017-12-08T13:24:00","modified_gmt":"2017-12-08T12:24:00","slug":"turski-predsednik-obiskal-grcijo","status":"publish","type":"post","link":"https:\/\/hudo.com\/si\/aktualno\/turski-predsednik-obiskal-grcijo\/","title":{"rendered":"Tur\u0161ki predsednik obiskal Gr\u010dijo"},"content":{"rendered":"<p>Kategorija: Evropa Fri, 08 Dec 2017 14:24:00 +0100  Atene \u2212 Tur\u0161ki predsednik Recep Tayyip Erdo\u011fan je ta teden obiskal sosednjo Gr\u010dijo. Na \u010detrtkovem uradnem delu obiska je v ospredje postavil nujnost revizije sporazuma iz Lozane, ki dolo\u010da potek gr\u0161ko-tur\u0161ke meje, danes pa se mudi na zasebnem obisku pri tur\u0161ki manj\u0161ini na severovzhodu Gr\u010dije. Erdo\u011fanov obisk je bil prvi obisk tur\u0161kega predsednika v Gr\u010diji v zadnjih 65 letih, britanski Guardian pa ga je opisal kot pravi \u00bbbesedni teater\u00ab. Tur\u0161ki predsednik je svojemu gostitelju, gr\u0161kemu predsedniku Prokopisu Pavlopoulosu navrgel, da Gr\u010dija nikoli ne bi postala \u010dlanica zavezni\u0161tva Nato, \u010de kandidature ne bi podprla Tur\u010dija. Erdo\u011fan je prav tako \u2212 na presene\u010denje gostitelja \u2212 zahteval \u00bbmodernizacijo\u00ab pogodbe iz Lozane iz leta 1923, ki ureja mejo med dr\u017eavama in pravice muslimanske manj\u0161ine na severovzhodu Tur\u010dije. Uresni\u010devanje teh pravic je namre\u010d po mnenju tur\u0161kega\u00a0&#8230;<\/p>\n","protected":false},"excerpt":{"rendered":"<p>Kategorija: Evropa Fri, 08 Dec 2017 14:24:00 +0100  Atene \u2212 Tur\u0161ki predsednik Recep Tayyip Erdo\u011fan je ta teden obiskal sosednjo Gr\u010dijo. Na \u010detrtkovem uradnem delu obiska je v ospredje postavil nujnost revizije sporazuma iz Lozane, ki dolo\u010da potek gr\u0161ko-tur\u0161ke meje, danes pa se mudi na zasebnem obisku pri tur\u0161ki manj\u0161ini na severovzhodu Gr\u010dije. Erdo\u011fanov obisk je bil prvi obisk tur\u0161kega predsednika v Gr\u010diji v zadnjih 65 letih, britanski Guardian pa ga je opisal kot pravi \u00bbbesedni teater\u00ab. Tur\u0161ki predsednik je svojemu gostitelju, gr\u0161kemu predsedniku Prokopisu Pavlopoulosu navrgel, da Gr\u010dija nikoli ne bi postala \u010dlanica zavezni\u0161tva Nato, \u010de kandidature ne bi podprla Tur\u010dija. Erdo\u011fan je prav tako \u2212 na presene\u010denje gostitelja \u2212 zahteval \u00bbmodernizacijo\u00ab pogodbe iz Lozane iz leta 1923, ki ureja mejo med dr\u017eavama in pravice muslimanske manj\u0161ine na severovzhodu Tur\u010dije. Uresni\u010devanje teh pravic je namre\u010d po mnenju tur\u0161kega\u00a0&#8230;<\/p>\n","protected":false},"author":1,"featured_media":0,"comment_status":"closed","ping_status":"closed","sticky":false,"template":"","format":"standard","meta":{"footnotes":""},"categories":[1179],"tags":[],"source":[1703],"supertag":[],"acf":[],"yoast_head":"<!-- This site is optimized with the Yoast SEO plugin v21.3 - https:\/\/yoast.com\/wordpress\/plugins\/seo\/ -->\n<title>Tur\u0161ki predsednik obiskal Gr\u010dijo - Hudo Slovenija<\/title>\n<meta name=\"robots\" content=\"index, follow, max-snippet:-1, max-image-preview:large, max-video-preview:-1\" \/>\n<link rel=\"canonical\" href=\"https:\/\/hudo.com\/si\/aktualno\/turski-predsednik-obiskal-grcijo\/\" \/>\n<meta property=\"og:locale\" content=\"sl_SI\" \/>\n<meta property=\"og:type\" content=\"article\" \/>\n<meta property=\"og:title\" content=\"Tur\u0161ki predsednik obiskal Gr\u010dijo - Hudo Slovenija\" \/>\n<meta property=\"og:description\" content=\"Kategorija: Evropa Fri, 08 Dec 2017 14:24:00 +0100 Atene \u2212 Tur\u0161ki predsednik Recep Tayyip Erdo\u011fan je ta teden obiskal sosednjo Gr\u010dijo. Na \u010detrtkovem uradnem delu obiska je v ospredje postavil nujnost revizije sporazuma iz Lozane, ki dolo\u010da potek gr\u0161ko-tur\u0161ke meje, danes pa se mudi na zasebnem obisku pri tur\u0161ki manj\u0161ini na severovzhodu Gr\u010dije. Erdo\u011fanov obisk je bil prvi obisk tur\u0161kega predsednika v Gr\u010diji v zadnjih 65 letih, britanski Guardian pa ga je opisal kot pravi \u00bbbesedni teater\u00ab. Tur\u0161ki predsednik je svojemu gostitelju, gr\u0161kemu predsedniku Prokopisu Pavlopoulosu navrgel, da Gr\u010dija nikoli ne bi postala \u010dlanica zavezni\u0161tva Nato, \u010de kandidature ne bi podprla Tur\u010dija. Erdo\u011fan je prav tako \u2212 na presene\u010denje gostitelja \u2212 zahteval \u00bbmodernizacijo\u00ab pogodbe iz Lozane iz leta 1923, ki ureja mejo med dr\u017eavama in pravice muslimanske manj\u0161ine na severovzhodu Tur\u010dije. Uresni\u010devanje teh pravic je namre\u010d po mnenju tur\u0161kega\u00a0...\" \/>\n<meta property=\"og:url\" content=\"https:\/\/hudo.com\/si\/aktualno\/turski-predsednik-obiskal-grcijo\/\" \/>\n<meta property=\"og:site_name\" content=\"Hudo Slovenija\" \/>\n<meta property=\"article:publisher\" content=\"https:\/\/www.facebook.com\/hudo.si\" \/>\n<meta property=\"article:published_time\" content=\"2017-12-08T12:24:00+00:00\" \/>\n<meta property=\"og:image\" content=\"https:\/\/hudo.com\/si\/wp-content\/uploads\/sites\/2\/2017\/12\/480x290_Zunanja__AFP_Photo_20171207.1_hires0.jpeg\" \/>\n\t<meta property=\"og:image:width\" content=\"480\" \/>\n\t<meta property=\"og:image:height\" content=\"290\" \/>\n\t<meta property=\"og:image:type\" content=\"image\/jpeg\" \/>\n<meta name=\"author\" content=\"hudo\" \/>\n<meta name=\"twitter:card\" content=\"summary_large_image\" \/>\n<meta name=\"twitter:creator\" content=\"@hudo_si\" \/>\n<meta name=\"twitter:site\" content=\"@hudo_si\" \/>\n<meta name=\"twitter:label1\" content=\"Written by\" \/>\n\t<meta name=\"twitter:data1\" content=\"hudo\" \/>\n\t<meta name=\"twitter:label2\" content=\"Est. reading time\" \/>\n\t<meta name=\"twitter:data2\" content=\"1 minuta\" \/>\n<script type=\"application\/ld+json\" class=\"yoast-schema-graph\">{\"@context\":\"https:\/\/schema.org\",\"@graph\":[{\"@type\":\"Article\",\"@id\":\"https:\/\/hudo.com\/si\/aktualno\/turski-predsednik-obiskal-grcijo\/#article\",\"isPartOf\":{\"@id\":\"https:\/\/hudo.com\/si\/aktualno\/turski-predsednik-obiskal-grcijo\/\"},\"author\":{\"name\":\"hudo\",\"@id\":\"https:\/\/hudo.com\/si\/#\/schema\/person\/601cf3379633985b20f7e50f2bb47707\"},\"headline\":\"Tur\u0161ki predsednik obiskal Gr\u010dijo\",\"datePublished\":\"2017-12-08T12:24:00+00:00\",\"dateModified\":\"2017-12-08T12:24:00+00:00\",\"mainEntityOfPage\":{\"@id\":\"https:\/\/hudo.com\/si\/aktualno\/turski-predsednik-obiskal-grcijo\/\"},\"wordCount\":160,\"publisher\":{\"@id\":\"https:\/\/hudo.com\/si\/#organization\"},\"articleSection\":[\"Aktualno\"],\"inLanguage\":\"sl-SI\"},{\"@type\":\"WebPage\",\"@id\":\"https:\/\/hudo.com\/si\/aktualno\/turski-predsednik-obiskal-grcijo\/\",\"url\":\"https:\/\/hudo.com\/si\/aktualno\/turski-predsednik-obiskal-grcijo\/\",\"name\":\"Tur\u0161ki predsednik obiskal Gr\u010dijo - Hudo Slovenija\",\"isPartOf\":{\"@id\":\"https:\/\/hudo.com\/si\/#website\"},\"datePublished\":\"2017-12-08T12:24:00+00:00\",\"dateModified\":\"2017-12-08T12:24:00+00:00\",\"breadcrumb\":{\"@id\":\"https:\/\/hudo.com\/si\/aktualno\/turski-predsednik-obiskal-grcijo\/#breadcrumb\"},\"inLanguage\":\"sl-SI\",\"potentialAction\":[{\"@type\":\"ReadAction\",\"target\":[\"https:\/\/hudo.com\/si\/aktualno\/turski-predsednik-obiskal-grcijo\/\"]}]},{\"@type\":\"BreadcrumbList\",\"@id\":\"https:\/\/hudo.com\/si\/aktualno\/turski-predsednik-obiskal-grcijo\/#breadcrumb\",\"itemListElement\":[{\"@type\":\"ListItem\",\"position\":1,\"name\":\"Home\",\"item\":\"https:\/\/hudo.com\/si\/\"},{\"@type\":\"ListItem\",\"position\":2,\"name\":\"Tur\u0161ki predsednik obiskal Gr\u010dijo\"}]},{\"@type\":\"WebSite\",\"@id\":\"https:\/\/hudo.com\/si\/#website\",\"url\":\"https:\/\/hudo.com\/si\/\",\"name\":\"Hudo Slovenija\",\"description\":\"Vse novice iz Slovenije in sveta\",\"publisher\":{\"@id\":\"https:\/\/hudo.com\/si\/#organization\"},\"potentialAction\":[{\"@type\":\"SearchAction\",\"target\":{\"@type\":\"EntryPoint\",\"urlTemplate\":\"https:\/\/hudo.com\/si\/?s={search_term_string}\"},\"query-input\":\"required name=search_term_string\"}],\"inLanguage\":\"sl-SI\"},{\"@type\":\"Organization\",\"@id\":\"https:\/\/hudo.com\/si\/#organization\",\"name\":\"VSN Media\",\"url\":\"https:\/\/hudo.com\/si\/\",\"logo\":{\"@type\":\"ImageObject\",\"inLanguage\":\"sl-SI\",\"@id\":\"https:\/\/hudo.com\/si\/#\/schema\/logo\/image\/\",\"url\":\"https:\/\/hudo.com\/si\/wp-content\/uploads\/sites\/2\/2021\/03\/hudo-app-2.png\",\"contentUrl\":\"https:\/\/hudo.com\/si\/wp-content\/uploads\/sites\/2\/2021\/03\/hudo-app-2.png\",\"width\":2185,\"height\":2167,\"caption\":\"VSN Media\"},\"image\":{\"@id\":\"https:\/\/hudo.com\/si\/#\/schema\/logo\/image\/\"},\"sameAs\":[\"https:\/\/www.facebook.com\/hudo.si\",\"https:\/\/twitter.com\/hudo_si\"]},{\"@type\":\"Person\",\"@id\":\"https:\/\/hudo.com\/si\/#\/schema\/person\/601cf3379633985b20f7e50f2bb47707\",\"name\":\"hudo\",\"image\":{\"@type\":\"ImageObject\",\"inLanguage\":\"sl-SI\",\"@id\":\"https:\/\/hudo.com\/si\/#\/schema\/person\/image\/\",\"url\":\"https:\/\/secure.gravatar.com\/avatar\/c4ca25fa72cace7a696b52ff5db9e095?s=96&d=mm&r=g\",\"contentUrl\":\"https:\/\/secure.gravatar.com\/avatar\/c4ca25fa72cace7a696b52ff5db9e095?s=96&d=mm&r=g\",\"caption\":\"hudo\"},\"url\":\"https:\/\/hudo.com\/si\/author\/hudo\/\"}]}<\/script>\n<!-- \/ Yoast SEO plugin. -->","yoast_head_json":{"title":"Tur\u0161ki predsednik obiskal Gr\u010dijo - Hudo Slovenija","robots":{"index":"index","follow":"follow","max-snippet":"max-snippet:-1","max-image-preview":"max-image-preview:large","max-video-preview":"max-video-preview:-1"},"canonical":"https:\/\/hudo.com\/si\/aktualno\/turski-predsednik-obiskal-grcijo\/","og_locale":"sl_SI","og_type":"article","og_title":"Tur\u0161ki predsednik obiskal Gr\u010dijo - Hudo Slovenija","og_description":"Kategorija: Evropa Fri, 08 Dec 2017 14:24:00 +0100 Atene \u2212 Tur\u0161ki predsednik Recep Tayyip Erdo\u011fan je ta teden obiskal sosednjo Gr\u010dijo. Na \u010detrtkovem uradnem delu obiska je v ospredje postavil nujnost revizije sporazuma iz Lozane, ki dolo\u010da potek gr\u0161ko-tur\u0161ke meje, danes pa se mudi na zasebnem obisku pri tur\u0161ki manj\u0161ini na severovzhodu Gr\u010dije. Erdo\u011fanov obisk je bil prvi obisk tur\u0161kega predsednika v Gr\u010diji v zadnjih 65 letih, britanski Guardian pa ga je opisal kot pravi \u00bbbesedni teater\u00ab. Tur\u0161ki predsednik je svojemu gostitelju, gr\u0161kemu predsedniku Prokopisu Pavlopoulosu navrgel, da Gr\u010dija nikoli ne bi postala \u010dlanica zavezni\u0161tva Nato, \u010de kandidature ne bi podprla Tur\u010dija. Erdo\u011fan je prav tako \u2212 na presene\u010denje gostitelja \u2212 zahteval \u00bbmodernizacijo\u00ab pogodbe iz Lozane iz leta 1923, ki ureja mejo med dr\u017eavama in pravice muslimanske manj\u0161ine na severovzhodu Tur\u010dije. Uresni\u010devanje teh pravic je namre\u010d po mnenju tur\u0161kega\u00a0...","og_url":"https:\/\/hudo.com\/si\/aktualno\/turski-predsednik-obiskal-grcijo\/","og_site_name":"Hudo Slovenija","article_publisher":"https:\/\/www.facebook.com\/hudo.si","article_published_time":"2017-12-08T12:24:00+00:00","og_image":[{"width":480,"height":290,"url":"https:\/\/hudo.com\/si\/wp-content\/uploads\/sites\/2\/2017\/12\/480x290_Zunanja__AFP_Photo_20171207.1_hires0.jpeg","type":"image\/jpeg"}],"author":"hudo","twitter_card":"summary_large_image","twitter_creator":"@hudo_si","twitter_site":"@hudo_si","twitter_misc":{"Written by":"hudo","Est. reading time":"1 minuta"},"schema":{"@context":"https:\/\/schema.org","@graph":[{"@type":"Article","@id":"https:\/\/hudo.com\/si\/aktualno\/turski-predsednik-obiskal-grcijo\/#article","isPartOf":{"@id":"https:\/\/hudo.com\/si\/aktualno\/turski-predsednik-obiskal-grcijo\/"},"author":{"name":"hudo","@id":"https:\/\/hudo.com\/si\/#\/schema\/person\/601cf3379633985b20f7e50f2bb47707"},"headline":"Tur\u0161ki predsednik obiskal Gr\u010dijo","datePublished":"2017-12-08T12:24:00+00:00","dateModified":"2017-12-08T12:24:00+00:00","mainEntityOfPage":{"@id":"https:\/\/hudo.com\/si\/aktualno\/turski-predsednik-obiskal-grcijo\/"},"wordCount":160,"publisher":{"@id":"https:\/\/hudo.com\/si\/#organization"},"articleSection":["Aktualno"],"inLanguage":"sl-SI"},{"@type":"WebPage","@id":"https:\/\/hudo.com\/si\/aktualno\/turski-predsednik-obiskal-grcijo\/","url":"https:\/\/hudo.com\/si\/aktualno\/turski-predsednik-obiskal-grcijo\/","name":"Tur\u0161ki predsednik obiskal Gr\u010dijo - Hudo Slovenija","isPartOf":{"@id":"https:\/\/hudo.com\/si\/#website"},"datePublished":"2017-12-08T12:24:00+00:00","dateModified":"2017-12-08T12:24:00+00:00","breadcrumb":{"@id":"https:\/\/hudo.com\/si\/aktualno\/turski-predsednik-obiskal-grcijo\/#breadcrumb"},"inLanguage":"sl-SI","potentialAction":[{"@type":"ReadAction","target":["https:\/\/hudo.com\/si\/aktualno\/turski-predsednik-obiskal-grcijo\/"]}]},{"@type":"BreadcrumbList","@id":"https:\/\/hudo.com\/si\/aktualno\/turski-predsednik-obiskal-grcijo\/#breadcrumb","itemListElement":[{"@type":"ListItem","position":1,"name":"Home","item":"https:\/\/hudo.com\/si\/"},{"@type":"ListItem","position":2,"name":"Tur\u0161ki predsednik obiskal Gr\u010dijo"}]},{"@type":"WebSite","@id":"https:\/\/hudo.com\/si\/#website","url":"https:\/\/hudo.com\/si\/","name":"Hudo Slovenija","description":"Vse novice iz Slovenije in sveta","publisher":{"@id":"https:\/\/hudo.com\/si\/#organization"},"potentialAction":[{"@type":"SearchAction","target":{"@type":"EntryPoint","urlTemplate":"https:\/\/hudo.com\/si\/?s={search_term_string}"},"query-input":"required name=search_term_string"}],"inLanguage":"sl-SI"},{"@type":"Organization","@id":"https:\/\/hudo.com\/si\/#organization","name":"VSN Media","url":"https:\/\/hudo.com\/si\/","logo":{"@type":"ImageObject","inLanguage":"sl-SI","@id":"https:\/\/hudo.com\/si\/#\/schema\/logo\/image\/","url":"https:\/\/hudo.com\/si\/wp-content\/uploads\/sites\/2\/2021\/03\/hudo-app-2.png","contentUrl":"https:\/\/hudo.com\/si\/wp-content\/uploads\/sites\/2\/2021\/03\/hudo-app-2.png","width":2185,"height":2167,"caption":"VSN Media"},"image":{"@id":"https:\/\/hudo.com\/si\/#\/schema\/logo\/image\/"},"sameAs":["https:\/\/www.facebook.com\/hudo.si","https:\/\/twitter.com\/hudo_si"]},{"@type":"Person","@id":"https:\/\/hudo.com\/si\/#\/schema\/person\/601cf3379633985b20f7e50f2bb47707","name":"hudo","image":{"@type":"ImageObject","inLanguage":"sl-SI","@id":"https:\/\/hudo.com\/si\/#\/schema\/person\/image\/","url":"https:\/\/secure.gravatar.com\/avatar\/c4ca25fa72cace7a696b52ff5db9e095?s=96&d=mm&r=g","contentUrl":"https:\/\/secure.gravatar.com\/avatar\/c4ca25fa72cace7a696b52ff5db9e095?s=96&d=mm&r=g","caption":"hudo"},"url":"https:\/\/hudo.com\/si\/author\/hudo\/"}]}},"amp_enabled":true,"_links":{"self":[{"href":"https:\/\/hudo.com\/si\/wp-json\/wp\/v2\/posts\/331158"}],"collection":[{"href":"https:\/\/hudo.com\/si\/wp-json\/wp\/v2\/posts"}],"about":[{"href":"https:\/\/hudo.com\/si\/wp-json\/wp\/v2\/types\/post"}],"author":[{"embeddable":true,"href":"https:\/\/hudo.com\/si\/wp-json\/wp\/v2\/users\/1"}],"replies":[{"embeddable":true,"href":"https:\/\/hudo.com\/si\/wp-json\/wp\/v2\/comments?post=331158"}],"version-history":[{"count":0,"href":"https:\/\/hudo.com\/si\/wp-json\/wp\/v2\/posts\/331158\/revisions"}],"wp:attachment":[{"href":"https:\/\/hudo.com\/si\/wp-json\/wp\/v2\/media?parent=331158"}],"wp:term":[{"taxonomy":"category","embeddable":true,"href":"https:\/\/hudo.com\/si\/wp-json\/wp\/v2\/categories?post=331158"},{"taxonomy":"post_tag","embeddable":true,"href":"https:\/\/hudo.com\/si\/wp-json\/wp\/v2\/tags?post=331158"},{"taxonomy":"source","embeddable":true,"href":"https:\/\/hudo.com\/si\/wp-json\/wp\/v2\/source?post=331158"},{"taxonomy":"supertag","embeddable":true,"href":"https:\/\/hudo.com\/si\/wp-json\/wp\/v2\/supertag?post=331158"}],"curies":[{"name":"wp","href":"https:\/\/api.w.org\/{rel}","templated":true}]}}