{"id":331788,"date":"2017-12-11T08:15:11","date_gmt":"2017-12-11T07:15:11","guid":{"rendered":"http:\/\/hudo.com\/si\/?p=331788"},"modified":"2017-12-11T08:30:28","modified_gmt":"2017-12-11T07:30:28","slug":"dez-mocan-veter-povzrocila-precej-tezav","status":"publish","type":"post","link":"https:\/\/hudo.com\/si\/aktualno\/dez-mocan-veter-povzrocila-precej-tezav\/","title":{"rendered":"De\u017e in mo\u010dan veter povzro\u010dila precej te\u017eav"},"content":{"rendered":"<div class=\"text\">\n<p>Na Obali se je zjutraj na cesto Belvedere-Strunjan v ob\u010dini Izola vsul plaz. \u0160e dva zemeljska plazova sta se spro\u017eila na cesto med Lucijo in Kortami v ob\u010dini Piran. Ve\u010d plazov se je spro\u017eilo tudi na cesti med \u0160marjami in Dragonjo.<\/p>\n<p>Meteorne vode zaradi mo\u010dnega de\u017eevja so pono\u010di zalivale hi\u0161e v Parecagu, Piranu, na Zgornjih \u0160kofijah in v Kortah nad Izolo. Objekte je zalivala tudi reka Dragonja, ka\u017eejo podatki na spletnih straneh Centra za obve\u0161\u010danje Uprave za za\u0161\u010dito in re\u0161evanje.<\/p>\n<p>Na Notranjskem in Ko\u010devskem pa je \u0161tevilne nev\u0161e\u010dnosti povzro\u010dal veter. V Logatcu so podrta drevesa zaprla cesto Laze-Logatec. Mo\u010dan veter je povzro\u010dal te\u017eave v cestnem prometu tudi na obmo\u010dju Ob\u010dine Ko\u010devje. Delavci komunalnega in cestnega podjetja so odstranili ve\u010d podrtih dreves na relaciji Mlaka pri Ko\u010devju-Ko\u010devska Reka in v Ko\u010devski Reki. V Ko\u010devju je veter odkril streho stanovanjske hi\u0161e.<\/p>\n<p>Nev\u0161e\u010dnosti je veter povzro\u010dil tudi v Ob\u010dini Lo\u0161ka dolina. V podjetju Kovinoplastika Lo\u017e je odkrilo streho skladi\u0161\u010da gotovih izdelkov. Podatkov o \u0161kodi za zdaj \u0161e ni. Na Rakeku je voda zalivala klet, v Lo\u0161ki dolini pa je odkrilo streho gara\u017ee.<\/p>\n<p>Po napovedih vremenoslovcev bo danes obla\u010dno, popoldne se bo ponekod obla\u010dnost trgala. V severovzhodnih krajih bo ve\u010dinoma suho, drugod bodo \u0161e padavine, ki pa bodo popoldne slabele in marsikje prehodno ponehale. Meja sne\u017eenja bo ve\u010dinoma nad okoli 1800 metrov nad morjem. Pihal bo zmeren, ponekod tudi mo\u010dan ju\u017eni do jugozahodni veter, ki se bo \u010dez dan \u0161e nekoliko okrepil. Najvi\u0161je dnevne temperature bodo od 8 do 14, ob morju do 16 stopinj Celzija.<\/p>\n<p>V torek bo obla\u010dno. Padavine se bodo zjutraj krepile in \u010dez dan znova zajele vso Slovenijo, zve\u010der bodo za\u010dele slabeti. V vzhodnih krajih jih bo malo. Meja sne\u017eenja bo sprva visoko, proti ve\u010deru se bo spustila do nadmorske vi\u0161ine okoli 1100 metrov. Jugozahodni veter bo slabel. Temperature bodo ve\u010dinoma od 6 do 14 stopinj Celzija.<\/p>\n<p>Na Agenciji RS za okolje opozarjajo, da bo jugozahodnik v vi\u0161jih legah presegal hitrost 100 kilometrov na uro, ponekod po ni\u017einah pa 70 kilometrov na uro. Veter bo za\u010del slabeti v no\u010di na torek.<\/p>\n<\/div>\n","protected":false},"excerpt":{"rendered":"<p>De\u017e in mo\u010dan veter, ki sta v nedeljo zve\u010der dosegla Slovenijo, sta ponekod povzro\u010dila precej te\u017eav. Na Obali so narasle vode zalile \u0161tevilne objekte in ceste, mo\u010dan veter pa je odkrival strehe in podiral drevesa na Notranjskem in Ko\u010devskem. V Lo\u0161ki dolini je odkrilo streho skladi\u0161\u010da gotovih izdelkov podjetja Kovinoplastika Lo\u017e.<\/p>\n","protected":false},"author":5,"featured_media":321272,"comment_status":"closed","ping_status":"closed","sticky":false,"template":"","format":"standard","meta":{"footnotes":""},"categories":[1179],"tags":[1595,8987,3822,2149],"source":[4511],"supertag":[],"acf":[],"yoast_head":"<!-- This site is optimized with the Yoast SEO plugin v21.3 - https:\/\/yoast.com\/wordpress\/plugins\/seo\/ -->\n<title>De\u017e in mo\u010dan veter povzro\u010dila precej te\u017eav - Hudo Slovenija<\/title>\n<meta name=\"robots\" content=\"index, follow, max-snippet:-1, max-image-preview:large, max-video-preview:-1\" \/>\n<link rel=\"canonical\" href=\"https:\/\/hudo.com\/si\/aktualno\/dez-mocan-veter-povzrocila-precej-tezav\/\" \/>\n<meta property=\"og:locale\" content=\"sl_SI\" \/>\n<meta property=\"og:type\" content=\"article\" \/>\n<meta property=\"og:title\" content=\"De\u017e in mo\u010dan veter povzro\u010dila precej te\u017eav - Hudo Slovenija\" \/>\n<meta property=\"og:description\" content=\"De\u017e in mo\u010dan veter, ki sta v nedeljo zve\u010der dosegla Slovenijo, sta ponekod povzro\u010dila precej te\u017eav. Na Obali so narasle vode zalile \u0161tevilne objekte in ceste, mo\u010dan veter pa je odkrival strehe in podiral drevesa na Notranjskem in Ko\u010devskem. V Lo\u0161ki dolini je odkrilo streho skladi\u0161\u010da gotovih izdelkov podjetja Kovinoplastika Lo\u017e.\" \/>\n<meta property=\"og:url\" content=\"https:\/\/hudo.com\/si\/aktualno\/dez-mocan-veter-povzrocila-precej-tezav\/\" \/>\n<meta property=\"og:site_name\" content=\"Hudo Slovenija\" \/>\n<meta property=\"article:publisher\" content=\"https:\/\/www.facebook.com\/hudo.si\" \/>\n<meta property=\"article:published_time\" content=\"2017-12-11T07:15:11+00:00\" \/>\n<meta property=\"article:modified_time\" content=\"2017-12-11T07:30:28+00:00\" \/>\n<meta property=\"og:image\" content=\"https:\/\/hudo.com\/si\/wp-content\/uploads\/sites\/2\/2017\/11\/profimedia-0315509590.jpg\" \/>\n\t<meta property=\"og:image:width\" content=\"1250\" \/>\n\t<meta property=\"og:image:height\" content=\"834\" \/>\n\t<meta property=\"og:image:type\" content=\"image\/jpeg\" \/>\n<meta name=\"author\" content=\"A. G., STA\" \/>\n<meta name=\"twitter:card\" content=\"summary_large_image\" \/>\n<meta name=\"twitter:creator\" content=\"@hudo_si\" \/>\n<meta name=\"twitter:site\" content=\"@hudo_si\" \/>\n<meta name=\"twitter:label1\" content=\"Written by\" \/>\n\t<meta name=\"twitter:data1\" content=\"A. G., STA\" \/>\n\t<meta name=\"twitter:label2\" content=\"Est. reading time\" \/>\n\t<meta name=\"twitter:data2\" content=\"2 minuti\" \/>\n<script type=\"application\/ld+json\" class=\"yoast-schema-graph\">{\"@context\":\"https:\/\/schema.org\",\"@graph\":[{\"@type\":\"Article\",\"@id\":\"https:\/\/hudo.com\/si\/aktualno\/dez-mocan-veter-povzrocila-precej-tezav\/#article\",\"isPartOf\":{\"@id\":\"https:\/\/hudo.com\/si\/aktualno\/dez-mocan-veter-povzrocila-precej-tezav\/\"},\"author\":{\"name\":\"A. G., STA\",\"@id\":\"https:\/\/hudo.com\/si\/#\/schema\/person\/2391667a63ea075ba94f2f2dc6b77537\"},\"headline\":\"De\u017e in mo\u010dan veter povzro\u010dila precej te\u017eav\",\"datePublished\":\"2017-12-11T07:15:11+00:00\",\"dateModified\":\"2017-12-11T07:30:28+00:00\",\"mainEntityOfPage\":{\"@id\":\"https:\/\/hudo.com\/si\/aktualno\/dez-mocan-veter-povzrocila-precej-tezav\/\"},\"wordCount\":396,\"publisher\":{\"@id\":\"https:\/\/hudo.com\/si\/#organization\"},\"keywords\":[\"Slovenija\",\"ujme\",\"veter\",\"vreme\"],\"articleSection\":[\"Aktualno\"],\"inLanguage\":\"sl-SI\"},{\"@type\":\"WebPage\",\"@id\":\"https:\/\/hudo.com\/si\/aktualno\/dez-mocan-veter-povzrocila-precej-tezav\/\",\"url\":\"https:\/\/hudo.com\/si\/aktualno\/dez-mocan-veter-povzrocila-precej-tezav\/\",\"name\":\"De\u017e in mo\u010dan veter povzro\u010dila precej te\u017eav - Hudo Slovenija\",\"isPartOf\":{\"@id\":\"https:\/\/hudo.com\/si\/#website\"},\"datePublished\":\"2017-12-11T07:15:11+00:00\",\"dateModified\":\"2017-12-11T07:30:28+00:00\",\"breadcrumb\":{\"@id\":\"https:\/\/hudo.com\/si\/aktualno\/dez-mocan-veter-povzrocila-precej-tezav\/#breadcrumb\"},\"inLanguage\":\"sl-SI\",\"potentialAction\":[{\"@type\":\"ReadAction\",\"target\":[\"https:\/\/hudo.com\/si\/aktualno\/dez-mocan-veter-povzrocila-precej-tezav\/\"]}]},{\"@type\":\"BreadcrumbList\",\"@id\":\"https:\/\/hudo.com\/si\/aktualno\/dez-mocan-veter-povzrocila-precej-tezav\/#breadcrumb\",\"itemListElement\":[{\"@type\":\"ListItem\",\"position\":1,\"name\":\"Home\",\"item\":\"https:\/\/hudo.com\/si\/\"},{\"@type\":\"ListItem\",\"position\":2,\"name\":\"De\u017e in mo\u010dan veter povzro\u010dila precej te\u017eav\"}]},{\"@type\":\"WebSite\",\"@id\":\"https:\/\/hudo.com\/si\/#website\",\"url\":\"https:\/\/hudo.com\/si\/\",\"name\":\"Hudo Slovenija\",\"description\":\"Vse novice iz Slovenije in sveta\",\"publisher\":{\"@id\":\"https:\/\/hudo.com\/si\/#organization\"},\"potentialAction\":[{\"@type\":\"SearchAction\",\"target\":{\"@type\":\"EntryPoint\",\"urlTemplate\":\"https:\/\/hudo.com\/si\/?s={search_term_string}\"},\"query-input\":\"required name=search_term_string\"}],\"inLanguage\":\"sl-SI\"},{\"@type\":\"Organization\",\"@id\":\"https:\/\/hudo.com\/si\/#organization\",\"name\":\"VSN Media\",\"url\":\"https:\/\/hudo.com\/si\/\",\"logo\":{\"@type\":\"ImageObject\",\"inLanguage\":\"sl-SI\",\"@id\":\"https:\/\/hudo.com\/si\/#\/schema\/logo\/image\/\",\"url\":\"https:\/\/hudo.com\/si\/wp-content\/uploads\/sites\/2\/2021\/03\/hudo-app-2.png\",\"contentUrl\":\"https:\/\/hudo.com\/si\/wp-content\/uploads\/sites\/2\/2021\/03\/hudo-app-2.png\",\"width\":2185,\"height\":2167,\"caption\":\"VSN Media\"},\"image\":{\"@id\":\"https:\/\/hudo.com\/si\/#\/schema\/logo\/image\/\"},\"sameAs\":[\"https:\/\/www.facebook.com\/hudo.si\",\"https:\/\/twitter.com\/hudo_si\"]},{\"@type\":\"Person\",\"@id\":\"https:\/\/hudo.com\/si\/#\/schema\/person\/2391667a63ea075ba94f2f2dc6b77537\",\"name\":\"A. G., STA\",\"image\":{\"@type\":\"ImageObject\",\"inLanguage\":\"sl-SI\",\"@id\":\"https:\/\/hudo.com\/si\/#\/schema\/person\/image\/\",\"url\":\"https:\/\/secure.gravatar.com\/avatar\/e13d22ac3e442658d5025fbbe6238a79?s=96&d=mm&r=g\",\"contentUrl\":\"https:\/\/secure.gravatar.com\/avatar\/e13d22ac3e442658d5025fbbe6238a79?s=96&d=mm&r=g\",\"caption\":\"A. G., STA\"},\"url\":\"https:\/\/hudo.com\/si\/author\/alenka\/\"}]}<\/script>\n<!-- \/ Yoast SEO plugin. -->","yoast_head_json":{"title":"De\u017e in mo\u010dan veter povzro\u010dila precej te\u017eav - Hudo Slovenija","robots":{"index":"index","follow":"follow","max-snippet":"max-snippet:-1","max-image-preview":"max-image-preview:large","max-video-preview":"max-video-preview:-1"},"canonical":"https:\/\/hudo.com\/si\/aktualno\/dez-mocan-veter-povzrocila-precej-tezav\/","og_locale":"sl_SI","og_type":"article","og_title":"De\u017e in mo\u010dan veter povzro\u010dila precej te\u017eav - Hudo Slovenija","og_description":"De\u017e in mo\u010dan veter, ki sta v nedeljo zve\u010der dosegla Slovenijo, sta ponekod povzro\u010dila precej te\u017eav. Na Obali so narasle vode zalile \u0161tevilne objekte in ceste, mo\u010dan veter pa je odkrival strehe in podiral drevesa na Notranjskem in Ko\u010devskem. V Lo\u0161ki dolini je odkrilo streho skladi\u0161\u010da gotovih izdelkov podjetja Kovinoplastika Lo\u017e.","og_url":"https:\/\/hudo.com\/si\/aktualno\/dez-mocan-veter-povzrocila-precej-tezav\/","og_site_name":"Hudo Slovenija","article_publisher":"https:\/\/www.facebook.com\/hudo.si","article_published_time":"2017-12-11T07:15:11+00:00","article_modified_time":"2017-12-11T07:30:28+00:00","og_image":[{"width":1250,"height":834,"url":"https:\/\/hudo.com\/si\/wp-content\/uploads\/sites\/2\/2017\/11\/profimedia-0315509590.jpg","type":"image\/jpeg"}],"author":"A. G., STA","twitter_card":"summary_large_image","twitter_creator":"@hudo_si","twitter_site":"@hudo_si","twitter_misc":{"Written by":"A. G., STA","Est. reading time":"2 minuti"},"schema":{"@context":"https:\/\/schema.org","@graph":[{"@type":"Article","@id":"https:\/\/hudo.com\/si\/aktualno\/dez-mocan-veter-povzrocila-precej-tezav\/#article","isPartOf":{"@id":"https:\/\/hudo.com\/si\/aktualno\/dez-mocan-veter-povzrocila-precej-tezav\/"},"author":{"name":"A. G., STA","@id":"https:\/\/hudo.com\/si\/#\/schema\/person\/2391667a63ea075ba94f2f2dc6b77537"},"headline":"De\u017e in mo\u010dan veter povzro\u010dila precej te\u017eav","datePublished":"2017-12-11T07:15:11+00:00","dateModified":"2017-12-11T07:30:28+00:00","mainEntityOfPage":{"@id":"https:\/\/hudo.com\/si\/aktualno\/dez-mocan-veter-povzrocila-precej-tezav\/"},"wordCount":396,"publisher":{"@id":"https:\/\/hudo.com\/si\/#organization"},"keywords":["Slovenija","ujme","veter","vreme"],"articleSection":["Aktualno"],"inLanguage":"sl-SI"},{"@type":"WebPage","@id":"https:\/\/hudo.com\/si\/aktualno\/dez-mocan-veter-povzrocila-precej-tezav\/","url":"https:\/\/hudo.com\/si\/aktualno\/dez-mocan-veter-povzrocila-precej-tezav\/","name":"De\u017e in mo\u010dan veter povzro\u010dila precej te\u017eav - Hudo Slovenija","isPartOf":{"@id":"https:\/\/hudo.com\/si\/#website"},"datePublished":"2017-12-11T07:15:11+00:00","dateModified":"2017-12-11T07:30:28+00:00","breadcrumb":{"@id":"https:\/\/hudo.com\/si\/aktualno\/dez-mocan-veter-povzrocila-precej-tezav\/#breadcrumb"},"inLanguage":"sl-SI","potentialAction":[{"@type":"ReadAction","target":["https:\/\/hudo.com\/si\/aktualno\/dez-mocan-veter-povzrocila-precej-tezav\/"]}]},{"@type":"BreadcrumbList","@id":"https:\/\/hudo.com\/si\/aktualno\/dez-mocan-veter-povzrocila-precej-tezav\/#breadcrumb","itemListElement":[{"@type":"ListItem","position":1,"name":"Home","item":"https:\/\/hudo.com\/si\/"},{"@type":"ListItem","position":2,"name":"De\u017e in mo\u010dan veter povzro\u010dila precej te\u017eav"}]},{"@type":"WebSite","@id":"https:\/\/hudo.com\/si\/#website","url":"https:\/\/hudo.com\/si\/","name":"Hudo Slovenija","description":"Vse novice iz Slovenije in sveta","publisher":{"@id":"https:\/\/hudo.com\/si\/#organization"},"potentialAction":[{"@type":"SearchAction","target":{"@type":"EntryPoint","urlTemplate":"https:\/\/hudo.com\/si\/?s={search_term_string}"},"query-input":"required name=search_term_string"}],"inLanguage":"sl-SI"},{"@type":"Organization","@id":"https:\/\/hudo.com\/si\/#organization","name":"VSN Media","url":"https:\/\/hudo.com\/si\/","logo":{"@type":"ImageObject","inLanguage":"sl-SI","@id":"https:\/\/hudo.com\/si\/#\/schema\/logo\/image\/","url":"https:\/\/hudo.com\/si\/wp-content\/uploads\/sites\/2\/2021\/03\/hudo-app-2.png","contentUrl":"https:\/\/hudo.com\/si\/wp-content\/uploads\/sites\/2\/2021\/03\/hudo-app-2.png","width":2185,"height":2167,"caption":"VSN Media"},"image":{"@id":"https:\/\/hudo.com\/si\/#\/schema\/logo\/image\/"},"sameAs":["https:\/\/www.facebook.com\/hudo.si","https:\/\/twitter.com\/hudo_si"]},{"@type":"Person","@id":"https:\/\/hudo.com\/si\/#\/schema\/person\/2391667a63ea075ba94f2f2dc6b77537","name":"A. G., STA","image":{"@type":"ImageObject","inLanguage":"sl-SI","@id":"https:\/\/hudo.com\/si\/#\/schema\/person\/image\/","url":"https:\/\/secure.gravatar.com\/avatar\/e13d22ac3e442658d5025fbbe6238a79?s=96&d=mm&r=g","contentUrl":"https:\/\/secure.gravatar.com\/avatar\/e13d22ac3e442658d5025fbbe6238a79?s=96&d=mm&r=g","caption":"A. G., STA"},"url":"https:\/\/hudo.com\/si\/author\/alenka\/"}]}},"amp_enabled":true,"_links":{"self":[{"href":"https:\/\/hudo.com\/si\/wp-json\/wp\/v2\/posts\/331788"}],"collection":[{"href":"https:\/\/hudo.com\/si\/wp-json\/wp\/v2\/posts"}],"about":[{"href":"https:\/\/hudo.com\/si\/wp-json\/wp\/v2\/types\/post"}],"author":[{"embeddable":true,"href":"https:\/\/hudo.com\/si\/wp-json\/wp\/v2\/users\/5"}],"replies":[{"embeddable":true,"href":"https:\/\/hudo.com\/si\/wp-json\/wp\/v2\/comments?post=331788"}],"version-history":[{"count":1,"href":"https:\/\/hudo.com\/si\/wp-json\/wp\/v2\/posts\/331788\/revisions"}],"predecessor-version":[{"id":331791,"href":"https:\/\/hudo.com\/si\/wp-json\/wp\/v2\/posts\/331788\/revisions\/331791"}],"wp:featuredmedia":[{"embeddable":true,"href":"https:\/\/hudo.com\/si\/wp-json\/wp\/v2\/media\/321272"}],"wp:attachment":[{"href":"https:\/\/hudo.com\/si\/wp-json\/wp\/v2\/media?parent=331788"}],"wp:term":[{"taxonomy":"category","embeddable":true,"href":"https:\/\/hudo.com\/si\/wp-json\/wp\/v2\/categories?post=331788"},{"taxonomy":"post_tag","embeddable":true,"href":"https:\/\/hudo.com\/si\/wp-json\/wp\/v2\/tags?post=331788"},{"taxonomy":"source","embeddable":true,"href":"https:\/\/hudo.com\/si\/wp-json\/wp\/v2\/source?post=331788"},{"taxonomy":"supertag","embeddable":true,"href":"https:\/\/hudo.com\/si\/wp-json\/wp\/v2\/supertag?post=331788"}],"curies":[{"name":"wp","href":"https:\/\/api.w.org\/{rel}","templated":true}]}}