{"id":331821,"date":"2017-12-11T06:17:00","date_gmt":"2017-12-11T05:17:00","guid":{"rendered":"http:\/\/hudo.com\/si\/2017\/12\/11\/mocan-veter-in-narasle-vode-ze-povzrocajo-tezave\/"},"modified":"2017-12-11T06:17:00","modified_gmt":"2017-12-11T05:17:00","slug":"mocan-veter-in-narasle-vode-ze-povzrocajo-tezave","status":"publish","type":"post","link":"https:\/\/hudo.com\/si\/aktualno\/mocan-veter-in-narasle-vode-ze-povzrocajo-tezave\/","title":{"rendered":"Mo\u010dan veter in narasle vode \u017ee povzro\u010dajo te\u017eave"},"content":{"rendered":"<p>Kategorija: Slovenija Mon, 11 Dec 2017 07:17:00 +0100  Ljubljana \u2212 De\u017e in mo\u010dan veter, ki sta v nedeljo zve\u010der dosegla Slovenijo, sta ponekod povzro\u010dila precej te\u017eav. Na Obali so narasle vode zalile \u0161tevilne objekte in ceste, mo\u010dan veter pa je odkrival strehe in podiral drevesa na Notranjskem in Ko\u010devskem. V Lo\u0161ki dolini je odkrilo streho skladi\u0161\u010da gotovih izdelkov podjetja Kovinoplastika Lo\u017e. Na Obali se je zjutraj na cesto Belvedere\u2212Strunjan v ob\u010dini Izola usul plaz. \u0160e dva zemeljska plazova sta se spro\u017eila na cesto med Lucijo in Kortami v ob\u010dini Piran. Ve\u010d plazov se je spro\u017eilo tudi na cesti med \u0160marjami in Dragonjo. Meteorne vode zaradi mo\u010dnega de\u017eevja so pono\u010di zalivale hi\u0161e v Parecagu, Piranu, na Zgornjih \u0160kofijah in v Kortah nad Izolo. Objekte je zalivala tudi reka Dragonja, ka\u017eejo podatki na spletnih straneh Centra za obve\u0161\u010danje Uprave za za\u0161\u010dito in\u00a0&#8230;<\/p>\n","protected":false},"excerpt":{"rendered":"<p>Kategorija: Slovenija Mon, 11 Dec 2017 07:17:00 +0100  Ljubljana \u2212 De\u017e in mo\u010dan veter, ki sta v nedeljo zve\u010der dosegla Slovenijo, sta ponekod povzro\u010dila precej te\u017eav. Na Obali so narasle vode zalile \u0161tevilne objekte in ceste, mo\u010dan veter pa je odkrival strehe in podiral drevesa na Notranjskem in Ko\u010devskem. V Lo\u0161ki dolini je odkrilo streho skladi\u0161\u010da gotovih izdelkov podjetja Kovinoplastika Lo\u017e. Na Obali se je zjutraj na cesto Belvedere\u2212Strunjan v ob\u010dini Izola usul plaz. \u0160e dva zemeljska plazova sta se spro\u017eila na cesto med Lucijo in Kortami v ob\u010dini Piran. Ve\u010d plazov se je spro\u017eilo tudi na cesti med \u0160marjami in Dragonjo. Meteorne vode zaradi mo\u010dnega de\u017eevja so pono\u010di zalivale hi\u0161e v Parecagu, Piranu, na Zgornjih \u0160kofijah in v Kortah nad Izolo. Objekte je zalivala tudi reka Dragonja, ka\u017eejo podatki na spletnih straneh Centra za obve\u0161\u010danje Uprave za za\u0161\u010dito in\u00a0&#8230;<\/p>\n","protected":false},"author":1,"featured_media":0,"comment_status":"closed","ping_status":"closed","sticky":false,"template":"","format":"standard","meta":{"footnotes":""},"categories":[1179],"tags":[],"source":[1703],"supertag":[],"acf":[],"yoast_head":"<!-- This site is optimized with the Yoast SEO plugin v21.3 - https:\/\/yoast.com\/wordpress\/plugins\/seo\/ -->\n<title>Mo\u010dan veter in narasle vode \u017ee povzro\u010dajo te\u017eave - Hudo Slovenija<\/title>\n<meta name=\"robots\" content=\"index, follow, max-snippet:-1, max-image-preview:large, max-video-preview:-1\" \/>\n<link rel=\"canonical\" href=\"https:\/\/hudo.com\/si\/aktualno\/mocan-veter-in-narasle-vode-ze-povzrocajo-tezave\/\" \/>\n<meta property=\"og:locale\" content=\"sl_SI\" \/>\n<meta property=\"og:type\" content=\"article\" \/>\n<meta property=\"og:title\" content=\"Mo\u010dan veter in narasle vode \u017ee povzro\u010dajo te\u017eave - Hudo Slovenija\" \/>\n<meta property=\"og:description\" content=\"Kategorija: Slovenija Mon, 11 Dec 2017 07:17:00 +0100 Ljubljana \u2212 De\u017e in mo\u010dan veter, ki sta v nedeljo zve\u010der dosegla Slovenijo, sta ponekod povzro\u010dila precej te\u017eav. Na Obali so narasle vode zalile \u0161tevilne objekte in ceste, mo\u010dan veter pa je odkrival strehe in podiral drevesa na Notranjskem in Ko\u010devskem. V Lo\u0161ki dolini je odkrilo streho skladi\u0161\u010da gotovih izdelkov podjetja Kovinoplastika Lo\u017e. Na Obali se je zjutraj na cesto Belvedere\u2212Strunjan v ob\u010dini Izola usul plaz. \u0160e dva zemeljska plazova sta se spro\u017eila na cesto med Lucijo in Kortami v ob\u010dini Piran. Ve\u010d plazov se je spro\u017eilo tudi na cesti med \u0160marjami in Dragonjo. Meteorne vode zaradi mo\u010dnega de\u017eevja so pono\u010di zalivale hi\u0161e v Parecagu, Piranu, na Zgornjih \u0160kofijah in v Kortah nad Izolo. Objekte je zalivala tudi reka Dragonja, ka\u017eejo podatki na spletnih straneh Centra za obve\u0161\u010danje Uprave za za\u0161\u010dito in\u00a0...\" \/>\n<meta property=\"og:url\" content=\"https:\/\/hudo.com\/si\/aktualno\/mocan-veter-in-narasle-vode-ze-povzrocajo-tezave\/\" \/>\n<meta property=\"og:site_name\" content=\"Hudo Slovenija\" \/>\n<meta property=\"article:publisher\" content=\"https:\/\/www.facebook.com\/hudo.si\" \/>\n<meta property=\"article:published_time\" content=\"2017-12-11T05:17:00+00:00\" \/>\n<meta property=\"og:image\" content=\"https:\/\/hudo.com\/si\/wp-content\/uploads\/sites\/2\/2017\/12\/480x290_djvu_1829817_kapitanovicp_sipic-dez.jpeg\" \/>\n\t<meta property=\"og:image:width\" content=\"480\" \/>\n\t<meta property=\"og:image:height\" content=\"290\" \/>\n\t<meta property=\"og:image:type\" content=\"image\/jpeg\" \/>\n<meta name=\"author\" content=\"hudo\" \/>\n<meta name=\"twitter:card\" content=\"summary_large_image\" \/>\n<meta name=\"twitter:creator\" content=\"@hudo_si\" \/>\n<meta name=\"twitter:site\" content=\"@hudo_si\" \/>\n<meta name=\"twitter:label1\" content=\"Written by\" \/>\n\t<meta name=\"twitter:data1\" content=\"hudo\" \/>\n\t<meta name=\"twitter:label2\" content=\"Est. reading time\" \/>\n\t<meta name=\"twitter:data2\" content=\"1 minuta\" \/>\n<script type=\"application\/ld+json\" class=\"yoast-schema-graph\">{\"@context\":\"https:\/\/schema.org\",\"@graph\":[{\"@type\":\"Article\",\"@id\":\"https:\/\/hudo.com\/si\/aktualno\/mocan-veter-in-narasle-vode-ze-povzrocajo-tezave\/#article\",\"isPartOf\":{\"@id\":\"https:\/\/hudo.com\/si\/aktualno\/mocan-veter-in-narasle-vode-ze-povzrocajo-tezave\/\"},\"author\":{\"name\":\"hudo\",\"@id\":\"https:\/\/hudo.com\/si\/#\/schema\/person\/601cf3379633985b20f7e50f2bb47707\"},\"headline\":\"Mo\u010dan veter in narasle vode \u017ee povzro\u010dajo te\u017eave\",\"datePublished\":\"2017-12-11T05:17:00+00:00\",\"dateModified\":\"2017-12-11T05:17:00+00:00\",\"mainEntityOfPage\":{\"@id\":\"https:\/\/hudo.com\/si\/aktualno\/mocan-veter-in-narasle-vode-ze-povzrocajo-tezave\/\"},\"wordCount\":166,\"publisher\":{\"@id\":\"https:\/\/hudo.com\/si\/#organization\"},\"articleSection\":[\"Aktualno\"],\"inLanguage\":\"sl-SI\"},{\"@type\":\"WebPage\",\"@id\":\"https:\/\/hudo.com\/si\/aktualno\/mocan-veter-in-narasle-vode-ze-povzrocajo-tezave\/\",\"url\":\"https:\/\/hudo.com\/si\/aktualno\/mocan-veter-in-narasle-vode-ze-povzrocajo-tezave\/\",\"name\":\"Mo\u010dan veter in narasle vode \u017ee povzro\u010dajo te\u017eave - Hudo Slovenija\",\"isPartOf\":{\"@id\":\"https:\/\/hudo.com\/si\/#website\"},\"datePublished\":\"2017-12-11T05:17:00+00:00\",\"dateModified\":\"2017-12-11T05:17:00+00:00\",\"breadcrumb\":{\"@id\":\"https:\/\/hudo.com\/si\/aktualno\/mocan-veter-in-narasle-vode-ze-povzrocajo-tezave\/#breadcrumb\"},\"inLanguage\":\"sl-SI\",\"potentialAction\":[{\"@type\":\"ReadAction\",\"target\":[\"https:\/\/hudo.com\/si\/aktualno\/mocan-veter-in-narasle-vode-ze-povzrocajo-tezave\/\"]}]},{\"@type\":\"BreadcrumbList\",\"@id\":\"https:\/\/hudo.com\/si\/aktualno\/mocan-veter-in-narasle-vode-ze-povzrocajo-tezave\/#breadcrumb\",\"itemListElement\":[{\"@type\":\"ListItem\",\"position\":1,\"name\":\"Home\",\"item\":\"https:\/\/hudo.com\/si\/\"},{\"@type\":\"ListItem\",\"position\":2,\"name\":\"Mo\u010dan veter in narasle vode \u017ee povzro\u010dajo te\u017eave\"}]},{\"@type\":\"WebSite\",\"@id\":\"https:\/\/hudo.com\/si\/#website\",\"url\":\"https:\/\/hudo.com\/si\/\",\"name\":\"Hudo Slovenija\",\"description\":\"Vse novice iz Slovenije in sveta\",\"publisher\":{\"@id\":\"https:\/\/hudo.com\/si\/#organization\"},\"potentialAction\":[{\"@type\":\"SearchAction\",\"target\":{\"@type\":\"EntryPoint\",\"urlTemplate\":\"https:\/\/hudo.com\/si\/?s={search_term_string}\"},\"query-input\":\"required name=search_term_string\"}],\"inLanguage\":\"sl-SI\"},{\"@type\":\"Organization\",\"@id\":\"https:\/\/hudo.com\/si\/#organization\",\"name\":\"VSN Media\",\"url\":\"https:\/\/hudo.com\/si\/\",\"logo\":{\"@type\":\"ImageObject\",\"inLanguage\":\"sl-SI\",\"@id\":\"https:\/\/hudo.com\/si\/#\/schema\/logo\/image\/\",\"url\":\"https:\/\/hudo.com\/si\/wp-content\/uploads\/sites\/2\/2021\/03\/hudo-app-2.png\",\"contentUrl\":\"https:\/\/hudo.com\/si\/wp-content\/uploads\/sites\/2\/2021\/03\/hudo-app-2.png\",\"width\":2185,\"height\":2167,\"caption\":\"VSN Media\"},\"image\":{\"@id\":\"https:\/\/hudo.com\/si\/#\/schema\/logo\/image\/\"},\"sameAs\":[\"https:\/\/www.facebook.com\/hudo.si\",\"https:\/\/twitter.com\/hudo_si\"]},{\"@type\":\"Person\",\"@id\":\"https:\/\/hudo.com\/si\/#\/schema\/person\/601cf3379633985b20f7e50f2bb47707\",\"name\":\"hudo\",\"image\":{\"@type\":\"ImageObject\",\"inLanguage\":\"sl-SI\",\"@id\":\"https:\/\/hudo.com\/si\/#\/schema\/person\/image\/\",\"url\":\"https:\/\/secure.gravatar.com\/avatar\/c4ca25fa72cace7a696b52ff5db9e095?s=96&d=mm&r=g\",\"contentUrl\":\"https:\/\/secure.gravatar.com\/avatar\/c4ca25fa72cace7a696b52ff5db9e095?s=96&d=mm&r=g\",\"caption\":\"hudo\"},\"url\":\"https:\/\/hudo.com\/si\/author\/hudo\/\"}]}<\/script>\n<!-- \/ Yoast SEO plugin. -->","yoast_head_json":{"title":"Mo\u010dan veter in narasle vode \u017ee povzro\u010dajo te\u017eave - Hudo Slovenija","robots":{"index":"index","follow":"follow","max-snippet":"max-snippet:-1","max-image-preview":"max-image-preview:large","max-video-preview":"max-video-preview:-1"},"canonical":"https:\/\/hudo.com\/si\/aktualno\/mocan-veter-in-narasle-vode-ze-povzrocajo-tezave\/","og_locale":"sl_SI","og_type":"article","og_title":"Mo\u010dan veter in narasle vode \u017ee povzro\u010dajo te\u017eave - Hudo Slovenija","og_description":"Kategorija: Slovenija Mon, 11 Dec 2017 07:17:00 +0100 Ljubljana \u2212 De\u017e in mo\u010dan veter, ki sta v nedeljo zve\u010der dosegla Slovenijo, sta ponekod povzro\u010dila precej te\u017eav. Na Obali so narasle vode zalile \u0161tevilne objekte in ceste, mo\u010dan veter pa je odkrival strehe in podiral drevesa na Notranjskem in Ko\u010devskem. V Lo\u0161ki dolini je odkrilo streho skladi\u0161\u010da gotovih izdelkov podjetja Kovinoplastika Lo\u017e. Na Obali se je zjutraj na cesto Belvedere\u2212Strunjan v ob\u010dini Izola usul plaz. \u0160e dva zemeljska plazova sta se spro\u017eila na cesto med Lucijo in Kortami v ob\u010dini Piran. Ve\u010d plazov se je spro\u017eilo tudi na cesti med \u0160marjami in Dragonjo. Meteorne vode zaradi mo\u010dnega de\u017eevja so pono\u010di zalivale hi\u0161e v Parecagu, Piranu, na Zgornjih \u0160kofijah in v Kortah nad Izolo. Objekte je zalivala tudi reka Dragonja, ka\u017eejo podatki na spletnih straneh Centra za obve\u0161\u010danje Uprave za za\u0161\u010dito in\u00a0...","og_url":"https:\/\/hudo.com\/si\/aktualno\/mocan-veter-in-narasle-vode-ze-povzrocajo-tezave\/","og_site_name":"Hudo Slovenija","article_publisher":"https:\/\/www.facebook.com\/hudo.si","article_published_time":"2017-12-11T05:17:00+00:00","og_image":[{"width":480,"height":290,"url":"https:\/\/hudo.com\/si\/wp-content\/uploads\/sites\/2\/2017\/12\/480x290_djvu_1829817_kapitanovicp_sipic-dez.jpeg","type":"image\/jpeg"}],"author":"hudo","twitter_card":"summary_large_image","twitter_creator":"@hudo_si","twitter_site":"@hudo_si","twitter_misc":{"Written by":"hudo","Est. reading time":"1 minuta"},"schema":{"@context":"https:\/\/schema.org","@graph":[{"@type":"Article","@id":"https:\/\/hudo.com\/si\/aktualno\/mocan-veter-in-narasle-vode-ze-povzrocajo-tezave\/#article","isPartOf":{"@id":"https:\/\/hudo.com\/si\/aktualno\/mocan-veter-in-narasle-vode-ze-povzrocajo-tezave\/"},"author":{"name":"hudo","@id":"https:\/\/hudo.com\/si\/#\/schema\/person\/601cf3379633985b20f7e50f2bb47707"},"headline":"Mo\u010dan veter in narasle vode \u017ee povzro\u010dajo te\u017eave","datePublished":"2017-12-11T05:17:00+00:00","dateModified":"2017-12-11T05:17:00+00:00","mainEntityOfPage":{"@id":"https:\/\/hudo.com\/si\/aktualno\/mocan-veter-in-narasle-vode-ze-povzrocajo-tezave\/"},"wordCount":166,"publisher":{"@id":"https:\/\/hudo.com\/si\/#organization"},"articleSection":["Aktualno"],"inLanguage":"sl-SI"},{"@type":"WebPage","@id":"https:\/\/hudo.com\/si\/aktualno\/mocan-veter-in-narasle-vode-ze-povzrocajo-tezave\/","url":"https:\/\/hudo.com\/si\/aktualno\/mocan-veter-in-narasle-vode-ze-povzrocajo-tezave\/","name":"Mo\u010dan veter in narasle vode \u017ee povzro\u010dajo te\u017eave - Hudo Slovenija","isPartOf":{"@id":"https:\/\/hudo.com\/si\/#website"},"datePublished":"2017-12-11T05:17:00+00:00","dateModified":"2017-12-11T05:17:00+00:00","breadcrumb":{"@id":"https:\/\/hudo.com\/si\/aktualno\/mocan-veter-in-narasle-vode-ze-povzrocajo-tezave\/#breadcrumb"},"inLanguage":"sl-SI","potentialAction":[{"@type":"ReadAction","target":["https:\/\/hudo.com\/si\/aktualno\/mocan-veter-in-narasle-vode-ze-povzrocajo-tezave\/"]}]},{"@type":"BreadcrumbList","@id":"https:\/\/hudo.com\/si\/aktualno\/mocan-veter-in-narasle-vode-ze-povzrocajo-tezave\/#breadcrumb","itemListElement":[{"@type":"ListItem","position":1,"name":"Home","item":"https:\/\/hudo.com\/si\/"},{"@type":"ListItem","position":2,"name":"Mo\u010dan veter in narasle vode \u017ee povzro\u010dajo te\u017eave"}]},{"@type":"WebSite","@id":"https:\/\/hudo.com\/si\/#website","url":"https:\/\/hudo.com\/si\/","name":"Hudo Slovenija","description":"Vse novice iz Slovenije in sveta","publisher":{"@id":"https:\/\/hudo.com\/si\/#organization"},"potentialAction":[{"@type":"SearchAction","target":{"@type":"EntryPoint","urlTemplate":"https:\/\/hudo.com\/si\/?s={search_term_string}"},"query-input":"required name=search_term_string"}],"inLanguage":"sl-SI"},{"@type":"Organization","@id":"https:\/\/hudo.com\/si\/#organization","name":"VSN Media","url":"https:\/\/hudo.com\/si\/","logo":{"@type":"ImageObject","inLanguage":"sl-SI","@id":"https:\/\/hudo.com\/si\/#\/schema\/logo\/image\/","url":"https:\/\/hudo.com\/si\/wp-content\/uploads\/sites\/2\/2021\/03\/hudo-app-2.png","contentUrl":"https:\/\/hudo.com\/si\/wp-content\/uploads\/sites\/2\/2021\/03\/hudo-app-2.png","width":2185,"height":2167,"caption":"VSN Media"},"image":{"@id":"https:\/\/hudo.com\/si\/#\/schema\/logo\/image\/"},"sameAs":["https:\/\/www.facebook.com\/hudo.si","https:\/\/twitter.com\/hudo_si"]},{"@type":"Person","@id":"https:\/\/hudo.com\/si\/#\/schema\/person\/601cf3379633985b20f7e50f2bb47707","name":"hudo","image":{"@type":"ImageObject","inLanguage":"sl-SI","@id":"https:\/\/hudo.com\/si\/#\/schema\/person\/image\/","url":"https:\/\/secure.gravatar.com\/avatar\/c4ca25fa72cace7a696b52ff5db9e095?s=96&d=mm&r=g","contentUrl":"https:\/\/secure.gravatar.com\/avatar\/c4ca25fa72cace7a696b52ff5db9e095?s=96&d=mm&r=g","caption":"hudo"},"url":"https:\/\/hudo.com\/si\/author\/hudo\/"}]}},"amp_enabled":true,"_links":{"self":[{"href":"https:\/\/hudo.com\/si\/wp-json\/wp\/v2\/posts\/331821"}],"collection":[{"href":"https:\/\/hudo.com\/si\/wp-json\/wp\/v2\/posts"}],"about":[{"href":"https:\/\/hudo.com\/si\/wp-json\/wp\/v2\/types\/post"}],"author":[{"embeddable":true,"href":"https:\/\/hudo.com\/si\/wp-json\/wp\/v2\/users\/1"}],"replies":[{"embeddable":true,"href":"https:\/\/hudo.com\/si\/wp-json\/wp\/v2\/comments?post=331821"}],"version-history":[{"count":0,"href":"https:\/\/hudo.com\/si\/wp-json\/wp\/v2\/posts\/331821\/revisions"}],"wp:attachment":[{"href":"https:\/\/hudo.com\/si\/wp-json\/wp\/v2\/media?parent=331821"}],"wp:term":[{"taxonomy":"category","embeddable":true,"href":"https:\/\/hudo.com\/si\/wp-json\/wp\/v2\/categories?post=331821"},{"taxonomy":"post_tag","embeddable":true,"href":"https:\/\/hudo.com\/si\/wp-json\/wp\/v2\/tags?post=331821"},{"taxonomy":"source","embeddable":true,"href":"https:\/\/hudo.com\/si\/wp-json\/wp\/v2\/source?post=331821"},{"taxonomy":"supertag","embeddable":true,"href":"https:\/\/hudo.com\/si\/wp-json\/wp\/v2\/supertag?post=331821"}],"curies":[{"name":"wp","href":"https:\/\/api.w.org\/{rel}","templated":true}]}}