{"id":331995,"date":"2017-12-11T13:54:20","date_gmt":"2017-12-11T12:54:20","guid":{"rendered":"http:\/\/hudo.com\/si\/?p=331995"},"modified":"2017-12-11T13:54:20","modified_gmt":"2017-12-11T12:54:20","slug":"podpora-hrvaski-vladi-premierju-pada","status":"publish","type":"post","link":"https:\/\/hudo.com\/si\/aktualno\/podpora-hrvaski-vladi-premierju-pada\/","title":{"rendered":"Podpora hrva\u0161ki vladi in premierju pada"},"content":{"rendered":"<p>Hrva\u0161ka vlada je izpolnila pri\u010dakovanja 39 odstotkov vpra\u0161anih, le sedem odstotkov pa je tistih, ki so ocenili, da je vlada njihova pri\u010dakovanja presegla, je objavila Nova TV.<\/p>\n<p>Na televiziji so poudarili, da so v primerjavi z za\u010detkom mandata Plenkovi\u0107eve vlade lansko jesen pri\u010dakovanja dr\u017eavljanov &#8220;dramati\u010dno padla&#8221;.<\/p>\n<p>Spomnili so, da so podobno vpra\u0161anje postavili tudi januarja letos po 100 dneh desnosredinske vlade, ko je 52 odstotkov vpra\u0161anih povedalo, da je vlada potrdila njihova pri\u010dakovanja. Nova raziskava agencije Ipsos pa je pokazala, da v za\u010detku decembra vlada ni izpolnila pri\u010dakovanja 51 odstotkov izmed 600 vpra\u0161anih.<\/p>\n<p>Da bo Plenkovi\u0107eva vlada bolj\u0161a, kot je bila predhodna pod vodstvom Tihomirja Ore\u0161kovi\u0107a, meni 39 odstotkov vpra\u0161anih, da bo bolj\u0161a kot levosredinska vlada Zorana Milanovi\u0107a, pa je prepri\u010danih 37 odstotkov anketirancev.<\/p>\n<p>Premier Plenkovi\u0107 je razo\u010daral 52 odstotkov dr\u017eavljanov, ki menijo, da njegovo vodenje vlade ni izpolnilo pri\u010dakovanj, medtem ko je bilo tak\u0161nega mnenja januarja letos 24 odstotkov vpra\u0161anih.<\/p>\n<p>Plenkovi\u0107 je januarja veljal za pozitivnega politika pri 72 odstotkih vpra\u0161anih, decembra pa tako meni le \u0161e 44 odstotkov polnoletnih hrva\u0161kih dr\u017eavljanov. Pri Novi TV so poudarili, da je raziskava objavljena \u0161est mesecev po rekonstrukciji vlade, ki je bila posledica odhoda stranke Most neodvisnih list in koalicije s Hrva\u0161ko narodno stranko (HNS).<\/p>\n<p>Najbolj priljubljen \u010dlan vlade je obrambni minister Damir Krsti\u010devi\u0107, ki ga je pozitivno ocenilo 63 odstotkov vpra\u0161anih. Sledita ministra za turizem in veterane Gari Cappelli in Tomo Medved. Nadpolovi\u010dno pozitivno oceno je dobilo sedem izmed 20 hrva\u0161kih ministrov.<\/p>\n<p>Slabo sta se v o\u010deh volivcev odrezala minister za zdravstvo Milan Kujund\u017ei\u0107, ki je dobil negativno oceno 56 odstotkov vpra\u0161anih, ter podpredsednica vlade in ministrica za gospodarstvo Martina Dali\u0107, za katero pozitivne ocene nima 54 odstotkov vpra\u0161anih.<\/p>\n<p>Oba pa imata vendarle ve\u010d pozitivnega ugleda med volivci kot pa ministra za upravo in pravosodje Lovro Ku\u0161\u010devi\u0107 in Dra\u017een Bo\u0161njakovi\u0107. Na dnu lestvice ju pozitivno ocenjuje pribli\u017eno petina vpra\u0161anih.<\/p>\n<p>Najbolj nevidna med \u010dlani vlade je zunanja ministrica Marija Pej\u010dinovi\u0107 Buri\u0107, za katero 47 odstotkov vpra\u0161anih \u0161e ni sli\u0161alo ali ne ve ni\u010d o njej. Pozitiven vtis je pustila na vsakega tretjega anketiranca, na vsakega petega pa negativen.<\/p>\n","protected":false},"excerpt":{"rendered":"<p>Za ve\u010d kot polovico hrva\u0161kih dr\u017eavljanov desnosredinska vlada pod vodstvom premierja Andreja Plenkovi\u0107a ni izpolnila pri\u010dakovanj. Podpora predsedniku hrva\u0161ke vlade je letos padla s 72 na 44 odstotkov, je pokazala raziskava, ki jo je pretekli konec tedna objavila komercialna Nova TV.<\/p>\n","protected":false},"author":8,"featured_media":217210,"comment_status":"closed","ping_status":"closed","sticky":false,"template":"","format":"standard","meta":{"footnotes":""},"categories":[1179],"tags":[6285,6283,1810],"source":[4511],"supertag":[6103],"acf":[],"yoast_head":"<!-- This site is optimized with the Yoast SEO plugin v21.3 - https:\/\/yoast.com\/wordpress\/plugins\/seo\/ -->\n<title>Podpora hrva\u0161ki vladi in premierju pada - Hudo Slovenija<\/title>\n<meta name=\"robots\" content=\"index, follow, max-snippet:-1, max-image-preview:large, max-video-preview:-1\" \/>\n<link rel=\"canonical\" href=\"https:\/\/hudo.com\/si\/aktualno\/podpora-hrvaski-vladi-premierju-pada\/\" \/>\n<meta property=\"og:locale\" content=\"sl_SI\" \/>\n<meta property=\"og:type\" content=\"article\" \/>\n<meta property=\"og:title\" content=\"Podpora hrva\u0161ki vladi in premierju pada - Hudo Slovenija\" \/>\n<meta property=\"og:description\" content=\"Za ve\u010d kot polovico hrva\u0161kih dr\u017eavljanov desnosredinska vlada pod vodstvom premierja Andreja Plenkovi\u0107a ni izpolnila pri\u010dakovanj. Podpora predsedniku hrva\u0161ke vlade je letos padla s 72 na 44 odstotkov, je pokazala raziskava, ki jo je pretekli konec tedna objavila komercialna Nova TV.\" \/>\n<meta property=\"og:url\" content=\"https:\/\/hudo.com\/si\/aktualno\/podpora-hrvaski-vladi-premierju-pada\/\" \/>\n<meta property=\"og:site_name\" content=\"Hudo Slovenija\" \/>\n<meta property=\"article:publisher\" content=\"https:\/\/www.facebook.com\/hudo.si\" \/>\n<meta property=\"article:published_time\" content=\"2017-12-11T12:54:20+00:00\" \/>\n<meta property=\"og:image\" content=\"https:\/\/hudo.com\/si\/wp-content\/uploads\/sites\/2\/2017\/02\/profimedia-0308510954.jpg\" \/>\n\t<meta property=\"og:image:width\" content=\"1250\" \/>\n\t<meta property=\"og:image:height\" content=\"952\" \/>\n\t<meta property=\"og:image:type\" content=\"image\/jpeg\" \/>\n<meta name=\"author\" content=\"M. N., STA\" \/>\n<meta name=\"twitter:card\" content=\"summary_large_image\" \/>\n<meta name=\"twitter:creator\" content=\"@hudo_si\" \/>\n<meta name=\"twitter:site\" content=\"@hudo_si\" \/>\n<meta name=\"twitter:label1\" content=\"Written by\" \/>\n\t<meta name=\"twitter:data1\" content=\"M. N., STA\" \/>\n\t<meta name=\"twitter:label2\" content=\"Est. reading time\" \/>\n\t<meta name=\"twitter:data2\" content=\"2 minuti\" \/>\n<script type=\"application\/ld+json\" class=\"yoast-schema-graph\">{\"@context\":\"https:\/\/schema.org\",\"@graph\":[{\"@type\":\"Article\",\"@id\":\"https:\/\/hudo.com\/si\/aktualno\/podpora-hrvaski-vladi-premierju-pada\/#article\",\"isPartOf\":{\"@id\":\"https:\/\/hudo.com\/si\/aktualno\/podpora-hrvaski-vladi-premierju-pada\/\"},\"author\":{\"name\":\"M. N., STA\",\"@id\":\"https:\/\/hudo.com\/si\/#\/schema\/person\/c2f10ce65d2e6ede2aeda5be2a0611fa\"},\"headline\":\"Podpora hrva\u0161ki vladi in premierju pada\",\"datePublished\":\"2017-12-11T12:54:20+00:00\",\"dateModified\":\"2017-12-11T12:54:20+00:00\",\"mainEntityOfPage\":{\"@id\":\"https:\/\/hudo.com\/si\/aktualno\/podpora-hrvaski-vladi-premierju-pada\/\"},\"wordCount\":385,\"publisher\":{\"@id\":\"https:\/\/hudo.com\/si\/#organization\"},\"keywords\":[\"Andrej Plenkovi\u0107\",\"balkan\",\"hrva\u0161ka\"],\"articleSection\":[\"Aktualno\"],\"inLanguage\":\"sl-SI\"},{\"@type\":\"WebPage\",\"@id\":\"https:\/\/hudo.com\/si\/aktualno\/podpora-hrvaski-vladi-premierju-pada\/\",\"url\":\"https:\/\/hudo.com\/si\/aktualno\/podpora-hrvaski-vladi-premierju-pada\/\",\"name\":\"Podpora hrva\u0161ki vladi in premierju pada - Hudo Slovenija\",\"isPartOf\":{\"@id\":\"https:\/\/hudo.com\/si\/#website\"},\"datePublished\":\"2017-12-11T12:54:20+00:00\",\"dateModified\":\"2017-12-11T12:54:20+00:00\",\"breadcrumb\":{\"@id\":\"https:\/\/hudo.com\/si\/aktualno\/podpora-hrvaski-vladi-premierju-pada\/#breadcrumb\"},\"inLanguage\":\"sl-SI\",\"potentialAction\":[{\"@type\":\"ReadAction\",\"target\":[\"https:\/\/hudo.com\/si\/aktualno\/podpora-hrvaski-vladi-premierju-pada\/\"]}]},{\"@type\":\"BreadcrumbList\",\"@id\":\"https:\/\/hudo.com\/si\/aktualno\/podpora-hrvaski-vladi-premierju-pada\/#breadcrumb\",\"itemListElement\":[{\"@type\":\"ListItem\",\"position\":1,\"name\":\"Home\",\"item\":\"https:\/\/hudo.com\/si\/\"},{\"@type\":\"ListItem\",\"position\":2,\"name\":\"Podpora hrva\u0161ki vladi in premierju pada\"}]},{\"@type\":\"WebSite\",\"@id\":\"https:\/\/hudo.com\/si\/#website\",\"url\":\"https:\/\/hudo.com\/si\/\",\"name\":\"Hudo Slovenija\",\"description\":\"Vse novice iz Slovenije in sveta\",\"publisher\":{\"@id\":\"https:\/\/hudo.com\/si\/#organization\"},\"potentialAction\":[{\"@type\":\"SearchAction\",\"target\":{\"@type\":\"EntryPoint\",\"urlTemplate\":\"https:\/\/hudo.com\/si\/?s={search_term_string}\"},\"query-input\":\"required name=search_term_string\"}],\"inLanguage\":\"sl-SI\"},{\"@type\":\"Organization\",\"@id\":\"https:\/\/hudo.com\/si\/#organization\",\"name\":\"VSN Media\",\"url\":\"https:\/\/hudo.com\/si\/\",\"logo\":{\"@type\":\"ImageObject\",\"inLanguage\":\"sl-SI\",\"@id\":\"https:\/\/hudo.com\/si\/#\/schema\/logo\/image\/\",\"url\":\"https:\/\/hudo.com\/si\/wp-content\/uploads\/sites\/2\/2021\/03\/hudo-app-2.png\",\"contentUrl\":\"https:\/\/hudo.com\/si\/wp-content\/uploads\/sites\/2\/2021\/03\/hudo-app-2.png\",\"width\":2185,\"height\":2167,\"caption\":\"VSN Media\"},\"image\":{\"@id\":\"https:\/\/hudo.com\/si\/#\/schema\/logo\/image\/\"},\"sameAs\":[\"https:\/\/www.facebook.com\/hudo.si\",\"https:\/\/twitter.com\/hudo_si\"]},{\"@type\":\"Person\",\"@id\":\"https:\/\/hudo.com\/si\/#\/schema\/person\/c2f10ce65d2e6ede2aeda5be2a0611fa\",\"name\":\"M. N., STA\",\"image\":{\"@type\":\"ImageObject\",\"inLanguage\":\"sl-SI\",\"@id\":\"https:\/\/hudo.com\/si\/#\/schema\/person\/image\/\",\"url\":\"https:\/\/secure.gravatar.com\/avatar\/f370d38daa10467f755c5c766a4cac20?s=96&d=mm&r=g\",\"contentUrl\":\"https:\/\/secure.gravatar.com\/avatar\/f370d38daa10467f755c5c766a4cac20?s=96&d=mm&r=g\",\"caption\":\"M. N., STA\"},\"url\":\"https:\/\/hudo.com\/si\/author\/mana\/\"}]}<\/script>\n<!-- \/ Yoast SEO plugin. -->","yoast_head_json":{"title":"Podpora hrva\u0161ki vladi in premierju pada - Hudo Slovenija","robots":{"index":"index","follow":"follow","max-snippet":"max-snippet:-1","max-image-preview":"max-image-preview:large","max-video-preview":"max-video-preview:-1"},"canonical":"https:\/\/hudo.com\/si\/aktualno\/podpora-hrvaski-vladi-premierju-pada\/","og_locale":"sl_SI","og_type":"article","og_title":"Podpora hrva\u0161ki vladi in premierju pada - Hudo Slovenija","og_description":"Za ve\u010d kot polovico hrva\u0161kih dr\u017eavljanov desnosredinska vlada pod vodstvom premierja Andreja Plenkovi\u0107a ni izpolnila pri\u010dakovanj. Podpora predsedniku hrva\u0161ke vlade je letos padla s 72 na 44 odstotkov, je pokazala raziskava, ki jo je pretekli konec tedna objavila komercialna Nova TV.","og_url":"https:\/\/hudo.com\/si\/aktualno\/podpora-hrvaski-vladi-premierju-pada\/","og_site_name":"Hudo Slovenija","article_publisher":"https:\/\/www.facebook.com\/hudo.si","article_published_time":"2017-12-11T12:54:20+00:00","og_image":[{"width":1250,"height":952,"url":"https:\/\/hudo.com\/si\/wp-content\/uploads\/sites\/2\/2017\/02\/profimedia-0308510954.jpg","type":"image\/jpeg"}],"author":"M. N., STA","twitter_card":"summary_large_image","twitter_creator":"@hudo_si","twitter_site":"@hudo_si","twitter_misc":{"Written by":"M. N., STA","Est. reading time":"2 minuti"},"schema":{"@context":"https:\/\/schema.org","@graph":[{"@type":"Article","@id":"https:\/\/hudo.com\/si\/aktualno\/podpora-hrvaski-vladi-premierju-pada\/#article","isPartOf":{"@id":"https:\/\/hudo.com\/si\/aktualno\/podpora-hrvaski-vladi-premierju-pada\/"},"author":{"name":"M. N., STA","@id":"https:\/\/hudo.com\/si\/#\/schema\/person\/c2f10ce65d2e6ede2aeda5be2a0611fa"},"headline":"Podpora hrva\u0161ki vladi in premierju pada","datePublished":"2017-12-11T12:54:20+00:00","dateModified":"2017-12-11T12:54:20+00:00","mainEntityOfPage":{"@id":"https:\/\/hudo.com\/si\/aktualno\/podpora-hrvaski-vladi-premierju-pada\/"},"wordCount":385,"publisher":{"@id":"https:\/\/hudo.com\/si\/#organization"},"keywords":["Andrej Plenkovi\u0107","balkan","hrva\u0161ka"],"articleSection":["Aktualno"],"inLanguage":"sl-SI"},{"@type":"WebPage","@id":"https:\/\/hudo.com\/si\/aktualno\/podpora-hrvaski-vladi-premierju-pada\/","url":"https:\/\/hudo.com\/si\/aktualno\/podpora-hrvaski-vladi-premierju-pada\/","name":"Podpora hrva\u0161ki vladi in premierju pada - Hudo Slovenija","isPartOf":{"@id":"https:\/\/hudo.com\/si\/#website"},"datePublished":"2017-12-11T12:54:20+00:00","dateModified":"2017-12-11T12:54:20+00:00","breadcrumb":{"@id":"https:\/\/hudo.com\/si\/aktualno\/podpora-hrvaski-vladi-premierju-pada\/#breadcrumb"},"inLanguage":"sl-SI","potentialAction":[{"@type":"ReadAction","target":["https:\/\/hudo.com\/si\/aktualno\/podpora-hrvaski-vladi-premierju-pada\/"]}]},{"@type":"BreadcrumbList","@id":"https:\/\/hudo.com\/si\/aktualno\/podpora-hrvaski-vladi-premierju-pada\/#breadcrumb","itemListElement":[{"@type":"ListItem","position":1,"name":"Home","item":"https:\/\/hudo.com\/si\/"},{"@type":"ListItem","position":2,"name":"Podpora hrva\u0161ki vladi in premierju pada"}]},{"@type":"WebSite","@id":"https:\/\/hudo.com\/si\/#website","url":"https:\/\/hudo.com\/si\/","name":"Hudo Slovenija","description":"Vse novice iz Slovenije in sveta","publisher":{"@id":"https:\/\/hudo.com\/si\/#organization"},"potentialAction":[{"@type":"SearchAction","target":{"@type":"EntryPoint","urlTemplate":"https:\/\/hudo.com\/si\/?s={search_term_string}"},"query-input":"required name=search_term_string"}],"inLanguage":"sl-SI"},{"@type":"Organization","@id":"https:\/\/hudo.com\/si\/#organization","name":"VSN Media","url":"https:\/\/hudo.com\/si\/","logo":{"@type":"ImageObject","inLanguage":"sl-SI","@id":"https:\/\/hudo.com\/si\/#\/schema\/logo\/image\/","url":"https:\/\/hudo.com\/si\/wp-content\/uploads\/sites\/2\/2021\/03\/hudo-app-2.png","contentUrl":"https:\/\/hudo.com\/si\/wp-content\/uploads\/sites\/2\/2021\/03\/hudo-app-2.png","width":2185,"height":2167,"caption":"VSN Media"},"image":{"@id":"https:\/\/hudo.com\/si\/#\/schema\/logo\/image\/"},"sameAs":["https:\/\/www.facebook.com\/hudo.si","https:\/\/twitter.com\/hudo_si"]},{"@type":"Person","@id":"https:\/\/hudo.com\/si\/#\/schema\/person\/c2f10ce65d2e6ede2aeda5be2a0611fa","name":"M. N., STA","image":{"@type":"ImageObject","inLanguage":"sl-SI","@id":"https:\/\/hudo.com\/si\/#\/schema\/person\/image\/","url":"https:\/\/secure.gravatar.com\/avatar\/f370d38daa10467f755c5c766a4cac20?s=96&d=mm&r=g","contentUrl":"https:\/\/secure.gravatar.com\/avatar\/f370d38daa10467f755c5c766a4cac20?s=96&d=mm&r=g","caption":"M. N., STA"},"url":"https:\/\/hudo.com\/si\/author\/mana\/"}]}},"amp_enabled":true,"_links":{"self":[{"href":"https:\/\/hudo.com\/si\/wp-json\/wp\/v2\/posts\/331995"}],"collection":[{"href":"https:\/\/hudo.com\/si\/wp-json\/wp\/v2\/posts"}],"about":[{"href":"https:\/\/hudo.com\/si\/wp-json\/wp\/v2\/types\/post"}],"author":[{"embeddable":true,"href":"https:\/\/hudo.com\/si\/wp-json\/wp\/v2\/users\/8"}],"replies":[{"embeddable":true,"href":"https:\/\/hudo.com\/si\/wp-json\/wp\/v2\/comments?post=331995"}],"version-history":[{"count":1,"href":"https:\/\/hudo.com\/si\/wp-json\/wp\/v2\/posts\/331995\/revisions"}],"predecessor-version":[{"id":331997,"href":"https:\/\/hudo.com\/si\/wp-json\/wp\/v2\/posts\/331995\/revisions\/331997"}],"wp:featuredmedia":[{"embeddable":true,"href":"https:\/\/hudo.com\/si\/wp-json\/wp\/v2\/media\/217210"}],"wp:attachment":[{"href":"https:\/\/hudo.com\/si\/wp-json\/wp\/v2\/media?parent=331995"}],"wp:term":[{"taxonomy":"category","embeddable":true,"href":"https:\/\/hudo.com\/si\/wp-json\/wp\/v2\/categories?post=331995"},{"taxonomy":"post_tag","embeddable":true,"href":"https:\/\/hudo.com\/si\/wp-json\/wp\/v2\/tags?post=331995"},{"taxonomy":"source","embeddable":true,"href":"https:\/\/hudo.com\/si\/wp-json\/wp\/v2\/source?post=331995"},{"taxonomy":"supertag","embeddable":true,"href":"https:\/\/hudo.com\/si\/wp-json\/wp\/v2\/supertag?post=331995"}],"curies":[{"name":"wp","href":"https:\/\/api.w.org\/{rel}","templated":true}]}}