{"id":333315,"date":"2017-12-14T15:04:36","date_gmt":"2017-12-14T14:04:36","guid":{"rendered":"http:\/\/hudo.com\/si\/2017\/12\/14\/tudi-letos-za-otroke-iz-socialno-sibkih-druzin-za-kakovostnejse-prezivljanje-prostega-casa\/"},"modified":"2017-12-14T15:04:36","modified_gmt":"2017-12-14T14:04:36","slug":"tudi-letos-za-otroke-iz-socialno-sibkih-druzin-za-kakovostnejse-prezivljanje-prostega-casa","status":"publish","type":"post","link":"https:\/\/hudo.com\/si\/aktualno\/tudi-letos-za-otroke-iz-socialno-sibkih-druzin-za-kakovostnejse-prezivljanje-prostega-casa\/","title":{"rendered":"Tudi letos za otroke iz socialno \u0161ibkih dru\u017ein, za kakovostnej\u0161e pre\u017eivljanje prostega \u010dasa"},"content":{"rendered":"<p>Glede na dobre odzive lansko leto, bodo prostovoljci tudi letos prisko\u010dili na pomo\u010d Dnevnemu centru Pika, kjer se vsak dan dru\u017eijo in ustvarjajo otroci in mladostniki. The post Tudi letos za otroke iz socialno \u0161ibkih dru\u017ein, za kakovostnej\u0161e pre\u017eivljanje prostega \u010dasa appeared first on maribor24.si.<\/p>\n","protected":false},"excerpt":{"rendered":"<p>Glede na dobre odzive lansko leto, bodo prostovoljci tudi letos prisko\u010dili na pomo\u010d Dnevnemu centru Pika, kjer se vsak dan dru\u017eijo in ustvarjajo otroci in mladostniki. The post Tudi letos za otroke iz socialno \u0161ibkih dru\u017ein, za kakovostnej\u0161e pre\u017eivljanje prostega \u010dasa appeared first on maribor24.si.<\/p>\n","protected":false},"author":1,"featured_media":0,"comment_status":"closed","ping_status":"closed","sticky":false,"template":"","format":"standard","meta":{"footnotes":""},"categories":[1179],"tags":[],"source":[1712],"supertag":[],"acf":[],"yoast_head":"<!-- This site is optimized with the Yoast SEO plugin v21.3 - https:\/\/yoast.com\/wordpress\/plugins\/seo\/ -->\n<title>Tudi letos za otroke iz socialno \u0161ibkih dru\u017ein, za kakovostnej\u0161e pre\u017eivljanje prostega \u010dasa - Hudo Slovenija<\/title>\n<meta name=\"robots\" content=\"index, follow, max-snippet:-1, max-image-preview:large, max-video-preview:-1\" \/>\n<link rel=\"canonical\" href=\"https:\/\/hudo.com\/si\/aktualno\/tudi-letos-za-otroke-iz-socialno-sibkih-druzin-za-kakovostnejse-prezivljanje-prostega-casa\/\" \/>\n<meta property=\"og:locale\" content=\"sl_SI\" \/>\n<meta property=\"og:type\" content=\"article\" \/>\n<meta property=\"og:title\" content=\"Tudi letos za otroke iz socialno \u0161ibkih dru\u017ein, za kakovostnej\u0161e pre\u017eivljanje prostega \u010dasa - Hudo Slovenija\" \/>\n<meta property=\"og:description\" content=\"Glede na dobre odzive lansko leto, bodo prostovoljci tudi letos prisko\u010dili na pomo\u010d Dnevnemu centru Pika, kjer se vsak dan dru\u017eijo in ustvarjajo otroci in mladostniki. The post Tudi letos za otroke iz socialno \u0161ibkih dru\u017ein, za kakovostnej\u0161e pre\u017eivljanje prostega \u010dasa appeared first on maribor24.si.\" \/>\n<meta property=\"og:url\" content=\"https:\/\/hudo.com\/si\/aktualno\/tudi-letos-za-otroke-iz-socialno-sibkih-druzin-za-kakovostnejse-prezivljanje-prostega-casa\/\" \/>\n<meta property=\"og:site_name\" content=\"Hudo Slovenija\" \/>\n<meta property=\"article:publisher\" content=\"https:\/\/www.facebook.com\/hudo.si\" \/>\n<meta property=\"article:published_time\" content=\"2017-12-14T14:04:36+00:00\" \/>\n<meta property=\"og:image\" content=\"https:\/\/hudo.com\/si\/wp-content\/uploads\/sites\/2\/2017\/12\/vrtec.jpg\" \/>\n\t<meta property=\"og:image:width\" content=\"1280\" \/>\n\t<meta property=\"og:image:height\" content=\"720\" \/>\n\t<meta property=\"og:image:type\" content=\"image\/jpeg\" \/>\n<meta name=\"author\" content=\"hudo\" \/>\n<meta name=\"twitter:card\" content=\"summary_large_image\" \/>\n<meta name=\"twitter:creator\" content=\"@hudo_si\" \/>\n<meta name=\"twitter:site\" content=\"@hudo_si\" \/>\n<meta name=\"twitter:label1\" content=\"Written by\" \/>\n\t<meta name=\"twitter:data1\" content=\"hudo\" \/>\n<script type=\"application\/ld+json\" class=\"yoast-schema-graph\">{\"@context\":\"https:\/\/schema.org\",\"@graph\":[{\"@type\":\"Article\",\"@id\":\"https:\/\/hudo.com\/si\/aktualno\/tudi-letos-za-otroke-iz-socialno-sibkih-druzin-za-kakovostnejse-prezivljanje-prostega-casa\/#article\",\"isPartOf\":{\"@id\":\"https:\/\/hudo.com\/si\/aktualno\/tudi-letos-za-otroke-iz-socialno-sibkih-druzin-za-kakovostnejse-prezivljanje-prostega-casa\/\"},\"author\":{\"name\":\"hudo\",\"@id\":\"https:\/\/hudo.com\/si\/#\/schema\/person\/601cf3379633985b20f7e50f2bb47707\"},\"headline\":\"Tudi letos za otroke iz socialno \u0161ibkih dru\u017ein, za kakovostnej\u0161e pre\u017eivljanje prostega \u010dasa\",\"datePublished\":\"2017-12-14T14:04:36+00:00\",\"dateModified\":\"2017-12-14T14:04:36+00:00\",\"mainEntityOfPage\":{\"@id\":\"https:\/\/hudo.com\/si\/aktualno\/tudi-letos-za-otroke-iz-socialno-sibkih-druzin-za-kakovostnejse-prezivljanje-prostega-casa\/\"},\"wordCount\":67,\"publisher\":{\"@id\":\"https:\/\/hudo.com\/si\/#organization\"},\"articleSection\":[\"Aktualno\"],\"inLanguage\":\"sl-SI\"},{\"@type\":\"WebPage\",\"@id\":\"https:\/\/hudo.com\/si\/aktualno\/tudi-letos-za-otroke-iz-socialno-sibkih-druzin-za-kakovostnejse-prezivljanje-prostega-casa\/\",\"url\":\"https:\/\/hudo.com\/si\/aktualno\/tudi-letos-za-otroke-iz-socialno-sibkih-druzin-za-kakovostnejse-prezivljanje-prostega-casa\/\",\"name\":\"Tudi letos za otroke iz socialno \u0161ibkih dru\u017ein, za kakovostnej\u0161e pre\u017eivljanje prostega \u010dasa - Hudo Slovenija\",\"isPartOf\":{\"@id\":\"https:\/\/hudo.com\/si\/#website\"},\"datePublished\":\"2017-12-14T14:04:36+00:00\",\"dateModified\":\"2017-12-14T14:04:36+00:00\",\"breadcrumb\":{\"@id\":\"https:\/\/hudo.com\/si\/aktualno\/tudi-letos-za-otroke-iz-socialno-sibkih-druzin-za-kakovostnejse-prezivljanje-prostega-casa\/#breadcrumb\"},\"inLanguage\":\"sl-SI\",\"potentialAction\":[{\"@type\":\"ReadAction\",\"target\":[\"https:\/\/hudo.com\/si\/aktualno\/tudi-letos-za-otroke-iz-socialno-sibkih-druzin-za-kakovostnejse-prezivljanje-prostega-casa\/\"]}]},{\"@type\":\"BreadcrumbList\",\"@id\":\"https:\/\/hudo.com\/si\/aktualno\/tudi-letos-za-otroke-iz-socialno-sibkih-druzin-za-kakovostnejse-prezivljanje-prostega-casa\/#breadcrumb\",\"itemListElement\":[{\"@type\":\"ListItem\",\"position\":1,\"name\":\"Home\",\"item\":\"https:\/\/hudo.com\/si\/\"},{\"@type\":\"ListItem\",\"position\":2,\"name\":\"Tudi letos za otroke iz socialno \u0161ibkih dru\u017ein, za kakovostnej\u0161e pre\u017eivljanje prostega \u010dasa\"}]},{\"@type\":\"WebSite\",\"@id\":\"https:\/\/hudo.com\/si\/#website\",\"url\":\"https:\/\/hudo.com\/si\/\",\"name\":\"Hudo Slovenija\",\"description\":\"Vse novice iz Slovenije in sveta\",\"publisher\":{\"@id\":\"https:\/\/hudo.com\/si\/#organization\"},\"potentialAction\":[{\"@type\":\"SearchAction\",\"target\":{\"@type\":\"EntryPoint\",\"urlTemplate\":\"https:\/\/hudo.com\/si\/?s={search_term_string}\"},\"query-input\":\"required name=search_term_string\"}],\"inLanguage\":\"sl-SI\"},{\"@type\":\"Organization\",\"@id\":\"https:\/\/hudo.com\/si\/#organization\",\"name\":\"VSN Media\",\"url\":\"https:\/\/hudo.com\/si\/\",\"logo\":{\"@type\":\"ImageObject\",\"inLanguage\":\"sl-SI\",\"@id\":\"https:\/\/hudo.com\/si\/#\/schema\/logo\/image\/\",\"url\":\"https:\/\/hudo.com\/si\/wp-content\/uploads\/sites\/2\/2021\/03\/hudo-app-2.png\",\"contentUrl\":\"https:\/\/hudo.com\/si\/wp-content\/uploads\/sites\/2\/2021\/03\/hudo-app-2.png\",\"width\":2185,\"height\":2167,\"caption\":\"VSN Media\"},\"image\":{\"@id\":\"https:\/\/hudo.com\/si\/#\/schema\/logo\/image\/\"},\"sameAs\":[\"https:\/\/www.facebook.com\/hudo.si\",\"https:\/\/twitter.com\/hudo_si\"]},{\"@type\":\"Person\",\"@id\":\"https:\/\/hudo.com\/si\/#\/schema\/person\/601cf3379633985b20f7e50f2bb47707\",\"name\":\"hudo\",\"image\":{\"@type\":\"ImageObject\",\"inLanguage\":\"sl-SI\",\"@id\":\"https:\/\/hudo.com\/si\/#\/schema\/person\/image\/\",\"url\":\"https:\/\/secure.gravatar.com\/avatar\/c4ca25fa72cace7a696b52ff5db9e095?s=96&d=mm&r=g\",\"contentUrl\":\"https:\/\/secure.gravatar.com\/avatar\/c4ca25fa72cace7a696b52ff5db9e095?s=96&d=mm&r=g\",\"caption\":\"hudo\"},\"url\":\"https:\/\/hudo.com\/si\/author\/hudo\/\"}]}<\/script>\n<!-- \/ Yoast SEO plugin. -->","yoast_head_json":{"title":"Tudi letos za otroke iz socialno \u0161ibkih dru\u017ein, za kakovostnej\u0161e pre\u017eivljanje prostega \u010dasa - Hudo Slovenija","robots":{"index":"index","follow":"follow","max-snippet":"max-snippet:-1","max-image-preview":"max-image-preview:large","max-video-preview":"max-video-preview:-1"},"canonical":"https:\/\/hudo.com\/si\/aktualno\/tudi-letos-za-otroke-iz-socialno-sibkih-druzin-za-kakovostnejse-prezivljanje-prostega-casa\/","og_locale":"sl_SI","og_type":"article","og_title":"Tudi letos za otroke iz socialno \u0161ibkih dru\u017ein, za kakovostnej\u0161e pre\u017eivljanje prostega \u010dasa - Hudo Slovenija","og_description":"Glede na dobre odzive lansko leto, bodo prostovoljci tudi letos prisko\u010dili na pomo\u010d Dnevnemu centru Pika, kjer se vsak dan dru\u017eijo in ustvarjajo otroci in mladostniki. The post Tudi letos za otroke iz socialno \u0161ibkih dru\u017ein, za kakovostnej\u0161e pre\u017eivljanje prostega \u010dasa appeared first on maribor24.si.","og_url":"https:\/\/hudo.com\/si\/aktualno\/tudi-letos-za-otroke-iz-socialno-sibkih-druzin-za-kakovostnejse-prezivljanje-prostega-casa\/","og_site_name":"Hudo Slovenija","article_publisher":"https:\/\/www.facebook.com\/hudo.si","article_published_time":"2017-12-14T14:04:36+00:00","og_image":[{"width":1280,"height":720,"url":"https:\/\/hudo.com\/si\/wp-content\/uploads\/sites\/2\/2017\/12\/vrtec.jpg","type":"image\/jpeg"}],"author":"hudo","twitter_card":"summary_large_image","twitter_creator":"@hudo_si","twitter_site":"@hudo_si","twitter_misc":{"Written by":"hudo"},"schema":{"@context":"https:\/\/schema.org","@graph":[{"@type":"Article","@id":"https:\/\/hudo.com\/si\/aktualno\/tudi-letos-za-otroke-iz-socialno-sibkih-druzin-za-kakovostnejse-prezivljanje-prostega-casa\/#article","isPartOf":{"@id":"https:\/\/hudo.com\/si\/aktualno\/tudi-letos-za-otroke-iz-socialno-sibkih-druzin-za-kakovostnejse-prezivljanje-prostega-casa\/"},"author":{"name":"hudo","@id":"https:\/\/hudo.com\/si\/#\/schema\/person\/601cf3379633985b20f7e50f2bb47707"},"headline":"Tudi letos za otroke iz socialno \u0161ibkih dru\u017ein, za kakovostnej\u0161e pre\u017eivljanje prostega \u010dasa","datePublished":"2017-12-14T14:04:36+00:00","dateModified":"2017-12-14T14:04:36+00:00","mainEntityOfPage":{"@id":"https:\/\/hudo.com\/si\/aktualno\/tudi-letos-za-otroke-iz-socialno-sibkih-druzin-za-kakovostnejse-prezivljanje-prostega-casa\/"},"wordCount":67,"publisher":{"@id":"https:\/\/hudo.com\/si\/#organization"},"articleSection":["Aktualno"],"inLanguage":"sl-SI"},{"@type":"WebPage","@id":"https:\/\/hudo.com\/si\/aktualno\/tudi-letos-za-otroke-iz-socialno-sibkih-druzin-za-kakovostnejse-prezivljanje-prostega-casa\/","url":"https:\/\/hudo.com\/si\/aktualno\/tudi-letos-za-otroke-iz-socialno-sibkih-druzin-za-kakovostnejse-prezivljanje-prostega-casa\/","name":"Tudi letos za otroke iz socialno \u0161ibkih dru\u017ein, za kakovostnej\u0161e pre\u017eivljanje prostega \u010dasa - Hudo Slovenija","isPartOf":{"@id":"https:\/\/hudo.com\/si\/#website"},"datePublished":"2017-12-14T14:04:36+00:00","dateModified":"2017-12-14T14:04:36+00:00","breadcrumb":{"@id":"https:\/\/hudo.com\/si\/aktualno\/tudi-letos-za-otroke-iz-socialno-sibkih-druzin-za-kakovostnejse-prezivljanje-prostega-casa\/#breadcrumb"},"inLanguage":"sl-SI","potentialAction":[{"@type":"ReadAction","target":["https:\/\/hudo.com\/si\/aktualno\/tudi-letos-za-otroke-iz-socialno-sibkih-druzin-za-kakovostnejse-prezivljanje-prostega-casa\/"]}]},{"@type":"BreadcrumbList","@id":"https:\/\/hudo.com\/si\/aktualno\/tudi-letos-za-otroke-iz-socialno-sibkih-druzin-za-kakovostnejse-prezivljanje-prostega-casa\/#breadcrumb","itemListElement":[{"@type":"ListItem","position":1,"name":"Home","item":"https:\/\/hudo.com\/si\/"},{"@type":"ListItem","position":2,"name":"Tudi letos za otroke iz socialno \u0161ibkih dru\u017ein, za kakovostnej\u0161e pre\u017eivljanje prostega \u010dasa"}]},{"@type":"WebSite","@id":"https:\/\/hudo.com\/si\/#website","url":"https:\/\/hudo.com\/si\/","name":"Hudo Slovenija","description":"Vse novice iz Slovenije in sveta","publisher":{"@id":"https:\/\/hudo.com\/si\/#organization"},"potentialAction":[{"@type":"SearchAction","target":{"@type":"EntryPoint","urlTemplate":"https:\/\/hudo.com\/si\/?s={search_term_string}"},"query-input":"required name=search_term_string"}],"inLanguage":"sl-SI"},{"@type":"Organization","@id":"https:\/\/hudo.com\/si\/#organization","name":"VSN Media","url":"https:\/\/hudo.com\/si\/","logo":{"@type":"ImageObject","inLanguage":"sl-SI","@id":"https:\/\/hudo.com\/si\/#\/schema\/logo\/image\/","url":"https:\/\/hudo.com\/si\/wp-content\/uploads\/sites\/2\/2021\/03\/hudo-app-2.png","contentUrl":"https:\/\/hudo.com\/si\/wp-content\/uploads\/sites\/2\/2021\/03\/hudo-app-2.png","width":2185,"height":2167,"caption":"VSN Media"},"image":{"@id":"https:\/\/hudo.com\/si\/#\/schema\/logo\/image\/"},"sameAs":["https:\/\/www.facebook.com\/hudo.si","https:\/\/twitter.com\/hudo_si"]},{"@type":"Person","@id":"https:\/\/hudo.com\/si\/#\/schema\/person\/601cf3379633985b20f7e50f2bb47707","name":"hudo","image":{"@type":"ImageObject","inLanguage":"sl-SI","@id":"https:\/\/hudo.com\/si\/#\/schema\/person\/image\/","url":"https:\/\/secure.gravatar.com\/avatar\/c4ca25fa72cace7a696b52ff5db9e095?s=96&d=mm&r=g","contentUrl":"https:\/\/secure.gravatar.com\/avatar\/c4ca25fa72cace7a696b52ff5db9e095?s=96&d=mm&r=g","caption":"hudo"},"url":"https:\/\/hudo.com\/si\/author\/hudo\/"}]}},"amp_enabled":true,"_links":{"self":[{"href":"https:\/\/hudo.com\/si\/wp-json\/wp\/v2\/posts\/333315"}],"collection":[{"href":"https:\/\/hudo.com\/si\/wp-json\/wp\/v2\/posts"}],"about":[{"href":"https:\/\/hudo.com\/si\/wp-json\/wp\/v2\/types\/post"}],"author":[{"embeddable":true,"href":"https:\/\/hudo.com\/si\/wp-json\/wp\/v2\/users\/1"}],"replies":[{"embeddable":true,"href":"https:\/\/hudo.com\/si\/wp-json\/wp\/v2\/comments?post=333315"}],"version-history":[{"count":0,"href":"https:\/\/hudo.com\/si\/wp-json\/wp\/v2\/posts\/333315\/revisions"}],"wp:attachment":[{"href":"https:\/\/hudo.com\/si\/wp-json\/wp\/v2\/media?parent=333315"}],"wp:term":[{"taxonomy":"category","embeddable":true,"href":"https:\/\/hudo.com\/si\/wp-json\/wp\/v2\/categories?post=333315"},{"taxonomy":"post_tag","embeddable":true,"href":"https:\/\/hudo.com\/si\/wp-json\/wp\/v2\/tags?post=333315"},{"taxonomy":"source","embeddable":true,"href":"https:\/\/hudo.com\/si\/wp-json\/wp\/v2\/source?post=333315"},{"taxonomy":"supertag","embeddable":true,"href":"https:\/\/hudo.com\/si\/wp-json\/wp\/v2\/supertag?post=333315"}],"curies":[{"name":"wp","href":"https:\/\/api.w.org\/{rel}","templated":true}]}}