{"id":333747,"date":"2017-12-15T14:35:08","date_gmt":"2017-12-15T13:35:08","guid":{"rendered":"http:\/\/hudo.com\/si\/2017\/12\/15\/odmeven-slovenski-startup-od-septembra-potrojil-stevilo-zaposlenih\/"},"modified":"2017-12-15T14:35:08","modified_gmt":"2017-12-15T13:35:08","slug":"odmeven-slovenski-startup-od-septembra-potrojil-stevilo-zaposlenih","status":"publish","type":"post","link":"https:\/\/hudo.com\/si\/aktualno\/mnenja\/odmeven-slovenski-startup-od-septembra-potrojil-stevilo-zaposlenih\/","title":{"rendered":"Odmeven slovenski startup od septembra potrojil \u0161tevilo zaposlenih"},"content":{"rendered":"<p><img loading=\"lazy\" decoding=\"async\" class=\"alignnone size-full wp-image-206589\" src=\"http:\/\/moski.hudo.com\/wp-content\/uploads\/2017\/12\/viberate.jpg\" alt=\"\" width=\"1200\" height=\"630\" srcset=\"http:\/\/moski.hudo.com\/wp-content\/uploads\/2017\/12\/viberate.jpg 1200w, http:\/\/moski.hudo.com\/wp-content\/uploads\/2017\/12\/viberate-320x168.jpg 320w, http:\/\/moski.hudo.com\/wp-content\/uploads\/2017\/12\/viberate-768x403.jpg 768w, http:\/\/moski.hudo.com\/wp-content\/uploads\/2017\/12\/viberate-660x347.jpg 660w\" sizes=\"(max-width: 1200px) 100vw, 1200px\" \/><\/p>\n<p>Kot je na dana\u0161njem sre\u010danju z mediji povedal direktor in soustanovitelj podjetja Viberate Matej Gregor\u010di\u010d, &#8220;\u017eelijo spremeniti glasbeno industrijo ter postati neke vrste tr\u017enica za glasbenike, kjer bodo glasbeni profesionalci sklepali posle in kjer bo obstajala mo\u017enost pla\u010devanja v kripto valutah&#8221;.<\/p>\n<p>V podjetju trenutno gradijo predvsem na skupnosti ter pridobivanju novih uporabnikov, ki pomagajo graditi produkt in \u0161iriti platformo. \u0160ele potem bo sledila implementacija poslovnih modelov. &#8220;Gremo po najdalj\u0161i poti, ki si jo lahko privo\u0161\u010dimo in pri kateri obstaja najve\u010dja verjetnost, da nam bo uspelo,&#8221; je dejal Gregor\u010di\u010d.<\/p>\n<h2><b>Prihodnje leto pri\u010dakujejo milijon uporabnikov<\/b><\/h2>\n<p>Pred tednom dni so zagnali sistem za nagrajevanje uporabnikov, ki jim pomagajo graditi najve\u010djo bazo glasbenikov, prireditvenih prostorov in dogodkov na svetu. Uporabniki so nagrajeni za vsak profil, ki ga na novo vnesejo v njihovo bazo, in v roku dveh let bodo mednje razdelili za pribli\u017eno 1,2 milijona dolarjev svojih kripto kovancev vibe, so danes sporo\u010dili iz ekipe.<\/p>\n<p>Sistem se je po besedah ekipe izkazal za izjemno uspe\u0161nega, saj se jim je takoj po lansiranju \u0161tevilo vnesenih profilov povi\u0161alo za petindvajsetkrat. Z vibe kovancem se danes trguje na petih svetovnih borzah in dnevni trgovalni obseg dosega tudi sedem milijonov dolarjev.<\/p>\n<p>Trenutno imajo \u017ee pribli\u017eno 50.000 uporabnikov, na dan se jim pridru\u017ei pribli\u017eno 500 do 1000 novih iz pribli\u017eno 70 dr\u017eav. Naslednje leto pa pri\u010dakujejo, da jih bo vsaj milijon, je povedal Gregor\u010di\u010d.<\/p>\n<p>Dogovorili so se tudi za promocijsko sodelovanje z dvakratno dobitnico nagrade grammy, katere ime bodo izdali januarja.<\/p>\n<p>Ekipa Viberate je septembra lani za razvoj platforme v manj kot petih minutah zbrala ve\u010d kot 10 milijonov dolarjev sredstev. Sredstva so zbrali s prvo ponudbo kriptokovancev (ICO). V kampanji so prodali vseh 120 milijonov kripto kovancev oziroma \u017eetonov vibe.<\/p>\n<p>Od takrat so ekipo ve\u010d kot podvojili. Trenutno imajo v podjetju 50 zaposlenih, od tega jih 10 dela v Tuzli, 40 pa v novih prostorih v Ljubljani. Do konca prihodnjega leta pri\u010dakujejo, da jih bo vsaj 80.<\/p>\n<p>&#8220;Prvi\u010d imamo prilo\u017enost, da si lahko privo\u0161\u010dimo delovno okolje in zaposliti vse dobre ljudi, ki jih najdemo na trgu,&#8221; je dejal Gregor\u010di\u010d ter dodal, da \u017eelijo postati ciljno podjetje za tehni\u010dni in razvojni kader. &#8220;\u0160ele na ta na\u010din bomo lahko naredili nekaj velikega.&#8221;<\/p>\n<p>Prihodkov v podjetju \u0161e nimajo, kar v tej fazi tudi ni njihov namen, je poudaril Gregor\u010di\u010d. Trenutno imajo dovolj sredstev za prihodnja \u0161tiri leta, v roku dveh let na\u010drtujejo prve prihodke, v roku \u0161tirih let pa tudi dobi\u010dek.<\/p>\n<p>Pomembni premiki v podjetju se bodo odvijali med septembrom in decembrom prihodnje leto. Takrat bodo lansirali novo platformo, ki bo namenjena dvema ciljnima skupinama &#8211; ljubiteljem glasbe na eni strani in glasbenim profesionalcem na drugi.<\/p>\n<p>Ljubiteljem glasbe bo platforma omogo\u010dala raziskovanje glasbe, priklju\u010ditev klubom obo\u017eevalcev, na podlagi prepoznavanja njihovega glasbenega okusa jih bo platforma opozarjala na koncerte v njihovi bli\u017eini, predlagala nove glasbenike, mo\u017een pa bo tudi nakup vstopnic v kripto valutah.<\/p>\n<p>Glasbenim profesionalcem, organizatorjem dogodkov in mened\u017eerjem pa bo platforma omogo\u010dala povezovanje z glasbeniki, sklepanje pogodb in pla\u010devanje v kripto in drugih valutah ter sklepanje pogodb pomo\u010djo tehnologije blockchain.<\/p>\n<p>Blockchain lahko namre\u010d po mnenju Gregor\u010di\u010da spremeni na\u010din poslovanja. Pri sklepanju pogodb v blockchainu namre\u010d ne more priti do prevar, kot se to pogosto dogaja pri klasi\u010dnih ban\u010dnih nakazilih glasbenikom, saj je denar zagotovljen, je dodal eden najuspe\u0161nej\u0161ih slovenskih DJ-jev in soustanovitelj podjetja Uro\u0161 Umek.<\/p>\n<p>V Viberatu so se pred kratkim povezali tudi s storitvijo Changelly, ki omogo\u010da, da kovanec kupijo tudi tisti bolj neve\u0161\u010di uporabniki, ki \u0161ele spoznavajo kripto sceno, saj ga lahko prek storitve kupijo kar s kreditno kartico. Za tiste bolj izku\u0161ene bo vibe konec meseca integriran v denarnico Jaxx. Pred kratkim pa je \u017eeton v svoj nabor kovancev umestil tudi en najuspe\u0161nej\u0161ih slovenskih kripto startupov Iconomi.<\/p>\n<p>Podjetje Viberate so ustanovili Matej Gregor\u010di\u010d, Vasja Veber in Uro\u0161 Umek. Med svetovalci podjetja pa sta med drugim ustanovitelj in direktor ljubljanskega ABC pospe\u0161evalnika Dejan Rolji\u0107 ter ustanovitelj in direktor visokotehnolo\u0161kega podjetja Cosylab Mark Ple\u0161ko.<\/p>\n","protected":false},"excerpt":{"rendered":"<p>Ljubljanska startup ekipa Viberate, ki \u017eeli spremeniti glasbeno industrijo ter postati tr\u017enica za glasbenike, je v treh mesecih potrojila \u0161tevilo zaposlenih. Danes je v ekipi 50 ljudi, do konca prihodnjega pa naj bi \u0161tevilo naraslo na 80. Trenutno gradijo predvsem na skupnosti, platforma, ki jo razvijajo, pa bo za\u017eivela v drugi polovici leta 2018.<\/p>\n","protected":false},"author":1,"featured_media":0,"comment_status":"closed","ping_status":"closed","sticky":false,"template":"","format":"standard","meta":{"footnotes":""},"categories":[1605],"tags":[2391,2187,1595],"source":[1607,1518],"supertag":[7541],"acf":[],"yoast_head":"<!-- This site is optimized with the Yoast SEO plugin v21.3 - https:\/\/yoast.com\/wordpress\/plugins\/seo\/ -->\n<title>Odmeven slovenski startup od septembra potrojil \u0161tevilo zaposlenih - Hudo Slovenija<\/title>\n<meta name=\"robots\" content=\"index, follow, max-snippet:-1, max-image-preview:large, max-video-preview:-1\" \/>\n<link rel=\"canonical\" href=\"https:\/\/hudo.com\/si\/aktualno\/mnenja\/odmeven-slovenski-startup-od-septembra-potrojil-stevilo-zaposlenih\/\" \/>\n<meta property=\"og:locale\" content=\"sl_SI\" \/>\n<meta property=\"og:type\" content=\"article\" \/>\n<meta property=\"og:title\" content=\"Odmeven slovenski startup od septembra potrojil \u0161tevilo zaposlenih - Hudo Slovenija\" \/>\n<meta property=\"og:description\" content=\"Ljubljanska startup ekipa Viberate, ki \u017eeli spremeniti glasbeno industrijo ter postati tr\u017enica za glasbenike, je v treh mesecih potrojila \u0161tevilo zaposlenih. Danes je v ekipi 50 ljudi, do konca prihodnjega pa naj bi \u0161tevilo naraslo na 80. Trenutno gradijo predvsem na skupnosti, platforma, ki jo razvijajo, pa bo za\u017eivela v drugi polovici leta 2018.\" \/>\n<meta property=\"og:url\" content=\"https:\/\/hudo.com\/si\/aktualno\/mnenja\/odmeven-slovenski-startup-od-septembra-potrojil-stevilo-zaposlenih\/\" \/>\n<meta property=\"og:site_name\" content=\"Hudo Slovenija\" \/>\n<meta property=\"article:publisher\" content=\"https:\/\/www.facebook.com\/hudo.si\" \/>\n<meta property=\"article:published_time\" content=\"2017-12-15T13:35:08+00:00\" \/>\n<meta property=\"og:image\" content=\"https:\/\/hudo.com\/si\/wp-content\/uploads\/sites\/2\/2017\/12\/viberate.jpg\" \/>\n\t<meta property=\"og:image:width\" content=\"1200\" \/>\n\t<meta property=\"og:image:height\" content=\"630\" \/>\n\t<meta property=\"og:image:type\" content=\"image\/jpeg\" \/>\n<meta name=\"author\" content=\"hudo\" \/>\n<meta name=\"twitter:card\" content=\"summary_large_image\" \/>\n<meta name=\"twitter:creator\" content=\"@hudo_si\" \/>\n<meta name=\"twitter:site\" content=\"@hudo_si\" \/>\n<meta name=\"twitter:label1\" content=\"Written by\" \/>\n\t<meta name=\"twitter:data1\" content=\"hudo\" \/>\n\t<meta name=\"twitter:label2\" content=\"Est. reading time\" \/>\n\t<meta name=\"twitter:data2\" content=\"3 minute\" \/>\n<script type=\"application\/ld+json\" class=\"yoast-schema-graph\">{\"@context\":\"https:\/\/schema.org\",\"@graph\":[{\"@type\":\"Article\",\"@id\":\"https:\/\/hudo.com\/si\/aktualno\/mnenja\/odmeven-slovenski-startup-od-septembra-potrojil-stevilo-zaposlenih\/#article\",\"isPartOf\":{\"@id\":\"https:\/\/hudo.com\/si\/aktualno\/mnenja\/odmeven-slovenski-startup-od-septembra-potrojil-stevilo-zaposlenih\/\"},\"author\":{\"name\":\"hudo\",\"@id\":\"https:\/\/hudo.com\/si\/#\/schema\/person\/601cf3379633985b20f7e50f2bb47707\"},\"headline\":\"Odmeven slovenski startup od septembra potrojil \u0161tevilo zaposlenih\",\"datePublished\":\"2017-12-15T13:35:08+00:00\",\"dateModified\":\"2017-12-15T13:35:08+00:00\",\"mainEntityOfPage\":{\"@id\":\"https:\/\/hudo.com\/si\/aktualno\/mnenja\/odmeven-slovenski-startup-od-septembra-potrojil-stevilo-zaposlenih\/\"},\"wordCount\":698,\"publisher\":{\"@id\":\"https:\/\/hudo.com\/si\/#organization\"},\"keywords\":[\"gospodarstvo\",\"internet\",\"Slovenija\"],\"articleSection\":[\"Mnenja\"],\"inLanguage\":\"sl-SI\"},{\"@type\":\"WebPage\",\"@id\":\"https:\/\/hudo.com\/si\/aktualno\/mnenja\/odmeven-slovenski-startup-od-septembra-potrojil-stevilo-zaposlenih\/\",\"url\":\"https:\/\/hudo.com\/si\/aktualno\/mnenja\/odmeven-slovenski-startup-od-septembra-potrojil-stevilo-zaposlenih\/\",\"name\":\"Odmeven slovenski startup od septembra potrojil \u0161tevilo zaposlenih - Hudo Slovenija\",\"isPartOf\":{\"@id\":\"https:\/\/hudo.com\/si\/#website\"},\"datePublished\":\"2017-12-15T13:35:08+00:00\",\"dateModified\":\"2017-12-15T13:35:08+00:00\",\"breadcrumb\":{\"@id\":\"https:\/\/hudo.com\/si\/aktualno\/mnenja\/odmeven-slovenski-startup-od-septembra-potrojil-stevilo-zaposlenih\/#breadcrumb\"},\"inLanguage\":\"sl-SI\",\"potentialAction\":[{\"@type\":\"ReadAction\",\"target\":[\"https:\/\/hudo.com\/si\/aktualno\/mnenja\/odmeven-slovenski-startup-od-septembra-potrojil-stevilo-zaposlenih\/\"]}]},{\"@type\":\"BreadcrumbList\",\"@id\":\"https:\/\/hudo.com\/si\/aktualno\/mnenja\/odmeven-slovenski-startup-od-septembra-potrojil-stevilo-zaposlenih\/#breadcrumb\",\"itemListElement\":[{\"@type\":\"ListItem\",\"position\":1,\"name\":\"Home\",\"item\":\"https:\/\/hudo.com\/si\/\"},{\"@type\":\"ListItem\",\"position\":2,\"name\":\"Odmeven slovenski startup od septembra potrojil \u0161tevilo zaposlenih\"}]},{\"@type\":\"WebSite\",\"@id\":\"https:\/\/hudo.com\/si\/#website\",\"url\":\"https:\/\/hudo.com\/si\/\",\"name\":\"Hudo Slovenija\",\"description\":\"Vse novice iz Slovenije in sveta\",\"publisher\":{\"@id\":\"https:\/\/hudo.com\/si\/#organization\"},\"potentialAction\":[{\"@type\":\"SearchAction\",\"target\":{\"@type\":\"EntryPoint\",\"urlTemplate\":\"https:\/\/hudo.com\/si\/?s={search_term_string}\"},\"query-input\":\"required name=search_term_string\"}],\"inLanguage\":\"sl-SI\"},{\"@type\":\"Organization\",\"@id\":\"https:\/\/hudo.com\/si\/#organization\",\"name\":\"VSN Media\",\"url\":\"https:\/\/hudo.com\/si\/\",\"logo\":{\"@type\":\"ImageObject\",\"inLanguage\":\"sl-SI\",\"@id\":\"https:\/\/hudo.com\/si\/#\/schema\/logo\/image\/\",\"url\":\"https:\/\/hudo.com\/si\/wp-content\/uploads\/sites\/2\/2021\/03\/hudo-app-2.png\",\"contentUrl\":\"https:\/\/hudo.com\/si\/wp-content\/uploads\/sites\/2\/2021\/03\/hudo-app-2.png\",\"width\":2185,\"height\":2167,\"caption\":\"VSN Media\"},\"image\":{\"@id\":\"https:\/\/hudo.com\/si\/#\/schema\/logo\/image\/\"},\"sameAs\":[\"https:\/\/www.facebook.com\/hudo.si\",\"https:\/\/twitter.com\/hudo_si\"]},{\"@type\":\"Person\",\"@id\":\"https:\/\/hudo.com\/si\/#\/schema\/person\/601cf3379633985b20f7e50f2bb47707\",\"name\":\"hudo\",\"image\":{\"@type\":\"ImageObject\",\"inLanguage\":\"sl-SI\",\"@id\":\"https:\/\/hudo.com\/si\/#\/schema\/person\/image\/\",\"url\":\"https:\/\/secure.gravatar.com\/avatar\/c4ca25fa72cace7a696b52ff5db9e095?s=96&d=mm&r=g\",\"contentUrl\":\"https:\/\/secure.gravatar.com\/avatar\/c4ca25fa72cace7a696b52ff5db9e095?s=96&d=mm&r=g\",\"caption\":\"hudo\"},\"url\":\"https:\/\/hudo.com\/si\/author\/hudo\/\"}]}<\/script>\n<!-- \/ Yoast SEO plugin. -->","yoast_head_json":{"title":"Odmeven slovenski startup od septembra potrojil \u0161tevilo zaposlenih - Hudo Slovenija","robots":{"index":"index","follow":"follow","max-snippet":"max-snippet:-1","max-image-preview":"max-image-preview:large","max-video-preview":"max-video-preview:-1"},"canonical":"https:\/\/hudo.com\/si\/aktualno\/mnenja\/odmeven-slovenski-startup-od-septembra-potrojil-stevilo-zaposlenih\/","og_locale":"sl_SI","og_type":"article","og_title":"Odmeven slovenski startup od septembra potrojil \u0161tevilo zaposlenih - Hudo Slovenija","og_description":"Ljubljanska startup ekipa Viberate, ki \u017eeli spremeniti glasbeno industrijo ter postati tr\u017enica za glasbenike, je v treh mesecih potrojila \u0161tevilo zaposlenih. Danes je v ekipi 50 ljudi, do konca prihodnjega pa naj bi \u0161tevilo naraslo na 80. Trenutno gradijo predvsem na skupnosti, platforma, ki jo razvijajo, pa bo za\u017eivela v drugi polovici leta 2018.","og_url":"https:\/\/hudo.com\/si\/aktualno\/mnenja\/odmeven-slovenski-startup-od-septembra-potrojil-stevilo-zaposlenih\/","og_site_name":"Hudo Slovenija","article_publisher":"https:\/\/www.facebook.com\/hudo.si","article_published_time":"2017-12-15T13:35:08+00:00","og_image":[{"width":1200,"height":630,"url":"https:\/\/hudo.com\/si\/wp-content\/uploads\/sites\/2\/2017\/12\/viberate.jpg","type":"image\/jpeg"}],"author":"hudo","twitter_card":"summary_large_image","twitter_creator":"@hudo_si","twitter_site":"@hudo_si","twitter_misc":{"Written by":"hudo","Est. reading time":"3 minute"},"schema":{"@context":"https:\/\/schema.org","@graph":[{"@type":"Article","@id":"https:\/\/hudo.com\/si\/aktualno\/mnenja\/odmeven-slovenski-startup-od-septembra-potrojil-stevilo-zaposlenih\/#article","isPartOf":{"@id":"https:\/\/hudo.com\/si\/aktualno\/mnenja\/odmeven-slovenski-startup-od-septembra-potrojil-stevilo-zaposlenih\/"},"author":{"name":"hudo","@id":"https:\/\/hudo.com\/si\/#\/schema\/person\/601cf3379633985b20f7e50f2bb47707"},"headline":"Odmeven slovenski startup od septembra potrojil \u0161tevilo zaposlenih","datePublished":"2017-12-15T13:35:08+00:00","dateModified":"2017-12-15T13:35:08+00:00","mainEntityOfPage":{"@id":"https:\/\/hudo.com\/si\/aktualno\/mnenja\/odmeven-slovenski-startup-od-septembra-potrojil-stevilo-zaposlenih\/"},"wordCount":698,"publisher":{"@id":"https:\/\/hudo.com\/si\/#organization"},"keywords":["gospodarstvo","internet","Slovenija"],"articleSection":["Mnenja"],"inLanguage":"sl-SI"},{"@type":"WebPage","@id":"https:\/\/hudo.com\/si\/aktualno\/mnenja\/odmeven-slovenski-startup-od-septembra-potrojil-stevilo-zaposlenih\/","url":"https:\/\/hudo.com\/si\/aktualno\/mnenja\/odmeven-slovenski-startup-od-septembra-potrojil-stevilo-zaposlenih\/","name":"Odmeven slovenski startup od septembra potrojil \u0161tevilo zaposlenih - Hudo Slovenija","isPartOf":{"@id":"https:\/\/hudo.com\/si\/#website"},"datePublished":"2017-12-15T13:35:08+00:00","dateModified":"2017-12-15T13:35:08+00:00","breadcrumb":{"@id":"https:\/\/hudo.com\/si\/aktualno\/mnenja\/odmeven-slovenski-startup-od-septembra-potrojil-stevilo-zaposlenih\/#breadcrumb"},"inLanguage":"sl-SI","potentialAction":[{"@type":"ReadAction","target":["https:\/\/hudo.com\/si\/aktualno\/mnenja\/odmeven-slovenski-startup-od-septembra-potrojil-stevilo-zaposlenih\/"]}]},{"@type":"BreadcrumbList","@id":"https:\/\/hudo.com\/si\/aktualno\/mnenja\/odmeven-slovenski-startup-od-septembra-potrojil-stevilo-zaposlenih\/#breadcrumb","itemListElement":[{"@type":"ListItem","position":1,"name":"Home","item":"https:\/\/hudo.com\/si\/"},{"@type":"ListItem","position":2,"name":"Odmeven slovenski startup od septembra potrojil \u0161tevilo zaposlenih"}]},{"@type":"WebSite","@id":"https:\/\/hudo.com\/si\/#website","url":"https:\/\/hudo.com\/si\/","name":"Hudo Slovenija","description":"Vse novice iz Slovenije in sveta","publisher":{"@id":"https:\/\/hudo.com\/si\/#organization"},"potentialAction":[{"@type":"SearchAction","target":{"@type":"EntryPoint","urlTemplate":"https:\/\/hudo.com\/si\/?s={search_term_string}"},"query-input":"required name=search_term_string"}],"inLanguage":"sl-SI"},{"@type":"Organization","@id":"https:\/\/hudo.com\/si\/#organization","name":"VSN Media","url":"https:\/\/hudo.com\/si\/","logo":{"@type":"ImageObject","inLanguage":"sl-SI","@id":"https:\/\/hudo.com\/si\/#\/schema\/logo\/image\/","url":"https:\/\/hudo.com\/si\/wp-content\/uploads\/sites\/2\/2021\/03\/hudo-app-2.png","contentUrl":"https:\/\/hudo.com\/si\/wp-content\/uploads\/sites\/2\/2021\/03\/hudo-app-2.png","width":2185,"height":2167,"caption":"VSN Media"},"image":{"@id":"https:\/\/hudo.com\/si\/#\/schema\/logo\/image\/"},"sameAs":["https:\/\/www.facebook.com\/hudo.si","https:\/\/twitter.com\/hudo_si"]},{"@type":"Person","@id":"https:\/\/hudo.com\/si\/#\/schema\/person\/601cf3379633985b20f7e50f2bb47707","name":"hudo","image":{"@type":"ImageObject","inLanguage":"sl-SI","@id":"https:\/\/hudo.com\/si\/#\/schema\/person\/image\/","url":"https:\/\/secure.gravatar.com\/avatar\/c4ca25fa72cace7a696b52ff5db9e095?s=96&d=mm&r=g","contentUrl":"https:\/\/secure.gravatar.com\/avatar\/c4ca25fa72cace7a696b52ff5db9e095?s=96&d=mm&r=g","caption":"hudo"},"url":"https:\/\/hudo.com\/si\/author\/hudo\/"}]}},"amp_enabled":true,"_links":{"self":[{"href":"https:\/\/hudo.com\/si\/wp-json\/wp\/v2\/posts\/333747"}],"collection":[{"href":"https:\/\/hudo.com\/si\/wp-json\/wp\/v2\/posts"}],"about":[{"href":"https:\/\/hudo.com\/si\/wp-json\/wp\/v2\/types\/post"}],"author":[{"embeddable":true,"href":"https:\/\/hudo.com\/si\/wp-json\/wp\/v2\/users\/1"}],"replies":[{"embeddable":true,"href":"https:\/\/hudo.com\/si\/wp-json\/wp\/v2\/comments?post=333747"}],"version-history":[{"count":0,"href":"https:\/\/hudo.com\/si\/wp-json\/wp\/v2\/posts\/333747\/revisions"}],"wp:attachment":[{"href":"https:\/\/hudo.com\/si\/wp-json\/wp\/v2\/media?parent=333747"}],"wp:term":[{"taxonomy":"category","embeddable":true,"href":"https:\/\/hudo.com\/si\/wp-json\/wp\/v2\/categories?post=333747"},{"taxonomy":"post_tag","embeddable":true,"href":"https:\/\/hudo.com\/si\/wp-json\/wp\/v2\/tags?post=333747"},{"taxonomy":"source","embeddable":true,"href":"https:\/\/hudo.com\/si\/wp-json\/wp\/v2\/source?post=333747"},{"taxonomy":"supertag","embeddable":true,"href":"https:\/\/hudo.com\/si\/wp-json\/wp\/v2\/supertag?post=333747"}],"curies":[{"name":"wp","href":"https:\/\/api.w.org\/{rel}","templated":true}]}}