{"id":333808,"date":"2017-12-15T19:24:16","date_gmt":"2017-12-15T18:24:16","guid":{"rendered":"http:\/\/hudo.com\/si\/?p=333808"},"modified":"2017-12-15T19:24:45","modified_gmt":"2017-12-15T18:24:45","slug":"na-zalah-poslovili-od-gledaliskega-televizijskega-igralca-jerneja-sugmana","status":"publish","type":"post","link":"https:\/\/hudo.com\/si\/aktualno\/na-zalah-poslovili-od-gledaliskega-televizijskega-igralca-jerneja-sugmana\/","title":{"rendered":"Na \u017dalah so se poslovili od gledali\u0161kega in televizijskega igralca Jerneja \u0160ugmana"},"content":{"rendered":"<div class=\"text\">\n<p>Eden izmed \u0161tevilnih dru\u017einskih prijateljev rodbine \u0160ugman Igor E. Bergant je prebral zapis njegovih najbli\u017ejih, v katerem so obudili spomin nanj, vse od njegovega rojstva, prek mladosti, \u017eivljenjskih preizku\u0161enj in podvigov, ljubezni do gledali\u0161\u010da, igralskih za\u010detkov, do trenutkov, ki so jih pre\u017eiveli skupaj.<\/p>\n<p>Bil je neskon\u010dno igriv fant, ki ga je privla\u010dilo tisto, kar je bilo prepovedano. Zanimale so ga \u017eivali, njegova najljub\u0161a je bila gorila. Kot majhen se je zaljubil v King Konga in druge mogo\u010dne like, kot je Martin Krpan. Spominjali so se, da jih je morda kdaj nezadovoljne zaradi njegove neposlu\u0161nosti znal povsem razoro\u017eiti s \u0161alami in humorjem.<\/p>\n<p>Med drugim so svojci zapisali, da jih je presegal v svoji velikodu\u0161nosti in sposobnosti sprejemanja raznolikosti \u010dlove\u0161ke du\u0161e, tudi manj ble\u0161\u010de\u010dih, v\u010dasih neprijetnih plati. Vse je odpu\u0161\u010dal in pozabljal. Vsakokrat znova ponudil roko in se odzval na pro\u0161njo.<\/p>\n<p>\u0160ugman je bil \u010dlan ansambla ljubljanske Drame od leta 1992. &#8220;V\u010dasih sem ti zavidal kak\u0161no vlogo, kdo ti jih pa ni. V\u010dasih si jo celo ti meni. Ampak zdaj vem, da to ni res, ker to sploh ni bila tvoja lastnost,&#8221; je v svojem govoru povedal ravnatelj Drame Igor Samobor in razmi\u0161ljal, da \u010dloveka s tako \u0161irokim objemom in toplim nasmehom ne bo verjetno nikoli ve\u010d spoznal.<\/p>\n<p>V imenu njegove filmske dru\u017eine je nekaj besed v spomin preminulemu namenil re\u017eiser Metod Pevec, ki je z igralcem sodeloval pri filmu Lahko no\u010d, gospodi\u010dna. Spregovorila sta tudi igralec Jurij Zrnec, dramatik in re\u017eiser Matja\u017e Zupan\u010di\u010d in predstavnik projekta Predani korakom, katerega ambasador je bil \u0160ugman.<\/p>\n<p>Pogreba se je udele\u017eilo ve\u010d sto ljudi, med njimi tudi dr\u017eavni vrh in nekateri politiki. Pogreb z voja\u0161kimi \u010dastmi je spremljala \u010dastna enota Slovenske vojske, igral je orkester Slovenske policije. S pesmijo Ne mine niti dan se je igralcu poklonil tudi Zoran Predin.<\/p>\n<p>Gledali\u0161ki in televizijski igralec Jernej \u0160ugman je umrl v nedeljo v 49. letu starosti.<\/p>\n<\/div>\n","protected":false},"excerpt":{"rendered":"<p>Na ljubljanskih \u017dalah so se danes svojci, prijatelji, kolegi in politi\u010dni dr\u017eavni vrh, med njimi tudi predsednik republike Borut Pahor, poslovili od gledali\u0161kega in televizijskega igralca Jerneja \u0160ugmana. Bil je velikan med igralci in \u0161e ve\u010dji \u010dlovek, so v govorih poudarili njegovi kolegi. Pokopan je bil z voja\u0161kimi \u010dastmi.<\/p>\n","protected":false},"author":5,"featured_media":333459,"comment_status":"closed","ping_status":"closed","sticky":false,"template":"","format":"standard","meta":{"footnotes":""},"categories":[1179],"tags":[10032,5960,1595,6782],"source":[4511],"supertag":[],"acf":[],"yoast_head":"<!-- This site is optimized with the Yoast SEO plugin v21.3 - https:\/\/yoast.com\/wordpress\/plugins\/seo\/ -->\n<title>Na \u017dalah so se poslovili od gledali\u0161kega in televizijskega igralca Jerneja \u0160ugmana - Hudo Slovenija<\/title>\n<meta name=\"robots\" content=\"index, follow, max-snippet:-1, max-image-preview:large, max-video-preview:-1\" \/>\n<link rel=\"canonical\" href=\"https:\/\/hudo.com\/si\/aktualno\/na-zalah-poslovili-od-gledaliskega-televizijskega-igralca-jerneja-sugmana\/\" \/>\n<meta property=\"og:locale\" content=\"sl_SI\" \/>\n<meta property=\"og:type\" content=\"article\" \/>\n<meta property=\"og:title\" content=\"Na \u017dalah so se poslovili od gledali\u0161kega in televizijskega igralca Jerneja \u0160ugmana - Hudo Slovenija\" \/>\n<meta property=\"og:description\" content=\"Na ljubljanskih \u017dalah so se danes svojci, prijatelji, kolegi in politi\u010dni dr\u017eavni vrh, med njimi tudi predsednik republike Borut Pahor, poslovili od gledali\u0161kega in televizijskega igralca Jerneja \u0160ugmana. Bil je velikan med igralci in \u0161e ve\u010dji \u010dlovek, so v govorih poudarili njegovi kolegi. Pokopan je bil z voja\u0161kimi \u010dastmi.\" \/>\n<meta property=\"og:url\" content=\"https:\/\/hudo.com\/si\/aktualno\/na-zalah-poslovili-od-gledaliskega-televizijskega-igralca-jerneja-sugmana\/\" \/>\n<meta property=\"og:site_name\" content=\"Hudo Slovenija\" \/>\n<meta property=\"article:publisher\" content=\"https:\/\/www.facebook.com\/hudo.si\" \/>\n<meta property=\"article:published_time\" content=\"2017-12-15T18:24:16+00:00\" \/>\n<meta property=\"article:modified_time\" content=\"2017-12-15T18:24:45+00:00\" \/>\n<meta property=\"og:image\" content=\"https:\/\/hudo.com\/si\/wp-content\/uploads\/sites\/2\/2017\/12\/20171211-00824797.jpg\" \/>\n\t<meta property=\"og:image:width\" content=\"640\" \/>\n\t<meta property=\"og:image:height\" content=\"426\" \/>\n\t<meta property=\"og:image:type\" content=\"image\/jpeg\" \/>\n<meta name=\"author\" content=\"A. G., STA\" \/>\n<meta name=\"twitter:card\" content=\"summary_large_image\" \/>\n<meta name=\"twitter:creator\" content=\"@hudo_si\" \/>\n<meta name=\"twitter:site\" content=\"@hudo_si\" \/>\n<meta name=\"twitter:label1\" content=\"Written by\" \/>\n\t<meta name=\"twitter:data1\" content=\"A. G., STA\" \/>\n\t<meta name=\"twitter:label2\" content=\"Est. reading time\" \/>\n\t<meta name=\"twitter:data2\" content=\"2 minuti\" \/>\n<script type=\"application\/ld+json\" class=\"yoast-schema-graph\">{\"@context\":\"https:\/\/schema.org\",\"@graph\":[{\"@type\":\"Article\",\"@id\":\"https:\/\/hudo.com\/si\/aktualno\/na-zalah-poslovili-od-gledaliskega-televizijskega-igralca-jerneja-sugmana\/#article\",\"isPartOf\":{\"@id\":\"https:\/\/hudo.com\/si\/aktualno\/na-zalah-poslovili-od-gledaliskega-televizijskega-igralca-jerneja-sugmana\/\"},\"author\":{\"name\":\"A. G., STA\",\"@id\":\"https:\/\/hudo.com\/si\/#\/schema\/person\/2391667a63ea075ba94f2f2dc6b77537\"},\"headline\":\"Na \u017dalah so se poslovili od gledali\u0161kega in televizijskega igralca Jerneja \u0160ugmana\",\"datePublished\":\"2017-12-15T18:24:16+00:00\",\"dateModified\":\"2017-12-15T18:24:45+00:00\",\"mainEntityOfPage\":{\"@id\":\"https:\/\/hudo.com\/si\/aktualno\/na-zalah-poslovili-od-gledaliskega-televizijskega-igralca-jerneja-sugmana\/\"},\"wordCount\":353,\"publisher\":{\"@id\":\"https:\/\/hudo.com\/si\/#organization\"},\"keywords\":[\"Jernej \u0160ugman\",\"pogreb\",\"Slovenija\",\"\u017dale\"],\"articleSection\":[\"Aktualno\"],\"inLanguage\":\"sl-SI\"},{\"@type\":\"WebPage\",\"@id\":\"https:\/\/hudo.com\/si\/aktualno\/na-zalah-poslovili-od-gledaliskega-televizijskega-igralca-jerneja-sugmana\/\",\"url\":\"https:\/\/hudo.com\/si\/aktualno\/na-zalah-poslovili-od-gledaliskega-televizijskega-igralca-jerneja-sugmana\/\",\"name\":\"Na \u017dalah so se poslovili od gledali\u0161kega in televizijskega igralca Jerneja \u0160ugmana - Hudo Slovenija\",\"isPartOf\":{\"@id\":\"https:\/\/hudo.com\/si\/#website\"},\"datePublished\":\"2017-12-15T18:24:16+00:00\",\"dateModified\":\"2017-12-15T18:24:45+00:00\",\"breadcrumb\":{\"@id\":\"https:\/\/hudo.com\/si\/aktualno\/na-zalah-poslovili-od-gledaliskega-televizijskega-igralca-jerneja-sugmana\/#breadcrumb\"},\"inLanguage\":\"sl-SI\",\"potentialAction\":[{\"@type\":\"ReadAction\",\"target\":[\"https:\/\/hudo.com\/si\/aktualno\/na-zalah-poslovili-od-gledaliskega-televizijskega-igralca-jerneja-sugmana\/\"]}]},{\"@type\":\"BreadcrumbList\",\"@id\":\"https:\/\/hudo.com\/si\/aktualno\/na-zalah-poslovili-od-gledaliskega-televizijskega-igralca-jerneja-sugmana\/#breadcrumb\",\"itemListElement\":[{\"@type\":\"ListItem\",\"position\":1,\"name\":\"Home\",\"item\":\"https:\/\/hudo.com\/si\/\"},{\"@type\":\"ListItem\",\"position\":2,\"name\":\"Na \u017dalah so se poslovili od gledali\u0161kega in televizijskega igralca Jerneja \u0160ugmana\"}]},{\"@type\":\"WebSite\",\"@id\":\"https:\/\/hudo.com\/si\/#website\",\"url\":\"https:\/\/hudo.com\/si\/\",\"name\":\"Hudo Slovenija\",\"description\":\"Vse novice iz Slovenije in sveta\",\"publisher\":{\"@id\":\"https:\/\/hudo.com\/si\/#organization\"},\"potentialAction\":[{\"@type\":\"SearchAction\",\"target\":{\"@type\":\"EntryPoint\",\"urlTemplate\":\"https:\/\/hudo.com\/si\/?s={search_term_string}\"},\"query-input\":\"required name=search_term_string\"}],\"inLanguage\":\"sl-SI\"},{\"@type\":\"Organization\",\"@id\":\"https:\/\/hudo.com\/si\/#organization\",\"name\":\"VSN Media\",\"url\":\"https:\/\/hudo.com\/si\/\",\"logo\":{\"@type\":\"ImageObject\",\"inLanguage\":\"sl-SI\",\"@id\":\"https:\/\/hudo.com\/si\/#\/schema\/logo\/image\/\",\"url\":\"https:\/\/hudo.com\/si\/wp-content\/uploads\/sites\/2\/2021\/03\/hudo-app-2.png\",\"contentUrl\":\"https:\/\/hudo.com\/si\/wp-content\/uploads\/sites\/2\/2021\/03\/hudo-app-2.png\",\"width\":2185,\"height\":2167,\"caption\":\"VSN Media\"},\"image\":{\"@id\":\"https:\/\/hudo.com\/si\/#\/schema\/logo\/image\/\"},\"sameAs\":[\"https:\/\/www.facebook.com\/hudo.si\",\"https:\/\/twitter.com\/hudo_si\"]},{\"@type\":\"Person\",\"@id\":\"https:\/\/hudo.com\/si\/#\/schema\/person\/2391667a63ea075ba94f2f2dc6b77537\",\"name\":\"A. G., STA\",\"image\":{\"@type\":\"ImageObject\",\"inLanguage\":\"sl-SI\",\"@id\":\"https:\/\/hudo.com\/si\/#\/schema\/person\/image\/\",\"url\":\"https:\/\/secure.gravatar.com\/avatar\/e13d22ac3e442658d5025fbbe6238a79?s=96&d=mm&r=g\",\"contentUrl\":\"https:\/\/secure.gravatar.com\/avatar\/e13d22ac3e442658d5025fbbe6238a79?s=96&d=mm&r=g\",\"caption\":\"A. G., STA\"},\"url\":\"https:\/\/hudo.com\/si\/author\/alenka\/\"}]}<\/script>\n<!-- \/ Yoast SEO plugin. -->","yoast_head_json":{"title":"Na \u017dalah so se poslovili od gledali\u0161kega in televizijskega igralca Jerneja \u0160ugmana - Hudo Slovenija","robots":{"index":"index","follow":"follow","max-snippet":"max-snippet:-1","max-image-preview":"max-image-preview:large","max-video-preview":"max-video-preview:-1"},"canonical":"https:\/\/hudo.com\/si\/aktualno\/na-zalah-poslovili-od-gledaliskega-televizijskega-igralca-jerneja-sugmana\/","og_locale":"sl_SI","og_type":"article","og_title":"Na \u017dalah so se poslovili od gledali\u0161kega in televizijskega igralca Jerneja \u0160ugmana - Hudo Slovenija","og_description":"Na ljubljanskih \u017dalah so se danes svojci, prijatelji, kolegi in politi\u010dni dr\u017eavni vrh, med njimi tudi predsednik republike Borut Pahor, poslovili od gledali\u0161kega in televizijskega igralca Jerneja \u0160ugmana. Bil je velikan med igralci in \u0161e ve\u010dji \u010dlovek, so v govorih poudarili njegovi kolegi. Pokopan je bil z voja\u0161kimi \u010dastmi.","og_url":"https:\/\/hudo.com\/si\/aktualno\/na-zalah-poslovili-od-gledaliskega-televizijskega-igralca-jerneja-sugmana\/","og_site_name":"Hudo Slovenija","article_publisher":"https:\/\/www.facebook.com\/hudo.si","article_published_time":"2017-12-15T18:24:16+00:00","article_modified_time":"2017-12-15T18:24:45+00:00","og_image":[{"width":640,"height":426,"url":"https:\/\/hudo.com\/si\/wp-content\/uploads\/sites\/2\/2017\/12\/20171211-00824797.jpg","type":"image\/jpeg"}],"author":"A. G., STA","twitter_card":"summary_large_image","twitter_creator":"@hudo_si","twitter_site":"@hudo_si","twitter_misc":{"Written by":"A. G., STA","Est. reading time":"2 minuti"},"schema":{"@context":"https:\/\/schema.org","@graph":[{"@type":"Article","@id":"https:\/\/hudo.com\/si\/aktualno\/na-zalah-poslovili-od-gledaliskega-televizijskega-igralca-jerneja-sugmana\/#article","isPartOf":{"@id":"https:\/\/hudo.com\/si\/aktualno\/na-zalah-poslovili-od-gledaliskega-televizijskega-igralca-jerneja-sugmana\/"},"author":{"name":"A. G., STA","@id":"https:\/\/hudo.com\/si\/#\/schema\/person\/2391667a63ea075ba94f2f2dc6b77537"},"headline":"Na \u017dalah so se poslovili od gledali\u0161kega in televizijskega igralca Jerneja \u0160ugmana","datePublished":"2017-12-15T18:24:16+00:00","dateModified":"2017-12-15T18:24:45+00:00","mainEntityOfPage":{"@id":"https:\/\/hudo.com\/si\/aktualno\/na-zalah-poslovili-od-gledaliskega-televizijskega-igralca-jerneja-sugmana\/"},"wordCount":353,"publisher":{"@id":"https:\/\/hudo.com\/si\/#organization"},"keywords":["Jernej \u0160ugman","pogreb","Slovenija","\u017dale"],"articleSection":["Aktualno"],"inLanguage":"sl-SI"},{"@type":"WebPage","@id":"https:\/\/hudo.com\/si\/aktualno\/na-zalah-poslovili-od-gledaliskega-televizijskega-igralca-jerneja-sugmana\/","url":"https:\/\/hudo.com\/si\/aktualno\/na-zalah-poslovili-od-gledaliskega-televizijskega-igralca-jerneja-sugmana\/","name":"Na \u017dalah so se poslovili od gledali\u0161kega in televizijskega igralca Jerneja \u0160ugmana - Hudo Slovenija","isPartOf":{"@id":"https:\/\/hudo.com\/si\/#website"},"datePublished":"2017-12-15T18:24:16+00:00","dateModified":"2017-12-15T18:24:45+00:00","breadcrumb":{"@id":"https:\/\/hudo.com\/si\/aktualno\/na-zalah-poslovili-od-gledaliskega-televizijskega-igralca-jerneja-sugmana\/#breadcrumb"},"inLanguage":"sl-SI","potentialAction":[{"@type":"ReadAction","target":["https:\/\/hudo.com\/si\/aktualno\/na-zalah-poslovili-od-gledaliskega-televizijskega-igralca-jerneja-sugmana\/"]}]},{"@type":"BreadcrumbList","@id":"https:\/\/hudo.com\/si\/aktualno\/na-zalah-poslovili-od-gledaliskega-televizijskega-igralca-jerneja-sugmana\/#breadcrumb","itemListElement":[{"@type":"ListItem","position":1,"name":"Home","item":"https:\/\/hudo.com\/si\/"},{"@type":"ListItem","position":2,"name":"Na \u017dalah so se poslovili od gledali\u0161kega in televizijskega igralca Jerneja \u0160ugmana"}]},{"@type":"WebSite","@id":"https:\/\/hudo.com\/si\/#website","url":"https:\/\/hudo.com\/si\/","name":"Hudo Slovenija","description":"Vse novice iz Slovenije in sveta","publisher":{"@id":"https:\/\/hudo.com\/si\/#organization"},"potentialAction":[{"@type":"SearchAction","target":{"@type":"EntryPoint","urlTemplate":"https:\/\/hudo.com\/si\/?s={search_term_string}"},"query-input":"required name=search_term_string"}],"inLanguage":"sl-SI"},{"@type":"Organization","@id":"https:\/\/hudo.com\/si\/#organization","name":"VSN Media","url":"https:\/\/hudo.com\/si\/","logo":{"@type":"ImageObject","inLanguage":"sl-SI","@id":"https:\/\/hudo.com\/si\/#\/schema\/logo\/image\/","url":"https:\/\/hudo.com\/si\/wp-content\/uploads\/sites\/2\/2021\/03\/hudo-app-2.png","contentUrl":"https:\/\/hudo.com\/si\/wp-content\/uploads\/sites\/2\/2021\/03\/hudo-app-2.png","width":2185,"height":2167,"caption":"VSN Media"},"image":{"@id":"https:\/\/hudo.com\/si\/#\/schema\/logo\/image\/"},"sameAs":["https:\/\/www.facebook.com\/hudo.si","https:\/\/twitter.com\/hudo_si"]},{"@type":"Person","@id":"https:\/\/hudo.com\/si\/#\/schema\/person\/2391667a63ea075ba94f2f2dc6b77537","name":"A. G., STA","image":{"@type":"ImageObject","inLanguage":"sl-SI","@id":"https:\/\/hudo.com\/si\/#\/schema\/person\/image\/","url":"https:\/\/secure.gravatar.com\/avatar\/e13d22ac3e442658d5025fbbe6238a79?s=96&d=mm&r=g","contentUrl":"https:\/\/secure.gravatar.com\/avatar\/e13d22ac3e442658d5025fbbe6238a79?s=96&d=mm&r=g","caption":"A. G., STA"},"url":"https:\/\/hudo.com\/si\/author\/alenka\/"}]}},"amp_enabled":true,"_links":{"self":[{"href":"https:\/\/hudo.com\/si\/wp-json\/wp\/v2\/posts\/333808"}],"collection":[{"href":"https:\/\/hudo.com\/si\/wp-json\/wp\/v2\/posts"}],"about":[{"href":"https:\/\/hudo.com\/si\/wp-json\/wp\/v2\/types\/post"}],"author":[{"embeddable":true,"href":"https:\/\/hudo.com\/si\/wp-json\/wp\/v2\/users\/5"}],"replies":[{"embeddable":true,"href":"https:\/\/hudo.com\/si\/wp-json\/wp\/v2\/comments?post=333808"}],"version-history":[{"count":2,"href":"https:\/\/hudo.com\/si\/wp-json\/wp\/v2\/posts\/333808\/revisions"}],"predecessor-version":[{"id":333810,"href":"https:\/\/hudo.com\/si\/wp-json\/wp\/v2\/posts\/333808\/revisions\/333810"}],"wp:featuredmedia":[{"embeddable":true,"href":"https:\/\/hudo.com\/si\/wp-json\/wp\/v2\/media\/333459"}],"wp:attachment":[{"href":"https:\/\/hudo.com\/si\/wp-json\/wp\/v2\/media?parent=333808"}],"wp:term":[{"taxonomy":"category","embeddable":true,"href":"https:\/\/hudo.com\/si\/wp-json\/wp\/v2\/categories?post=333808"},{"taxonomy":"post_tag","embeddable":true,"href":"https:\/\/hudo.com\/si\/wp-json\/wp\/v2\/tags?post=333808"},{"taxonomy":"source","embeddable":true,"href":"https:\/\/hudo.com\/si\/wp-json\/wp\/v2\/source?post=333808"},{"taxonomy":"supertag","embeddable":true,"href":"https:\/\/hudo.com\/si\/wp-json\/wp\/v2\/supertag?post=333808"}],"curies":[{"name":"wp","href":"https:\/\/api.w.org\/{rel}","templated":true}]}}