{"id":334337,"date":"2017-12-17T16:25:39","date_gmt":"2017-12-17T15:25:39","guid":{"rendered":"http:\/\/hudo.com\/si\/?p=334337"},"modified":"2017-12-17T17:08:37","modified_gmt":"2017-12-17T16:08:37","slug":"v-pozaru-doma-starejsih-obcanov-v-crnomlju-vec-poskodovanih","status":"publish","type":"post","link":"https:\/\/hudo.com\/si\/aktualno\/v-pozaru-doma-starejsih-obcanov-v-crnomlju-vec-poskodovanih\/","title":{"rendered":"V po\u017earu doma starej\u0161ih ob\u010danov v \u010crnomlju ve\u010d po\u0161kodovanih"},"content":{"rendered":"<p>Na kraj po\u017eara so prvi pri\u0161li policisti, ki so pomagali pri evakuaciji oskrbovancev in zaposlenih, je poro\u010dal Radio Slovenija.<\/p>\n<p>Zagorelo je v eni od sob v traktu \u010detrtem nadstropju, kjer prebiva pribli\u017eno 25 oskrbovancev, je po poro\u010danju 24ur.com povedala direktorica doma.<\/p>\n<p>&#8220;Dva oskrbovanca in dva zaposlena so zaradi po\u0161kodb odpeljali v novome\u0161ko bolni\u0161nico, vendar ni nih\u010de v smrtni nevarnosti. Ostalo osebje in stanovalce so evakuirali. Zdaj so vsi na varnem. O \u0161kodi je \u0161e prezgodaj govoriti, samo pribli\u017eno jo lahko ocenim na okoli 300.000 evrov,&#8221; je \u0161e dodala Leki\u0107 Polj\u0161akova.<\/p>\n<p>Po podatkih Splo\u0161ne bolni\u0161nice Novo mesto pri njih s kisikom pomagajo eni oskrbovanki, sicer oboleli za astmo, ki se je nadihala dima, in zaradi enakega vzroka \u0161e \u0161tirim zaposlenim. Enega huje ope\u010denega oskrbovanca, ki naj bi bil po neuradnih informacijah v \u017eivljenjski nevarnosti, pa so re\u0161evalci odpeljali v ljubljanski klini\u010dni center.<\/p>\n<p>Aktivnosti na terenu \u0161e potekajo, ogled bo opravila tudi policija. Pri posredovanju so \u010drnomaljskim pomagali tudi novome\u0161ki gasilci.<\/p>\n","protected":false},"excerpt":{"rendered":"<p>Nekaj po 13. uri je zagorelo v Domu starej\u0161ih ob\u010danov v \u010crnomlju. Po poro\u010danju Radia Slovenija je bilo pri tem \u0161est ali sedem ljudi po\u0161kodovanih, eden huje, ki pa ni v \u017eivljenjski nevarnosti. Odpeljali so jih v novome\u0161ko bolni\u0161nico. Gasilci so po\u017ear uspeli pogasiti v pribli\u017eno pol ure.<\/p>\n","protected":false},"author":7,"featured_media":334338,"comment_status":"closed","ping_status":"closed","sticky":false,"template":"","format":"standard","meta":{"footnotes":""},"categories":[1179],"tags":[4688,9208,5016,1595],"source":[4511],"supertag":[],"acf":[],"yoast_head":"<!-- This site is optimized with the Yoast SEO plugin v21.3 - https:\/\/yoast.com\/wordpress\/plugins\/seo\/ -->\n<title>V po\u017earu doma starej\u0161ih ob\u010danov v \u010crnomlju ve\u010d po\u0161kodovanih - Hudo Slovenija<\/title>\n<meta name=\"robots\" content=\"index, follow, max-snippet:-1, max-image-preview:large, max-video-preview:-1\" \/>\n<link rel=\"canonical\" href=\"https:\/\/hudo.com\/si\/aktualno\/v-pozaru-doma-starejsih-obcanov-v-crnomlju-vec-poskodovanih\/\" \/>\n<meta property=\"og:locale\" content=\"sl_SI\" \/>\n<meta property=\"og:type\" content=\"article\" \/>\n<meta property=\"og:title\" content=\"V po\u017earu doma starej\u0161ih ob\u010danov v \u010crnomlju ve\u010d po\u0161kodovanih - Hudo Slovenija\" \/>\n<meta property=\"og:description\" content=\"Nekaj po 13. uri je zagorelo v Domu starej\u0161ih ob\u010danov v \u010crnomlju. Po poro\u010danju Radia Slovenija je bilo pri tem \u0161est ali sedem ljudi po\u0161kodovanih, eden huje, ki pa ni v \u017eivljenjski nevarnosti. Odpeljali so jih v novome\u0161ko bolni\u0161nico. Gasilci so po\u017ear uspeli pogasiti v pribli\u017eno pol ure.\" \/>\n<meta property=\"og:url\" content=\"https:\/\/hudo.com\/si\/aktualno\/v-pozaru-doma-starejsih-obcanov-v-crnomlju-vec-poskodovanih\/\" \/>\n<meta property=\"og:site_name\" content=\"Hudo Slovenija\" \/>\n<meta property=\"article:publisher\" content=\"https:\/\/www.facebook.com\/hudo.si\" \/>\n<meta property=\"article:published_time\" content=\"2017-12-17T15:25:39+00:00\" \/>\n<meta property=\"article:modified_time\" content=\"2017-12-17T16:08:37+00:00\" \/>\n<meta property=\"og:image\" content=\"https:\/\/hudo.com\/si\/wp-content\/uploads\/sites\/2\/2017\/12\/profimedia-0205962443.jpg\" \/>\n\t<meta property=\"og:image:width\" content=\"1250\" \/>\n\t<meta property=\"og:image:height\" content=\"834\" \/>\n\t<meta property=\"og:image:type\" content=\"image\/jpeg\" \/>\n<meta name=\"author\" content=\"A. P., STA\" \/>\n<meta name=\"twitter:card\" content=\"summary_large_image\" \/>\n<meta name=\"twitter:creator\" content=\"@hudo_si\" \/>\n<meta name=\"twitter:site\" content=\"@hudo_si\" \/>\n<meta name=\"twitter:label1\" content=\"Written by\" \/>\n\t<meta name=\"twitter:data1\" content=\"A. P., STA\" \/>\n\t<meta name=\"twitter:label2\" content=\"Est. reading time\" \/>\n\t<meta name=\"twitter:data2\" content=\"1 minuta\" \/>\n<script type=\"application\/ld+json\" class=\"yoast-schema-graph\">{\"@context\":\"https:\/\/schema.org\",\"@graph\":[{\"@type\":\"Article\",\"@id\":\"https:\/\/hudo.com\/si\/aktualno\/v-pozaru-doma-starejsih-obcanov-v-crnomlju-vec-poskodovanih\/#article\",\"isPartOf\":{\"@id\":\"https:\/\/hudo.com\/si\/aktualno\/v-pozaru-doma-starejsih-obcanov-v-crnomlju-vec-poskodovanih\/\"},\"author\":{\"name\":\"A. P., STA\",\"@id\":\"https:\/\/hudo.com\/si\/#\/schema\/person\/18f09c02475ba9e606e941a565b80cff\"},\"headline\":\"V po\u017earu doma starej\u0161ih ob\u010danov v \u010crnomlju ve\u010d po\u0161kodovanih\",\"datePublished\":\"2017-12-17T15:25:39+00:00\",\"dateModified\":\"2017-12-17T16:08:37+00:00\",\"mainEntityOfPage\":{\"@id\":\"https:\/\/hudo.com\/si\/aktualno\/v-pozaru-doma-starejsih-obcanov-v-crnomlju-vec-poskodovanih\/\"},\"wordCount\":188,\"publisher\":{\"@id\":\"https:\/\/hudo.com\/si\/#organization\"},\"keywords\":[\"\u010drna kronika\",\"\u010drnomelj\",\"po\u017ear\",\"Slovenija\"],\"articleSection\":[\"Aktualno\"],\"inLanguage\":\"sl-SI\"},{\"@type\":\"WebPage\",\"@id\":\"https:\/\/hudo.com\/si\/aktualno\/v-pozaru-doma-starejsih-obcanov-v-crnomlju-vec-poskodovanih\/\",\"url\":\"https:\/\/hudo.com\/si\/aktualno\/v-pozaru-doma-starejsih-obcanov-v-crnomlju-vec-poskodovanih\/\",\"name\":\"V po\u017earu doma starej\u0161ih ob\u010danov v \u010crnomlju ve\u010d po\u0161kodovanih - Hudo Slovenija\",\"isPartOf\":{\"@id\":\"https:\/\/hudo.com\/si\/#website\"},\"datePublished\":\"2017-12-17T15:25:39+00:00\",\"dateModified\":\"2017-12-17T16:08:37+00:00\",\"breadcrumb\":{\"@id\":\"https:\/\/hudo.com\/si\/aktualno\/v-pozaru-doma-starejsih-obcanov-v-crnomlju-vec-poskodovanih\/#breadcrumb\"},\"inLanguage\":\"sl-SI\",\"potentialAction\":[{\"@type\":\"ReadAction\",\"target\":[\"https:\/\/hudo.com\/si\/aktualno\/v-pozaru-doma-starejsih-obcanov-v-crnomlju-vec-poskodovanih\/\"]}]},{\"@type\":\"BreadcrumbList\",\"@id\":\"https:\/\/hudo.com\/si\/aktualno\/v-pozaru-doma-starejsih-obcanov-v-crnomlju-vec-poskodovanih\/#breadcrumb\",\"itemListElement\":[{\"@type\":\"ListItem\",\"position\":1,\"name\":\"Home\",\"item\":\"https:\/\/hudo.com\/si\/\"},{\"@type\":\"ListItem\",\"position\":2,\"name\":\"V po\u017earu doma starej\u0161ih ob\u010danov v \u010crnomlju ve\u010d po\u0161kodovanih\"}]},{\"@type\":\"WebSite\",\"@id\":\"https:\/\/hudo.com\/si\/#website\",\"url\":\"https:\/\/hudo.com\/si\/\",\"name\":\"Hudo Slovenija\",\"description\":\"Vse novice iz Slovenije in sveta\",\"publisher\":{\"@id\":\"https:\/\/hudo.com\/si\/#organization\"},\"potentialAction\":[{\"@type\":\"SearchAction\",\"target\":{\"@type\":\"EntryPoint\",\"urlTemplate\":\"https:\/\/hudo.com\/si\/?s={search_term_string}\"},\"query-input\":\"required name=search_term_string\"}],\"inLanguage\":\"sl-SI\"},{\"@type\":\"Organization\",\"@id\":\"https:\/\/hudo.com\/si\/#organization\",\"name\":\"VSN Media\",\"url\":\"https:\/\/hudo.com\/si\/\",\"logo\":{\"@type\":\"ImageObject\",\"inLanguage\":\"sl-SI\",\"@id\":\"https:\/\/hudo.com\/si\/#\/schema\/logo\/image\/\",\"url\":\"https:\/\/hudo.com\/si\/wp-content\/uploads\/sites\/2\/2021\/03\/hudo-app-2.png\",\"contentUrl\":\"https:\/\/hudo.com\/si\/wp-content\/uploads\/sites\/2\/2021\/03\/hudo-app-2.png\",\"width\":2185,\"height\":2167,\"caption\":\"VSN Media\"},\"image\":{\"@id\":\"https:\/\/hudo.com\/si\/#\/schema\/logo\/image\/\"},\"sameAs\":[\"https:\/\/www.facebook.com\/hudo.si\",\"https:\/\/twitter.com\/hudo_si\"]},{\"@type\":\"Person\",\"@id\":\"https:\/\/hudo.com\/si\/#\/schema\/person\/18f09c02475ba9e606e941a565b80cff\",\"name\":\"A. P., STA\",\"image\":{\"@type\":\"ImageObject\",\"inLanguage\":\"sl-SI\",\"@id\":\"https:\/\/hudo.com\/si\/#\/schema\/person\/image\/\",\"url\":\"https:\/\/secure.gravatar.com\/avatar\/03eac8e609f5f04383125d80eaeaaf3e?s=96&d=mm&r=g\",\"contentUrl\":\"https:\/\/secure.gravatar.com\/avatar\/03eac8e609f5f04383125d80eaeaaf3e?s=96&d=mm&r=g\",\"caption\":\"A. P., STA\"},\"url\":\"https:\/\/hudo.com\/si\/author\/lubu\/\"}]}<\/script>\n<!-- \/ Yoast SEO plugin. -->","yoast_head_json":{"title":"V po\u017earu doma starej\u0161ih ob\u010danov v \u010crnomlju ve\u010d po\u0161kodovanih - Hudo Slovenija","robots":{"index":"index","follow":"follow","max-snippet":"max-snippet:-1","max-image-preview":"max-image-preview:large","max-video-preview":"max-video-preview:-1"},"canonical":"https:\/\/hudo.com\/si\/aktualno\/v-pozaru-doma-starejsih-obcanov-v-crnomlju-vec-poskodovanih\/","og_locale":"sl_SI","og_type":"article","og_title":"V po\u017earu doma starej\u0161ih ob\u010danov v \u010crnomlju ve\u010d po\u0161kodovanih - Hudo Slovenija","og_description":"Nekaj po 13. uri je zagorelo v Domu starej\u0161ih ob\u010danov v \u010crnomlju. Po poro\u010danju Radia Slovenija je bilo pri tem \u0161est ali sedem ljudi po\u0161kodovanih, eden huje, ki pa ni v \u017eivljenjski nevarnosti. Odpeljali so jih v novome\u0161ko bolni\u0161nico. Gasilci so po\u017ear uspeli pogasiti v pribli\u017eno pol ure.","og_url":"https:\/\/hudo.com\/si\/aktualno\/v-pozaru-doma-starejsih-obcanov-v-crnomlju-vec-poskodovanih\/","og_site_name":"Hudo Slovenija","article_publisher":"https:\/\/www.facebook.com\/hudo.si","article_published_time":"2017-12-17T15:25:39+00:00","article_modified_time":"2017-12-17T16:08:37+00:00","og_image":[{"width":1250,"height":834,"url":"https:\/\/hudo.com\/si\/wp-content\/uploads\/sites\/2\/2017\/12\/profimedia-0205962443.jpg","type":"image\/jpeg"}],"author":"A. P., STA","twitter_card":"summary_large_image","twitter_creator":"@hudo_si","twitter_site":"@hudo_si","twitter_misc":{"Written by":"A. P., STA","Est. reading time":"1 minuta"},"schema":{"@context":"https:\/\/schema.org","@graph":[{"@type":"Article","@id":"https:\/\/hudo.com\/si\/aktualno\/v-pozaru-doma-starejsih-obcanov-v-crnomlju-vec-poskodovanih\/#article","isPartOf":{"@id":"https:\/\/hudo.com\/si\/aktualno\/v-pozaru-doma-starejsih-obcanov-v-crnomlju-vec-poskodovanih\/"},"author":{"name":"A. P., STA","@id":"https:\/\/hudo.com\/si\/#\/schema\/person\/18f09c02475ba9e606e941a565b80cff"},"headline":"V po\u017earu doma starej\u0161ih ob\u010danov v \u010crnomlju ve\u010d po\u0161kodovanih","datePublished":"2017-12-17T15:25:39+00:00","dateModified":"2017-12-17T16:08:37+00:00","mainEntityOfPage":{"@id":"https:\/\/hudo.com\/si\/aktualno\/v-pozaru-doma-starejsih-obcanov-v-crnomlju-vec-poskodovanih\/"},"wordCount":188,"publisher":{"@id":"https:\/\/hudo.com\/si\/#organization"},"keywords":["\u010drna kronika","\u010drnomelj","po\u017ear","Slovenija"],"articleSection":["Aktualno"],"inLanguage":"sl-SI"},{"@type":"WebPage","@id":"https:\/\/hudo.com\/si\/aktualno\/v-pozaru-doma-starejsih-obcanov-v-crnomlju-vec-poskodovanih\/","url":"https:\/\/hudo.com\/si\/aktualno\/v-pozaru-doma-starejsih-obcanov-v-crnomlju-vec-poskodovanih\/","name":"V po\u017earu doma starej\u0161ih ob\u010danov v \u010crnomlju ve\u010d po\u0161kodovanih - Hudo Slovenija","isPartOf":{"@id":"https:\/\/hudo.com\/si\/#website"},"datePublished":"2017-12-17T15:25:39+00:00","dateModified":"2017-12-17T16:08:37+00:00","breadcrumb":{"@id":"https:\/\/hudo.com\/si\/aktualno\/v-pozaru-doma-starejsih-obcanov-v-crnomlju-vec-poskodovanih\/#breadcrumb"},"inLanguage":"sl-SI","potentialAction":[{"@type":"ReadAction","target":["https:\/\/hudo.com\/si\/aktualno\/v-pozaru-doma-starejsih-obcanov-v-crnomlju-vec-poskodovanih\/"]}]},{"@type":"BreadcrumbList","@id":"https:\/\/hudo.com\/si\/aktualno\/v-pozaru-doma-starejsih-obcanov-v-crnomlju-vec-poskodovanih\/#breadcrumb","itemListElement":[{"@type":"ListItem","position":1,"name":"Home","item":"https:\/\/hudo.com\/si\/"},{"@type":"ListItem","position":2,"name":"V po\u017earu doma starej\u0161ih ob\u010danov v \u010crnomlju ve\u010d po\u0161kodovanih"}]},{"@type":"WebSite","@id":"https:\/\/hudo.com\/si\/#website","url":"https:\/\/hudo.com\/si\/","name":"Hudo Slovenija","description":"Vse novice iz Slovenije in sveta","publisher":{"@id":"https:\/\/hudo.com\/si\/#organization"},"potentialAction":[{"@type":"SearchAction","target":{"@type":"EntryPoint","urlTemplate":"https:\/\/hudo.com\/si\/?s={search_term_string}"},"query-input":"required name=search_term_string"}],"inLanguage":"sl-SI"},{"@type":"Organization","@id":"https:\/\/hudo.com\/si\/#organization","name":"VSN Media","url":"https:\/\/hudo.com\/si\/","logo":{"@type":"ImageObject","inLanguage":"sl-SI","@id":"https:\/\/hudo.com\/si\/#\/schema\/logo\/image\/","url":"https:\/\/hudo.com\/si\/wp-content\/uploads\/sites\/2\/2021\/03\/hudo-app-2.png","contentUrl":"https:\/\/hudo.com\/si\/wp-content\/uploads\/sites\/2\/2021\/03\/hudo-app-2.png","width":2185,"height":2167,"caption":"VSN Media"},"image":{"@id":"https:\/\/hudo.com\/si\/#\/schema\/logo\/image\/"},"sameAs":["https:\/\/www.facebook.com\/hudo.si","https:\/\/twitter.com\/hudo_si"]},{"@type":"Person","@id":"https:\/\/hudo.com\/si\/#\/schema\/person\/18f09c02475ba9e606e941a565b80cff","name":"A. P., STA","image":{"@type":"ImageObject","inLanguage":"sl-SI","@id":"https:\/\/hudo.com\/si\/#\/schema\/person\/image\/","url":"https:\/\/secure.gravatar.com\/avatar\/03eac8e609f5f04383125d80eaeaaf3e?s=96&d=mm&r=g","contentUrl":"https:\/\/secure.gravatar.com\/avatar\/03eac8e609f5f04383125d80eaeaaf3e?s=96&d=mm&r=g","caption":"A. P., STA"},"url":"https:\/\/hudo.com\/si\/author\/lubu\/"}]}},"amp_enabled":true,"_links":{"self":[{"href":"https:\/\/hudo.com\/si\/wp-json\/wp\/v2\/posts\/334337"}],"collection":[{"href":"https:\/\/hudo.com\/si\/wp-json\/wp\/v2\/posts"}],"about":[{"href":"https:\/\/hudo.com\/si\/wp-json\/wp\/v2\/types\/post"}],"author":[{"embeddable":true,"href":"https:\/\/hudo.com\/si\/wp-json\/wp\/v2\/users\/7"}],"replies":[{"embeddable":true,"href":"https:\/\/hudo.com\/si\/wp-json\/wp\/v2\/comments?post=334337"}],"version-history":[{"count":2,"href":"https:\/\/hudo.com\/si\/wp-json\/wp\/v2\/posts\/334337\/revisions"}],"predecessor-version":[{"id":334340,"href":"https:\/\/hudo.com\/si\/wp-json\/wp\/v2\/posts\/334337\/revisions\/334340"}],"wp:featuredmedia":[{"embeddable":true,"href":"https:\/\/hudo.com\/si\/wp-json\/wp\/v2\/media\/334338"}],"wp:attachment":[{"href":"https:\/\/hudo.com\/si\/wp-json\/wp\/v2\/media?parent=334337"}],"wp:term":[{"taxonomy":"category","embeddable":true,"href":"https:\/\/hudo.com\/si\/wp-json\/wp\/v2\/categories?post=334337"},{"taxonomy":"post_tag","embeddable":true,"href":"https:\/\/hudo.com\/si\/wp-json\/wp\/v2\/tags?post=334337"},{"taxonomy":"source","embeddable":true,"href":"https:\/\/hudo.com\/si\/wp-json\/wp\/v2\/source?post=334337"},{"taxonomy":"supertag","embeddable":true,"href":"https:\/\/hudo.com\/si\/wp-json\/wp\/v2\/supertag?post=334337"}],"curies":[{"name":"wp","href":"https:\/\/api.w.org\/{rel}","templated":true}]}}