{"id":335635,"date":"2017-12-20T16:01:00","date_gmt":"2017-12-20T15:01:00","guid":{"rendered":"http:\/\/hudo.com\/si\/2017\/12\/20\/nekdanji-svetovni-prvak-loeb-se-2018-vraca-na-tri-dirke\/"},"modified":"2017-12-20T16:01:00","modified_gmt":"2017-12-20T15:01:00","slug":"nekdanji-svetovni-prvak-loeb-se-2018-vraca-na-tri-dirke","status":"publish","type":"post","link":"https:\/\/hudo.com\/si\/aktualno\/nekdanji-svetovni-prvak-loeb-se-2018-vraca-na-tri-dirke\/","title":{"rendered":"Nekdanji svetovni prvak Loeb se 2018 vra\u010da na tri dirke"},"content":{"rendered":"<p>Kategorija: Avtomoto Wed, 20 Dec 2017 17:01:00 +0100  Pariz &#8211; Nekdanji svetovni prvak v reliju, Francoz Sebastien Loeb, bo v sezoni 2018 vnovi\u010d prekinil \u0161portno upokojitev ter marca nastopil na dirki v Mehiki, aprila na Korziki in oktobra v \u0160paniji, poro\u010da agencija dpa. Triin\u0161tiridesetletni Loeb bo v ekipi Citroena na dirkah zamenjal Irca Craiga Breena, na dirkah pa bo z njim vnovi\u010d sodeloval dolgoletni sovoznik Daniel Elena. Loeb in Elena sta si med letoma 2004 in 2012 priborila devet zaporednih naslovov svetovnih prvakov. Francoz se je nato poslovil od tekmovanj in se na dirkah za svetovno prvenstvo pojavljal le izjemoma, nazadnje leta 2015 v Monte Carlu. &#8220;Na dirke bom \u0161el popolnoma brez pri\u010dakovanj. Rad bi enostavno u\u017eival. Res pa je, da smo bili na testnih vo\u017enjah letos vsi zelo zadovoljni, posebej jaz sam in nastop na treh dirkah je le logi\u010dna\u00a0&#8230;<\/p>\n","protected":false},"excerpt":{"rendered":"<p>Kategorija: Avtomoto Wed, 20 Dec 2017 17:01:00 +0100  Pariz &#8211; Nekdanji svetovni prvak v reliju, Francoz Sebastien Loeb, bo v sezoni 2018 vnovi\u010d prekinil \u0161portno upokojitev ter marca nastopil na dirki v Mehiki, aprila na Korziki in oktobra v \u0160paniji, poro\u010da agencija dpa. Triin\u0161tiridesetletni Loeb bo v ekipi Citroena na dirkah zamenjal Irca Craiga Breena, na dirkah pa bo z njim vnovi\u010d sodeloval dolgoletni sovoznik Daniel Elena. Loeb in Elena sta si med letoma 2004 in 2012 priborila devet zaporednih naslovov svetovnih prvakov. Francoz se je nato poslovil od tekmovanj in se na dirkah za svetovno prvenstvo pojavljal le izjemoma, nazadnje leta 2015 v Monte Carlu. &#8220;Na dirke bom \u0161el popolnoma brez pri\u010dakovanj. Rad bi enostavno u\u017eival. Res pa je, da smo bili na testnih vo\u017enjah letos vsi zelo zadovoljni, posebej jaz sam in nastop na treh dirkah je le logi\u010dna\u00a0&#8230;<\/p>\n","protected":false},"author":1,"featured_media":0,"comment_status":"closed","ping_status":"closed","sticky":false,"template":"","format":"standard","meta":{"footnotes":""},"categories":[1179],"tags":[],"source":[1703],"supertag":[],"acf":[],"yoast_head":"<!-- This site is optimized with the Yoast SEO plugin v21.3 - https:\/\/yoast.com\/wordpress\/plugins\/seo\/ -->\n<title>Nekdanji svetovni prvak Loeb se 2018 vra\u010da na tri dirke - Hudo Slovenija<\/title>\n<meta name=\"robots\" content=\"index, follow, max-snippet:-1, max-image-preview:large, max-video-preview:-1\" \/>\n<link rel=\"canonical\" href=\"https:\/\/hudo.com\/si\/aktualno\/nekdanji-svetovni-prvak-loeb-se-2018-vraca-na-tri-dirke\/\" \/>\n<meta property=\"og:locale\" content=\"sl_SI\" \/>\n<meta property=\"og:type\" content=\"article\" \/>\n<meta property=\"og:title\" content=\"Nekdanji svetovni prvak Loeb se 2018 vra\u010da na tri dirke - Hudo Slovenija\" \/>\n<meta property=\"og:description\" content=\"Kategorija: Avtomoto Wed, 20 Dec 2017 17:01:00 +0100 Pariz - Nekdanji svetovni prvak v reliju, Francoz Sebastien Loeb, bo v sezoni 2018 vnovi\u010d prekinil \u0161portno upokojitev ter marca nastopil na dirki v Mehiki, aprila na Korziki in oktobra v \u0160paniji, poro\u010da agencija dpa. Triin\u0161tiridesetletni Loeb bo v ekipi Citroena na dirkah zamenjal Irca Craiga Breena, na dirkah pa bo z njim vnovi\u010d sodeloval dolgoletni sovoznik Daniel Elena. Loeb in Elena sta si med letoma 2004 in 2012 priborila devet zaporednih naslovov svetovnih prvakov. Francoz se je nato poslovil od tekmovanj in se na dirkah za svetovno prvenstvo pojavljal le izjemoma, nazadnje leta 2015 v Monte Carlu. &quot;Na dirke bom \u0161el popolnoma brez pri\u010dakovanj. Rad bi enostavno u\u017eival. Res pa je, da smo bili na testnih vo\u017enjah letos vsi zelo zadovoljni, posebej jaz sam in nastop na treh dirkah je le logi\u010dna\u00a0...\" \/>\n<meta property=\"og:url\" content=\"https:\/\/hudo.com\/si\/aktualno\/nekdanji-svetovni-prvak-loeb-se-2018-vraca-na-tri-dirke\/\" \/>\n<meta property=\"og:site_name\" content=\"Hudo Slovenija\" \/>\n<meta property=\"article:publisher\" content=\"https:\/\/www.facebook.com\/hudo.si\" \/>\n<meta property=\"article:published_time\" content=\"2017-12-20T15:01:00+00:00\" \/>\n<meta property=\"og:image\" content=\"https:\/\/hudo.com\/si\/wp-content\/uploads\/sites\/2\/2017\/12\/480x290_AFP_Photo-20120927122612-01796700.jpeg\" \/>\n\t<meta property=\"og:image:width\" content=\"480\" \/>\n\t<meta property=\"og:image:height\" content=\"290\" \/>\n\t<meta property=\"og:image:type\" content=\"image\/jpeg\" \/>\n<meta name=\"author\" content=\"hudo\" \/>\n<meta name=\"twitter:card\" content=\"summary_large_image\" \/>\n<meta name=\"twitter:creator\" content=\"@hudo_si\" \/>\n<meta name=\"twitter:site\" content=\"@hudo_si\" \/>\n<meta name=\"twitter:label1\" content=\"Written by\" \/>\n\t<meta name=\"twitter:data1\" content=\"hudo\" \/>\n\t<meta name=\"twitter:label2\" content=\"Est. reading time\" \/>\n\t<meta name=\"twitter:data2\" content=\"1 minuta\" \/>\n<script type=\"application\/ld+json\" class=\"yoast-schema-graph\">{\"@context\":\"https:\/\/schema.org\",\"@graph\":[{\"@type\":\"Article\",\"@id\":\"https:\/\/hudo.com\/si\/aktualno\/nekdanji-svetovni-prvak-loeb-se-2018-vraca-na-tri-dirke\/#article\",\"isPartOf\":{\"@id\":\"https:\/\/hudo.com\/si\/aktualno\/nekdanji-svetovni-prvak-loeb-se-2018-vraca-na-tri-dirke\/\"},\"author\":{\"name\":\"hudo\",\"@id\":\"https:\/\/hudo.com\/si\/#\/schema\/person\/601cf3379633985b20f7e50f2bb47707\"},\"headline\":\"Nekdanji svetovni prvak Loeb se 2018 vra\u010da na tri dirke\",\"datePublished\":\"2017-12-20T15:01:00+00:00\",\"dateModified\":\"2017-12-20T15:01:00+00:00\",\"mainEntityOfPage\":{\"@id\":\"https:\/\/hudo.com\/si\/aktualno\/nekdanji-svetovni-prvak-loeb-se-2018-vraca-na-tri-dirke\/\"},\"wordCount\":149,\"publisher\":{\"@id\":\"https:\/\/hudo.com\/si\/#organization\"},\"articleSection\":[\"Aktualno\"],\"inLanguage\":\"sl-SI\"},{\"@type\":\"WebPage\",\"@id\":\"https:\/\/hudo.com\/si\/aktualno\/nekdanji-svetovni-prvak-loeb-se-2018-vraca-na-tri-dirke\/\",\"url\":\"https:\/\/hudo.com\/si\/aktualno\/nekdanji-svetovni-prvak-loeb-se-2018-vraca-na-tri-dirke\/\",\"name\":\"Nekdanji svetovni prvak Loeb se 2018 vra\u010da na tri dirke - Hudo Slovenija\",\"isPartOf\":{\"@id\":\"https:\/\/hudo.com\/si\/#website\"},\"datePublished\":\"2017-12-20T15:01:00+00:00\",\"dateModified\":\"2017-12-20T15:01:00+00:00\",\"breadcrumb\":{\"@id\":\"https:\/\/hudo.com\/si\/aktualno\/nekdanji-svetovni-prvak-loeb-se-2018-vraca-na-tri-dirke\/#breadcrumb\"},\"inLanguage\":\"sl-SI\",\"potentialAction\":[{\"@type\":\"ReadAction\",\"target\":[\"https:\/\/hudo.com\/si\/aktualno\/nekdanji-svetovni-prvak-loeb-se-2018-vraca-na-tri-dirke\/\"]}]},{\"@type\":\"BreadcrumbList\",\"@id\":\"https:\/\/hudo.com\/si\/aktualno\/nekdanji-svetovni-prvak-loeb-se-2018-vraca-na-tri-dirke\/#breadcrumb\",\"itemListElement\":[{\"@type\":\"ListItem\",\"position\":1,\"name\":\"Home\",\"item\":\"https:\/\/hudo.com\/si\/\"},{\"@type\":\"ListItem\",\"position\":2,\"name\":\"Nekdanji svetovni prvak Loeb se 2018 vra\u010da na tri dirke\"}]},{\"@type\":\"WebSite\",\"@id\":\"https:\/\/hudo.com\/si\/#website\",\"url\":\"https:\/\/hudo.com\/si\/\",\"name\":\"Hudo Slovenija\",\"description\":\"Vse novice iz Slovenije in sveta\",\"publisher\":{\"@id\":\"https:\/\/hudo.com\/si\/#organization\"},\"potentialAction\":[{\"@type\":\"SearchAction\",\"target\":{\"@type\":\"EntryPoint\",\"urlTemplate\":\"https:\/\/hudo.com\/si\/?s={search_term_string}\"},\"query-input\":\"required name=search_term_string\"}],\"inLanguage\":\"sl-SI\"},{\"@type\":\"Organization\",\"@id\":\"https:\/\/hudo.com\/si\/#organization\",\"name\":\"VSN Media\",\"url\":\"https:\/\/hudo.com\/si\/\",\"logo\":{\"@type\":\"ImageObject\",\"inLanguage\":\"sl-SI\",\"@id\":\"https:\/\/hudo.com\/si\/#\/schema\/logo\/image\/\",\"url\":\"https:\/\/hudo.com\/si\/wp-content\/uploads\/sites\/2\/2021\/03\/hudo-app-2.png\",\"contentUrl\":\"https:\/\/hudo.com\/si\/wp-content\/uploads\/sites\/2\/2021\/03\/hudo-app-2.png\",\"width\":2185,\"height\":2167,\"caption\":\"VSN Media\"},\"image\":{\"@id\":\"https:\/\/hudo.com\/si\/#\/schema\/logo\/image\/\"},\"sameAs\":[\"https:\/\/www.facebook.com\/hudo.si\",\"https:\/\/twitter.com\/hudo_si\"]},{\"@type\":\"Person\",\"@id\":\"https:\/\/hudo.com\/si\/#\/schema\/person\/601cf3379633985b20f7e50f2bb47707\",\"name\":\"hudo\",\"image\":{\"@type\":\"ImageObject\",\"inLanguage\":\"sl-SI\",\"@id\":\"https:\/\/hudo.com\/si\/#\/schema\/person\/image\/\",\"url\":\"https:\/\/secure.gravatar.com\/avatar\/c4ca25fa72cace7a696b52ff5db9e095?s=96&d=mm&r=g\",\"contentUrl\":\"https:\/\/secure.gravatar.com\/avatar\/c4ca25fa72cace7a696b52ff5db9e095?s=96&d=mm&r=g\",\"caption\":\"hudo\"},\"url\":\"https:\/\/hudo.com\/si\/author\/hudo\/\"}]}<\/script>\n<!-- \/ Yoast SEO plugin. -->","yoast_head_json":{"title":"Nekdanji svetovni prvak Loeb se 2018 vra\u010da na tri dirke - Hudo Slovenija","robots":{"index":"index","follow":"follow","max-snippet":"max-snippet:-1","max-image-preview":"max-image-preview:large","max-video-preview":"max-video-preview:-1"},"canonical":"https:\/\/hudo.com\/si\/aktualno\/nekdanji-svetovni-prvak-loeb-se-2018-vraca-na-tri-dirke\/","og_locale":"sl_SI","og_type":"article","og_title":"Nekdanji svetovni prvak Loeb se 2018 vra\u010da na tri dirke - Hudo Slovenija","og_description":"Kategorija: Avtomoto Wed, 20 Dec 2017 17:01:00 +0100 Pariz - Nekdanji svetovni prvak v reliju, Francoz Sebastien Loeb, bo v sezoni 2018 vnovi\u010d prekinil \u0161portno upokojitev ter marca nastopil na dirki v Mehiki, aprila na Korziki in oktobra v \u0160paniji, poro\u010da agencija dpa. Triin\u0161tiridesetletni Loeb bo v ekipi Citroena na dirkah zamenjal Irca Craiga Breena, na dirkah pa bo z njim vnovi\u010d sodeloval dolgoletni sovoznik Daniel Elena. Loeb in Elena sta si med letoma 2004 in 2012 priborila devet zaporednih naslovov svetovnih prvakov. Francoz se je nato poslovil od tekmovanj in se na dirkah za svetovno prvenstvo pojavljal le izjemoma, nazadnje leta 2015 v Monte Carlu. \"Na dirke bom \u0161el popolnoma brez pri\u010dakovanj. Rad bi enostavno u\u017eival. Res pa je, da smo bili na testnih vo\u017enjah letos vsi zelo zadovoljni, posebej jaz sam in nastop na treh dirkah je le logi\u010dna\u00a0...","og_url":"https:\/\/hudo.com\/si\/aktualno\/nekdanji-svetovni-prvak-loeb-se-2018-vraca-na-tri-dirke\/","og_site_name":"Hudo Slovenija","article_publisher":"https:\/\/www.facebook.com\/hudo.si","article_published_time":"2017-12-20T15:01:00+00:00","og_image":[{"width":480,"height":290,"url":"https:\/\/hudo.com\/si\/wp-content\/uploads\/sites\/2\/2017\/12\/480x290_AFP_Photo-20120927122612-01796700.jpeg","type":"image\/jpeg"}],"author":"hudo","twitter_card":"summary_large_image","twitter_creator":"@hudo_si","twitter_site":"@hudo_si","twitter_misc":{"Written by":"hudo","Est. reading time":"1 minuta"},"schema":{"@context":"https:\/\/schema.org","@graph":[{"@type":"Article","@id":"https:\/\/hudo.com\/si\/aktualno\/nekdanji-svetovni-prvak-loeb-se-2018-vraca-na-tri-dirke\/#article","isPartOf":{"@id":"https:\/\/hudo.com\/si\/aktualno\/nekdanji-svetovni-prvak-loeb-se-2018-vraca-na-tri-dirke\/"},"author":{"name":"hudo","@id":"https:\/\/hudo.com\/si\/#\/schema\/person\/601cf3379633985b20f7e50f2bb47707"},"headline":"Nekdanji svetovni prvak Loeb se 2018 vra\u010da na tri dirke","datePublished":"2017-12-20T15:01:00+00:00","dateModified":"2017-12-20T15:01:00+00:00","mainEntityOfPage":{"@id":"https:\/\/hudo.com\/si\/aktualno\/nekdanji-svetovni-prvak-loeb-se-2018-vraca-na-tri-dirke\/"},"wordCount":149,"publisher":{"@id":"https:\/\/hudo.com\/si\/#organization"},"articleSection":["Aktualno"],"inLanguage":"sl-SI"},{"@type":"WebPage","@id":"https:\/\/hudo.com\/si\/aktualno\/nekdanji-svetovni-prvak-loeb-se-2018-vraca-na-tri-dirke\/","url":"https:\/\/hudo.com\/si\/aktualno\/nekdanji-svetovni-prvak-loeb-se-2018-vraca-na-tri-dirke\/","name":"Nekdanji svetovni prvak Loeb se 2018 vra\u010da na tri dirke - Hudo Slovenija","isPartOf":{"@id":"https:\/\/hudo.com\/si\/#website"},"datePublished":"2017-12-20T15:01:00+00:00","dateModified":"2017-12-20T15:01:00+00:00","breadcrumb":{"@id":"https:\/\/hudo.com\/si\/aktualno\/nekdanji-svetovni-prvak-loeb-se-2018-vraca-na-tri-dirke\/#breadcrumb"},"inLanguage":"sl-SI","potentialAction":[{"@type":"ReadAction","target":["https:\/\/hudo.com\/si\/aktualno\/nekdanji-svetovni-prvak-loeb-se-2018-vraca-na-tri-dirke\/"]}]},{"@type":"BreadcrumbList","@id":"https:\/\/hudo.com\/si\/aktualno\/nekdanji-svetovni-prvak-loeb-se-2018-vraca-na-tri-dirke\/#breadcrumb","itemListElement":[{"@type":"ListItem","position":1,"name":"Home","item":"https:\/\/hudo.com\/si\/"},{"@type":"ListItem","position":2,"name":"Nekdanji svetovni prvak Loeb se 2018 vra\u010da na tri dirke"}]},{"@type":"WebSite","@id":"https:\/\/hudo.com\/si\/#website","url":"https:\/\/hudo.com\/si\/","name":"Hudo Slovenija","description":"Vse novice iz Slovenije in sveta","publisher":{"@id":"https:\/\/hudo.com\/si\/#organization"},"potentialAction":[{"@type":"SearchAction","target":{"@type":"EntryPoint","urlTemplate":"https:\/\/hudo.com\/si\/?s={search_term_string}"},"query-input":"required name=search_term_string"}],"inLanguage":"sl-SI"},{"@type":"Organization","@id":"https:\/\/hudo.com\/si\/#organization","name":"VSN Media","url":"https:\/\/hudo.com\/si\/","logo":{"@type":"ImageObject","inLanguage":"sl-SI","@id":"https:\/\/hudo.com\/si\/#\/schema\/logo\/image\/","url":"https:\/\/hudo.com\/si\/wp-content\/uploads\/sites\/2\/2021\/03\/hudo-app-2.png","contentUrl":"https:\/\/hudo.com\/si\/wp-content\/uploads\/sites\/2\/2021\/03\/hudo-app-2.png","width":2185,"height":2167,"caption":"VSN Media"},"image":{"@id":"https:\/\/hudo.com\/si\/#\/schema\/logo\/image\/"},"sameAs":["https:\/\/www.facebook.com\/hudo.si","https:\/\/twitter.com\/hudo_si"]},{"@type":"Person","@id":"https:\/\/hudo.com\/si\/#\/schema\/person\/601cf3379633985b20f7e50f2bb47707","name":"hudo","image":{"@type":"ImageObject","inLanguage":"sl-SI","@id":"https:\/\/hudo.com\/si\/#\/schema\/person\/image\/","url":"https:\/\/secure.gravatar.com\/avatar\/c4ca25fa72cace7a696b52ff5db9e095?s=96&d=mm&r=g","contentUrl":"https:\/\/secure.gravatar.com\/avatar\/c4ca25fa72cace7a696b52ff5db9e095?s=96&d=mm&r=g","caption":"hudo"},"url":"https:\/\/hudo.com\/si\/author\/hudo\/"}]}},"amp_enabled":true,"_links":{"self":[{"href":"https:\/\/hudo.com\/si\/wp-json\/wp\/v2\/posts\/335635"}],"collection":[{"href":"https:\/\/hudo.com\/si\/wp-json\/wp\/v2\/posts"}],"about":[{"href":"https:\/\/hudo.com\/si\/wp-json\/wp\/v2\/types\/post"}],"author":[{"embeddable":true,"href":"https:\/\/hudo.com\/si\/wp-json\/wp\/v2\/users\/1"}],"replies":[{"embeddable":true,"href":"https:\/\/hudo.com\/si\/wp-json\/wp\/v2\/comments?post=335635"}],"version-history":[{"count":0,"href":"https:\/\/hudo.com\/si\/wp-json\/wp\/v2\/posts\/335635\/revisions"}],"wp:attachment":[{"href":"https:\/\/hudo.com\/si\/wp-json\/wp\/v2\/media?parent=335635"}],"wp:term":[{"taxonomy":"category","embeddable":true,"href":"https:\/\/hudo.com\/si\/wp-json\/wp\/v2\/categories?post=335635"},{"taxonomy":"post_tag","embeddable":true,"href":"https:\/\/hudo.com\/si\/wp-json\/wp\/v2\/tags?post=335635"},{"taxonomy":"source","embeddable":true,"href":"https:\/\/hudo.com\/si\/wp-json\/wp\/v2\/source?post=335635"},{"taxonomy":"supertag","embeddable":true,"href":"https:\/\/hudo.com\/si\/wp-json\/wp\/v2\/supertag?post=335635"}],"curies":[{"name":"wp","href":"https:\/\/api.w.org\/{rel}","templated":true}]}}