{"id":335655,"date":"2017-12-20T17:19:00","date_gmt":"2017-12-20T16:19:00","guid":{"rendered":"http:\/\/hudo.com\/si\/2017\/12\/20\/20-maj-bo-svetovni-dan-cebel\/"},"modified":"2017-12-20T17:19:00","modified_gmt":"2017-12-20T16:19:00","slug":"20-maj-bo-svetovni-dan-cebel","status":"publish","type":"post","link":"https:\/\/hudo.com\/si\/aktualno\/20-maj-bo-svetovni-dan-cebel\/","title":{"rendered":"20. maj bo svetovni dan \u010debel!"},"content":{"rendered":"<p>Kategorija: Okolje Wed, 20 Dec 2017 18:19:00 +0100  Zdru\u017eeni narodi so na slovensko pobudo 20. maj razglasili za svetovni dan \u010debel. S tem se zaklju\u010duje ve\u010d kot triletni trud, ki pa je po besedah predsednika \u010cebelarske zveze Slovenije in glavnega pobudnika Bo\u0161tjana No\u010da le prva etapa. Dan je namenjen predvsem zavedanju izjemnega pomena \u010debel za pre\u017eivetje \u010dloveka. Generalna skup\u0161\u010dina Zdru\u017eenih narodov (ZN) je v New Yorku soglasno sprejela resolucijo, s katero je 20. maj razglasila za svetovni dan \u010debel. Na ta dan bodo strokovnjaki, \u010debelarji in drugi, ki se zavedajo pomena \u010debel in opra\u0161evalcev, opozarjali na pomembnost ohranjanja \u010debel, na pomen \u010debel za celotno \u010dlove\u0161tvo ter pozivali h konkretnim aktivnostim za njihovo ohranjanje. Od opra\u0161evanja odvisna tretjina pridelane hrane Podatki Organizacije ZN za prehrano in kmetijstvo (FAO) ka\u017eejo, da imajo \u010debele in drugi opra\u0161evalci neprecenljivo vrednost pri zagotavljanju svetovne varnosti preskrbe\u00a0&#8230;<\/p>\n","protected":false},"excerpt":{"rendered":"<p>Kategorija: Okolje Wed, 20 Dec 2017 18:19:00 +0100  Zdru\u017eeni narodi so na slovensko pobudo 20. maj razglasili za svetovni dan \u010debel. S tem se zaklju\u010duje ve\u010d kot triletni trud, ki pa je po besedah predsednika \u010cebelarske zveze Slovenije in glavnega pobudnika Bo\u0161tjana No\u010da le prva etapa. Dan je namenjen predvsem zavedanju izjemnega pomena \u010debel za pre\u017eivetje \u010dloveka. Generalna skup\u0161\u010dina Zdru\u017eenih narodov (ZN) je v New Yorku soglasno sprejela resolucijo, s katero je 20. maj razglasila za svetovni dan \u010debel. Na ta dan bodo strokovnjaki, \u010debelarji in drugi, ki se zavedajo pomena \u010debel in opra\u0161evalcev, opozarjali na pomembnost ohranjanja \u010debel, na pomen \u010debel za celotno \u010dlove\u0161tvo ter pozivali h konkretnim aktivnostim za njihovo ohranjanje. Od opra\u0161evanja odvisna tretjina pridelane hrane Podatki Organizacije ZN za prehrano in kmetijstvo (FAO) ka\u017eejo, da imajo \u010debele in drugi opra\u0161evalci neprecenljivo vrednost pri zagotavljanju svetovne varnosti preskrbe\u00a0&#8230;<\/p>\n","protected":false},"author":1,"featured_media":0,"comment_status":"closed","ping_status":"closed","sticky":false,"template":"","format":"standard","meta":{"footnotes":""},"categories":[1179],"tags":[],"source":[1703],"supertag":[],"acf":[],"yoast_head":"<!-- This site is optimized with the Yoast SEO plugin v21.3 - https:\/\/yoast.com\/wordpress\/plugins\/seo\/ -->\n<title>20. maj bo svetovni dan \u010debel! - Hudo Slovenija<\/title>\n<meta name=\"robots\" content=\"index, follow, max-snippet:-1, max-image-preview:large, max-video-preview:-1\" \/>\n<link rel=\"canonical\" href=\"https:\/\/hudo.com\/si\/aktualno\/20-maj-bo-svetovni-dan-cebel\/\" \/>\n<meta property=\"og:locale\" content=\"sl_SI\" \/>\n<meta property=\"og:type\" content=\"article\" \/>\n<meta property=\"og:title\" content=\"20. maj bo svetovni dan \u010debel! - Hudo Slovenija\" \/>\n<meta property=\"og:description\" content=\"Kategorija: Okolje Wed, 20 Dec 2017 18:19:00 +0100 Zdru\u017eeni narodi so na slovensko pobudo 20. maj razglasili za svetovni dan \u010debel. S tem se zaklju\u010duje ve\u010d kot triletni trud, ki pa je po besedah predsednika \u010cebelarske zveze Slovenije in glavnega pobudnika Bo\u0161tjana No\u010da le prva etapa. Dan je namenjen predvsem zavedanju izjemnega pomena \u010debel za pre\u017eivetje \u010dloveka. Generalna skup\u0161\u010dina Zdru\u017eenih narodov (ZN) je v New Yorku soglasno sprejela resolucijo, s katero je 20. maj razglasila za svetovni dan \u010debel. Na ta dan bodo strokovnjaki, \u010debelarji in drugi, ki se zavedajo pomena \u010debel in opra\u0161evalcev, opozarjali na pomembnost ohranjanja \u010debel, na pomen \u010debel za celotno \u010dlove\u0161tvo ter pozivali h konkretnim aktivnostim za njihovo ohranjanje. Od opra\u0161evanja odvisna tretjina pridelane hrane Podatki Organizacije ZN za prehrano in kmetijstvo (FAO) ka\u017eejo, da imajo \u010debele in drugi opra\u0161evalci neprecenljivo vrednost pri zagotavljanju svetovne varnosti preskrbe\u00a0...\" \/>\n<meta property=\"og:url\" content=\"https:\/\/hudo.com\/si\/aktualno\/20-maj-bo-svetovni-dan-cebel\/\" \/>\n<meta property=\"og:site_name\" content=\"Hudo Slovenija\" \/>\n<meta property=\"article:publisher\" content=\"https:\/\/www.facebook.com\/hudo.si\" \/>\n<meta property=\"article:published_time\" content=\"2017-12-20T16:19:00+00:00\" \/>\n<meta property=\"og:image\" content=\"https:\/\/hudo.com\/si\/wp-content\/uploads\/sites\/2\/2017\/12\/480x290_djvu_2584397_pmaja_imo-Kranjska-sivka.jpeg\" \/>\n\t<meta property=\"og:image:width\" content=\"480\" \/>\n\t<meta property=\"og:image:height\" content=\"290\" \/>\n\t<meta property=\"og:image:type\" content=\"image\/jpeg\" \/>\n<meta name=\"author\" content=\"hudo\" \/>\n<meta name=\"twitter:card\" content=\"summary_large_image\" \/>\n<meta name=\"twitter:creator\" content=\"@hudo_si\" \/>\n<meta name=\"twitter:site\" content=\"@hudo_si\" \/>\n<meta name=\"twitter:label1\" content=\"Written by\" \/>\n\t<meta name=\"twitter:data1\" content=\"hudo\" \/>\n\t<meta name=\"twitter:label2\" content=\"Est. reading time\" \/>\n\t<meta name=\"twitter:data2\" content=\"1 minuta\" \/>\n<script type=\"application\/ld+json\" class=\"yoast-schema-graph\">{\"@context\":\"https:\/\/schema.org\",\"@graph\":[{\"@type\":\"Article\",\"@id\":\"https:\/\/hudo.com\/si\/aktualno\/20-maj-bo-svetovni-dan-cebel\/#article\",\"isPartOf\":{\"@id\":\"https:\/\/hudo.com\/si\/aktualno\/20-maj-bo-svetovni-dan-cebel\/\"},\"author\":{\"name\":\"hudo\",\"@id\":\"https:\/\/hudo.com\/si\/#\/schema\/person\/601cf3379633985b20f7e50f2bb47707\"},\"headline\":\"20. maj bo svetovni dan \u010debel!\",\"datePublished\":\"2017-12-20T16:19:00+00:00\",\"dateModified\":\"2017-12-20T16:19:00+00:00\",\"mainEntityOfPage\":{\"@id\":\"https:\/\/hudo.com\/si\/aktualno\/20-maj-bo-svetovni-dan-cebel\/\"},\"wordCount\":152,\"publisher\":{\"@id\":\"https:\/\/hudo.com\/si\/#organization\"},\"articleSection\":[\"Aktualno\"],\"inLanguage\":\"sl-SI\"},{\"@type\":\"WebPage\",\"@id\":\"https:\/\/hudo.com\/si\/aktualno\/20-maj-bo-svetovni-dan-cebel\/\",\"url\":\"https:\/\/hudo.com\/si\/aktualno\/20-maj-bo-svetovni-dan-cebel\/\",\"name\":\"20. maj bo svetovni dan \u010debel! - Hudo Slovenija\",\"isPartOf\":{\"@id\":\"https:\/\/hudo.com\/si\/#website\"},\"datePublished\":\"2017-12-20T16:19:00+00:00\",\"dateModified\":\"2017-12-20T16:19:00+00:00\",\"breadcrumb\":{\"@id\":\"https:\/\/hudo.com\/si\/aktualno\/20-maj-bo-svetovni-dan-cebel\/#breadcrumb\"},\"inLanguage\":\"sl-SI\",\"potentialAction\":[{\"@type\":\"ReadAction\",\"target\":[\"https:\/\/hudo.com\/si\/aktualno\/20-maj-bo-svetovni-dan-cebel\/\"]}]},{\"@type\":\"BreadcrumbList\",\"@id\":\"https:\/\/hudo.com\/si\/aktualno\/20-maj-bo-svetovni-dan-cebel\/#breadcrumb\",\"itemListElement\":[{\"@type\":\"ListItem\",\"position\":1,\"name\":\"Home\",\"item\":\"https:\/\/hudo.com\/si\/\"},{\"@type\":\"ListItem\",\"position\":2,\"name\":\"20. maj bo svetovni dan \u010debel!\"}]},{\"@type\":\"WebSite\",\"@id\":\"https:\/\/hudo.com\/si\/#website\",\"url\":\"https:\/\/hudo.com\/si\/\",\"name\":\"Hudo Slovenija\",\"description\":\"Vse novice iz Slovenije in sveta\",\"publisher\":{\"@id\":\"https:\/\/hudo.com\/si\/#organization\"},\"potentialAction\":[{\"@type\":\"SearchAction\",\"target\":{\"@type\":\"EntryPoint\",\"urlTemplate\":\"https:\/\/hudo.com\/si\/?s={search_term_string}\"},\"query-input\":\"required name=search_term_string\"}],\"inLanguage\":\"sl-SI\"},{\"@type\":\"Organization\",\"@id\":\"https:\/\/hudo.com\/si\/#organization\",\"name\":\"VSN Media\",\"url\":\"https:\/\/hudo.com\/si\/\",\"logo\":{\"@type\":\"ImageObject\",\"inLanguage\":\"sl-SI\",\"@id\":\"https:\/\/hudo.com\/si\/#\/schema\/logo\/image\/\",\"url\":\"https:\/\/hudo.com\/si\/wp-content\/uploads\/sites\/2\/2021\/03\/hudo-app-2.png\",\"contentUrl\":\"https:\/\/hudo.com\/si\/wp-content\/uploads\/sites\/2\/2021\/03\/hudo-app-2.png\",\"width\":2185,\"height\":2167,\"caption\":\"VSN Media\"},\"image\":{\"@id\":\"https:\/\/hudo.com\/si\/#\/schema\/logo\/image\/\"},\"sameAs\":[\"https:\/\/www.facebook.com\/hudo.si\",\"https:\/\/twitter.com\/hudo_si\"]},{\"@type\":\"Person\",\"@id\":\"https:\/\/hudo.com\/si\/#\/schema\/person\/601cf3379633985b20f7e50f2bb47707\",\"name\":\"hudo\",\"image\":{\"@type\":\"ImageObject\",\"inLanguage\":\"sl-SI\",\"@id\":\"https:\/\/hudo.com\/si\/#\/schema\/person\/image\/\",\"url\":\"https:\/\/secure.gravatar.com\/avatar\/c4ca25fa72cace7a696b52ff5db9e095?s=96&d=mm&r=g\",\"contentUrl\":\"https:\/\/secure.gravatar.com\/avatar\/c4ca25fa72cace7a696b52ff5db9e095?s=96&d=mm&r=g\",\"caption\":\"hudo\"},\"url\":\"https:\/\/hudo.com\/si\/author\/hudo\/\"}]}<\/script>\n<!-- \/ Yoast SEO plugin. -->","yoast_head_json":{"title":"20. maj bo svetovni dan \u010debel! - Hudo Slovenija","robots":{"index":"index","follow":"follow","max-snippet":"max-snippet:-1","max-image-preview":"max-image-preview:large","max-video-preview":"max-video-preview:-1"},"canonical":"https:\/\/hudo.com\/si\/aktualno\/20-maj-bo-svetovni-dan-cebel\/","og_locale":"sl_SI","og_type":"article","og_title":"20. maj bo svetovni dan \u010debel! - Hudo Slovenija","og_description":"Kategorija: Okolje Wed, 20 Dec 2017 18:19:00 +0100 Zdru\u017eeni narodi so na slovensko pobudo 20. maj razglasili za svetovni dan \u010debel. S tem se zaklju\u010duje ve\u010d kot triletni trud, ki pa je po besedah predsednika \u010cebelarske zveze Slovenije in glavnega pobudnika Bo\u0161tjana No\u010da le prva etapa. Dan je namenjen predvsem zavedanju izjemnega pomena \u010debel za pre\u017eivetje \u010dloveka. Generalna skup\u0161\u010dina Zdru\u017eenih narodov (ZN) je v New Yorku soglasno sprejela resolucijo, s katero je 20. maj razglasila za svetovni dan \u010debel. Na ta dan bodo strokovnjaki, \u010debelarji in drugi, ki se zavedajo pomena \u010debel in opra\u0161evalcev, opozarjali na pomembnost ohranjanja \u010debel, na pomen \u010debel za celotno \u010dlove\u0161tvo ter pozivali h konkretnim aktivnostim za njihovo ohranjanje. Od opra\u0161evanja odvisna tretjina pridelane hrane Podatki Organizacije ZN za prehrano in kmetijstvo (FAO) ka\u017eejo, da imajo \u010debele in drugi opra\u0161evalci neprecenljivo vrednost pri zagotavljanju svetovne varnosti preskrbe\u00a0...","og_url":"https:\/\/hudo.com\/si\/aktualno\/20-maj-bo-svetovni-dan-cebel\/","og_site_name":"Hudo Slovenija","article_publisher":"https:\/\/www.facebook.com\/hudo.si","article_published_time":"2017-12-20T16:19:00+00:00","og_image":[{"width":480,"height":290,"url":"https:\/\/hudo.com\/si\/wp-content\/uploads\/sites\/2\/2017\/12\/480x290_djvu_2584397_pmaja_imo-Kranjska-sivka.jpeg","type":"image\/jpeg"}],"author":"hudo","twitter_card":"summary_large_image","twitter_creator":"@hudo_si","twitter_site":"@hudo_si","twitter_misc":{"Written by":"hudo","Est. reading time":"1 minuta"},"schema":{"@context":"https:\/\/schema.org","@graph":[{"@type":"Article","@id":"https:\/\/hudo.com\/si\/aktualno\/20-maj-bo-svetovni-dan-cebel\/#article","isPartOf":{"@id":"https:\/\/hudo.com\/si\/aktualno\/20-maj-bo-svetovni-dan-cebel\/"},"author":{"name":"hudo","@id":"https:\/\/hudo.com\/si\/#\/schema\/person\/601cf3379633985b20f7e50f2bb47707"},"headline":"20. maj bo svetovni dan \u010debel!","datePublished":"2017-12-20T16:19:00+00:00","dateModified":"2017-12-20T16:19:00+00:00","mainEntityOfPage":{"@id":"https:\/\/hudo.com\/si\/aktualno\/20-maj-bo-svetovni-dan-cebel\/"},"wordCount":152,"publisher":{"@id":"https:\/\/hudo.com\/si\/#organization"},"articleSection":["Aktualno"],"inLanguage":"sl-SI"},{"@type":"WebPage","@id":"https:\/\/hudo.com\/si\/aktualno\/20-maj-bo-svetovni-dan-cebel\/","url":"https:\/\/hudo.com\/si\/aktualno\/20-maj-bo-svetovni-dan-cebel\/","name":"20. maj bo svetovni dan \u010debel! - Hudo Slovenija","isPartOf":{"@id":"https:\/\/hudo.com\/si\/#website"},"datePublished":"2017-12-20T16:19:00+00:00","dateModified":"2017-12-20T16:19:00+00:00","breadcrumb":{"@id":"https:\/\/hudo.com\/si\/aktualno\/20-maj-bo-svetovni-dan-cebel\/#breadcrumb"},"inLanguage":"sl-SI","potentialAction":[{"@type":"ReadAction","target":["https:\/\/hudo.com\/si\/aktualno\/20-maj-bo-svetovni-dan-cebel\/"]}]},{"@type":"BreadcrumbList","@id":"https:\/\/hudo.com\/si\/aktualno\/20-maj-bo-svetovni-dan-cebel\/#breadcrumb","itemListElement":[{"@type":"ListItem","position":1,"name":"Home","item":"https:\/\/hudo.com\/si\/"},{"@type":"ListItem","position":2,"name":"20. maj bo svetovni dan \u010debel!"}]},{"@type":"WebSite","@id":"https:\/\/hudo.com\/si\/#website","url":"https:\/\/hudo.com\/si\/","name":"Hudo Slovenija","description":"Vse novice iz Slovenije in sveta","publisher":{"@id":"https:\/\/hudo.com\/si\/#organization"},"potentialAction":[{"@type":"SearchAction","target":{"@type":"EntryPoint","urlTemplate":"https:\/\/hudo.com\/si\/?s={search_term_string}"},"query-input":"required name=search_term_string"}],"inLanguage":"sl-SI"},{"@type":"Organization","@id":"https:\/\/hudo.com\/si\/#organization","name":"VSN Media","url":"https:\/\/hudo.com\/si\/","logo":{"@type":"ImageObject","inLanguage":"sl-SI","@id":"https:\/\/hudo.com\/si\/#\/schema\/logo\/image\/","url":"https:\/\/hudo.com\/si\/wp-content\/uploads\/sites\/2\/2021\/03\/hudo-app-2.png","contentUrl":"https:\/\/hudo.com\/si\/wp-content\/uploads\/sites\/2\/2021\/03\/hudo-app-2.png","width":2185,"height":2167,"caption":"VSN Media"},"image":{"@id":"https:\/\/hudo.com\/si\/#\/schema\/logo\/image\/"},"sameAs":["https:\/\/www.facebook.com\/hudo.si","https:\/\/twitter.com\/hudo_si"]},{"@type":"Person","@id":"https:\/\/hudo.com\/si\/#\/schema\/person\/601cf3379633985b20f7e50f2bb47707","name":"hudo","image":{"@type":"ImageObject","inLanguage":"sl-SI","@id":"https:\/\/hudo.com\/si\/#\/schema\/person\/image\/","url":"https:\/\/secure.gravatar.com\/avatar\/c4ca25fa72cace7a696b52ff5db9e095?s=96&d=mm&r=g","contentUrl":"https:\/\/secure.gravatar.com\/avatar\/c4ca25fa72cace7a696b52ff5db9e095?s=96&d=mm&r=g","caption":"hudo"},"url":"https:\/\/hudo.com\/si\/author\/hudo\/"}]}},"amp_enabled":true,"_links":{"self":[{"href":"https:\/\/hudo.com\/si\/wp-json\/wp\/v2\/posts\/335655"}],"collection":[{"href":"https:\/\/hudo.com\/si\/wp-json\/wp\/v2\/posts"}],"about":[{"href":"https:\/\/hudo.com\/si\/wp-json\/wp\/v2\/types\/post"}],"author":[{"embeddable":true,"href":"https:\/\/hudo.com\/si\/wp-json\/wp\/v2\/users\/1"}],"replies":[{"embeddable":true,"href":"https:\/\/hudo.com\/si\/wp-json\/wp\/v2\/comments?post=335655"}],"version-history":[{"count":0,"href":"https:\/\/hudo.com\/si\/wp-json\/wp\/v2\/posts\/335655\/revisions"}],"wp:attachment":[{"href":"https:\/\/hudo.com\/si\/wp-json\/wp\/v2\/media?parent=335655"}],"wp:term":[{"taxonomy":"category","embeddable":true,"href":"https:\/\/hudo.com\/si\/wp-json\/wp\/v2\/categories?post=335655"},{"taxonomy":"post_tag","embeddable":true,"href":"https:\/\/hudo.com\/si\/wp-json\/wp\/v2\/tags?post=335655"},{"taxonomy":"source","embeddable":true,"href":"https:\/\/hudo.com\/si\/wp-json\/wp\/v2\/source?post=335655"},{"taxonomy":"supertag","embeddable":true,"href":"https:\/\/hudo.com\/si\/wp-json\/wp\/v2\/supertag?post=335655"}],"curies":[{"name":"wp","href":"https:\/\/api.w.org\/{rel}","templated":true}]}}