{"id":335665,"date":"2017-12-20T16:30:00","date_gmt":"2017-12-20T15:30:00","guid":{"rendered":"http:\/\/hudo.com\/si\/2017\/12\/20\/drugi-tir-bi-lahko-ze-gradili-ce-ne-bi-bilo-pritozbe\/"},"modified":"2017-12-20T16:30:00","modified_gmt":"2017-12-20T15:30:00","slug":"drugi-tir-bi-lahko-ze-gradili-ce-ne-bi-bilo-pritozbe","status":"publish","type":"post","link":"https:\/\/hudo.com\/si\/aktualno\/drugi-tir-bi-lahko-ze-gradili-ce-ne-bi-bilo-pritozbe\/","title":{"rendered":"Drugi tir bi lahko \u017ee gradili, \u010de ne bi bilo prito\u017ebe"},"content":{"rendered":"<p>Kategorija: Slovenija Wed, 20 Dec 2017 17:30:00 +0100  Diva\u010da &#8211; \u00bbNaredili smo vse, kar smo lahko, in \u010de ne bi bilo pravnih zapletov, do katerih je pri\u0161lo zaradi prito\u017ebe Vilija Kova\u010di\u010da, bi jutri na gradbi\u0161\u010dih \u017ee lahko zabrneli stroji,\u00ab je ob dana\u0161njem podpisu pogodbe za izvedbo dostopnih cest za gradnjo drugega tira izjavil infrastrukturni minister Peter Ga\u0161per\u0161i\u010d. \u010ce ustavno sodi\u0161\u010de ne odlo\u010di do februarja in se pripravljalna dela ne za\u010dnejo, lahko Slovenija izgubi prvi del evropskih sredstev. Na vpra\u0161anje, kako je z ministrovim odstopom, ki ga je Peter Ga\u0161per\u0161i\u010d sam napovedal lani septembra ob interpelaciji, v primeru da do konca leta 2017 ne bo za\u010detka del na drugem tiru, nam je Ga\u0161per\u0161i\u010d odgovoril: \u00bbAli res pri\u010dakujete, da je na podlagi vsega narejenega za drugi tir, \u0161e primerno, da ponujam svoj odstop?\u00ab Minister je pred tem dejal, da so\u00a0&#8230;<\/p>\n","protected":false},"excerpt":{"rendered":"<p>Kategorija: Slovenija Wed, 20 Dec 2017 17:30:00 +0100  Diva\u010da &#8211; \u00bbNaredili smo vse, kar smo lahko, in \u010de ne bi bilo pravnih zapletov, do katerih je pri\u0161lo zaradi prito\u017ebe Vilija Kova\u010di\u010da, bi jutri na gradbi\u0161\u010dih \u017ee lahko zabrneli stroji,\u00ab je ob dana\u0161njem podpisu pogodbe za izvedbo dostopnih cest za gradnjo drugega tira izjavil infrastrukturni minister Peter Ga\u0161per\u0161i\u010d. \u010ce ustavno sodi\u0161\u010de ne odlo\u010di do februarja in se pripravljalna dela ne za\u010dnejo, lahko Slovenija izgubi prvi del evropskih sredstev. Na vpra\u0161anje, kako je z ministrovim odstopom, ki ga je Peter Ga\u0161per\u0161i\u010d sam napovedal lani septembra ob interpelaciji, v primeru da do konca leta 2017 ne bo za\u010detka del na drugem tiru, nam je Ga\u0161per\u0161i\u010d odgovoril: \u00bbAli res pri\u010dakujete, da je na podlagi vsega narejenega za drugi tir, \u0161e primerno, da ponujam svoj odstop?\u00ab Minister je pred tem dejal, da so\u00a0&#8230;<\/p>\n","protected":false},"author":1,"featured_media":0,"comment_status":"closed","ping_status":"closed","sticky":false,"template":"","format":"standard","meta":{"footnotes":""},"categories":[1179],"tags":[],"source":[1703],"supertag":[],"acf":[],"yoast_head":"<!-- This site is optimized with the Yoast SEO plugin v21.3 - https:\/\/yoast.com\/wordpress\/plugins\/seo\/ -->\n<title>Drugi tir bi lahko \u017ee gradili, \u010de ne bi bilo prito\u017ebe - Hudo Slovenija<\/title>\n<meta name=\"robots\" content=\"index, follow, max-snippet:-1, max-image-preview:large, max-video-preview:-1\" \/>\n<link rel=\"canonical\" href=\"https:\/\/hudo.com\/si\/aktualno\/drugi-tir-bi-lahko-ze-gradili-ce-ne-bi-bilo-pritozbe\/\" \/>\n<meta property=\"og:locale\" content=\"sl_SI\" \/>\n<meta property=\"og:type\" content=\"article\" \/>\n<meta property=\"og:title\" content=\"Drugi tir bi lahko \u017ee gradili, \u010de ne bi bilo prito\u017ebe - Hudo Slovenija\" \/>\n<meta property=\"og:description\" content=\"Kategorija: Slovenija Wed, 20 Dec 2017 17:30:00 +0100 Diva\u010da - \u00bbNaredili smo vse, kar smo lahko, in \u010de ne bi bilo pravnih zapletov, do katerih je pri\u0161lo zaradi prito\u017ebe Vilija Kova\u010di\u010da, bi jutri na gradbi\u0161\u010dih \u017ee lahko zabrneli stroji,\u00ab je ob dana\u0161njem podpisu pogodbe za izvedbo dostopnih cest za gradnjo drugega tira izjavil infrastrukturni minister Peter Ga\u0161per\u0161i\u010d. \u010ce ustavno sodi\u0161\u010de ne odlo\u010di do februarja in se pripravljalna dela ne za\u010dnejo, lahko Slovenija izgubi prvi del evropskih sredstev. Na vpra\u0161anje, kako je z ministrovim odstopom, ki ga je Peter Ga\u0161per\u0161i\u010d sam napovedal lani septembra ob interpelaciji, v primeru da do konca leta 2017 ne bo za\u010detka del na drugem tiru, nam je Ga\u0161per\u0161i\u010d odgovoril: \u00bbAli res pri\u010dakujete, da je na podlagi vsega narejenega za drugi tir, \u0161e primerno, da ponujam svoj odstop?\u00ab Minister je pred tem dejal, da so\u00a0...\" \/>\n<meta property=\"og:url\" content=\"https:\/\/hudo.com\/si\/aktualno\/drugi-tir-bi-lahko-ze-gradili-ce-ne-bi-bilo-pritozbe\/\" \/>\n<meta property=\"og:site_name\" content=\"Hudo Slovenija\" \/>\n<meta property=\"article:publisher\" content=\"https:\/\/www.facebook.com\/hudo.si\" \/>\n<meta property=\"article:published_time\" content=\"2017-12-20T15:30:00+00:00\" \/>\n<meta property=\"og:image\" content=\"https:\/\/hudo.com\/si\/wp-content\/uploads\/sites\/2\/2017\/12\/480x290_Delo_Foto-20171220141358-88692800.jpeg\" \/>\n\t<meta property=\"og:image:width\" content=\"480\" \/>\n\t<meta property=\"og:image:height\" content=\"290\" \/>\n\t<meta property=\"og:image:type\" content=\"image\/jpeg\" \/>\n<meta name=\"author\" content=\"hudo\" \/>\n<meta name=\"twitter:card\" content=\"summary_large_image\" \/>\n<meta name=\"twitter:creator\" content=\"@hudo_si\" \/>\n<meta name=\"twitter:site\" content=\"@hudo_si\" \/>\n<meta name=\"twitter:label1\" content=\"Written by\" \/>\n\t<meta name=\"twitter:data1\" content=\"hudo\" \/>\n\t<meta name=\"twitter:label2\" content=\"Est. reading time\" \/>\n\t<meta name=\"twitter:data2\" content=\"1 minuta\" \/>\n<script type=\"application\/ld+json\" class=\"yoast-schema-graph\">{\"@context\":\"https:\/\/schema.org\",\"@graph\":[{\"@type\":\"Article\",\"@id\":\"https:\/\/hudo.com\/si\/aktualno\/drugi-tir-bi-lahko-ze-gradili-ce-ne-bi-bilo-pritozbe\/#article\",\"isPartOf\":{\"@id\":\"https:\/\/hudo.com\/si\/aktualno\/drugi-tir-bi-lahko-ze-gradili-ce-ne-bi-bilo-pritozbe\/\"},\"author\":{\"name\":\"hudo\",\"@id\":\"https:\/\/hudo.com\/si\/#\/schema\/person\/601cf3379633985b20f7e50f2bb47707\"},\"headline\":\"Drugi tir bi lahko \u017ee gradili, \u010de ne bi bilo prito\u017ebe\",\"datePublished\":\"2017-12-20T15:30:00+00:00\",\"dateModified\":\"2017-12-20T15:30:00+00:00\",\"mainEntityOfPage\":{\"@id\":\"https:\/\/hudo.com\/si\/aktualno\/drugi-tir-bi-lahko-ze-gradili-ce-ne-bi-bilo-pritozbe\/\"},\"wordCount\":164,\"publisher\":{\"@id\":\"https:\/\/hudo.com\/si\/#organization\"},\"articleSection\":[\"Aktualno\"],\"inLanguage\":\"sl-SI\"},{\"@type\":\"WebPage\",\"@id\":\"https:\/\/hudo.com\/si\/aktualno\/drugi-tir-bi-lahko-ze-gradili-ce-ne-bi-bilo-pritozbe\/\",\"url\":\"https:\/\/hudo.com\/si\/aktualno\/drugi-tir-bi-lahko-ze-gradili-ce-ne-bi-bilo-pritozbe\/\",\"name\":\"Drugi tir bi lahko \u017ee gradili, \u010de ne bi bilo prito\u017ebe - Hudo Slovenija\",\"isPartOf\":{\"@id\":\"https:\/\/hudo.com\/si\/#website\"},\"datePublished\":\"2017-12-20T15:30:00+00:00\",\"dateModified\":\"2017-12-20T15:30:00+00:00\",\"breadcrumb\":{\"@id\":\"https:\/\/hudo.com\/si\/aktualno\/drugi-tir-bi-lahko-ze-gradili-ce-ne-bi-bilo-pritozbe\/#breadcrumb\"},\"inLanguage\":\"sl-SI\",\"potentialAction\":[{\"@type\":\"ReadAction\",\"target\":[\"https:\/\/hudo.com\/si\/aktualno\/drugi-tir-bi-lahko-ze-gradili-ce-ne-bi-bilo-pritozbe\/\"]}]},{\"@type\":\"BreadcrumbList\",\"@id\":\"https:\/\/hudo.com\/si\/aktualno\/drugi-tir-bi-lahko-ze-gradili-ce-ne-bi-bilo-pritozbe\/#breadcrumb\",\"itemListElement\":[{\"@type\":\"ListItem\",\"position\":1,\"name\":\"Home\",\"item\":\"https:\/\/hudo.com\/si\/\"},{\"@type\":\"ListItem\",\"position\":2,\"name\":\"Drugi tir bi lahko \u017ee gradili, \u010de ne bi bilo prito\u017ebe\"}]},{\"@type\":\"WebSite\",\"@id\":\"https:\/\/hudo.com\/si\/#website\",\"url\":\"https:\/\/hudo.com\/si\/\",\"name\":\"Hudo Slovenija\",\"description\":\"Vse novice iz Slovenije in sveta\",\"publisher\":{\"@id\":\"https:\/\/hudo.com\/si\/#organization\"},\"potentialAction\":[{\"@type\":\"SearchAction\",\"target\":{\"@type\":\"EntryPoint\",\"urlTemplate\":\"https:\/\/hudo.com\/si\/?s={search_term_string}\"},\"query-input\":\"required name=search_term_string\"}],\"inLanguage\":\"sl-SI\"},{\"@type\":\"Organization\",\"@id\":\"https:\/\/hudo.com\/si\/#organization\",\"name\":\"VSN Media\",\"url\":\"https:\/\/hudo.com\/si\/\",\"logo\":{\"@type\":\"ImageObject\",\"inLanguage\":\"sl-SI\",\"@id\":\"https:\/\/hudo.com\/si\/#\/schema\/logo\/image\/\",\"url\":\"https:\/\/hudo.com\/si\/wp-content\/uploads\/sites\/2\/2021\/03\/hudo-app-2.png\",\"contentUrl\":\"https:\/\/hudo.com\/si\/wp-content\/uploads\/sites\/2\/2021\/03\/hudo-app-2.png\",\"width\":2185,\"height\":2167,\"caption\":\"VSN Media\"},\"image\":{\"@id\":\"https:\/\/hudo.com\/si\/#\/schema\/logo\/image\/\"},\"sameAs\":[\"https:\/\/www.facebook.com\/hudo.si\",\"https:\/\/twitter.com\/hudo_si\"]},{\"@type\":\"Person\",\"@id\":\"https:\/\/hudo.com\/si\/#\/schema\/person\/601cf3379633985b20f7e50f2bb47707\",\"name\":\"hudo\",\"image\":{\"@type\":\"ImageObject\",\"inLanguage\":\"sl-SI\",\"@id\":\"https:\/\/hudo.com\/si\/#\/schema\/person\/image\/\",\"url\":\"https:\/\/secure.gravatar.com\/avatar\/c4ca25fa72cace7a696b52ff5db9e095?s=96&d=mm&r=g\",\"contentUrl\":\"https:\/\/secure.gravatar.com\/avatar\/c4ca25fa72cace7a696b52ff5db9e095?s=96&d=mm&r=g\",\"caption\":\"hudo\"},\"url\":\"https:\/\/hudo.com\/si\/author\/hudo\/\"}]}<\/script>\n<!-- \/ Yoast SEO plugin. -->","yoast_head_json":{"title":"Drugi tir bi lahko \u017ee gradili, \u010de ne bi bilo prito\u017ebe - Hudo Slovenija","robots":{"index":"index","follow":"follow","max-snippet":"max-snippet:-1","max-image-preview":"max-image-preview:large","max-video-preview":"max-video-preview:-1"},"canonical":"https:\/\/hudo.com\/si\/aktualno\/drugi-tir-bi-lahko-ze-gradili-ce-ne-bi-bilo-pritozbe\/","og_locale":"sl_SI","og_type":"article","og_title":"Drugi tir bi lahko \u017ee gradili, \u010de ne bi bilo prito\u017ebe - Hudo Slovenija","og_description":"Kategorija: Slovenija Wed, 20 Dec 2017 17:30:00 +0100 Diva\u010da - \u00bbNaredili smo vse, kar smo lahko, in \u010de ne bi bilo pravnih zapletov, do katerih je pri\u0161lo zaradi prito\u017ebe Vilija Kova\u010di\u010da, bi jutri na gradbi\u0161\u010dih \u017ee lahko zabrneli stroji,\u00ab je ob dana\u0161njem podpisu pogodbe za izvedbo dostopnih cest za gradnjo drugega tira izjavil infrastrukturni minister Peter Ga\u0161per\u0161i\u010d. \u010ce ustavno sodi\u0161\u010de ne odlo\u010di do februarja in se pripravljalna dela ne za\u010dnejo, lahko Slovenija izgubi prvi del evropskih sredstev. Na vpra\u0161anje, kako je z ministrovim odstopom, ki ga je Peter Ga\u0161per\u0161i\u010d sam napovedal lani septembra ob interpelaciji, v primeru da do konca leta 2017 ne bo za\u010detka del na drugem tiru, nam je Ga\u0161per\u0161i\u010d odgovoril: \u00bbAli res pri\u010dakujete, da je na podlagi vsega narejenega za drugi tir, \u0161e primerno, da ponujam svoj odstop?\u00ab Minister je pred tem dejal, da so\u00a0...","og_url":"https:\/\/hudo.com\/si\/aktualno\/drugi-tir-bi-lahko-ze-gradili-ce-ne-bi-bilo-pritozbe\/","og_site_name":"Hudo Slovenija","article_publisher":"https:\/\/www.facebook.com\/hudo.si","article_published_time":"2017-12-20T15:30:00+00:00","og_image":[{"width":480,"height":290,"url":"https:\/\/hudo.com\/si\/wp-content\/uploads\/sites\/2\/2017\/12\/480x290_Delo_Foto-20171220141358-88692800.jpeg","type":"image\/jpeg"}],"author":"hudo","twitter_card":"summary_large_image","twitter_creator":"@hudo_si","twitter_site":"@hudo_si","twitter_misc":{"Written by":"hudo","Est. reading time":"1 minuta"},"schema":{"@context":"https:\/\/schema.org","@graph":[{"@type":"Article","@id":"https:\/\/hudo.com\/si\/aktualno\/drugi-tir-bi-lahko-ze-gradili-ce-ne-bi-bilo-pritozbe\/#article","isPartOf":{"@id":"https:\/\/hudo.com\/si\/aktualno\/drugi-tir-bi-lahko-ze-gradili-ce-ne-bi-bilo-pritozbe\/"},"author":{"name":"hudo","@id":"https:\/\/hudo.com\/si\/#\/schema\/person\/601cf3379633985b20f7e50f2bb47707"},"headline":"Drugi tir bi lahko \u017ee gradili, \u010de ne bi bilo prito\u017ebe","datePublished":"2017-12-20T15:30:00+00:00","dateModified":"2017-12-20T15:30:00+00:00","mainEntityOfPage":{"@id":"https:\/\/hudo.com\/si\/aktualno\/drugi-tir-bi-lahko-ze-gradili-ce-ne-bi-bilo-pritozbe\/"},"wordCount":164,"publisher":{"@id":"https:\/\/hudo.com\/si\/#organization"},"articleSection":["Aktualno"],"inLanguage":"sl-SI"},{"@type":"WebPage","@id":"https:\/\/hudo.com\/si\/aktualno\/drugi-tir-bi-lahko-ze-gradili-ce-ne-bi-bilo-pritozbe\/","url":"https:\/\/hudo.com\/si\/aktualno\/drugi-tir-bi-lahko-ze-gradili-ce-ne-bi-bilo-pritozbe\/","name":"Drugi tir bi lahko \u017ee gradili, \u010de ne bi bilo prito\u017ebe - Hudo Slovenija","isPartOf":{"@id":"https:\/\/hudo.com\/si\/#website"},"datePublished":"2017-12-20T15:30:00+00:00","dateModified":"2017-12-20T15:30:00+00:00","breadcrumb":{"@id":"https:\/\/hudo.com\/si\/aktualno\/drugi-tir-bi-lahko-ze-gradili-ce-ne-bi-bilo-pritozbe\/#breadcrumb"},"inLanguage":"sl-SI","potentialAction":[{"@type":"ReadAction","target":["https:\/\/hudo.com\/si\/aktualno\/drugi-tir-bi-lahko-ze-gradili-ce-ne-bi-bilo-pritozbe\/"]}]},{"@type":"BreadcrumbList","@id":"https:\/\/hudo.com\/si\/aktualno\/drugi-tir-bi-lahko-ze-gradili-ce-ne-bi-bilo-pritozbe\/#breadcrumb","itemListElement":[{"@type":"ListItem","position":1,"name":"Home","item":"https:\/\/hudo.com\/si\/"},{"@type":"ListItem","position":2,"name":"Drugi tir bi lahko \u017ee gradili, \u010de ne bi bilo prito\u017ebe"}]},{"@type":"WebSite","@id":"https:\/\/hudo.com\/si\/#website","url":"https:\/\/hudo.com\/si\/","name":"Hudo Slovenija","description":"Vse novice iz Slovenije in sveta","publisher":{"@id":"https:\/\/hudo.com\/si\/#organization"},"potentialAction":[{"@type":"SearchAction","target":{"@type":"EntryPoint","urlTemplate":"https:\/\/hudo.com\/si\/?s={search_term_string}"},"query-input":"required name=search_term_string"}],"inLanguage":"sl-SI"},{"@type":"Organization","@id":"https:\/\/hudo.com\/si\/#organization","name":"VSN Media","url":"https:\/\/hudo.com\/si\/","logo":{"@type":"ImageObject","inLanguage":"sl-SI","@id":"https:\/\/hudo.com\/si\/#\/schema\/logo\/image\/","url":"https:\/\/hudo.com\/si\/wp-content\/uploads\/sites\/2\/2021\/03\/hudo-app-2.png","contentUrl":"https:\/\/hudo.com\/si\/wp-content\/uploads\/sites\/2\/2021\/03\/hudo-app-2.png","width":2185,"height":2167,"caption":"VSN Media"},"image":{"@id":"https:\/\/hudo.com\/si\/#\/schema\/logo\/image\/"},"sameAs":["https:\/\/www.facebook.com\/hudo.si","https:\/\/twitter.com\/hudo_si"]},{"@type":"Person","@id":"https:\/\/hudo.com\/si\/#\/schema\/person\/601cf3379633985b20f7e50f2bb47707","name":"hudo","image":{"@type":"ImageObject","inLanguage":"sl-SI","@id":"https:\/\/hudo.com\/si\/#\/schema\/person\/image\/","url":"https:\/\/secure.gravatar.com\/avatar\/c4ca25fa72cace7a696b52ff5db9e095?s=96&d=mm&r=g","contentUrl":"https:\/\/secure.gravatar.com\/avatar\/c4ca25fa72cace7a696b52ff5db9e095?s=96&d=mm&r=g","caption":"hudo"},"url":"https:\/\/hudo.com\/si\/author\/hudo\/"}]}},"amp_enabled":true,"_links":{"self":[{"href":"https:\/\/hudo.com\/si\/wp-json\/wp\/v2\/posts\/335665"}],"collection":[{"href":"https:\/\/hudo.com\/si\/wp-json\/wp\/v2\/posts"}],"about":[{"href":"https:\/\/hudo.com\/si\/wp-json\/wp\/v2\/types\/post"}],"author":[{"embeddable":true,"href":"https:\/\/hudo.com\/si\/wp-json\/wp\/v2\/users\/1"}],"replies":[{"embeddable":true,"href":"https:\/\/hudo.com\/si\/wp-json\/wp\/v2\/comments?post=335665"}],"version-history":[{"count":0,"href":"https:\/\/hudo.com\/si\/wp-json\/wp\/v2\/posts\/335665\/revisions"}],"wp:attachment":[{"href":"https:\/\/hudo.com\/si\/wp-json\/wp\/v2\/media?parent=335665"}],"wp:term":[{"taxonomy":"category","embeddable":true,"href":"https:\/\/hudo.com\/si\/wp-json\/wp\/v2\/categories?post=335665"},{"taxonomy":"post_tag","embeddable":true,"href":"https:\/\/hudo.com\/si\/wp-json\/wp\/v2\/tags?post=335665"},{"taxonomy":"source","embeddable":true,"href":"https:\/\/hudo.com\/si\/wp-json\/wp\/v2\/source?post=335665"},{"taxonomy":"supertag","embeddable":true,"href":"https:\/\/hudo.com\/si\/wp-json\/wp\/v2\/supertag?post=335665"}],"curies":[{"name":"wp","href":"https:\/\/api.w.org\/{rel}","templated":true}]}}