{"id":338133,"date":"2017-12-28T12:16:00","date_gmt":"2017-12-28T11:16:00","guid":{"rendered":"http:\/\/hudo.com\/si\/2017\/12\/28\/meja-snezenja-se-spusca-vremenskih-nevsecnosti-vse-vec\/"},"modified":"2017-12-28T12:16:00","modified_gmt":"2017-12-28T11:16:00","slug":"meja-snezenja-se-spusca-vremenskih-nevsecnosti-vse-vec","status":"publish","type":"post","link":"https:\/\/hudo.com\/si\/aktualno\/meja-snezenja-se-spusca-vremenskih-nevsecnosti-vse-vec\/","title":{"rendered":"Meja sne\u017eenja se spu\u0161\u010da, vremenskih nev\u0161e\u010dnosti vse ve\u010d"},"content":{"rendered":"<p>Kategorija: Slovenija Thu, 28 Dec 2017 13:16:00 +0100  Ljubljana &#8211; Meja sne\u017eenja se po dr\u017eavi spu\u0161\u010da. Po zadnjih podatkih sne\u017ei na obmo\u010djih, ki so okoli 500 metrov nad morsko vi\u0161ino, sneg je tako \u017ee na Notranjskem in Ko\u010devskem. Po podatkih Agencije RS za okolje se bo meja sne\u017eenja do ve\u010dera \u0161e spu\u0161\u010dala do ni\u017ein. Na Kredarici in Kaninu je v zadnjih 24 urah na novo zapadlo 85 centimetrov, na Voglu 75 centimetrov, v Rate\u010dah pa 30 centimetrov snega. Agencija opozarja da se bo sne\u017ena odeja danes in v petek le po\u010dasi sesedala. Tako je velika nevarnost sne\u017enih plazov. Okolico Ilirske Bistrice zajelo de\u017eevje Velike padavine na ilirskobistri\u0161kem obmo\u010dju so v sredo zve\u010der in danes pono\u010di doma\u010dinom povzro\u010dile nekaj te\u017eav. Meteorne vode in reka Reka so na obmo\u010dju vsakoletnih poplav zalivale kleti in pritli\u010dne prostore objektov, tudi klet zdravstvenega doma. Okoli\u00a0&#8230;<\/p>\n","protected":false},"excerpt":{"rendered":"<p>Kategorija: Slovenija Thu, 28 Dec 2017 13:16:00 +0100  Ljubljana &#8211; Meja sne\u017eenja se po dr\u017eavi spu\u0161\u010da. Po zadnjih podatkih sne\u017ei na obmo\u010djih, ki so okoli 500 metrov nad morsko vi\u0161ino, sneg je tako \u017ee na Notranjskem in Ko\u010devskem. Po podatkih Agencije RS za okolje se bo meja sne\u017eenja do ve\u010dera \u0161e spu\u0161\u010dala do ni\u017ein. Na Kredarici in Kaninu je v zadnjih 24 urah na novo zapadlo 85 centimetrov, na Voglu 75 centimetrov, v Rate\u010dah pa 30 centimetrov snega. Agencija opozarja da se bo sne\u017ena odeja danes in v petek le po\u010dasi sesedala. Tako je velika nevarnost sne\u017enih plazov. Okolico Ilirske Bistrice zajelo de\u017eevje Velike padavine na ilirskobistri\u0161kem obmo\u010dju so v sredo zve\u010der in danes pono\u010di doma\u010dinom povzro\u010dile nekaj te\u017eav. Meteorne vode in reka Reka so na obmo\u010dju vsakoletnih poplav zalivale kleti in pritli\u010dne prostore objektov, tudi klet zdravstvenega doma. Okoli\u00a0&#8230;<\/p>\n","protected":false},"author":1,"featured_media":0,"comment_status":"closed","ping_status":"closed","sticky":false,"template":"","format":"standard","meta":{"footnotes":""},"categories":[1179],"tags":[],"source":[1703],"supertag":[],"acf":[],"yoast_head":"<!-- This site is optimized with the Yoast SEO plugin v21.3 - https:\/\/yoast.com\/wordpress\/plugins\/seo\/ -->\n<title>Meja sne\u017eenja se spu\u0161\u010da, vremenskih nev\u0161e\u010dnosti vse ve\u010d - Hudo Slovenija<\/title>\n<meta name=\"robots\" content=\"index, follow, max-snippet:-1, max-image-preview:large, max-video-preview:-1\" \/>\n<link rel=\"canonical\" href=\"https:\/\/hudo.com\/si\/aktualno\/meja-snezenja-se-spusca-vremenskih-nevsecnosti-vse-vec\/\" \/>\n<meta property=\"og:locale\" content=\"sl_SI\" \/>\n<meta property=\"og:type\" content=\"article\" \/>\n<meta property=\"og:title\" content=\"Meja sne\u017eenja se spu\u0161\u010da, vremenskih nev\u0161e\u010dnosti vse ve\u010d - Hudo Slovenija\" \/>\n<meta property=\"og:description\" content=\"Kategorija: Slovenija Thu, 28 Dec 2017 13:16:00 +0100 Ljubljana - Meja sne\u017eenja se po dr\u017eavi spu\u0161\u010da. Po zadnjih podatkih sne\u017ei na obmo\u010djih, ki so okoli 500 metrov nad morsko vi\u0161ino, sneg je tako \u017ee na Notranjskem in Ko\u010devskem. Po podatkih Agencije RS za okolje se bo meja sne\u017eenja do ve\u010dera \u0161e spu\u0161\u010dala do ni\u017ein. Na Kredarici in Kaninu je v zadnjih 24 urah na novo zapadlo 85 centimetrov, na Voglu 75 centimetrov, v Rate\u010dah pa 30 centimetrov snega. Agencija opozarja da se bo sne\u017ena odeja danes in v petek le po\u010dasi sesedala. Tako je velika nevarnost sne\u017enih plazov. Okolico Ilirske Bistrice zajelo de\u017eevje Velike padavine na ilirskobistri\u0161kem obmo\u010dju so v sredo zve\u010der in danes pono\u010di doma\u010dinom povzro\u010dile nekaj te\u017eav. Meteorne vode in reka Reka so na obmo\u010dju vsakoletnih poplav zalivale kleti in pritli\u010dne prostore objektov, tudi klet zdravstvenega doma. Okoli\u00a0...\" \/>\n<meta property=\"og:url\" content=\"https:\/\/hudo.com\/si\/aktualno\/meja-snezenja-se-spusca-vremenskih-nevsecnosti-vse-vec\/\" \/>\n<meta property=\"og:site_name\" content=\"Hudo Slovenija\" \/>\n<meta property=\"article:publisher\" content=\"https:\/\/www.facebook.com\/hudo.si\" \/>\n<meta property=\"article:published_time\" content=\"2017-12-28T11:16:00+00:00\" \/>\n<meta property=\"og:image\" content=\"https:\/\/hudo.com\/si\/wp-content\/uploads\/sites\/2\/2017\/12\/480x290_djvu_2251124_burgerb_tlo-dra-go-e.jpeg\" \/>\n\t<meta property=\"og:image:width\" content=\"480\" \/>\n\t<meta property=\"og:image:height\" content=\"290\" \/>\n\t<meta property=\"og:image:type\" content=\"image\/jpeg\" \/>\n<meta name=\"author\" content=\"hudo\" \/>\n<meta name=\"twitter:card\" content=\"summary_large_image\" \/>\n<meta name=\"twitter:creator\" content=\"@hudo_si\" \/>\n<meta name=\"twitter:site\" content=\"@hudo_si\" \/>\n<meta name=\"twitter:label1\" content=\"Written by\" \/>\n\t<meta name=\"twitter:data1\" content=\"hudo\" \/>\n\t<meta name=\"twitter:label2\" content=\"Est. reading time\" \/>\n\t<meta name=\"twitter:data2\" content=\"1 minuta\" \/>\n<script type=\"application\/ld+json\" class=\"yoast-schema-graph\">{\"@context\":\"https:\/\/schema.org\",\"@graph\":[{\"@type\":\"Article\",\"@id\":\"https:\/\/hudo.com\/si\/aktualno\/meja-snezenja-se-spusca-vremenskih-nevsecnosti-vse-vec\/#article\",\"isPartOf\":{\"@id\":\"https:\/\/hudo.com\/si\/aktualno\/meja-snezenja-se-spusca-vremenskih-nevsecnosti-vse-vec\/\"},\"author\":{\"name\":\"hudo\",\"@id\":\"https:\/\/hudo.com\/si\/#\/schema\/person\/601cf3379633985b20f7e50f2bb47707\"},\"headline\":\"Meja sne\u017eenja se spu\u0161\u010da, vremenskih nev\u0161e\u010dnosti vse ve\u010d\",\"datePublished\":\"2017-12-28T11:16:00+00:00\",\"dateModified\":\"2017-12-28T11:16:00+00:00\",\"mainEntityOfPage\":{\"@id\":\"https:\/\/hudo.com\/si\/aktualno\/meja-snezenja-se-spusca-vremenskih-nevsecnosti-vse-vec\/\"},\"wordCount\":168,\"publisher\":{\"@id\":\"https:\/\/hudo.com\/si\/#organization\"},\"articleSection\":[\"Aktualno\"],\"inLanguage\":\"sl-SI\"},{\"@type\":\"WebPage\",\"@id\":\"https:\/\/hudo.com\/si\/aktualno\/meja-snezenja-se-spusca-vremenskih-nevsecnosti-vse-vec\/\",\"url\":\"https:\/\/hudo.com\/si\/aktualno\/meja-snezenja-se-spusca-vremenskih-nevsecnosti-vse-vec\/\",\"name\":\"Meja sne\u017eenja se spu\u0161\u010da, vremenskih nev\u0161e\u010dnosti vse ve\u010d - Hudo Slovenija\",\"isPartOf\":{\"@id\":\"https:\/\/hudo.com\/si\/#website\"},\"datePublished\":\"2017-12-28T11:16:00+00:00\",\"dateModified\":\"2017-12-28T11:16:00+00:00\",\"breadcrumb\":{\"@id\":\"https:\/\/hudo.com\/si\/aktualno\/meja-snezenja-se-spusca-vremenskih-nevsecnosti-vse-vec\/#breadcrumb\"},\"inLanguage\":\"sl-SI\",\"potentialAction\":[{\"@type\":\"ReadAction\",\"target\":[\"https:\/\/hudo.com\/si\/aktualno\/meja-snezenja-se-spusca-vremenskih-nevsecnosti-vse-vec\/\"]}]},{\"@type\":\"BreadcrumbList\",\"@id\":\"https:\/\/hudo.com\/si\/aktualno\/meja-snezenja-se-spusca-vremenskih-nevsecnosti-vse-vec\/#breadcrumb\",\"itemListElement\":[{\"@type\":\"ListItem\",\"position\":1,\"name\":\"Home\",\"item\":\"https:\/\/hudo.com\/si\/\"},{\"@type\":\"ListItem\",\"position\":2,\"name\":\"Meja sne\u017eenja se spu\u0161\u010da, vremenskih nev\u0161e\u010dnosti vse ve\u010d\"}]},{\"@type\":\"WebSite\",\"@id\":\"https:\/\/hudo.com\/si\/#website\",\"url\":\"https:\/\/hudo.com\/si\/\",\"name\":\"Hudo Slovenija\",\"description\":\"Vse novice iz Slovenije in sveta\",\"publisher\":{\"@id\":\"https:\/\/hudo.com\/si\/#organization\"},\"potentialAction\":[{\"@type\":\"SearchAction\",\"target\":{\"@type\":\"EntryPoint\",\"urlTemplate\":\"https:\/\/hudo.com\/si\/?s={search_term_string}\"},\"query-input\":\"required name=search_term_string\"}],\"inLanguage\":\"sl-SI\"},{\"@type\":\"Organization\",\"@id\":\"https:\/\/hudo.com\/si\/#organization\",\"name\":\"VSN Media\",\"url\":\"https:\/\/hudo.com\/si\/\",\"logo\":{\"@type\":\"ImageObject\",\"inLanguage\":\"sl-SI\",\"@id\":\"https:\/\/hudo.com\/si\/#\/schema\/logo\/image\/\",\"url\":\"https:\/\/hudo.com\/si\/wp-content\/uploads\/sites\/2\/2021\/03\/hudo-app-2.png\",\"contentUrl\":\"https:\/\/hudo.com\/si\/wp-content\/uploads\/sites\/2\/2021\/03\/hudo-app-2.png\",\"width\":2185,\"height\":2167,\"caption\":\"VSN Media\"},\"image\":{\"@id\":\"https:\/\/hudo.com\/si\/#\/schema\/logo\/image\/\"},\"sameAs\":[\"https:\/\/www.facebook.com\/hudo.si\",\"https:\/\/twitter.com\/hudo_si\"]},{\"@type\":\"Person\",\"@id\":\"https:\/\/hudo.com\/si\/#\/schema\/person\/601cf3379633985b20f7e50f2bb47707\",\"name\":\"hudo\",\"image\":{\"@type\":\"ImageObject\",\"inLanguage\":\"sl-SI\",\"@id\":\"https:\/\/hudo.com\/si\/#\/schema\/person\/image\/\",\"url\":\"https:\/\/secure.gravatar.com\/avatar\/c4ca25fa72cace7a696b52ff5db9e095?s=96&d=mm&r=g\",\"contentUrl\":\"https:\/\/secure.gravatar.com\/avatar\/c4ca25fa72cace7a696b52ff5db9e095?s=96&d=mm&r=g\",\"caption\":\"hudo\"},\"url\":\"https:\/\/hudo.com\/si\/author\/hudo\/\"}]}<\/script>\n<!-- \/ Yoast SEO plugin. -->","yoast_head_json":{"title":"Meja sne\u017eenja se spu\u0161\u010da, vremenskih nev\u0161e\u010dnosti vse ve\u010d - Hudo Slovenija","robots":{"index":"index","follow":"follow","max-snippet":"max-snippet:-1","max-image-preview":"max-image-preview:large","max-video-preview":"max-video-preview:-1"},"canonical":"https:\/\/hudo.com\/si\/aktualno\/meja-snezenja-se-spusca-vremenskih-nevsecnosti-vse-vec\/","og_locale":"sl_SI","og_type":"article","og_title":"Meja sne\u017eenja se spu\u0161\u010da, vremenskih nev\u0161e\u010dnosti vse ve\u010d - Hudo Slovenija","og_description":"Kategorija: Slovenija Thu, 28 Dec 2017 13:16:00 +0100 Ljubljana - Meja sne\u017eenja se po dr\u017eavi spu\u0161\u010da. Po zadnjih podatkih sne\u017ei na obmo\u010djih, ki so okoli 500 metrov nad morsko vi\u0161ino, sneg je tako \u017ee na Notranjskem in Ko\u010devskem. Po podatkih Agencije RS za okolje se bo meja sne\u017eenja do ve\u010dera \u0161e spu\u0161\u010dala do ni\u017ein. Na Kredarici in Kaninu je v zadnjih 24 urah na novo zapadlo 85 centimetrov, na Voglu 75 centimetrov, v Rate\u010dah pa 30 centimetrov snega. Agencija opozarja da se bo sne\u017ena odeja danes in v petek le po\u010dasi sesedala. Tako je velika nevarnost sne\u017enih plazov. Okolico Ilirske Bistrice zajelo de\u017eevje Velike padavine na ilirskobistri\u0161kem obmo\u010dju so v sredo zve\u010der in danes pono\u010di doma\u010dinom povzro\u010dile nekaj te\u017eav. Meteorne vode in reka Reka so na obmo\u010dju vsakoletnih poplav zalivale kleti in pritli\u010dne prostore objektov, tudi klet zdravstvenega doma. Okoli\u00a0...","og_url":"https:\/\/hudo.com\/si\/aktualno\/meja-snezenja-se-spusca-vremenskih-nevsecnosti-vse-vec\/","og_site_name":"Hudo Slovenija","article_publisher":"https:\/\/www.facebook.com\/hudo.si","article_published_time":"2017-12-28T11:16:00+00:00","og_image":[{"width":480,"height":290,"url":"https:\/\/hudo.com\/si\/wp-content\/uploads\/sites\/2\/2017\/12\/480x290_djvu_2251124_burgerb_tlo-dra-go-e.jpeg","type":"image\/jpeg"}],"author":"hudo","twitter_card":"summary_large_image","twitter_creator":"@hudo_si","twitter_site":"@hudo_si","twitter_misc":{"Written by":"hudo","Est. reading time":"1 minuta"},"schema":{"@context":"https:\/\/schema.org","@graph":[{"@type":"Article","@id":"https:\/\/hudo.com\/si\/aktualno\/meja-snezenja-se-spusca-vremenskih-nevsecnosti-vse-vec\/#article","isPartOf":{"@id":"https:\/\/hudo.com\/si\/aktualno\/meja-snezenja-se-spusca-vremenskih-nevsecnosti-vse-vec\/"},"author":{"name":"hudo","@id":"https:\/\/hudo.com\/si\/#\/schema\/person\/601cf3379633985b20f7e50f2bb47707"},"headline":"Meja sne\u017eenja se spu\u0161\u010da, vremenskih nev\u0161e\u010dnosti vse ve\u010d","datePublished":"2017-12-28T11:16:00+00:00","dateModified":"2017-12-28T11:16:00+00:00","mainEntityOfPage":{"@id":"https:\/\/hudo.com\/si\/aktualno\/meja-snezenja-se-spusca-vremenskih-nevsecnosti-vse-vec\/"},"wordCount":168,"publisher":{"@id":"https:\/\/hudo.com\/si\/#organization"},"articleSection":["Aktualno"],"inLanguage":"sl-SI"},{"@type":"WebPage","@id":"https:\/\/hudo.com\/si\/aktualno\/meja-snezenja-se-spusca-vremenskih-nevsecnosti-vse-vec\/","url":"https:\/\/hudo.com\/si\/aktualno\/meja-snezenja-se-spusca-vremenskih-nevsecnosti-vse-vec\/","name":"Meja sne\u017eenja se spu\u0161\u010da, vremenskih nev\u0161e\u010dnosti vse ve\u010d - Hudo Slovenija","isPartOf":{"@id":"https:\/\/hudo.com\/si\/#website"},"datePublished":"2017-12-28T11:16:00+00:00","dateModified":"2017-12-28T11:16:00+00:00","breadcrumb":{"@id":"https:\/\/hudo.com\/si\/aktualno\/meja-snezenja-se-spusca-vremenskih-nevsecnosti-vse-vec\/#breadcrumb"},"inLanguage":"sl-SI","potentialAction":[{"@type":"ReadAction","target":["https:\/\/hudo.com\/si\/aktualno\/meja-snezenja-se-spusca-vremenskih-nevsecnosti-vse-vec\/"]}]},{"@type":"BreadcrumbList","@id":"https:\/\/hudo.com\/si\/aktualno\/meja-snezenja-se-spusca-vremenskih-nevsecnosti-vse-vec\/#breadcrumb","itemListElement":[{"@type":"ListItem","position":1,"name":"Home","item":"https:\/\/hudo.com\/si\/"},{"@type":"ListItem","position":2,"name":"Meja sne\u017eenja se spu\u0161\u010da, vremenskih nev\u0161e\u010dnosti vse ve\u010d"}]},{"@type":"WebSite","@id":"https:\/\/hudo.com\/si\/#website","url":"https:\/\/hudo.com\/si\/","name":"Hudo Slovenija","description":"Vse novice iz Slovenije in sveta","publisher":{"@id":"https:\/\/hudo.com\/si\/#organization"},"potentialAction":[{"@type":"SearchAction","target":{"@type":"EntryPoint","urlTemplate":"https:\/\/hudo.com\/si\/?s={search_term_string}"},"query-input":"required name=search_term_string"}],"inLanguage":"sl-SI"},{"@type":"Organization","@id":"https:\/\/hudo.com\/si\/#organization","name":"VSN Media","url":"https:\/\/hudo.com\/si\/","logo":{"@type":"ImageObject","inLanguage":"sl-SI","@id":"https:\/\/hudo.com\/si\/#\/schema\/logo\/image\/","url":"https:\/\/hudo.com\/si\/wp-content\/uploads\/sites\/2\/2021\/03\/hudo-app-2.png","contentUrl":"https:\/\/hudo.com\/si\/wp-content\/uploads\/sites\/2\/2021\/03\/hudo-app-2.png","width":2185,"height":2167,"caption":"VSN Media"},"image":{"@id":"https:\/\/hudo.com\/si\/#\/schema\/logo\/image\/"},"sameAs":["https:\/\/www.facebook.com\/hudo.si","https:\/\/twitter.com\/hudo_si"]},{"@type":"Person","@id":"https:\/\/hudo.com\/si\/#\/schema\/person\/601cf3379633985b20f7e50f2bb47707","name":"hudo","image":{"@type":"ImageObject","inLanguage":"sl-SI","@id":"https:\/\/hudo.com\/si\/#\/schema\/person\/image\/","url":"https:\/\/secure.gravatar.com\/avatar\/c4ca25fa72cace7a696b52ff5db9e095?s=96&d=mm&r=g","contentUrl":"https:\/\/secure.gravatar.com\/avatar\/c4ca25fa72cace7a696b52ff5db9e095?s=96&d=mm&r=g","caption":"hudo"},"url":"https:\/\/hudo.com\/si\/author\/hudo\/"}]}},"amp_enabled":true,"_links":{"self":[{"href":"https:\/\/hudo.com\/si\/wp-json\/wp\/v2\/posts\/338133"}],"collection":[{"href":"https:\/\/hudo.com\/si\/wp-json\/wp\/v2\/posts"}],"about":[{"href":"https:\/\/hudo.com\/si\/wp-json\/wp\/v2\/types\/post"}],"author":[{"embeddable":true,"href":"https:\/\/hudo.com\/si\/wp-json\/wp\/v2\/users\/1"}],"replies":[{"embeddable":true,"href":"https:\/\/hudo.com\/si\/wp-json\/wp\/v2\/comments?post=338133"}],"version-history":[{"count":0,"href":"https:\/\/hudo.com\/si\/wp-json\/wp\/v2\/posts\/338133\/revisions"}],"wp:attachment":[{"href":"https:\/\/hudo.com\/si\/wp-json\/wp\/v2\/media?parent=338133"}],"wp:term":[{"taxonomy":"category","embeddable":true,"href":"https:\/\/hudo.com\/si\/wp-json\/wp\/v2\/categories?post=338133"},{"taxonomy":"post_tag","embeddable":true,"href":"https:\/\/hudo.com\/si\/wp-json\/wp\/v2\/tags?post=338133"},{"taxonomy":"source","embeddable":true,"href":"https:\/\/hudo.com\/si\/wp-json\/wp\/v2\/source?post=338133"},{"taxonomy":"supertag","embeddable":true,"href":"https:\/\/hudo.com\/si\/wp-json\/wp\/v2\/supertag?post=338133"}],"curies":[{"name":"wp","href":"https:\/\/api.w.org\/{rel}","templated":true}]}}