{"id":338162,"date":"2017-12-28T14:04:00","date_gmt":"2017-12-28T13:04:00","guid":{"rendered":"http:\/\/hudo.com\/si\/2017\/12\/28\/papez-poslanico-ob-dnevu-miru-namenil-beguncem\/"},"modified":"2017-12-28T14:04:00","modified_gmt":"2017-12-28T13:04:00","slug":"papez-poslanico-ob-dnevu-miru-namenil-beguncem","status":"publish","type":"post","link":"https:\/\/hudo.com\/si\/aktualno\/papez-poslanico-ob-dnevu-miru-namenil-beguncem\/","title":{"rendered":"Pape\u017e poslanico ob dnevu miru namenil beguncem"},"content":{"rendered":"<p>Kategorija: Evropa Thu, 28 Dec 2017 15:04:00 +0100  Ljubljana \u2013 Pape\u017e Fran\u010di\u0161ek je poslanico ob svetovnem dnevu miru, ki ga Katoli\u0161ka cerkev zaznamuje 1. januarja, tokrat posebej namenil migrantom in beguncem. Pri re\u0161evanju izzivov migracij je po navedbah pape\u017ea treba delovati na podlagi \u0161tirih izhodi\u0161\u010d \u2013 sprejemanja, varovanja, podpore in vklju\u010devanja, je pojasnil ljubljanski nad\u0161kof metropolit Stanislav Zore. V dokumentu z naslovom Migranti in begunci \u2013 mo\u0161ki in \u017eenske v iskanju miru je pape\u017e spomnil na ve\u010d kot 250 milijonov migrantov po svetu, med katerimi je 22,5 milijona beguncev. Da bi na\u0161li kraj, kjer bi lahko \u017eiveli v miru, se mnogi med njimi podajajo na tvegana potovanja. Pape\u017e se zaveda, da so\u010dustvovanje s trpe\u010dimi ni dovolj, pa\u010d pa bo treba narediti \u0161e veliko, preden se bodo lahko vrnili k mirnemu \u017eivljenju in v miren dom. \u010cuti se, da\u00a0&#8230;<\/p>\n","protected":false},"excerpt":{"rendered":"<p>Kategorija: Evropa Thu, 28 Dec 2017 15:04:00 +0100  Ljubljana \u2013 Pape\u017e Fran\u010di\u0161ek je poslanico ob svetovnem dnevu miru, ki ga Katoli\u0161ka cerkev zaznamuje 1. januarja, tokrat posebej namenil migrantom in beguncem. Pri re\u0161evanju izzivov migracij je po navedbah pape\u017ea treba delovati na podlagi \u0161tirih izhodi\u0161\u010d \u2013 sprejemanja, varovanja, podpore in vklju\u010devanja, je pojasnil ljubljanski nad\u0161kof metropolit Stanislav Zore. V dokumentu z naslovom Migranti in begunci \u2013 mo\u0161ki in \u017eenske v iskanju miru je pape\u017e spomnil na ve\u010d kot 250 milijonov migrantov po svetu, med katerimi je 22,5 milijona beguncev. Da bi na\u0161li kraj, kjer bi lahko \u017eiveli v miru, se mnogi med njimi podajajo na tvegana potovanja. Pape\u017e se zaveda, da so\u010dustvovanje s trpe\u010dimi ni dovolj, pa\u010d pa bo treba narediti \u0161e veliko, preden se bodo lahko vrnili k mirnemu \u017eivljenju in v miren dom. \u010cuti se, da\u00a0&#8230;<\/p>\n","protected":false},"author":1,"featured_media":0,"comment_status":"closed","ping_status":"closed","sticky":false,"template":"","format":"standard","meta":{"footnotes":""},"categories":[1179],"tags":[],"source":[1703],"supertag":[],"acf":[],"yoast_head":"<!-- This site is optimized with the Yoast SEO plugin v21.3 - https:\/\/yoast.com\/wordpress\/plugins\/seo\/ -->\n<title>Pape\u017e poslanico ob dnevu miru namenil beguncem - Hudo Slovenija<\/title>\n<meta name=\"robots\" content=\"index, follow, max-snippet:-1, max-image-preview:large, max-video-preview:-1\" \/>\n<link rel=\"canonical\" href=\"https:\/\/hudo.com\/si\/aktualno\/papez-poslanico-ob-dnevu-miru-namenil-beguncem\/\" \/>\n<meta property=\"og:locale\" content=\"sl_SI\" \/>\n<meta property=\"og:type\" content=\"article\" \/>\n<meta property=\"og:title\" content=\"Pape\u017e poslanico ob dnevu miru namenil beguncem - Hudo Slovenija\" \/>\n<meta property=\"og:description\" content=\"Kategorija: Evropa Thu, 28 Dec 2017 15:04:00 +0100 Ljubljana \u2013 Pape\u017e Fran\u010di\u0161ek je poslanico ob svetovnem dnevu miru, ki ga Katoli\u0161ka cerkev zaznamuje 1. januarja, tokrat posebej namenil migrantom in beguncem. Pri re\u0161evanju izzivov migracij je po navedbah pape\u017ea treba delovati na podlagi \u0161tirih izhodi\u0161\u010d \u2013 sprejemanja, varovanja, podpore in vklju\u010devanja, je pojasnil ljubljanski nad\u0161kof metropolit Stanislav Zore. V dokumentu z naslovom Migranti in begunci \u2013 mo\u0161ki in \u017eenske v iskanju miru je pape\u017e spomnil na ve\u010d kot 250 milijonov migrantov po svetu, med katerimi je 22,5 milijona beguncev. Da bi na\u0161li kraj, kjer bi lahko \u017eiveli v miru, se mnogi med njimi podajajo na tvegana potovanja. Pape\u017e se zaveda, da so\u010dustvovanje s trpe\u010dimi ni dovolj, pa\u010d pa bo treba narediti \u0161e veliko, preden se bodo lahko vrnili k mirnemu \u017eivljenju in v miren dom. \u010cuti se, da\u00a0...\" \/>\n<meta property=\"og:url\" content=\"https:\/\/hudo.com\/si\/aktualno\/papez-poslanico-ob-dnevu-miru-namenil-beguncem\/\" \/>\n<meta property=\"og:site_name\" content=\"Hudo Slovenija\" \/>\n<meta property=\"article:publisher\" content=\"https:\/\/www.facebook.com\/hudo.si\" \/>\n<meta property=\"article:published_time\" content=\"2017-12-28T13:04:00+00:00\" \/>\n<meta property=\"og:image\" content=\"https:\/\/hudo.com\/si\/wp-content\/uploads\/sites\/2\/2017\/12\/480x290_Reuters_Pictures-20171225100956-83010700.jpeg\" \/>\n\t<meta property=\"og:image:width\" content=\"480\" \/>\n\t<meta property=\"og:image:height\" content=\"290\" \/>\n\t<meta property=\"og:image:type\" content=\"image\/jpeg\" \/>\n<meta name=\"author\" content=\"hudo\" \/>\n<meta name=\"twitter:card\" content=\"summary_large_image\" \/>\n<meta name=\"twitter:creator\" content=\"@hudo_si\" \/>\n<meta name=\"twitter:site\" content=\"@hudo_si\" \/>\n<meta name=\"twitter:label1\" content=\"Written by\" \/>\n\t<meta name=\"twitter:data1\" content=\"hudo\" \/>\n\t<meta name=\"twitter:label2\" content=\"Est. reading time\" \/>\n\t<meta name=\"twitter:data2\" content=\"1 minuta\" \/>\n<script type=\"application\/ld+json\" class=\"yoast-schema-graph\">{\"@context\":\"https:\/\/schema.org\",\"@graph\":[{\"@type\":\"Article\",\"@id\":\"https:\/\/hudo.com\/si\/aktualno\/papez-poslanico-ob-dnevu-miru-namenil-beguncem\/#article\",\"isPartOf\":{\"@id\":\"https:\/\/hudo.com\/si\/aktualno\/papez-poslanico-ob-dnevu-miru-namenil-beguncem\/\"},\"author\":{\"name\":\"hudo\",\"@id\":\"https:\/\/hudo.com\/si\/#\/schema\/person\/601cf3379633985b20f7e50f2bb47707\"},\"headline\":\"Pape\u017e poslanico ob dnevu miru namenil beguncem\",\"datePublished\":\"2017-12-28T13:04:00+00:00\",\"dateModified\":\"2017-12-28T13:04:00+00:00\",\"mainEntityOfPage\":{\"@id\":\"https:\/\/hudo.com\/si\/aktualno\/papez-poslanico-ob-dnevu-miru-namenil-beguncem\/\"},\"wordCount\":146,\"publisher\":{\"@id\":\"https:\/\/hudo.com\/si\/#organization\"},\"articleSection\":[\"Aktualno\"],\"inLanguage\":\"sl-SI\"},{\"@type\":\"WebPage\",\"@id\":\"https:\/\/hudo.com\/si\/aktualno\/papez-poslanico-ob-dnevu-miru-namenil-beguncem\/\",\"url\":\"https:\/\/hudo.com\/si\/aktualno\/papez-poslanico-ob-dnevu-miru-namenil-beguncem\/\",\"name\":\"Pape\u017e poslanico ob dnevu miru namenil beguncem - Hudo Slovenija\",\"isPartOf\":{\"@id\":\"https:\/\/hudo.com\/si\/#website\"},\"datePublished\":\"2017-12-28T13:04:00+00:00\",\"dateModified\":\"2017-12-28T13:04:00+00:00\",\"breadcrumb\":{\"@id\":\"https:\/\/hudo.com\/si\/aktualno\/papez-poslanico-ob-dnevu-miru-namenil-beguncem\/#breadcrumb\"},\"inLanguage\":\"sl-SI\",\"potentialAction\":[{\"@type\":\"ReadAction\",\"target\":[\"https:\/\/hudo.com\/si\/aktualno\/papez-poslanico-ob-dnevu-miru-namenil-beguncem\/\"]}]},{\"@type\":\"BreadcrumbList\",\"@id\":\"https:\/\/hudo.com\/si\/aktualno\/papez-poslanico-ob-dnevu-miru-namenil-beguncem\/#breadcrumb\",\"itemListElement\":[{\"@type\":\"ListItem\",\"position\":1,\"name\":\"Home\",\"item\":\"https:\/\/hudo.com\/si\/\"},{\"@type\":\"ListItem\",\"position\":2,\"name\":\"Pape\u017e poslanico ob dnevu miru namenil beguncem\"}]},{\"@type\":\"WebSite\",\"@id\":\"https:\/\/hudo.com\/si\/#website\",\"url\":\"https:\/\/hudo.com\/si\/\",\"name\":\"Hudo Slovenija\",\"description\":\"Vse novice iz Slovenije in sveta\",\"publisher\":{\"@id\":\"https:\/\/hudo.com\/si\/#organization\"},\"potentialAction\":[{\"@type\":\"SearchAction\",\"target\":{\"@type\":\"EntryPoint\",\"urlTemplate\":\"https:\/\/hudo.com\/si\/?s={search_term_string}\"},\"query-input\":\"required name=search_term_string\"}],\"inLanguage\":\"sl-SI\"},{\"@type\":\"Organization\",\"@id\":\"https:\/\/hudo.com\/si\/#organization\",\"name\":\"VSN Media\",\"url\":\"https:\/\/hudo.com\/si\/\",\"logo\":{\"@type\":\"ImageObject\",\"inLanguage\":\"sl-SI\",\"@id\":\"https:\/\/hudo.com\/si\/#\/schema\/logo\/image\/\",\"url\":\"https:\/\/hudo.com\/si\/wp-content\/uploads\/sites\/2\/2021\/03\/hudo-app-2.png\",\"contentUrl\":\"https:\/\/hudo.com\/si\/wp-content\/uploads\/sites\/2\/2021\/03\/hudo-app-2.png\",\"width\":2185,\"height\":2167,\"caption\":\"VSN Media\"},\"image\":{\"@id\":\"https:\/\/hudo.com\/si\/#\/schema\/logo\/image\/\"},\"sameAs\":[\"https:\/\/www.facebook.com\/hudo.si\",\"https:\/\/twitter.com\/hudo_si\"]},{\"@type\":\"Person\",\"@id\":\"https:\/\/hudo.com\/si\/#\/schema\/person\/601cf3379633985b20f7e50f2bb47707\",\"name\":\"hudo\",\"image\":{\"@type\":\"ImageObject\",\"inLanguage\":\"sl-SI\",\"@id\":\"https:\/\/hudo.com\/si\/#\/schema\/person\/image\/\",\"url\":\"https:\/\/secure.gravatar.com\/avatar\/c4ca25fa72cace7a696b52ff5db9e095?s=96&d=mm&r=g\",\"contentUrl\":\"https:\/\/secure.gravatar.com\/avatar\/c4ca25fa72cace7a696b52ff5db9e095?s=96&d=mm&r=g\",\"caption\":\"hudo\"},\"url\":\"https:\/\/hudo.com\/si\/author\/hudo\/\"}]}<\/script>\n<!-- \/ Yoast SEO plugin. -->","yoast_head_json":{"title":"Pape\u017e poslanico ob dnevu miru namenil beguncem - Hudo Slovenija","robots":{"index":"index","follow":"follow","max-snippet":"max-snippet:-1","max-image-preview":"max-image-preview:large","max-video-preview":"max-video-preview:-1"},"canonical":"https:\/\/hudo.com\/si\/aktualno\/papez-poslanico-ob-dnevu-miru-namenil-beguncem\/","og_locale":"sl_SI","og_type":"article","og_title":"Pape\u017e poslanico ob dnevu miru namenil beguncem - Hudo Slovenija","og_description":"Kategorija: Evropa Thu, 28 Dec 2017 15:04:00 +0100 Ljubljana \u2013 Pape\u017e Fran\u010di\u0161ek je poslanico ob svetovnem dnevu miru, ki ga Katoli\u0161ka cerkev zaznamuje 1. januarja, tokrat posebej namenil migrantom in beguncem. Pri re\u0161evanju izzivov migracij je po navedbah pape\u017ea treba delovati na podlagi \u0161tirih izhodi\u0161\u010d \u2013 sprejemanja, varovanja, podpore in vklju\u010devanja, je pojasnil ljubljanski nad\u0161kof metropolit Stanislav Zore. V dokumentu z naslovom Migranti in begunci \u2013 mo\u0161ki in \u017eenske v iskanju miru je pape\u017e spomnil na ve\u010d kot 250 milijonov migrantov po svetu, med katerimi je 22,5 milijona beguncev. Da bi na\u0161li kraj, kjer bi lahko \u017eiveli v miru, se mnogi med njimi podajajo na tvegana potovanja. Pape\u017e se zaveda, da so\u010dustvovanje s trpe\u010dimi ni dovolj, pa\u010d pa bo treba narediti \u0161e veliko, preden se bodo lahko vrnili k mirnemu \u017eivljenju in v miren dom. \u010cuti se, da\u00a0...","og_url":"https:\/\/hudo.com\/si\/aktualno\/papez-poslanico-ob-dnevu-miru-namenil-beguncem\/","og_site_name":"Hudo Slovenija","article_publisher":"https:\/\/www.facebook.com\/hudo.si","article_published_time":"2017-12-28T13:04:00+00:00","og_image":[{"width":480,"height":290,"url":"https:\/\/hudo.com\/si\/wp-content\/uploads\/sites\/2\/2017\/12\/480x290_Reuters_Pictures-20171225100956-83010700.jpeg","type":"image\/jpeg"}],"author":"hudo","twitter_card":"summary_large_image","twitter_creator":"@hudo_si","twitter_site":"@hudo_si","twitter_misc":{"Written by":"hudo","Est. reading time":"1 minuta"},"schema":{"@context":"https:\/\/schema.org","@graph":[{"@type":"Article","@id":"https:\/\/hudo.com\/si\/aktualno\/papez-poslanico-ob-dnevu-miru-namenil-beguncem\/#article","isPartOf":{"@id":"https:\/\/hudo.com\/si\/aktualno\/papez-poslanico-ob-dnevu-miru-namenil-beguncem\/"},"author":{"name":"hudo","@id":"https:\/\/hudo.com\/si\/#\/schema\/person\/601cf3379633985b20f7e50f2bb47707"},"headline":"Pape\u017e poslanico ob dnevu miru namenil beguncem","datePublished":"2017-12-28T13:04:00+00:00","dateModified":"2017-12-28T13:04:00+00:00","mainEntityOfPage":{"@id":"https:\/\/hudo.com\/si\/aktualno\/papez-poslanico-ob-dnevu-miru-namenil-beguncem\/"},"wordCount":146,"publisher":{"@id":"https:\/\/hudo.com\/si\/#organization"},"articleSection":["Aktualno"],"inLanguage":"sl-SI"},{"@type":"WebPage","@id":"https:\/\/hudo.com\/si\/aktualno\/papez-poslanico-ob-dnevu-miru-namenil-beguncem\/","url":"https:\/\/hudo.com\/si\/aktualno\/papez-poslanico-ob-dnevu-miru-namenil-beguncem\/","name":"Pape\u017e poslanico ob dnevu miru namenil beguncem - Hudo Slovenija","isPartOf":{"@id":"https:\/\/hudo.com\/si\/#website"},"datePublished":"2017-12-28T13:04:00+00:00","dateModified":"2017-12-28T13:04:00+00:00","breadcrumb":{"@id":"https:\/\/hudo.com\/si\/aktualno\/papez-poslanico-ob-dnevu-miru-namenil-beguncem\/#breadcrumb"},"inLanguage":"sl-SI","potentialAction":[{"@type":"ReadAction","target":["https:\/\/hudo.com\/si\/aktualno\/papez-poslanico-ob-dnevu-miru-namenil-beguncem\/"]}]},{"@type":"BreadcrumbList","@id":"https:\/\/hudo.com\/si\/aktualno\/papez-poslanico-ob-dnevu-miru-namenil-beguncem\/#breadcrumb","itemListElement":[{"@type":"ListItem","position":1,"name":"Home","item":"https:\/\/hudo.com\/si\/"},{"@type":"ListItem","position":2,"name":"Pape\u017e poslanico ob dnevu miru namenil beguncem"}]},{"@type":"WebSite","@id":"https:\/\/hudo.com\/si\/#website","url":"https:\/\/hudo.com\/si\/","name":"Hudo Slovenija","description":"Vse novice iz Slovenije in sveta","publisher":{"@id":"https:\/\/hudo.com\/si\/#organization"},"potentialAction":[{"@type":"SearchAction","target":{"@type":"EntryPoint","urlTemplate":"https:\/\/hudo.com\/si\/?s={search_term_string}"},"query-input":"required name=search_term_string"}],"inLanguage":"sl-SI"},{"@type":"Organization","@id":"https:\/\/hudo.com\/si\/#organization","name":"VSN Media","url":"https:\/\/hudo.com\/si\/","logo":{"@type":"ImageObject","inLanguage":"sl-SI","@id":"https:\/\/hudo.com\/si\/#\/schema\/logo\/image\/","url":"https:\/\/hudo.com\/si\/wp-content\/uploads\/sites\/2\/2021\/03\/hudo-app-2.png","contentUrl":"https:\/\/hudo.com\/si\/wp-content\/uploads\/sites\/2\/2021\/03\/hudo-app-2.png","width":2185,"height":2167,"caption":"VSN Media"},"image":{"@id":"https:\/\/hudo.com\/si\/#\/schema\/logo\/image\/"},"sameAs":["https:\/\/www.facebook.com\/hudo.si","https:\/\/twitter.com\/hudo_si"]},{"@type":"Person","@id":"https:\/\/hudo.com\/si\/#\/schema\/person\/601cf3379633985b20f7e50f2bb47707","name":"hudo","image":{"@type":"ImageObject","inLanguage":"sl-SI","@id":"https:\/\/hudo.com\/si\/#\/schema\/person\/image\/","url":"https:\/\/secure.gravatar.com\/avatar\/c4ca25fa72cace7a696b52ff5db9e095?s=96&d=mm&r=g","contentUrl":"https:\/\/secure.gravatar.com\/avatar\/c4ca25fa72cace7a696b52ff5db9e095?s=96&d=mm&r=g","caption":"hudo"},"url":"https:\/\/hudo.com\/si\/author\/hudo\/"}]}},"amp_enabled":true,"_links":{"self":[{"href":"https:\/\/hudo.com\/si\/wp-json\/wp\/v2\/posts\/338162"}],"collection":[{"href":"https:\/\/hudo.com\/si\/wp-json\/wp\/v2\/posts"}],"about":[{"href":"https:\/\/hudo.com\/si\/wp-json\/wp\/v2\/types\/post"}],"author":[{"embeddable":true,"href":"https:\/\/hudo.com\/si\/wp-json\/wp\/v2\/users\/1"}],"replies":[{"embeddable":true,"href":"https:\/\/hudo.com\/si\/wp-json\/wp\/v2\/comments?post=338162"}],"version-history":[{"count":0,"href":"https:\/\/hudo.com\/si\/wp-json\/wp\/v2\/posts\/338162\/revisions"}],"wp:attachment":[{"href":"https:\/\/hudo.com\/si\/wp-json\/wp\/v2\/media?parent=338162"}],"wp:term":[{"taxonomy":"category","embeddable":true,"href":"https:\/\/hudo.com\/si\/wp-json\/wp\/v2\/categories?post=338162"},{"taxonomy":"post_tag","embeddable":true,"href":"https:\/\/hudo.com\/si\/wp-json\/wp\/v2\/tags?post=338162"},{"taxonomy":"source","embeddable":true,"href":"https:\/\/hudo.com\/si\/wp-json\/wp\/v2\/source?post=338162"},{"taxonomy":"supertag","embeddable":true,"href":"https:\/\/hudo.com\/si\/wp-json\/wp\/v2\/supertag?post=338162"}],"curies":[{"name":"wp","href":"https:\/\/api.w.org\/{rel}","templated":true}]}}