{"id":338386,"date":"2017-12-29T08:29:00","date_gmt":"2017-12-29T07:29:00","guid":{"rendered":"http:\/\/hudo.com\/si\/2017\/12\/29\/walter-jeklin-novim-izzivom-naproti\/"},"modified":"2017-12-29T08:29:00","modified_gmt":"2017-12-29T07:29:00","slug":"walter-jeklin-novim-izzivom-naproti","status":"publish","type":"post","link":"https:\/\/hudo.com\/si\/aktualno\/walter-jeklin-novim-izzivom-naproti\/","title":{"rendered":"Walter Jeklin novim izzivom naproti"},"content":{"rendered":"<p>Kategorija: Nogomet Fri, 29 Dec 2017 09:29:00 +0100  Koper &#8211; Walter Jeklin, nekdanji slovenski \u010dlanski ko\u0161arkarski reprezentant in \u0161portni direktor poljskih Polonie 2011, Asecca Prokoma, Zielone Gore ter slovenske in poljske reprezentance, je sporazumno prekinil sodelovanje s koprskim klubom Sixt Primorska. Jeklin je v dobrem letu dni na noge postavil \u0161portni del delovanja kluba, so sporo\u010dili iz Sixta. Jeklin je bil protagonist prihodov glavnega trenerja \u010dlanske ekipe Jurice Golemca ter vodje mladinskega pogona KO\u0160 Primorske Mira Alilovi\u0107a in snovalec prihoda okrepitev tako v \u010dlanskem mo\u0161tvu kot v mlaj\u0161ih kategorijah, zdaj pa se je s po pogovoru s predstavniki generalnega sponzorja kluba odlo\u010dil za sporazumno prekinitev pogodbe. Jeklin je prete\u017eni del ko\u0161arkarske kariere deloval na Poljskem, skupaj z dru\u017eino pa se je po skoraj dveh desetletjih, ki ju je pre\u017eivel na Poljskem, letos preselil nazaj v Slovenijo. Tudi v nadaljnji karieri\u00a0&#8230;<\/p>\n","protected":false},"excerpt":{"rendered":"<p>Kategorija: Nogomet Fri, 29 Dec 2017 09:29:00 +0100  Koper &#8211; Walter Jeklin, nekdanji slovenski \u010dlanski ko\u0161arkarski reprezentant in \u0161portni direktor poljskih Polonie 2011, Asecca Prokoma, Zielone Gore ter slovenske in poljske reprezentance, je sporazumno prekinil sodelovanje s koprskim klubom Sixt Primorska. Jeklin je v dobrem letu dni na noge postavil \u0161portni del delovanja kluba, so sporo\u010dili iz Sixta. Jeklin je bil protagonist prihodov glavnega trenerja \u010dlanske ekipe Jurice Golemca ter vodje mladinskega pogona KO\u0160 Primorske Mira Alilovi\u0107a in snovalec prihoda okrepitev tako v \u010dlanskem mo\u0161tvu kot v mlaj\u0161ih kategorijah, zdaj pa se je s po pogovoru s predstavniki generalnega sponzorja kluba odlo\u010dil za sporazumno prekinitev pogodbe. Jeklin je prete\u017eni del ko\u0161arkarske kariere deloval na Poljskem, skupaj z dru\u017eino pa se je po skoraj dveh desetletjih, ki ju je pre\u017eivel na Poljskem, letos preselil nazaj v Slovenijo. Tudi v nadaljnji karieri\u00a0&#8230;<\/p>\n","protected":false},"author":1,"featured_media":0,"comment_status":"closed","ping_status":"closed","sticky":false,"template":"","format":"standard","meta":{"footnotes":""},"categories":[1179],"tags":[],"source":[1703],"supertag":[],"acf":[],"yoast_head":"<!-- This site is optimized with the Yoast SEO plugin v21.3 - https:\/\/yoast.com\/wordpress\/plugins\/seo\/ -->\n<title>Walter Jeklin novim izzivom naproti - Hudo Slovenija<\/title>\n<meta name=\"robots\" content=\"index, follow, max-snippet:-1, max-image-preview:large, max-video-preview:-1\" \/>\n<link rel=\"canonical\" href=\"https:\/\/hudo.com\/si\/aktualno\/walter-jeklin-novim-izzivom-naproti\/\" \/>\n<meta property=\"og:locale\" content=\"sl_SI\" \/>\n<meta property=\"og:type\" content=\"article\" \/>\n<meta property=\"og:title\" content=\"Walter Jeklin novim izzivom naproti - Hudo Slovenija\" \/>\n<meta property=\"og:description\" content=\"Kategorija: Nogomet Fri, 29 Dec 2017 09:29:00 +0100 Koper - Walter Jeklin, nekdanji slovenski \u010dlanski ko\u0161arkarski reprezentant in \u0161portni direktor poljskih Polonie 2011, Asecca Prokoma, Zielone Gore ter slovenske in poljske reprezentance, je sporazumno prekinil sodelovanje s koprskim klubom Sixt Primorska. Jeklin je v dobrem letu dni na noge postavil \u0161portni del delovanja kluba, so sporo\u010dili iz Sixta. Jeklin je bil protagonist prihodov glavnega trenerja \u010dlanske ekipe Jurice Golemca ter vodje mladinskega pogona KO\u0160 Primorske Mira Alilovi\u0107a in snovalec prihoda okrepitev tako v \u010dlanskem mo\u0161tvu kot v mlaj\u0161ih kategorijah, zdaj pa se je s po pogovoru s predstavniki generalnega sponzorja kluba odlo\u010dil za sporazumno prekinitev pogodbe. Jeklin je prete\u017eni del ko\u0161arkarske kariere deloval na Poljskem, skupaj z dru\u017eino pa se je po skoraj dveh desetletjih, ki ju je pre\u017eivel na Poljskem, letos preselil nazaj v Slovenijo. Tudi v nadaljnji karieri\u00a0...\" \/>\n<meta property=\"og:url\" content=\"https:\/\/hudo.com\/si\/aktualno\/walter-jeklin-novim-izzivom-naproti\/\" \/>\n<meta property=\"og:site_name\" content=\"Hudo Slovenija\" \/>\n<meta property=\"article:publisher\" content=\"https:\/\/www.facebook.com\/hudo.si\" \/>\n<meta property=\"article:published_time\" content=\"2017-12-29T07:29:00+00:00\" \/>\n<meta property=\"og:image\" content=\"https:\/\/hudo.com\/si\/wp-content\/uploads\/sites\/2\/2017\/12\/480x290_djvu_1223752_vrabeca_rsi_JEKLIN-KOSARKA-REPREZENTAN.jpeg\" \/>\n\t<meta property=\"og:image:width\" content=\"480\" \/>\n\t<meta property=\"og:image:height\" content=\"290\" \/>\n\t<meta property=\"og:image:type\" content=\"image\/jpeg\" \/>\n<meta name=\"author\" content=\"hudo\" \/>\n<meta name=\"twitter:card\" content=\"summary_large_image\" \/>\n<meta name=\"twitter:creator\" content=\"@hudo_si\" \/>\n<meta name=\"twitter:site\" content=\"@hudo_si\" \/>\n<meta name=\"twitter:label1\" content=\"Written by\" \/>\n\t<meta name=\"twitter:data1\" content=\"hudo\" \/>\n\t<meta name=\"twitter:label2\" content=\"Est. reading time\" \/>\n\t<meta name=\"twitter:data2\" content=\"1 minuta\" \/>\n<script type=\"application\/ld+json\" class=\"yoast-schema-graph\">{\"@context\":\"https:\/\/schema.org\",\"@graph\":[{\"@type\":\"Article\",\"@id\":\"https:\/\/hudo.com\/si\/aktualno\/walter-jeklin-novim-izzivom-naproti\/#article\",\"isPartOf\":{\"@id\":\"https:\/\/hudo.com\/si\/aktualno\/walter-jeklin-novim-izzivom-naproti\/\"},\"author\":{\"name\":\"hudo\",\"@id\":\"https:\/\/hudo.com\/si\/#\/schema\/person\/601cf3379633985b20f7e50f2bb47707\"},\"headline\":\"Walter Jeklin novim izzivom naproti\",\"datePublished\":\"2017-12-29T07:29:00+00:00\",\"dateModified\":\"2017-12-29T07:29:00+00:00\",\"mainEntityOfPage\":{\"@id\":\"https:\/\/hudo.com\/si\/aktualno\/walter-jeklin-novim-izzivom-naproti\/\"},\"wordCount\":150,\"publisher\":{\"@id\":\"https:\/\/hudo.com\/si\/#organization\"},\"articleSection\":[\"Aktualno\"],\"inLanguage\":\"sl-SI\"},{\"@type\":\"WebPage\",\"@id\":\"https:\/\/hudo.com\/si\/aktualno\/walter-jeklin-novim-izzivom-naproti\/\",\"url\":\"https:\/\/hudo.com\/si\/aktualno\/walter-jeklin-novim-izzivom-naproti\/\",\"name\":\"Walter Jeklin novim izzivom naproti - Hudo Slovenija\",\"isPartOf\":{\"@id\":\"https:\/\/hudo.com\/si\/#website\"},\"datePublished\":\"2017-12-29T07:29:00+00:00\",\"dateModified\":\"2017-12-29T07:29:00+00:00\",\"breadcrumb\":{\"@id\":\"https:\/\/hudo.com\/si\/aktualno\/walter-jeklin-novim-izzivom-naproti\/#breadcrumb\"},\"inLanguage\":\"sl-SI\",\"potentialAction\":[{\"@type\":\"ReadAction\",\"target\":[\"https:\/\/hudo.com\/si\/aktualno\/walter-jeklin-novim-izzivom-naproti\/\"]}]},{\"@type\":\"BreadcrumbList\",\"@id\":\"https:\/\/hudo.com\/si\/aktualno\/walter-jeklin-novim-izzivom-naproti\/#breadcrumb\",\"itemListElement\":[{\"@type\":\"ListItem\",\"position\":1,\"name\":\"Home\",\"item\":\"https:\/\/hudo.com\/si\/\"},{\"@type\":\"ListItem\",\"position\":2,\"name\":\"Walter Jeklin novim izzivom naproti\"}]},{\"@type\":\"WebSite\",\"@id\":\"https:\/\/hudo.com\/si\/#website\",\"url\":\"https:\/\/hudo.com\/si\/\",\"name\":\"Hudo Slovenija\",\"description\":\"Vse novice iz Slovenije in sveta\",\"publisher\":{\"@id\":\"https:\/\/hudo.com\/si\/#organization\"},\"potentialAction\":[{\"@type\":\"SearchAction\",\"target\":{\"@type\":\"EntryPoint\",\"urlTemplate\":\"https:\/\/hudo.com\/si\/?s={search_term_string}\"},\"query-input\":\"required name=search_term_string\"}],\"inLanguage\":\"sl-SI\"},{\"@type\":\"Organization\",\"@id\":\"https:\/\/hudo.com\/si\/#organization\",\"name\":\"VSN Media\",\"url\":\"https:\/\/hudo.com\/si\/\",\"logo\":{\"@type\":\"ImageObject\",\"inLanguage\":\"sl-SI\",\"@id\":\"https:\/\/hudo.com\/si\/#\/schema\/logo\/image\/\",\"url\":\"https:\/\/hudo.com\/si\/wp-content\/uploads\/sites\/2\/2021\/03\/hudo-app-2.png\",\"contentUrl\":\"https:\/\/hudo.com\/si\/wp-content\/uploads\/sites\/2\/2021\/03\/hudo-app-2.png\",\"width\":2185,\"height\":2167,\"caption\":\"VSN Media\"},\"image\":{\"@id\":\"https:\/\/hudo.com\/si\/#\/schema\/logo\/image\/\"},\"sameAs\":[\"https:\/\/www.facebook.com\/hudo.si\",\"https:\/\/twitter.com\/hudo_si\"]},{\"@type\":\"Person\",\"@id\":\"https:\/\/hudo.com\/si\/#\/schema\/person\/601cf3379633985b20f7e50f2bb47707\",\"name\":\"hudo\",\"image\":{\"@type\":\"ImageObject\",\"inLanguage\":\"sl-SI\",\"@id\":\"https:\/\/hudo.com\/si\/#\/schema\/person\/image\/\",\"url\":\"https:\/\/secure.gravatar.com\/avatar\/c4ca25fa72cace7a696b52ff5db9e095?s=96&d=mm&r=g\",\"contentUrl\":\"https:\/\/secure.gravatar.com\/avatar\/c4ca25fa72cace7a696b52ff5db9e095?s=96&d=mm&r=g\",\"caption\":\"hudo\"},\"url\":\"https:\/\/hudo.com\/si\/author\/hudo\/\"}]}<\/script>\n<!-- \/ Yoast SEO plugin. -->","yoast_head_json":{"title":"Walter Jeklin novim izzivom naproti - Hudo Slovenija","robots":{"index":"index","follow":"follow","max-snippet":"max-snippet:-1","max-image-preview":"max-image-preview:large","max-video-preview":"max-video-preview:-1"},"canonical":"https:\/\/hudo.com\/si\/aktualno\/walter-jeklin-novim-izzivom-naproti\/","og_locale":"sl_SI","og_type":"article","og_title":"Walter Jeklin novim izzivom naproti - Hudo Slovenija","og_description":"Kategorija: Nogomet Fri, 29 Dec 2017 09:29:00 +0100 Koper - Walter Jeklin, nekdanji slovenski \u010dlanski ko\u0161arkarski reprezentant in \u0161portni direktor poljskih Polonie 2011, Asecca Prokoma, Zielone Gore ter slovenske in poljske reprezentance, je sporazumno prekinil sodelovanje s koprskim klubom Sixt Primorska. Jeklin je v dobrem letu dni na noge postavil \u0161portni del delovanja kluba, so sporo\u010dili iz Sixta. Jeklin je bil protagonist prihodov glavnega trenerja \u010dlanske ekipe Jurice Golemca ter vodje mladinskega pogona KO\u0160 Primorske Mira Alilovi\u0107a in snovalec prihoda okrepitev tako v \u010dlanskem mo\u0161tvu kot v mlaj\u0161ih kategorijah, zdaj pa se je s po pogovoru s predstavniki generalnega sponzorja kluba odlo\u010dil za sporazumno prekinitev pogodbe. Jeklin je prete\u017eni del ko\u0161arkarske kariere deloval na Poljskem, skupaj z dru\u017eino pa se je po skoraj dveh desetletjih, ki ju je pre\u017eivel na Poljskem, letos preselil nazaj v Slovenijo. Tudi v nadaljnji karieri\u00a0...","og_url":"https:\/\/hudo.com\/si\/aktualno\/walter-jeklin-novim-izzivom-naproti\/","og_site_name":"Hudo Slovenija","article_publisher":"https:\/\/www.facebook.com\/hudo.si","article_published_time":"2017-12-29T07:29:00+00:00","og_image":[{"width":480,"height":290,"url":"https:\/\/hudo.com\/si\/wp-content\/uploads\/sites\/2\/2017\/12\/480x290_djvu_1223752_vrabeca_rsi_JEKLIN-KOSARKA-REPREZENTAN.jpeg","type":"image\/jpeg"}],"author":"hudo","twitter_card":"summary_large_image","twitter_creator":"@hudo_si","twitter_site":"@hudo_si","twitter_misc":{"Written by":"hudo","Est. reading time":"1 minuta"},"schema":{"@context":"https:\/\/schema.org","@graph":[{"@type":"Article","@id":"https:\/\/hudo.com\/si\/aktualno\/walter-jeklin-novim-izzivom-naproti\/#article","isPartOf":{"@id":"https:\/\/hudo.com\/si\/aktualno\/walter-jeklin-novim-izzivom-naproti\/"},"author":{"name":"hudo","@id":"https:\/\/hudo.com\/si\/#\/schema\/person\/601cf3379633985b20f7e50f2bb47707"},"headline":"Walter Jeklin novim izzivom naproti","datePublished":"2017-12-29T07:29:00+00:00","dateModified":"2017-12-29T07:29:00+00:00","mainEntityOfPage":{"@id":"https:\/\/hudo.com\/si\/aktualno\/walter-jeklin-novim-izzivom-naproti\/"},"wordCount":150,"publisher":{"@id":"https:\/\/hudo.com\/si\/#organization"},"articleSection":["Aktualno"],"inLanguage":"sl-SI"},{"@type":"WebPage","@id":"https:\/\/hudo.com\/si\/aktualno\/walter-jeklin-novim-izzivom-naproti\/","url":"https:\/\/hudo.com\/si\/aktualno\/walter-jeklin-novim-izzivom-naproti\/","name":"Walter Jeklin novim izzivom naproti - Hudo Slovenija","isPartOf":{"@id":"https:\/\/hudo.com\/si\/#website"},"datePublished":"2017-12-29T07:29:00+00:00","dateModified":"2017-12-29T07:29:00+00:00","breadcrumb":{"@id":"https:\/\/hudo.com\/si\/aktualno\/walter-jeklin-novim-izzivom-naproti\/#breadcrumb"},"inLanguage":"sl-SI","potentialAction":[{"@type":"ReadAction","target":["https:\/\/hudo.com\/si\/aktualno\/walter-jeklin-novim-izzivom-naproti\/"]}]},{"@type":"BreadcrumbList","@id":"https:\/\/hudo.com\/si\/aktualno\/walter-jeklin-novim-izzivom-naproti\/#breadcrumb","itemListElement":[{"@type":"ListItem","position":1,"name":"Home","item":"https:\/\/hudo.com\/si\/"},{"@type":"ListItem","position":2,"name":"Walter Jeklin novim izzivom naproti"}]},{"@type":"WebSite","@id":"https:\/\/hudo.com\/si\/#website","url":"https:\/\/hudo.com\/si\/","name":"Hudo Slovenija","description":"Vse novice iz Slovenije in sveta","publisher":{"@id":"https:\/\/hudo.com\/si\/#organization"},"potentialAction":[{"@type":"SearchAction","target":{"@type":"EntryPoint","urlTemplate":"https:\/\/hudo.com\/si\/?s={search_term_string}"},"query-input":"required name=search_term_string"}],"inLanguage":"sl-SI"},{"@type":"Organization","@id":"https:\/\/hudo.com\/si\/#organization","name":"VSN Media","url":"https:\/\/hudo.com\/si\/","logo":{"@type":"ImageObject","inLanguage":"sl-SI","@id":"https:\/\/hudo.com\/si\/#\/schema\/logo\/image\/","url":"https:\/\/hudo.com\/si\/wp-content\/uploads\/sites\/2\/2021\/03\/hudo-app-2.png","contentUrl":"https:\/\/hudo.com\/si\/wp-content\/uploads\/sites\/2\/2021\/03\/hudo-app-2.png","width":2185,"height":2167,"caption":"VSN Media"},"image":{"@id":"https:\/\/hudo.com\/si\/#\/schema\/logo\/image\/"},"sameAs":["https:\/\/www.facebook.com\/hudo.si","https:\/\/twitter.com\/hudo_si"]},{"@type":"Person","@id":"https:\/\/hudo.com\/si\/#\/schema\/person\/601cf3379633985b20f7e50f2bb47707","name":"hudo","image":{"@type":"ImageObject","inLanguage":"sl-SI","@id":"https:\/\/hudo.com\/si\/#\/schema\/person\/image\/","url":"https:\/\/secure.gravatar.com\/avatar\/c4ca25fa72cace7a696b52ff5db9e095?s=96&d=mm&r=g","contentUrl":"https:\/\/secure.gravatar.com\/avatar\/c4ca25fa72cace7a696b52ff5db9e095?s=96&d=mm&r=g","caption":"hudo"},"url":"https:\/\/hudo.com\/si\/author\/hudo\/"}]}},"amp_enabled":true,"_links":{"self":[{"href":"https:\/\/hudo.com\/si\/wp-json\/wp\/v2\/posts\/338386"}],"collection":[{"href":"https:\/\/hudo.com\/si\/wp-json\/wp\/v2\/posts"}],"about":[{"href":"https:\/\/hudo.com\/si\/wp-json\/wp\/v2\/types\/post"}],"author":[{"embeddable":true,"href":"https:\/\/hudo.com\/si\/wp-json\/wp\/v2\/users\/1"}],"replies":[{"embeddable":true,"href":"https:\/\/hudo.com\/si\/wp-json\/wp\/v2\/comments?post=338386"}],"version-history":[{"count":0,"href":"https:\/\/hudo.com\/si\/wp-json\/wp\/v2\/posts\/338386\/revisions"}],"wp:attachment":[{"href":"https:\/\/hudo.com\/si\/wp-json\/wp\/v2\/media?parent=338386"}],"wp:term":[{"taxonomy":"category","embeddable":true,"href":"https:\/\/hudo.com\/si\/wp-json\/wp\/v2\/categories?post=338386"},{"taxonomy":"post_tag","embeddable":true,"href":"https:\/\/hudo.com\/si\/wp-json\/wp\/v2\/tags?post=338386"},{"taxonomy":"source","embeddable":true,"href":"https:\/\/hudo.com\/si\/wp-json\/wp\/v2\/source?post=338386"},{"taxonomy":"supertag","embeddable":true,"href":"https:\/\/hudo.com\/si\/wp-json\/wp\/v2\/supertag?post=338386"}],"curies":[{"name":"wp","href":"https:\/\/api.w.org\/{rel}","templated":true}]}}