{"id":338966,"date":"2017-12-30T17:14:00","date_gmt":"2017-12-30T16:14:00","guid":{"rendered":"http:\/\/hudo.com\/si\/?p=338966"},"modified":"2017-12-30T17:14:00","modified_gmt":"2017-12-30T16:14:00","slug":"vreme-jutri-bo-na-jugozahodu-oblacno-drugod-se-deloma-soncno","status":"publish","type":"post","link":"https:\/\/hudo.com\/si\/aktualno\/vreme-jutri-bo-na-jugozahodu-oblacno-drugod-se-deloma-soncno\/","title":{"rendered":"Vreme: Jutri bo na jugozahodu obla\u010dno, drugod \u0161e deloma son\u010dno"},"content":{"rendered":"<p>V Nedeljo bo na jugozahodu obla\u010dno, drugod bo \u0161e deloma son\u010dno. Popoldne in zve\u010der bo ponekod na Primorskem in Notranjskem ob\u010dasno rahlo de\u017eevalo. Pihal bo jugozahodni veter. Najvi\u0161je dnevne temperature bodo od 4 do 9, na vzhodu do 12 stopinj Celzija.<\/p>\n<p>Obeti: V ponedeljek bo obla\u010dno, padavine na zahodu se bodo okrepile in \u0161irile proti vzhodu. Meja sne\u017eenja se bo popoldne spu\u0161\u010dala, v no\u010di na torek bodo padavine ponehale. V torek bo prete\u017eno obla\u010dno in ve\u010dinoma suho, popoldne se bo na zahodu delno zjasnilo.<\/p>\n<p>Vremenska slika: Nad Balkanom se zadr\u017euje \u0161ibko obmo\u010dje visokega zra\u010dnega tlaka. Preko Alp in srednje Evrope se pomika topla vremenska fronta. Nad severnim Atlantikom in Skandinavijo se nahaja ve\u010d ciklonskih sredi\u0161\u010d.<\/p>\n<p>Napoved za sosednje pokrajine: Pono\u010di bo delno jasno, zjutraj bo po ni\u017einah megla. V nedeljo se bo v krajih ju\u017eno in zahodno od nas poobla\u010dilo, popoldne bodo predvsem v Gorskem Kotarju \u017ee mo\u017ene manj\u0161e padavine. Drugod bo ve\u010dinoma son\u010dno, po nekaterih kotlinah se bo ve\u010dji del dneva zadr\u017eevala megla.<\/p>\n","protected":false},"excerpt":{"rendered":"<p>Zjutraj bo ponekod po ni\u017einah megla. Jutranje temperature bodo od -6 do 3, ob morju okoli 4 stopinj Celzija, je zapisano na spletnih straneh Agencije RS za okolje.<\/p>\n","protected":false},"author":8,"featured_media":337087,"comment_status":"closed","ping_status":"closed","sticky":false,"template":"","format":"standard","meta":{"footnotes":""},"categories":[1179],"tags":[1595,2149,7416],"source":[4511],"supertag":[],"acf":[],"yoast_head":"<!-- This site is optimized with the Yoast SEO plugin v21.3 - https:\/\/yoast.com\/wordpress\/plugins\/seo\/ -->\n<title>Vreme: Jutri bo na jugozahodu obla\u010dno, drugod \u0161e deloma son\u010dno - Hudo Slovenija<\/title>\n<meta name=\"robots\" content=\"index, follow, max-snippet:-1, max-image-preview:large, max-video-preview:-1\" \/>\n<link rel=\"canonical\" href=\"https:\/\/hudo.com\/si\/aktualno\/vreme-jutri-bo-na-jugozahodu-oblacno-drugod-se-deloma-soncno\/\" \/>\n<meta property=\"og:locale\" content=\"sl_SI\" \/>\n<meta property=\"og:type\" content=\"article\" \/>\n<meta property=\"og:title\" content=\"Vreme: Jutri bo na jugozahodu obla\u010dno, drugod \u0161e deloma son\u010dno - Hudo Slovenija\" \/>\n<meta property=\"og:description\" content=\"Zjutraj bo ponekod po ni\u017einah megla. Jutranje temperature bodo od -6 do 3, ob morju okoli 4 stopinj Celzija, je zapisano na spletnih straneh Agencije RS za okolje.\" \/>\n<meta property=\"og:url\" content=\"https:\/\/hudo.com\/si\/aktualno\/vreme-jutri-bo-na-jugozahodu-oblacno-drugod-se-deloma-soncno\/\" \/>\n<meta property=\"og:site_name\" content=\"Hudo Slovenija\" \/>\n<meta property=\"article:publisher\" content=\"https:\/\/www.facebook.com\/hudo.si\" \/>\n<meta property=\"article:published_time\" content=\"2017-12-30T16:14:00+00:00\" \/>\n<meta property=\"og:image\" content=\"https:\/\/hudo.com\/si\/wp-content\/uploads\/sites\/2\/2017\/12\/profimedia-0216574793.jpg\" \/>\n\t<meta property=\"og:image:width\" content=\"1250\" \/>\n\t<meta property=\"og:image:height\" content=\"1250\" \/>\n\t<meta property=\"og:image:type\" content=\"image\/jpeg\" \/>\n<meta name=\"author\" content=\"M. N., STA\" \/>\n<meta name=\"twitter:card\" content=\"summary_large_image\" \/>\n<meta name=\"twitter:creator\" content=\"@hudo_si\" \/>\n<meta name=\"twitter:site\" content=\"@hudo_si\" \/>\n<meta name=\"twitter:label1\" content=\"Written by\" \/>\n\t<meta name=\"twitter:data1\" content=\"M. N., STA\" \/>\n\t<meta name=\"twitter:label2\" content=\"Est. reading time\" \/>\n\t<meta name=\"twitter:data2\" content=\"1 minuta\" \/>\n<script type=\"application\/ld+json\" class=\"yoast-schema-graph\">{\"@context\":\"https:\/\/schema.org\",\"@graph\":[{\"@type\":\"Article\",\"@id\":\"https:\/\/hudo.com\/si\/aktualno\/vreme-jutri-bo-na-jugozahodu-oblacno-drugod-se-deloma-soncno\/#article\",\"isPartOf\":{\"@id\":\"https:\/\/hudo.com\/si\/aktualno\/vreme-jutri-bo-na-jugozahodu-oblacno-drugod-se-deloma-soncno\/\"},\"author\":{\"name\":\"M. N., STA\",\"@id\":\"https:\/\/hudo.com\/si\/#\/schema\/person\/c2f10ce65d2e6ede2aeda5be2a0611fa\"},\"headline\":\"Vreme: Jutri bo na jugozahodu obla\u010dno, drugod \u0161e deloma son\u010dno\",\"datePublished\":\"2017-12-30T16:14:00+00:00\",\"dateModified\":\"2017-12-30T16:14:00+00:00\",\"mainEntityOfPage\":{\"@id\":\"https:\/\/hudo.com\/si\/aktualno\/vreme-jutri-bo-na-jugozahodu-oblacno-drugod-se-deloma-soncno\/\"},\"wordCount\":199,\"publisher\":{\"@id\":\"https:\/\/hudo.com\/si\/#organization\"},\"keywords\":[\"Slovenija\",\"vreme\",\"vremenska napoved\"],\"articleSection\":[\"Aktualno\"],\"inLanguage\":\"sl-SI\"},{\"@type\":\"WebPage\",\"@id\":\"https:\/\/hudo.com\/si\/aktualno\/vreme-jutri-bo-na-jugozahodu-oblacno-drugod-se-deloma-soncno\/\",\"url\":\"https:\/\/hudo.com\/si\/aktualno\/vreme-jutri-bo-na-jugozahodu-oblacno-drugod-se-deloma-soncno\/\",\"name\":\"Vreme: Jutri bo na jugozahodu obla\u010dno, drugod \u0161e deloma son\u010dno - Hudo Slovenija\",\"isPartOf\":{\"@id\":\"https:\/\/hudo.com\/si\/#website\"},\"datePublished\":\"2017-12-30T16:14:00+00:00\",\"dateModified\":\"2017-12-30T16:14:00+00:00\",\"breadcrumb\":{\"@id\":\"https:\/\/hudo.com\/si\/aktualno\/vreme-jutri-bo-na-jugozahodu-oblacno-drugod-se-deloma-soncno\/#breadcrumb\"},\"inLanguage\":\"sl-SI\",\"potentialAction\":[{\"@type\":\"ReadAction\",\"target\":[\"https:\/\/hudo.com\/si\/aktualno\/vreme-jutri-bo-na-jugozahodu-oblacno-drugod-se-deloma-soncno\/\"]}]},{\"@type\":\"BreadcrumbList\",\"@id\":\"https:\/\/hudo.com\/si\/aktualno\/vreme-jutri-bo-na-jugozahodu-oblacno-drugod-se-deloma-soncno\/#breadcrumb\",\"itemListElement\":[{\"@type\":\"ListItem\",\"position\":1,\"name\":\"Home\",\"item\":\"https:\/\/hudo.com\/si\/\"},{\"@type\":\"ListItem\",\"position\":2,\"name\":\"Vreme: Jutri bo na jugozahodu obla\u010dno, drugod \u0161e deloma son\u010dno\"}]},{\"@type\":\"WebSite\",\"@id\":\"https:\/\/hudo.com\/si\/#website\",\"url\":\"https:\/\/hudo.com\/si\/\",\"name\":\"Hudo Slovenija\",\"description\":\"Vse novice iz Slovenije in sveta\",\"publisher\":{\"@id\":\"https:\/\/hudo.com\/si\/#organization\"},\"potentialAction\":[{\"@type\":\"SearchAction\",\"target\":{\"@type\":\"EntryPoint\",\"urlTemplate\":\"https:\/\/hudo.com\/si\/?s={search_term_string}\"},\"query-input\":\"required name=search_term_string\"}],\"inLanguage\":\"sl-SI\"},{\"@type\":\"Organization\",\"@id\":\"https:\/\/hudo.com\/si\/#organization\",\"name\":\"VSN Media\",\"url\":\"https:\/\/hudo.com\/si\/\",\"logo\":{\"@type\":\"ImageObject\",\"inLanguage\":\"sl-SI\",\"@id\":\"https:\/\/hudo.com\/si\/#\/schema\/logo\/image\/\",\"url\":\"https:\/\/hudo.com\/si\/wp-content\/uploads\/sites\/2\/2021\/03\/hudo-app-2.png\",\"contentUrl\":\"https:\/\/hudo.com\/si\/wp-content\/uploads\/sites\/2\/2021\/03\/hudo-app-2.png\",\"width\":2185,\"height\":2167,\"caption\":\"VSN Media\"},\"image\":{\"@id\":\"https:\/\/hudo.com\/si\/#\/schema\/logo\/image\/\"},\"sameAs\":[\"https:\/\/www.facebook.com\/hudo.si\",\"https:\/\/twitter.com\/hudo_si\"]},{\"@type\":\"Person\",\"@id\":\"https:\/\/hudo.com\/si\/#\/schema\/person\/c2f10ce65d2e6ede2aeda5be2a0611fa\",\"name\":\"M. N., STA\",\"image\":{\"@type\":\"ImageObject\",\"inLanguage\":\"sl-SI\",\"@id\":\"https:\/\/hudo.com\/si\/#\/schema\/person\/image\/\",\"url\":\"https:\/\/secure.gravatar.com\/avatar\/f370d38daa10467f755c5c766a4cac20?s=96&d=mm&r=g\",\"contentUrl\":\"https:\/\/secure.gravatar.com\/avatar\/f370d38daa10467f755c5c766a4cac20?s=96&d=mm&r=g\",\"caption\":\"M. N., STA\"},\"url\":\"https:\/\/hudo.com\/si\/author\/mana\/\"}]}<\/script>\n<!-- \/ Yoast SEO plugin. -->","yoast_head_json":{"title":"Vreme: Jutri bo na jugozahodu obla\u010dno, drugod \u0161e deloma son\u010dno - Hudo Slovenija","robots":{"index":"index","follow":"follow","max-snippet":"max-snippet:-1","max-image-preview":"max-image-preview:large","max-video-preview":"max-video-preview:-1"},"canonical":"https:\/\/hudo.com\/si\/aktualno\/vreme-jutri-bo-na-jugozahodu-oblacno-drugod-se-deloma-soncno\/","og_locale":"sl_SI","og_type":"article","og_title":"Vreme: Jutri bo na jugozahodu obla\u010dno, drugod \u0161e deloma son\u010dno - Hudo Slovenija","og_description":"Zjutraj bo ponekod po ni\u017einah megla. Jutranje temperature bodo od -6 do 3, ob morju okoli 4 stopinj Celzija, je zapisano na spletnih straneh Agencije RS za okolje.","og_url":"https:\/\/hudo.com\/si\/aktualno\/vreme-jutri-bo-na-jugozahodu-oblacno-drugod-se-deloma-soncno\/","og_site_name":"Hudo Slovenija","article_publisher":"https:\/\/www.facebook.com\/hudo.si","article_published_time":"2017-12-30T16:14:00+00:00","og_image":[{"width":1250,"height":1250,"url":"https:\/\/hudo.com\/si\/wp-content\/uploads\/sites\/2\/2017\/12\/profimedia-0216574793.jpg","type":"image\/jpeg"}],"author":"M. N., STA","twitter_card":"summary_large_image","twitter_creator":"@hudo_si","twitter_site":"@hudo_si","twitter_misc":{"Written by":"M. N., STA","Est. reading time":"1 minuta"},"schema":{"@context":"https:\/\/schema.org","@graph":[{"@type":"Article","@id":"https:\/\/hudo.com\/si\/aktualno\/vreme-jutri-bo-na-jugozahodu-oblacno-drugod-se-deloma-soncno\/#article","isPartOf":{"@id":"https:\/\/hudo.com\/si\/aktualno\/vreme-jutri-bo-na-jugozahodu-oblacno-drugod-se-deloma-soncno\/"},"author":{"name":"M. N., STA","@id":"https:\/\/hudo.com\/si\/#\/schema\/person\/c2f10ce65d2e6ede2aeda5be2a0611fa"},"headline":"Vreme: Jutri bo na jugozahodu obla\u010dno, drugod \u0161e deloma son\u010dno","datePublished":"2017-12-30T16:14:00+00:00","dateModified":"2017-12-30T16:14:00+00:00","mainEntityOfPage":{"@id":"https:\/\/hudo.com\/si\/aktualno\/vreme-jutri-bo-na-jugozahodu-oblacno-drugod-se-deloma-soncno\/"},"wordCount":199,"publisher":{"@id":"https:\/\/hudo.com\/si\/#organization"},"keywords":["Slovenija","vreme","vremenska napoved"],"articleSection":["Aktualno"],"inLanguage":"sl-SI"},{"@type":"WebPage","@id":"https:\/\/hudo.com\/si\/aktualno\/vreme-jutri-bo-na-jugozahodu-oblacno-drugod-se-deloma-soncno\/","url":"https:\/\/hudo.com\/si\/aktualno\/vreme-jutri-bo-na-jugozahodu-oblacno-drugod-se-deloma-soncno\/","name":"Vreme: Jutri bo na jugozahodu obla\u010dno, drugod \u0161e deloma son\u010dno - Hudo Slovenija","isPartOf":{"@id":"https:\/\/hudo.com\/si\/#website"},"datePublished":"2017-12-30T16:14:00+00:00","dateModified":"2017-12-30T16:14:00+00:00","breadcrumb":{"@id":"https:\/\/hudo.com\/si\/aktualno\/vreme-jutri-bo-na-jugozahodu-oblacno-drugod-se-deloma-soncno\/#breadcrumb"},"inLanguage":"sl-SI","potentialAction":[{"@type":"ReadAction","target":["https:\/\/hudo.com\/si\/aktualno\/vreme-jutri-bo-na-jugozahodu-oblacno-drugod-se-deloma-soncno\/"]}]},{"@type":"BreadcrumbList","@id":"https:\/\/hudo.com\/si\/aktualno\/vreme-jutri-bo-na-jugozahodu-oblacno-drugod-se-deloma-soncno\/#breadcrumb","itemListElement":[{"@type":"ListItem","position":1,"name":"Home","item":"https:\/\/hudo.com\/si\/"},{"@type":"ListItem","position":2,"name":"Vreme: Jutri bo na jugozahodu obla\u010dno, drugod \u0161e deloma son\u010dno"}]},{"@type":"WebSite","@id":"https:\/\/hudo.com\/si\/#website","url":"https:\/\/hudo.com\/si\/","name":"Hudo Slovenija","description":"Vse novice iz Slovenije in sveta","publisher":{"@id":"https:\/\/hudo.com\/si\/#organization"},"potentialAction":[{"@type":"SearchAction","target":{"@type":"EntryPoint","urlTemplate":"https:\/\/hudo.com\/si\/?s={search_term_string}"},"query-input":"required name=search_term_string"}],"inLanguage":"sl-SI"},{"@type":"Organization","@id":"https:\/\/hudo.com\/si\/#organization","name":"VSN Media","url":"https:\/\/hudo.com\/si\/","logo":{"@type":"ImageObject","inLanguage":"sl-SI","@id":"https:\/\/hudo.com\/si\/#\/schema\/logo\/image\/","url":"https:\/\/hudo.com\/si\/wp-content\/uploads\/sites\/2\/2021\/03\/hudo-app-2.png","contentUrl":"https:\/\/hudo.com\/si\/wp-content\/uploads\/sites\/2\/2021\/03\/hudo-app-2.png","width":2185,"height":2167,"caption":"VSN Media"},"image":{"@id":"https:\/\/hudo.com\/si\/#\/schema\/logo\/image\/"},"sameAs":["https:\/\/www.facebook.com\/hudo.si","https:\/\/twitter.com\/hudo_si"]},{"@type":"Person","@id":"https:\/\/hudo.com\/si\/#\/schema\/person\/c2f10ce65d2e6ede2aeda5be2a0611fa","name":"M. N., STA","image":{"@type":"ImageObject","inLanguage":"sl-SI","@id":"https:\/\/hudo.com\/si\/#\/schema\/person\/image\/","url":"https:\/\/secure.gravatar.com\/avatar\/f370d38daa10467f755c5c766a4cac20?s=96&d=mm&r=g","contentUrl":"https:\/\/secure.gravatar.com\/avatar\/f370d38daa10467f755c5c766a4cac20?s=96&d=mm&r=g","caption":"M. N., STA"},"url":"https:\/\/hudo.com\/si\/author\/mana\/"}]}},"amp_enabled":true,"_links":{"self":[{"href":"https:\/\/hudo.com\/si\/wp-json\/wp\/v2\/posts\/338966"}],"collection":[{"href":"https:\/\/hudo.com\/si\/wp-json\/wp\/v2\/posts"}],"about":[{"href":"https:\/\/hudo.com\/si\/wp-json\/wp\/v2\/types\/post"}],"author":[{"embeddable":true,"href":"https:\/\/hudo.com\/si\/wp-json\/wp\/v2\/users\/8"}],"replies":[{"embeddable":true,"href":"https:\/\/hudo.com\/si\/wp-json\/wp\/v2\/comments?post=338966"}],"version-history":[{"count":1,"href":"https:\/\/hudo.com\/si\/wp-json\/wp\/v2\/posts\/338966\/revisions"}],"predecessor-version":[{"id":338978,"href":"https:\/\/hudo.com\/si\/wp-json\/wp\/v2\/posts\/338966\/revisions\/338978"}],"wp:featuredmedia":[{"embeddable":true,"href":"https:\/\/hudo.com\/si\/wp-json\/wp\/v2\/media\/337087"}],"wp:attachment":[{"href":"https:\/\/hudo.com\/si\/wp-json\/wp\/v2\/media?parent=338966"}],"wp:term":[{"taxonomy":"category","embeddable":true,"href":"https:\/\/hudo.com\/si\/wp-json\/wp\/v2\/categories?post=338966"},{"taxonomy":"post_tag","embeddable":true,"href":"https:\/\/hudo.com\/si\/wp-json\/wp\/v2\/tags?post=338966"},{"taxonomy":"source","embeddable":true,"href":"https:\/\/hudo.com\/si\/wp-json\/wp\/v2\/source?post=338966"},{"taxonomy":"supertag","embeddable":true,"href":"https:\/\/hudo.com\/si\/wp-json\/wp\/v2\/supertag?post=338966"}],"curies":[{"name":"wp","href":"https:\/\/api.w.org\/{rel}","templated":true}]}}