{"id":34008,"date":"2016-04-19T16:00:00","date_gmt":"2016-04-19T14:00:00","guid":{"rendered":"http:\/\/hudo.com\/si\/2016\/04\/19\/afera-patria-ni-dokazov-o-podkupovanju-hrvaskih-uradnikov\/"},"modified":"2016-04-19T20:21:25","modified_gmt":"2016-04-19T18:21:25","slug":"afera-patria-ni-dokazov-o-podkupovanju-hrvaskih-uradnikov","status":"publish","type":"post","link":"https:\/\/hudo.com\/si\/aktualno\/afera-patria-ni-dokazov-o-podkupovanju-hrvaskih-uradnikov\/","title":{"rendered":"Afera Patria: Ni dokazov o podkupovanju hrva\u0161kih uradnikov"},"content":{"rendered":"<p>Kategorija: Kronika Tue, 19 Apr 2016 18:00:00 +0200  Ljubljana \u2013 Potem ko se finsko to\u017eilstvo ni prito\u017eilo na oprostilno sodbo v zvezi z o\u010ditki o podkupovanju hrva\u0161kih uradnikov pri prodaji oklepnikov Patrie na Hrva\u0161kem, je finsko sodi\u0161\u010de sklenilo primer Patrie na Hrva\u0161kem. Vi\u0161je prizivno sodi\u0161\u010de v Turkuju je namre\u010d dokon\u010dno zavrnilo vse obto\u017ebe proti oro\u017earski dru\u017ebi in njenim mened\u017eerjem zaradi domnevne korupcije. Odlo\u010ditev sodi\u0161\u010da v Turkuju je sledila potem, ko se finski dr\u017eavni to\u017eilec Jukka Rappe do danes, ko se je iztekel skrajni rok, ni prito\u017eil na odlo\u010ditev sodi\u0161\u010da, na podlagi katere je bila Patria opro\u0161\u010dena obto\u017eb podkupovanja hrva\u0161kih uradnikov med prodajo voja\u0161kih oklepnikov leta 2007, poro\u010da STA. Vi\u0161je prizivno sodi\u0161\u010de v Turkuju je namre\u010d \u017ee februarja razveljavilo obsodilno sodbo prvostopenjskega sodi\u0161\u010da, ki je februarja lani obsodilo mened\u017eerja Patrie Heikka Hulkkonena in Reija Niittynena zaradi podkupovanja predstavnikov hrva\u0161kih\u00a0&#8230;<\/p>\n","protected":false},"excerpt":{"rendered":"<p>Kategorija: Kronika Tue, 19 Apr 2016 18:00:00 +0200  Ljubljana \u2013 Potem ko se finsko to\u017eilstvo ni prito\u017eilo na oprostilno sodbo v zvezi z o\u010ditki o podkupovanju hrva\u0161kih uradnikov pri prodaji oklepnikov Patrie na Hrva\u0161kem, je finsko sodi\u0161\u010de sklenilo primer Patrie na Hrva\u0161kem. Vi\u0161je prizivno sodi\u0161\u010de v Turkuju je namre\u010d dokon\u010dno zavrnilo vse obto\u017ebe proti oro\u017earski dru\u017ebi in njenim mened\u017eerjem zaradi domnevne korupcije. Odlo\u010ditev sodi\u0161\u010da v Turkuju je sledila potem, ko se finski dr\u017eavni to\u017eilec Jukka Rappe do danes, ko se je iztekel skrajni rok, ni prito\u017eil na odlo\u010ditev sodi\u0161\u010da, na podlagi katere je bila Patria opro\u0161\u010dena obto\u017eb podkupovanja hrva\u0161kih uradnikov med prodajo voja\u0161kih oklepnikov leta 2007, poro\u010da STA. Vi\u0161je prizivno sodi\u0161\u010de v Turkuju je namre\u010d \u017ee februarja razveljavilo obsodilno sodbo prvostopenjskega sodi\u0161\u010da, ki je februarja lani obsodilo mened\u017eerja Patrie Heikka Hulkkonena in Reija Niittynena zaradi podkupovanja predstavnikov hrva\u0161kih\u00a0&#8230;<\/p>\n","protected":false},"author":1,"featured_media":0,"comment_status":"closed","ping_status":"closed","sticky":false,"template":"","format":"standard","meta":{"footnotes":""},"categories":[1179],"tags":[],"source":[4511],"supertag":[],"acf":[],"yoast_head":"<!-- This site is optimized with the Yoast SEO plugin v21.3 - https:\/\/yoast.com\/wordpress\/plugins\/seo\/ -->\n<title>Afera Patria: Ni dokazov o podkupovanju hrva\u0161kih uradnikov - Hudo Slovenija<\/title>\n<meta name=\"robots\" content=\"index, follow, max-snippet:-1, max-image-preview:large, max-video-preview:-1\" \/>\n<link rel=\"canonical\" href=\"https:\/\/hudo.com\/si\/aktualno\/afera-patria-ni-dokazov-o-podkupovanju-hrvaskih-uradnikov\/\" \/>\n<meta property=\"og:locale\" content=\"sl_SI\" \/>\n<meta property=\"og:type\" content=\"article\" \/>\n<meta property=\"og:title\" content=\"Afera Patria: Ni dokazov o podkupovanju hrva\u0161kih uradnikov - Hudo Slovenija\" \/>\n<meta property=\"og:description\" content=\"Kategorija: Kronika Tue, 19 Apr 2016 18:00:00 +0200 Ljubljana \u2013 Potem ko se finsko to\u017eilstvo ni prito\u017eilo na oprostilno sodbo v zvezi z o\u010ditki o podkupovanju hrva\u0161kih uradnikov pri prodaji oklepnikov Patrie na Hrva\u0161kem, je finsko sodi\u0161\u010de sklenilo primer Patrie na Hrva\u0161kem. Vi\u0161je prizivno sodi\u0161\u010de v Turkuju je namre\u010d dokon\u010dno zavrnilo vse obto\u017ebe proti oro\u017earski dru\u017ebi in njenim mened\u017eerjem zaradi domnevne korupcije. Odlo\u010ditev sodi\u0161\u010da v Turkuju je sledila potem, ko se finski dr\u017eavni to\u017eilec Jukka Rappe do danes, ko se je iztekel skrajni rok, ni prito\u017eil na odlo\u010ditev sodi\u0161\u010da, na podlagi katere je bila Patria opro\u0161\u010dena obto\u017eb podkupovanja hrva\u0161kih uradnikov med prodajo voja\u0161kih oklepnikov leta 2007, poro\u010da STA. Vi\u0161je prizivno sodi\u0161\u010de v Turkuju je namre\u010d \u017ee februarja razveljavilo obsodilno sodbo prvostopenjskega sodi\u0161\u010da, ki je februarja lani obsodilo mened\u017eerja Patrie Heikka Hulkkonena in Reija Niittynena zaradi podkupovanja predstavnikov hrva\u0161kih\u00a0...\" \/>\n<meta property=\"og:url\" content=\"https:\/\/hudo.com\/si\/aktualno\/afera-patria-ni-dokazov-o-podkupovanju-hrvaskih-uradnikov\/\" \/>\n<meta property=\"og:site_name\" content=\"Hudo Slovenija\" \/>\n<meta property=\"article:publisher\" content=\"https:\/\/www.facebook.com\/hudo.si\" \/>\n<meta property=\"article:published_time\" content=\"2016-04-19T14:00:00+00:00\" \/>\n<meta property=\"article:modified_time\" content=\"2016-04-19T18:21:25+00:00\" \/>\n<meta property=\"og:image\" content=\"https:\/\/hudo.com\/si\/wp-content\/uploads\/sites\/2\/2016\/04\/480x290_Kronika__djvu_1204928_felcm_hires0.jpeg\" \/>\n\t<meta property=\"og:image:width\" content=\"480\" \/>\n\t<meta property=\"og:image:height\" content=\"290\" \/>\n\t<meta property=\"og:image:type\" content=\"image\/jpeg\" \/>\n<meta name=\"author\" content=\"hudo\" \/>\n<meta name=\"twitter:card\" content=\"summary_large_image\" \/>\n<meta name=\"twitter:creator\" content=\"@hudo_si\" \/>\n<meta name=\"twitter:site\" content=\"@hudo_si\" \/>\n<meta name=\"twitter:label1\" content=\"Written by\" \/>\n\t<meta name=\"twitter:data1\" content=\"hudo\" \/>\n\t<meta name=\"twitter:label2\" content=\"Est. reading time\" \/>\n\t<meta name=\"twitter:data2\" content=\"1 minuta\" \/>\n<script type=\"application\/ld+json\" class=\"yoast-schema-graph\">{\"@context\":\"https:\/\/schema.org\",\"@graph\":[{\"@type\":\"Article\",\"@id\":\"https:\/\/hudo.com\/si\/aktualno\/afera-patria-ni-dokazov-o-podkupovanju-hrvaskih-uradnikov\/#article\",\"isPartOf\":{\"@id\":\"https:\/\/hudo.com\/si\/aktualno\/afera-patria-ni-dokazov-o-podkupovanju-hrvaskih-uradnikov\/\"},\"author\":{\"name\":\"hudo\",\"@id\":\"https:\/\/hudo.com\/si\/#\/schema\/person\/601cf3379633985b20f7e50f2bb47707\"},\"headline\":\"Afera Patria: Ni dokazov o podkupovanju hrva\u0161kih uradnikov\",\"datePublished\":\"2016-04-19T14:00:00+00:00\",\"dateModified\":\"2016-04-19T18:21:25+00:00\",\"mainEntityOfPage\":{\"@id\":\"https:\/\/hudo.com\/si\/aktualno\/afera-patria-ni-dokazov-o-podkupovanju-hrvaskih-uradnikov\/\"},\"wordCount\":172,\"publisher\":{\"@id\":\"https:\/\/hudo.com\/si\/#organization\"},\"articleSection\":[\"Aktualno\"],\"inLanguage\":\"sl-SI\"},{\"@type\":\"WebPage\",\"@id\":\"https:\/\/hudo.com\/si\/aktualno\/afera-patria-ni-dokazov-o-podkupovanju-hrvaskih-uradnikov\/\",\"url\":\"https:\/\/hudo.com\/si\/aktualno\/afera-patria-ni-dokazov-o-podkupovanju-hrvaskih-uradnikov\/\",\"name\":\"Afera Patria: Ni dokazov o podkupovanju hrva\u0161kih uradnikov - Hudo Slovenija\",\"isPartOf\":{\"@id\":\"https:\/\/hudo.com\/si\/#website\"},\"datePublished\":\"2016-04-19T14:00:00+00:00\",\"dateModified\":\"2016-04-19T18:21:25+00:00\",\"breadcrumb\":{\"@id\":\"https:\/\/hudo.com\/si\/aktualno\/afera-patria-ni-dokazov-o-podkupovanju-hrvaskih-uradnikov\/#breadcrumb\"},\"inLanguage\":\"sl-SI\",\"potentialAction\":[{\"@type\":\"ReadAction\",\"target\":[\"https:\/\/hudo.com\/si\/aktualno\/afera-patria-ni-dokazov-o-podkupovanju-hrvaskih-uradnikov\/\"]}]},{\"@type\":\"BreadcrumbList\",\"@id\":\"https:\/\/hudo.com\/si\/aktualno\/afera-patria-ni-dokazov-o-podkupovanju-hrvaskih-uradnikov\/#breadcrumb\",\"itemListElement\":[{\"@type\":\"ListItem\",\"position\":1,\"name\":\"Home\",\"item\":\"https:\/\/hudo.com\/si\/\"},{\"@type\":\"ListItem\",\"position\":2,\"name\":\"Afera Patria: Ni dokazov o podkupovanju hrva\u0161kih uradnikov\"}]},{\"@type\":\"WebSite\",\"@id\":\"https:\/\/hudo.com\/si\/#website\",\"url\":\"https:\/\/hudo.com\/si\/\",\"name\":\"Hudo Slovenija\",\"description\":\"Vse novice iz Slovenije in sveta\",\"publisher\":{\"@id\":\"https:\/\/hudo.com\/si\/#organization\"},\"potentialAction\":[{\"@type\":\"SearchAction\",\"target\":{\"@type\":\"EntryPoint\",\"urlTemplate\":\"https:\/\/hudo.com\/si\/?s={search_term_string}\"},\"query-input\":\"required name=search_term_string\"}],\"inLanguage\":\"sl-SI\"},{\"@type\":\"Organization\",\"@id\":\"https:\/\/hudo.com\/si\/#organization\",\"name\":\"VSN Media\",\"url\":\"https:\/\/hudo.com\/si\/\",\"logo\":{\"@type\":\"ImageObject\",\"inLanguage\":\"sl-SI\",\"@id\":\"https:\/\/hudo.com\/si\/#\/schema\/logo\/image\/\",\"url\":\"https:\/\/hudo.com\/si\/wp-content\/uploads\/sites\/2\/2021\/03\/hudo-app-2.png\",\"contentUrl\":\"https:\/\/hudo.com\/si\/wp-content\/uploads\/sites\/2\/2021\/03\/hudo-app-2.png\",\"width\":2185,\"height\":2167,\"caption\":\"VSN Media\"},\"image\":{\"@id\":\"https:\/\/hudo.com\/si\/#\/schema\/logo\/image\/\"},\"sameAs\":[\"https:\/\/www.facebook.com\/hudo.si\",\"https:\/\/twitter.com\/hudo_si\"]},{\"@type\":\"Person\",\"@id\":\"https:\/\/hudo.com\/si\/#\/schema\/person\/601cf3379633985b20f7e50f2bb47707\",\"name\":\"hudo\",\"image\":{\"@type\":\"ImageObject\",\"inLanguage\":\"sl-SI\",\"@id\":\"https:\/\/hudo.com\/si\/#\/schema\/person\/image\/\",\"url\":\"https:\/\/secure.gravatar.com\/avatar\/c4ca25fa72cace7a696b52ff5db9e095?s=96&d=mm&r=g\",\"contentUrl\":\"https:\/\/secure.gravatar.com\/avatar\/c4ca25fa72cace7a696b52ff5db9e095?s=96&d=mm&r=g\",\"caption\":\"hudo\"},\"url\":\"https:\/\/hudo.com\/si\/author\/hudo\/\"}]}<\/script>\n<!-- \/ Yoast SEO plugin. -->","yoast_head_json":{"title":"Afera Patria: Ni dokazov o podkupovanju hrva\u0161kih uradnikov - Hudo Slovenija","robots":{"index":"index","follow":"follow","max-snippet":"max-snippet:-1","max-image-preview":"max-image-preview:large","max-video-preview":"max-video-preview:-1"},"canonical":"https:\/\/hudo.com\/si\/aktualno\/afera-patria-ni-dokazov-o-podkupovanju-hrvaskih-uradnikov\/","og_locale":"sl_SI","og_type":"article","og_title":"Afera Patria: Ni dokazov o podkupovanju hrva\u0161kih uradnikov - Hudo Slovenija","og_description":"Kategorija: Kronika Tue, 19 Apr 2016 18:00:00 +0200 Ljubljana \u2013 Potem ko se finsko to\u017eilstvo ni prito\u017eilo na oprostilno sodbo v zvezi z o\u010ditki o podkupovanju hrva\u0161kih uradnikov pri prodaji oklepnikov Patrie na Hrva\u0161kem, je finsko sodi\u0161\u010de sklenilo primer Patrie na Hrva\u0161kem. Vi\u0161je prizivno sodi\u0161\u010de v Turkuju je namre\u010d dokon\u010dno zavrnilo vse obto\u017ebe proti oro\u017earski dru\u017ebi in njenim mened\u017eerjem zaradi domnevne korupcije. Odlo\u010ditev sodi\u0161\u010da v Turkuju je sledila potem, ko se finski dr\u017eavni to\u017eilec Jukka Rappe do danes, ko se je iztekel skrajni rok, ni prito\u017eil na odlo\u010ditev sodi\u0161\u010da, na podlagi katere je bila Patria opro\u0161\u010dena obto\u017eb podkupovanja hrva\u0161kih uradnikov med prodajo voja\u0161kih oklepnikov leta 2007, poro\u010da STA. Vi\u0161je prizivno sodi\u0161\u010de v Turkuju je namre\u010d \u017ee februarja razveljavilo obsodilno sodbo prvostopenjskega sodi\u0161\u010da, ki je februarja lani obsodilo mened\u017eerja Patrie Heikka Hulkkonena in Reija Niittynena zaradi podkupovanja predstavnikov hrva\u0161kih\u00a0...","og_url":"https:\/\/hudo.com\/si\/aktualno\/afera-patria-ni-dokazov-o-podkupovanju-hrvaskih-uradnikov\/","og_site_name":"Hudo Slovenija","article_publisher":"https:\/\/www.facebook.com\/hudo.si","article_published_time":"2016-04-19T14:00:00+00:00","article_modified_time":"2016-04-19T18:21:25+00:00","og_image":[{"width":480,"height":290,"url":"https:\/\/hudo.com\/si\/wp-content\/uploads\/sites\/2\/2016\/04\/480x290_Kronika__djvu_1204928_felcm_hires0.jpeg","type":"image\/jpeg"}],"author":"hudo","twitter_card":"summary_large_image","twitter_creator":"@hudo_si","twitter_site":"@hudo_si","twitter_misc":{"Written by":"hudo","Est. reading time":"1 minuta"},"schema":{"@context":"https:\/\/schema.org","@graph":[{"@type":"Article","@id":"https:\/\/hudo.com\/si\/aktualno\/afera-patria-ni-dokazov-o-podkupovanju-hrvaskih-uradnikov\/#article","isPartOf":{"@id":"https:\/\/hudo.com\/si\/aktualno\/afera-patria-ni-dokazov-o-podkupovanju-hrvaskih-uradnikov\/"},"author":{"name":"hudo","@id":"https:\/\/hudo.com\/si\/#\/schema\/person\/601cf3379633985b20f7e50f2bb47707"},"headline":"Afera Patria: Ni dokazov o podkupovanju hrva\u0161kih uradnikov","datePublished":"2016-04-19T14:00:00+00:00","dateModified":"2016-04-19T18:21:25+00:00","mainEntityOfPage":{"@id":"https:\/\/hudo.com\/si\/aktualno\/afera-patria-ni-dokazov-o-podkupovanju-hrvaskih-uradnikov\/"},"wordCount":172,"publisher":{"@id":"https:\/\/hudo.com\/si\/#organization"},"articleSection":["Aktualno"],"inLanguage":"sl-SI"},{"@type":"WebPage","@id":"https:\/\/hudo.com\/si\/aktualno\/afera-patria-ni-dokazov-o-podkupovanju-hrvaskih-uradnikov\/","url":"https:\/\/hudo.com\/si\/aktualno\/afera-patria-ni-dokazov-o-podkupovanju-hrvaskih-uradnikov\/","name":"Afera Patria: Ni dokazov o podkupovanju hrva\u0161kih uradnikov - Hudo Slovenija","isPartOf":{"@id":"https:\/\/hudo.com\/si\/#website"},"datePublished":"2016-04-19T14:00:00+00:00","dateModified":"2016-04-19T18:21:25+00:00","breadcrumb":{"@id":"https:\/\/hudo.com\/si\/aktualno\/afera-patria-ni-dokazov-o-podkupovanju-hrvaskih-uradnikov\/#breadcrumb"},"inLanguage":"sl-SI","potentialAction":[{"@type":"ReadAction","target":["https:\/\/hudo.com\/si\/aktualno\/afera-patria-ni-dokazov-o-podkupovanju-hrvaskih-uradnikov\/"]}]},{"@type":"BreadcrumbList","@id":"https:\/\/hudo.com\/si\/aktualno\/afera-patria-ni-dokazov-o-podkupovanju-hrvaskih-uradnikov\/#breadcrumb","itemListElement":[{"@type":"ListItem","position":1,"name":"Home","item":"https:\/\/hudo.com\/si\/"},{"@type":"ListItem","position":2,"name":"Afera Patria: Ni dokazov o podkupovanju hrva\u0161kih uradnikov"}]},{"@type":"WebSite","@id":"https:\/\/hudo.com\/si\/#website","url":"https:\/\/hudo.com\/si\/","name":"Hudo Slovenija","description":"Vse novice iz Slovenije in sveta","publisher":{"@id":"https:\/\/hudo.com\/si\/#organization"},"potentialAction":[{"@type":"SearchAction","target":{"@type":"EntryPoint","urlTemplate":"https:\/\/hudo.com\/si\/?s={search_term_string}"},"query-input":"required name=search_term_string"}],"inLanguage":"sl-SI"},{"@type":"Organization","@id":"https:\/\/hudo.com\/si\/#organization","name":"VSN Media","url":"https:\/\/hudo.com\/si\/","logo":{"@type":"ImageObject","inLanguage":"sl-SI","@id":"https:\/\/hudo.com\/si\/#\/schema\/logo\/image\/","url":"https:\/\/hudo.com\/si\/wp-content\/uploads\/sites\/2\/2021\/03\/hudo-app-2.png","contentUrl":"https:\/\/hudo.com\/si\/wp-content\/uploads\/sites\/2\/2021\/03\/hudo-app-2.png","width":2185,"height":2167,"caption":"VSN Media"},"image":{"@id":"https:\/\/hudo.com\/si\/#\/schema\/logo\/image\/"},"sameAs":["https:\/\/www.facebook.com\/hudo.si","https:\/\/twitter.com\/hudo_si"]},{"@type":"Person","@id":"https:\/\/hudo.com\/si\/#\/schema\/person\/601cf3379633985b20f7e50f2bb47707","name":"hudo","image":{"@type":"ImageObject","inLanguage":"sl-SI","@id":"https:\/\/hudo.com\/si\/#\/schema\/person\/image\/","url":"https:\/\/secure.gravatar.com\/avatar\/c4ca25fa72cace7a696b52ff5db9e095?s=96&d=mm&r=g","contentUrl":"https:\/\/secure.gravatar.com\/avatar\/c4ca25fa72cace7a696b52ff5db9e095?s=96&d=mm&r=g","caption":"hudo"},"url":"https:\/\/hudo.com\/si\/author\/hudo\/"}]}},"amp_enabled":true,"_links":{"self":[{"href":"https:\/\/hudo.com\/si\/wp-json\/wp\/v2\/posts\/34008"}],"collection":[{"href":"https:\/\/hudo.com\/si\/wp-json\/wp\/v2\/posts"}],"about":[{"href":"https:\/\/hudo.com\/si\/wp-json\/wp\/v2\/types\/post"}],"author":[{"embeddable":true,"href":"https:\/\/hudo.com\/si\/wp-json\/wp\/v2\/users\/1"}],"replies":[{"embeddable":true,"href":"https:\/\/hudo.com\/si\/wp-json\/wp\/v2\/comments?post=34008"}],"version-history":[{"count":1,"href":"https:\/\/hudo.com\/si\/wp-json\/wp\/v2\/posts\/34008\/revisions"}],"predecessor-version":[{"id":34124,"href":"https:\/\/hudo.com\/si\/wp-json\/wp\/v2\/posts\/34008\/revisions\/34124"}],"wp:attachment":[{"href":"https:\/\/hudo.com\/si\/wp-json\/wp\/v2\/media?parent=34008"}],"wp:term":[{"taxonomy":"category","embeddable":true,"href":"https:\/\/hudo.com\/si\/wp-json\/wp\/v2\/categories?post=34008"},{"taxonomy":"post_tag","embeddable":true,"href":"https:\/\/hudo.com\/si\/wp-json\/wp\/v2\/tags?post=34008"},{"taxonomy":"source","embeddable":true,"href":"https:\/\/hudo.com\/si\/wp-json\/wp\/v2\/source?post=34008"},{"taxonomy":"supertag","embeddable":true,"href":"https:\/\/hudo.com\/si\/wp-json\/wp\/v2\/supertag?post=34008"}],"curies":[{"name":"wp","href":"https:\/\/api.w.org\/{rel}","templated":true}]}}