{"id":341602,"date":"2018-01-05T19:00:00","date_gmt":"2018-01-05T18:00:00","guid":{"rendered":"http:\/\/hudo.com\/si\/2018\/01\/05\/tudi-za-vida-kavticnika-se-zacenja-bitka-s-casom\/"},"modified":"2018-01-05T19:00:00","modified_gmt":"2018-01-05T18:00:00","slug":"tudi-za-vida-kavticnika-se-zacenja-bitka-s-casom","status":"publish","type":"post","link":"https:\/\/hudo.com\/si\/aktualno\/tudi-za-vida-kavticnika-se-zacenja-bitka-s-casom\/","title":{"rendered":"Tudi za Vida Kavti\u010dnika se za\u010denja bitka s \u010dasom"},"content":{"rendered":"<p>Kategorija: Rokomet Fri, 05 Jan 2018 20:00:00 +0100  Zre\u010de \u2013 \u0160oku z Matejem Gabrom je v\u010deraj sledil nov. Na treningu slovenskih rokometa\u0161ev se je po\u0161kodoval kapetan Vid Kavti\u010dnik, \u010digar nastop na bli\u017enjem evropskem prvenstvu je vpra\u0161ljiv. Selektorju Veselinu Vujovi\u0107u se sproti ru\u0161ijo na\u010drti. Ko ima hudi\u010d mlade, jih ima veliko. Komaj so si v slovenskem taboru opomogli od izgube Mateja Gabra, ki je bil v\u010deraj v Celju operiran na stopalu, \u017ee jih je doletela nova velika smola. Vid Kavti\u010dnik, najbolj izku\u0161eni igralec, si je na dopoldanskem treningu v eni od akcij strgal ko\u017eo med dvema prstoma na strelski levi roki &#8230; \u00bbTako globoko, da je zazijala kost. Dobil je pet \u0161ivov, ki jih bo moral nositi deset dni. Zdaj ga \u010dakajo trije dnevi \u010distega mirovanja, potem bomo videli, ali je roko mogo\u010de tako kakovostno poviti, da ga ne\u00a0&#8230;<\/p>\n","protected":false},"excerpt":{"rendered":"<p>Kategorija: Rokomet Fri, 05 Jan 2018 20:00:00 +0100  Zre\u010de \u2013 \u0160oku z Matejem Gabrom je v\u010deraj sledil nov. Na treningu slovenskih rokometa\u0161ev se je po\u0161kodoval kapetan Vid Kavti\u010dnik, \u010digar nastop na bli\u017enjem evropskem prvenstvu je vpra\u0161ljiv. Selektorju Veselinu Vujovi\u0107u se sproti ru\u0161ijo na\u010drti. Ko ima hudi\u010d mlade, jih ima veliko. Komaj so si v slovenskem taboru opomogli od izgube Mateja Gabra, ki je bil v\u010deraj v Celju operiran na stopalu, \u017ee jih je doletela nova velika smola. Vid Kavti\u010dnik, najbolj izku\u0161eni igralec, si je na dopoldanskem treningu v eni od akcij strgal ko\u017eo med dvema prstoma na strelski levi roki &#8230; \u00bbTako globoko, da je zazijala kost. Dobil je pet \u0161ivov, ki jih bo moral nositi deset dni. Zdaj ga \u010dakajo trije dnevi \u010distega mirovanja, potem bomo videli, ali je roko mogo\u010de tako kakovostno poviti, da ga ne\u00a0&#8230;<\/p>\n","protected":false},"author":1,"featured_media":0,"comment_status":"closed","ping_status":"closed","sticky":false,"template":"","format":"standard","meta":{"footnotes":""},"categories":[1179],"tags":[],"source":[1703],"supertag":[],"acf":[],"yoast_head":"<!-- This site is optimized with the Yoast SEO plugin v21.3 - https:\/\/yoast.com\/wordpress\/plugins\/seo\/ -->\n<title>Tudi za Vida Kavti\u010dnika se za\u010denja bitka s \u010dasom - Hudo Slovenija<\/title>\n<meta name=\"robots\" content=\"index, follow, max-snippet:-1, max-image-preview:large, max-video-preview:-1\" \/>\n<link rel=\"canonical\" href=\"https:\/\/hudo.com\/si\/aktualno\/tudi-za-vida-kavticnika-se-zacenja-bitka-s-casom\/\" \/>\n<meta property=\"og:locale\" content=\"sl_SI\" \/>\n<meta property=\"og:type\" content=\"article\" \/>\n<meta property=\"og:title\" content=\"Tudi za Vida Kavti\u010dnika se za\u010denja bitka s \u010dasom - Hudo Slovenija\" \/>\n<meta property=\"og:description\" content=\"Kategorija: Rokomet Fri, 05 Jan 2018 20:00:00 +0100 Zre\u010de \u2013 \u0160oku z Matejem Gabrom je v\u010deraj sledil nov. Na treningu slovenskih rokometa\u0161ev se je po\u0161kodoval kapetan Vid Kavti\u010dnik, \u010digar nastop na bli\u017enjem evropskem prvenstvu je vpra\u0161ljiv. Selektorju Veselinu Vujovi\u0107u se sproti ru\u0161ijo na\u010drti. Ko ima hudi\u010d mlade, jih ima veliko. Komaj so si v slovenskem taboru opomogli od izgube Mateja Gabra, ki je bil v\u010deraj v Celju operiran na stopalu, \u017ee jih je doletela nova velika smola. Vid Kavti\u010dnik, najbolj izku\u0161eni igralec, si je na dopoldanskem treningu v eni od akcij strgal ko\u017eo med dvema prstoma na strelski levi roki ... \u00bbTako globoko, da je zazijala kost. Dobil je pet \u0161ivov, ki jih bo moral nositi deset dni. Zdaj ga \u010dakajo trije dnevi \u010distega mirovanja, potem bomo videli, ali je roko mogo\u010de tako kakovostno poviti, da ga ne\u00a0...\" \/>\n<meta property=\"og:url\" content=\"https:\/\/hudo.com\/si\/aktualno\/tudi-za-vida-kavticnika-se-zacenja-bitka-s-casom\/\" \/>\n<meta property=\"og:site_name\" content=\"Hudo Slovenija\" \/>\n<meta property=\"article:publisher\" content=\"https:\/\/www.facebook.com\/hudo.si\" \/>\n<meta property=\"article:published_time\" content=\"2018-01-05T18:00:00+00:00\" \/>\n<meta property=\"og:image\" content=\"https:\/\/hudo.com\/si\/wp-content\/uploads\/sites\/2\/2018\/01\/480x290_Sport__djvu_2376963_mihaho__hires1.jpeg\" \/>\n\t<meta property=\"og:image:width\" content=\"480\" \/>\n\t<meta property=\"og:image:height\" content=\"290\" \/>\n\t<meta property=\"og:image:type\" content=\"image\/jpeg\" \/>\n<meta name=\"author\" content=\"hudo\" \/>\n<meta name=\"twitter:card\" content=\"summary_large_image\" \/>\n<meta name=\"twitter:creator\" content=\"@hudo_si\" \/>\n<meta name=\"twitter:site\" content=\"@hudo_si\" \/>\n<meta name=\"twitter:label1\" content=\"Written by\" \/>\n\t<meta name=\"twitter:data1\" content=\"hudo\" \/>\n\t<meta name=\"twitter:label2\" content=\"Est. reading time\" \/>\n\t<meta name=\"twitter:data2\" content=\"1 minuta\" \/>\n<script type=\"application\/ld+json\" class=\"yoast-schema-graph\">{\"@context\":\"https:\/\/schema.org\",\"@graph\":[{\"@type\":\"Article\",\"@id\":\"https:\/\/hudo.com\/si\/aktualno\/tudi-za-vida-kavticnika-se-zacenja-bitka-s-casom\/#article\",\"isPartOf\":{\"@id\":\"https:\/\/hudo.com\/si\/aktualno\/tudi-za-vida-kavticnika-se-zacenja-bitka-s-casom\/\"},\"author\":{\"name\":\"hudo\",\"@id\":\"https:\/\/hudo.com\/si\/#\/schema\/person\/601cf3379633985b20f7e50f2bb47707\"},\"headline\":\"Tudi za Vida Kavti\u010dnika se za\u010denja bitka s \u010dasom\",\"datePublished\":\"2018-01-05T18:00:00+00:00\",\"dateModified\":\"2018-01-05T18:00:00+00:00\",\"mainEntityOfPage\":{\"@id\":\"https:\/\/hudo.com\/si\/aktualno\/tudi-za-vida-kavticnika-se-zacenja-bitka-s-casom\/\"},\"wordCount\":158,\"publisher\":{\"@id\":\"https:\/\/hudo.com\/si\/#organization\"},\"articleSection\":[\"Aktualno\"],\"inLanguage\":\"sl-SI\"},{\"@type\":\"WebPage\",\"@id\":\"https:\/\/hudo.com\/si\/aktualno\/tudi-za-vida-kavticnika-se-zacenja-bitka-s-casom\/\",\"url\":\"https:\/\/hudo.com\/si\/aktualno\/tudi-za-vida-kavticnika-se-zacenja-bitka-s-casom\/\",\"name\":\"Tudi za Vida Kavti\u010dnika se za\u010denja bitka s \u010dasom - Hudo Slovenija\",\"isPartOf\":{\"@id\":\"https:\/\/hudo.com\/si\/#website\"},\"datePublished\":\"2018-01-05T18:00:00+00:00\",\"dateModified\":\"2018-01-05T18:00:00+00:00\",\"breadcrumb\":{\"@id\":\"https:\/\/hudo.com\/si\/aktualno\/tudi-za-vida-kavticnika-se-zacenja-bitka-s-casom\/#breadcrumb\"},\"inLanguage\":\"sl-SI\",\"potentialAction\":[{\"@type\":\"ReadAction\",\"target\":[\"https:\/\/hudo.com\/si\/aktualno\/tudi-za-vida-kavticnika-se-zacenja-bitka-s-casom\/\"]}]},{\"@type\":\"BreadcrumbList\",\"@id\":\"https:\/\/hudo.com\/si\/aktualno\/tudi-za-vida-kavticnika-se-zacenja-bitka-s-casom\/#breadcrumb\",\"itemListElement\":[{\"@type\":\"ListItem\",\"position\":1,\"name\":\"Home\",\"item\":\"https:\/\/hudo.com\/si\/\"},{\"@type\":\"ListItem\",\"position\":2,\"name\":\"Tudi za Vida Kavti\u010dnika se za\u010denja bitka s \u010dasom\"}]},{\"@type\":\"WebSite\",\"@id\":\"https:\/\/hudo.com\/si\/#website\",\"url\":\"https:\/\/hudo.com\/si\/\",\"name\":\"Hudo Slovenija\",\"description\":\"Vse novice iz Slovenije in sveta\",\"publisher\":{\"@id\":\"https:\/\/hudo.com\/si\/#organization\"},\"potentialAction\":[{\"@type\":\"SearchAction\",\"target\":{\"@type\":\"EntryPoint\",\"urlTemplate\":\"https:\/\/hudo.com\/si\/?s={search_term_string}\"},\"query-input\":\"required name=search_term_string\"}],\"inLanguage\":\"sl-SI\"},{\"@type\":\"Organization\",\"@id\":\"https:\/\/hudo.com\/si\/#organization\",\"name\":\"VSN Media\",\"url\":\"https:\/\/hudo.com\/si\/\",\"logo\":{\"@type\":\"ImageObject\",\"inLanguage\":\"sl-SI\",\"@id\":\"https:\/\/hudo.com\/si\/#\/schema\/logo\/image\/\",\"url\":\"https:\/\/hudo.com\/si\/wp-content\/uploads\/sites\/2\/2021\/03\/hudo-app-2.png\",\"contentUrl\":\"https:\/\/hudo.com\/si\/wp-content\/uploads\/sites\/2\/2021\/03\/hudo-app-2.png\",\"width\":2185,\"height\":2167,\"caption\":\"VSN Media\"},\"image\":{\"@id\":\"https:\/\/hudo.com\/si\/#\/schema\/logo\/image\/\"},\"sameAs\":[\"https:\/\/www.facebook.com\/hudo.si\",\"https:\/\/twitter.com\/hudo_si\"]},{\"@type\":\"Person\",\"@id\":\"https:\/\/hudo.com\/si\/#\/schema\/person\/601cf3379633985b20f7e50f2bb47707\",\"name\":\"hudo\",\"image\":{\"@type\":\"ImageObject\",\"inLanguage\":\"sl-SI\",\"@id\":\"https:\/\/hudo.com\/si\/#\/schema\/person\/image\/\",\"url\":\"https:\/\/secure.gravatar.com\/avatar\/c4ca25fa72cace7a696b52ff5db9e095?s=96&d=mm&r=g\",\"contentUrl\":\"https:\/\/secure.gravatar.com\/avatar\/c4ca25fa72cace7a696b52ff5db9e095?s=96&d=mm&r=g\",\"caption\":\"hudo\"},\"url\":\"https:\/\/hudo.com\/si\/author\/hudo\/\"}]}<\/script>\n<!-- \/ Yoast SEO plugin. -->","yoast_head_json":{"title":"Tudi za Vida Kavti\u010dnika se za\u010denja bitka s \u010dasom - Hudo Slovenija","robots":{"index":"index","follow":"follow","max-snippet":"max-snippet:-1","max-image-preview":"max-image-preview:large","max-video-preview":"max-video-preview:-1"},"canonical":"https:\/\/hudo.com\/si\/aktualno\/tudi-za-vida-kavticnika-se-zacenja-bitka-s-casom\/","og_locale":"sl_SI","og_type":"article","og_title":"Tudi za Vida Kavti\u010dnika se za\u010denja bitka s \u010dasom - Hudo Slovenija","og_description":"Kategorija: Rokomet Fri, 05 Jan 2018 20:00:00 +0100 Zre\u010de \u2013 \u0160oku z Matejem Gabrom je v\u010deraj sledil nov. Na treningu slovenskih rokometa\u0161ev se je po\u0161kodoval kapetan Vid Kavti\u010dnik, \u010digar nastop na bli\u017enjem evropskem prvenstvu je vpra\u0161ljiv. Selektorju Veselinu Vujovi\u0107u se sproti ru\u0161ijo na\u010drti. Ko ima hudi\u010d mlade, jih ima veliko. Komaj so si v slovenskem taboru opomogli od izgube Mateja Gabra, ki je bil v\u010deraj v Celju operiran na stopalu, \u017ee jih je doletela nova velika smola. Vid Kavti\u010dnik, najbolj izku\u0161eni igralec, si je na dopoldanskem treningu v eni od akcij strgal ko\u017eo med dvema prstoma na strelski levi roki ... \u00bbTako globoko, da je zazijala kost. Dobil je pet \u0161ivov, ki jih bo moral nositi deset dni. Zdaj ga \u010dakajo trije dnevi \u010distega mirovanja, potem bomo videli, ali je roko mogo\u010de tako kakovostno poviti, da ga ne\u00a0...","og_url":"https:\/\/hudo.com\/si\/aktualno\/tudi-za-vida-kavticnika-se-zacenja-bitka-s-casom\/","og_site_name":"Hudo Slovenija","article_publisher":"https:\/\/www.facebook.com\/hudo.si","article_published_time":"2018-01-05T18:00:00+00:00","og_image":[{"width":480,"height":290,"url":"https:\/\/hudo.com\/si\/wp-content\/uploads\/sites\/2\/2018\/01\/480x290_Sport__djvu_2376963_mihaho__hires1.jpeg","type":"image\/jpeg"}],"author":"hudo","twitter_card":"summary_large_image","twitter_creator":"@hudo_si","twitter_site":"@hudo_si","twitter_misc":{"Written by":"hudo","Est. reading time":"1 minuta"},"schema":{"@context":"https:\/\/schema.org","@graph":[{"@type":"Article","@id":"https:\/\/hudo.com\/si\/aktualno\/tudi-za-vida-kavticnika-se-zacenja-bitka-s-casom\/#article","isPartOf":{"@id":"https:\/\/hudo.com\/si\/aktualno\/tudi-za-vida-kavticnika-se-zacenja-bitka-s-casom\/"},"author":{"name":"hudo","@id":"https:\/\/hudo.com\/si\/#\/schema\/person\/601cf3379633985b20f7e50f2bb47707"},"headline":"Tudi za Vida Kavti\u010dnika se za\u010denja bitka s \u010dasom","datePublished":"2018-01-05T18:00:00+00:00","dateModified":"2018-01-05T18:00:00+00:00","mainEntityOfPage":{"@id":"https:\/\/hudo.com\/si\/aktualno\/tudi-za-vida-kavticnika-se-zacenja-bitka-s-casom\/"},"wordCount":158,"publisher":{"@id":"https:\/\/hudo.com\/si\/#organization"},"articleSection":["Aktualno"],"inLanguage":"sl-SI"},{"@type":"WebPage","@id":"https:\/\/hudo.com\/si\/aktualno\/tudi-za-vida-kavticnika-se-zacenja-bitka-s-casom\/","url":"https:\/\/hudo.com\/si\/aktualno\/tudi-za-vida-kavticnika-se-zacenja-bitka-s-casom\/","name":"Tudi za Vida Kavti\u010dnika se za\u010denja bitka s \u010dasom - Hudo Slovenija","isPartOf":{"@id":"https:\/\/hudo.com\/si\/#website"},"datePublished":"2018-01-05T18:00:00+00:00","dateModified":"2018-01-05T18:00:00+00:00","breadcrumb":{"@id":"https:\/\/hudo.com\/si\/aktualno\/tudi-za-vida-kavticnika-se-zacenja-bitka-s-casom\/#breadcrumb"},"inLanguage":"sl-SI","potentialAction":[{"@type":"ReadAction","target":["https:\/\/hudo.com\/si\/aktualno\/tudi-za-vida-kavticnika-se-zacenja-bitka-s-casom\/"]}]},{"@type":"BreadcrumbList","@id":"https:\/\/hudo.com\/si\/aktualno\/tudi-za-vida-kavticnika-se-zacenja-bitka-s-casom\/#breadcrumb","itemListElement":[{"@type":"ListItem","position":1,"name":"Home","item":"https:\/\/hudo.com\/si\/"},{"@type":"ListItem","position":2,"name":"Tudi za Vida Kavti\u010dnika se za\u010denja bitka s \u010dasom"}]},{"@type":"WebSite","@id":"https:\/\/hudo.com\/si\/#website","url":"https:\/\/hudo.com\/si\/","name":"Hudo Slovenija","description":"Vse novice iz Slovenije in sveta","publisher":{"@id":"https:\/\/hudo.com\/si\/#organization"},"potentialAction":[{"@type":"SearchAction","target":{"@type":"EntryPoint","urlTemplate":"https:\/\/hudo.com\/si\/?s={search_term_string}"},"query-input":"required name=search_term_string"}],"inLanguage":"sl-SI"},{"@type":"Organization","@id":"https:\/\/hudo.com\/si\/#organization","name":"VSN Media","url":"https:\/\/hudo.com\/si\/","logo":{"@type":"ImageObject","inLanguage":"sl-SI","@id":"https:\/\/hudo.com\/si\/#\/schema\/logo\/image\/","url":"https:\/\/hudo.com\/si\/wp-content\/uploads\/sites\/2\/2021\/03\/hudo-app-2.png","contentUrl":"https:\/\/hudo.com\/si\/wp-content\/uploads\/sites\/2\/2021\/03\/hudo-app-2.png","width":2185,"height":2167,"caption":"VSN Media"},"image":{"@id":"https:\/\/hudo.com\/si\/#\/schema\/logo\/image\/"},"sameAs":["https:\/\/www.facebook.com\/hudo.si","https:\/\/twitter.com\/hudo_si"]},{"@type":"Person","@id":"https:\/\/hudo.com\/si\/#\/schema\/person\/601cf3379633985b20f7e50f2bb47707","name":"hudo","image":{"@type":"ImageObject","inLanguage":"sl-SI","@id":"https:\/\/hudo.com\/si\/#\/schema\/person\/image\/","url":"https:\/\/secure.gravatar.com\/avatar\/c4ca25fa72cace7a696b52ff5db9e095?s=96&d=mm&r=g","contentUrl":"https:\/\/secure.gravatar.com\/avatar\/c4ca25fa72cace7a696b52ff5db9e095?s=96&d=mm&r=g","caption":"hudo"},"url":"https:\/\/hudo.com\/si\/author\/hudo\/"}]}},"amp_enabled":true,"_links":{"self":[{"href":"https:\/\/hudo.com\/si\/wp-json\/wp\/v2\/posts\/341602"}],"collection":[{"href":"https:\/\/hudo.com\/si\/wp-json\/wp\/v2\/posts"}],"about":[{"href":"https:\/\/hudo.com\/si\/wp-json\/wp\/v2\/types\/post"}],"author":[{"embeddable":true,"href":"https:\/\/hudo.com\/si\/wp-json\/wp\/v2\/users\/1"}],"replies":[{"embeddable":true,"href":"https:\/\/hudo.com\/si\/wp-json\/wp\/v2\/comments?post=341602"}],"version-history":[{"count":0,"href":"https:\/\/hudo.com\/si\/wp-json\/wp\/v2\/posts\/341602\/revisions"}],"wp:attachment":[{"href":"https:\/\/hudo.com\/si\/wp-json\/wp\/v2\/media?parent=341602"}],"wp:term":[{"taxonomy":"category","embeddable":true,"href":"https:\/\/hudo.com\/si\/wp-json\/wp\/v2\/categories?post=341602"},{"taxonomy":"post_tag","embeddable":true,"href":"https:\/\/hudo.com\/si\/wp-json\/wp\/v2\/tags?post=341602"},{"taxonomy":"source","embeddable":true,"href":"https:\/\/hudo.com\/si\/wp-json\/wp\/v2\/source?post=341602"},{"taxonomy":"supertag","embeddable":true,"href":"https:\/\/hudo.com\/si\/wp-json\/wp\/v2\/supertag?post=341602"}],"curies":[{"name":"wp","href":"https:\/\/api.w.org\/{rel}","templated":true}]}}