{"id":341820,"date":"2018-01-06T09:08:23","date_gmt":"2018-01-06T08:08:23","guid":{"rendered":"http:\/\/hudo.com\/si\/?p=341820"},"modified":"2018-01-06T09:08:23","modified_gmt":"2018-01-06T08:08:23","slug":"v-piranski-izolski-obcini-zadovoljni-z-lanskim-turisticnim-obiskom","status":"publish","type":"post","link":"https:\/\/hudo.com\/si\/aktualno\/v-piranski-izolski-obcini-zadovoljni-z-lanskim-turisticnim-obiskom\/","title":{"rendered":"V piranski in izolski ob\u010dini zadovoljni z lanskim turisti\u010dnim obiskom"},"content":{"rendered":"<p>\u0160tevilo doma\u010dih gostov v piranski ob\u010dini se je lani pove\u010dalo za \u0161est odstotkov, tujih pa za osem odstotkov. Pri tem so dobri dve tretjini hotelskih no\u010ditev ustvarili tuji gosti, med katerimi je bilo najve\u010d Avstrijcev, Nemcev in Italijanov, so sporo\u010dili iz Turisti\u010dnega zdru\u017eenja Portoro\u017e.<\/p>\n<p>Samo v decembru so hoteli v ob\u010dini Piran ustvarili nekaj manj kot 56.000 hotelskih no\u010ditev, kar je odstotek ve\u010d kot v enakem obdobju v letu 2016. Pribli\u017eno 60 odstotkov je bilo tujih gostov.<\/p>\n<p>Na silvestrovo so hoteli v Portoro\u017eu in Piranu ustvarili dobrih 4800 no\u010ditev, pri \u010demer so prevladovali nem\u0161ko govore\u010di gosti in Italijani. Veliko je bilo tudi slovenskih gostov &#8211; kar 19 odstotkov ve\u010d kot leto prej. Ve\u010dina gostov je na destinaciji bivala dva oz. tri dni. Zasedenost le\u017ei\u0161\u010d v hotelih je bila zadnji dan v letu 85-odstotna.<\/p>\n<p>Medtem pa rekordni rezultati za Izolo ne zajemajo vseh tam delujo\u010dih namestitvenih obratov, zato bo kon\u010dna \u0161tevilka \u0161e nekoliko vi\u0161ja, so opozorili v Turisti\u010dnem zdru\u017eenju Izola. Indeksi so bili sicer vi\u0161ji prav v vseh mesecih leta. Rast hotelskih no\u010ditev je bila osemodstotna, medtem ko so v hostlih ter guest house enotah zabele\u017eili 21-odstoten, pri sobodajalcih pa 17-odstoten porast no\u010ditev. Zasedenost kampov pa je ostala na pribli\u017eno enaki ravni kot leto prej.<\/p>\n<p>61 odstotkov izolskih gostov v preteklem letu je bilo doma\u010dih, sledili so avstrijski (10,3 odstotka), nem\u0161ki (osem odstotkov) in italijanski (\u0161tirje odstotki) gostje. V Izoli poleg tega opa\u017eajo porast mad\u017earskih, \u010de\u0161kih, belgijskih in poljskih gostov. Skupaj je Izolo lani obiskalo 20 odstotkov ve\u010d tujih in \u0161est odstotkov ve\u010d doma\u010dih gostov.<\/p>\n<p>Tudi rezervacije so bile v preteklem letu opravljene bistveno prej. Napovedi za leto 2018 pa so ponovno dobre, saj hotelirji \u017ee sedaj opa\u017eajo \u0161e hitrej\u0161i trend opravljanja rezervacij, ugotavljajo v Izoli.<\/p>\n<p>Tako v Portoro\u017eu kot v Izoli se lahko pohvalijo tudi s pove\u010danim zanimanje za turisti\u010dno-informacije centre. V pisarnah v Portoro\u017eu in Piranu so v povpre\u010dju nudili informacije 25 odstotkom ve\u010d obiskovalcev kot leto prej. Piransko pisarno pa je v \u010dasu visoke sezone obiskalo tudi do 1000 turistov dnevno.<\/p>\n<p>Izolski turisti\u010dno-informacijski center je lani obiskalo ve\u010d kot 18.000 ljudi oz. 30 odstotkov ve\u010d kot v letu 2016. Dobro je bila obiskana tudi Izolana &#8211; hi\u0161a morja, kjer so od odprtja v drugi polovici julija na\u0161teli skoraj 1700 obiskovalcev.<\/p>\n","protected":false},"excerpt":{"rendered":"<p>Turisti\u010dni delavci na slovenski obali so z lansko sezono lahko zelo zadovoljni. V piranski ob\u010dini so tako zabele\u017eili 1,26 milijona hotelskih no\u010ditev, kar je sedem odstotkov ve\u010d kot leto prej. Leto 2017 pa je bilo za izolski turizem rekordno, saj so zabele\u017eili skoraj 330.000 no\u010ditev oz. osem odstotkov ve\u010d kot v letu 2016.<\/p>\n","protected":false},"author":7,"featured_media":341821,"comment_status":"closed","ping_status":"closed","sticky":false,"template":"","format":"standard","meta":{"footnotes":""},"categories":[1179],"tags":[3959,4752,1595,1917],"source":[4511],"supertag":[7541],"acf":[],"yoast_head":"<!-- This site is optimized with the Yoast SEO plugin v21.3 - https:\/\/yoast.com\/wordpress\/plugins\/seo\/ -->\n<title>V piranski in izolski ob\u010dini zadovoljni z lanskim turisti\u010dnim obiskom - Hudo Slovenija<\/title>\n<meta name=\"robots\" content=\"index, follow, max-snippet:-1, max-image-preview:large, max-video-preview:-1\" \/>\n<link rel=\"canonical\" href=\"https:\/\/hudo.com\/si\/aktualno\/v-piranski-izolski-obcini-zadovoljni-z-lanskim-turisticnim-obiskom\/\" \/>\n<meta property=\"og:locale\" content=\"sl_SI\" \/>\n<meta property=\"og:type\" content=\"article\" \/>\n<meta property=\"og:title\" content=\"V piranski in izolski ob\u010dini zadovoljni z lanskim turisti\u010dnim obiskom - Hudo Slovenija\" \/>\n<meta property=\"og:description\" content=\"Turisti\u010dni delavci na slovenski obali so z lansko sezono lahko zelo zadovoljni. V piranski ob\u010dini so tako zabele\u017eili 1,26 milijona hotelskih no\u010ditev, kar je sedem odstotkov ve\u010d kot leto prej. Leto 2017 pa je bilo za izolski turizem rekordno, saj so zabele\u017eili skoraj 330.000 no\u010ditev oz. osem odstotkov ve\u010d kot v letu 2016.\" \/>\n<meta property=\"og:url\" content=\"https:\/\/hudo.com\/si\/aktualno\/v-piranski-izolski-obcini-zadovoljni-z-lanskim-turisticnim-obiskom\/\" \/>\n<meta property=\"og:site_name\" content=\"Hudo Slovenija\" \/>\n<meta property=\"article:publisher\" content=\"https:\/\/www.facebook.com\/hudo.si\" \/>\n<meta property=\"article:published_time\" content=\"2018-01-06T08:08:23+00:00\" \/>\n<meta property=\"og:image\" content=\"https:\/\/hudo.com\/si\/wp-content\/uploads\/sites\/2\/2018\/01\/profimedia-0336304030.jpg\" \/>\n\t<meta property=\"og:image:width\" content=\"1250\" \/>\n\t<meta property=\"og:image:height\" content=\"833\" \/>\n\t<meta property=\"og:image:type\" content=\"image\/jpeg\" \/>\n<meta name=\"author\" content=\"A. P., STA\" \/>\n<meta name=\"twitter:card\" content=\"summary_large_image\" \/>\n<meta name=\"twitter:creator\" content=\"@hudo_si\" \/>\n<meta name=\"twitter:site\" content=\"@hudo_si\" \/>\n<meta name=\"twitter:label1\" content=\"Written by\" \/>\n\t<meta name=\"twitter:data1\" content=\"A. P., STA\" \/>\n\t<meta name=\"twitter:label2\" content=\"Est. reading time\" \/>\n\t<meta name=\"twitter:data2\" content=\"2 minuti\" \/>\n<script type=\"application\/ld+json\" class=\"yoast-schema-graph\">{\"@context\":\"https:\/\/schema.org\",\"@graph\":[{\"@type\":\"Article\",\"@id\":\"https:\/\/hudo.com\/si\/aktualno\/v-piranski-izolski-obcini-zadovoljni-z-lanskim-turisticnim-obiskom\/#article\",\"isPartOf\":{\"@id\":\"https:\/\/hudo.com\/si\/aktualno\/v-piranski-izolski-obcini-zadovoljni-z-lanskim-turisticnim-obiskom\/\"},\"author\":{\"name\":\"A. P., STA\",\"@id\":\"https:\/\/hudo.com\/si\/#\/schema\/person\/18f09c02475ba9e606e941a565b80cff\"},\"headline\":\"V piranski in izolski ob\u010dini zadovoljni z lanskim turisti\u010dnim obiskom\",\"datePublished\":\"2018-01-06T08:08:23+00:00\",\"dateModified\":\"2018-01-06T08:08:23+00:00\",\"mainEntityOfPage\":{\"@id\":\"https:\/\/hudo.com\/si\/aktualno\/v-piranski-izolski-obcini-zadovoljni-z-lanskim-turisticnim-obiskom\/\"},\"wordCount\":411,\"publisher\":{\"@id\":\"https:\/\/hudo.com\/si\/#organization\"},\"keywords\":[\"Izola\",\"Piran\",\"Slovenija\",\"turizem\"],\"articleSection\":[\"Aktualno\"],\"inLanguage\":\"sl-SI\"},{\"@type\":\"WebPage\",\"@id\":\"https:\/\/hudo.com\/si\/aktualno\/v-piranski-izolski-obcini-zadovoljni-z-lanskim-turisticnim-obiskom\/\",\"url\":\"https:\/\/hudo.com\/si\/aktualno\/v-piranski-izolski-obcini-zadovoljni-z-lanskim-turisticnim-obiskom\/\",\"name\":\"V piranski in izolski ob\u010dini zadovoljni z lanskim turisti\u010dnim obiskom - Hudo Slovenija\",\"isPartOf\":{\"@id\":\"https:\/\/hudo.com\/si\/#website\"},\"datePublished\":\"2018-01-06T08:08:23+00:00\",\"dateModified\":\"2018-01-06T08:08:23+00:00\",\"breadcrumb\":{\"@id\":\"https:\/\/hudo.com\/si\/aktualno\/v-piranski-izolski-obcini-zadovoljni-z-lanskim-turisticnim-obiskom\/#breadcrumb\"},\"inLanguage\":\"sl-SI\",\"potentialAction\":[{\"@type\":\"ReadAction\",\"target\":[\"https:\/\/hudo.com\/si\/aktualno\/v-piranski-izolski-obcini-zadovoljni-z-lanskim-turisticnim-obiskom\/\"]}]},{\"@type\":\"BreadcrumbList\",\"@id\":\"https:\/\/hudo.com\/si\/aktualno\/v-piranski-izolski-obcini-zadovoljni-z-lanskim-turisticnim-obiskom\/#breadcrumb\",\"itemListElement\":[{\"@type\":\"ListItem\",\"position\":1,\"name\":\"Home\",\"item\":\"https:\/\/hudo.com\/si\/\"},{\"@type\":\"ListItem\",\"position\":2,\"name\":\"V piranski in izolski ob\u010dini zadovoljni z lanskim turisti\u010dnim obiskom\"}]},{\"@type\":\"WebSite\",\"@id\":\"https:\/\/hudo.com\/si\/#website\",\"url\":\"https:\/\/hudo.com\/si\/\",\"name\":\"Hudo Slovenija\",\"description\":\"Vse novice iz Slovenije in sveta\",\"publisher\":{\"@id\":\"https:\/\/hudo.com\/si\/#organization\"},\"potentialAction\":[{\"@type\":\"SearchAction\",\"target\":{\"@type\":\"EntryPoint\",\"urlTemplate\":\"https:\/\/hudo.com\/si\/?s={search_term_string}\"},\"query-input\":\"required name=search_term_string\"}],\"inLanguage\":\"sl-SI\"},{\"@type\":\"Organization\",\"@id\":\"https:\/\/hudo.com\/si\/#organization\",\"name\":\"VSN Media\",\"url\":\"https:\/\/hudo.com\/si\/\",\"logo\":{\"@type\":\"ImageObject\",\"inLanguage\":\"sl-SI\",\"@id\":\"https:\/\/hudo.com\/si\/#\/schema\/logo\/image\/\",\"url\":\"https:\/\/hudo.com\/si\/wp-content\/uploads\/sites\/2\/2021\/03\/hudo-app-2.png\",\"contentUrl\":\"https:\/\/hudo.com\/si\/wp-content\/uploads\/sites\/2\/2021\/03\/hudo-app-2.png\",\"width\":2185,\"height\":2167,\"caption\":\"VSN Media\"},\"image\":{\"@id\":\"https:\/\/hudo.com\/si\/#\/schema\/logo\/image\/\"},\"sameAs\":[\"https:\/\/www.facebook.com\/hudo.si\",\"https:\/\/twitter.com\/hudo_si\"]},{\"@type\":\"Person\",\"@id\":\"https:\/\/hudo.com\/si\/#\/schema\/person\/18f09c02475ba9e606e941a565b80cff\",\"name\":\"A. P., STA\",\"image\":{\"@type\":\"ImageObject\",\"inLanguage\":\"sl-SI\",\"@id\":\"https:\/\/hudo.com\/si\/#\/schema\/person\/image\/\",\"url\":\"https:\/\/secure.gravatar.com\/avatar\/03eac8e609f5f04383125d80eaeaaf3e?s=96&d=mm&r=g\",\"contentUrl\":\"https:\/\/secure.gravatar.com\/avatar\/03eac8e609f5f04383125d80eaeaaf3e?s=96&d=mm&r=g\",\"caption\":\"A. P., STA\"},\"url\":\"https:\/\/hudo.com\/si\/author\/lubu\/\"}]}<\/script>\n<!-- \/ Yoast SEO plugin. -->","yoast_head_json":{"title":"V piranski in izolski ob\u010dini zadovoljni z lanskim turisti\u010dnim obiskom - Hudo Slovenija","robots":{"index":"index","follow":"follow","max-snippet":"max-snippet:-1","max-image-preview":"max-image-preview:large","max-video-preview":"max-video-preview:-1"},"canonical":"https:\/\/hudo.com\/si\/aktualno\/v-piranski-izolski-obcini-zadovoljni-z-lanskim-turisticnim-obiskom\/","og_locale":"sl_SI","og_type":"article","og_title":"V piranski in izolski ob\u010dini zadovoljni z lanskim turisti\u010dnim obiskom - Hudo Slovenija","og_description":"Turisti\u010dni delavci na slovenski obali so z lansko sezono lahko zelo zadovoljni. V piranski ob\u010dini so tako zabele\u017eili 1,26 milijona hotelskih no\u010ditev, kar je sedem odstotkov ve\u010d kot leto prej. Leto 2017 pa je bilo za izolski turizem rekordno, saj so zabele\u017eili skoraj 330.000 no\u010ditev oz. osem odstotkov ve\u010d kot v letu 2016.","og_url":"https:\/\/hudo.com\/si\/aktualno\/v-piranski-izolski-obcini-zadovoljni-z-lanskim-turisticnim-obiskom\/","og_site_name":"Hudo Slovenija","article_publisher":"https:\/\/www.facebook.com\/hudo.si","article_published_time":"2018-01-06T08:08:23+00:00","og_image":[{"width":1250,"height":833,"url":"https:\/\/hudo.com\/si\/wp-content\/uploads\/sites\/2\/2018\/01\/profimedia-0336304030.jpg","type":"image\/jpeg"}],"author":"A. P., STA","twitter_card":"summary_large_image","twitter_creator":"@hudo_si","twitter_site":"@hudo_si","twitter_misc":{"Written by":"A. P., STA","Est. reading time":"2 minuti"},"schema":{"@context":"https:\/\/schema.org","@graph":[{"@type":"Article","@id":"https:\/\/hudo.com\/si\/aktualno\/v-piranski-izolski-obcini-zadovoljni-z-lanskim-turisticnim-obiskom\/#article","isPartOf":{"@id":"https:\/\/hudo.com\/si\/aktualno\/v-piranski-izolski-obcini-zadovoljni-z-lanskim-turisticnim-obiskom\/"},"author":{"name":"A. P., STA","@id":"https:\/\/hudo.com\/si\/#\/schema\/person\/18f09c02475ba9e606e941a565b80cff"},"headline":"V piranski in izolski ob\u010dini zadovoljni z lanskim turisti\u010dnim obiskom","datePublished":"2018-01-06T08:08:23+00:00","dateModified":"2018-01-06T08:08:23+00:00","mainEntityOfPage":{"@id":"https:\/\/hudo.com\/si\/aktualno\/v-piranski-izolski-obcini-zadovoljni-z-lanskim-turisticnim-obiskom\/"},"wordCount":411,"publisher":{"@id":"https:\/\/hudo.com\/si\/#organization"},"keywords":["Izola","Piran","Slovenija","turizem"],"articleSection":["Aktualno"],"inLanguage":"sl-SI"},{"@type":"WebPage","@id":"https:\/\/hudo.com\/si\/aktualno\/v-piranski-izolski-obcini-zadovoljni-z-lanskim-turisticnim-obiskom\/","url":"https:\/\/hudo.com\/si\/aktualno\/v-piranski-izolski-obcini-zadovoljni-z-lanskim-turisticnim-obiskom\/","name":"V piranski in izolski ob\u010dini zadovoljni z lanskim turisti\u010dnim obiskom - Hudo Slovenija","isPartOf":{"@id":"https:\/\/hudo.com\/si\/#website"},"datePublished":"2018-01-06T08:08:23+00:00","dateModified":"2018-01-06T08:08:23+00:00","breadcrumb":{"@id":"https:\/\/hudo.com\/si\/aktualno\/v-piranski-izolski-obcini-zadovoljni-z-lanskim-turisticnim-obiskom\/#breadcrumb"},"inLanguage":"sl-SI","potentialAction":[{"@type":"ReadAction","target":["https:\/\/hudo.com\/si\/aktualno\/v-piranski-izolski-obcini-zadovoljni-z-lanskim-turisticnim-obiskom\/"]}]},{"@type":"BreadcrumbList","@id":"https:\/\/hudo.com\/si\/aktualno\/v-piranski-izolski-obcini-zadovoljni-z-lanskim-turisticnim-obiskom\/#breadcrumb","itemListElement":[{"@type":"ListItem","position":1,"name":"Home","item":"https:\/\/hudo.com\/si\/"},{"@type":"ListItem","position":2,"name":"V piranski in izolski ob\u010dini zadovoljni z lanskim turisti\u010dnim obiskom"}]},{"@type":"WebSite","@id":"https:\/\/hudo.com\/si\/#website","url":"https:\/\/hudo.com\/si\/","name":"Hudo Slovenija","description":"Vse novice iz Slovenije in sveta","publisher":{"@id":"https:\/\/hudo.com\/si\/#organization"},"potentialAction":[{"@type":"SearchAction","target":{"@type":"EntryPoint","urlTemplate":"https:\/\/hudo.com\/si\/?s={search_term_string}"},"query-input":"required name=search_term_string"}],"inLanguage":"sl-SI"},{"@type":"Organization","@id":"https:\/\/hudo.com\/si\/#organization","name":"VSN Media","url":"https:\/\/hudo.com\/si\/","logo":{"@type":"ImageObject","inLanguage":"sl-SI","@id":"https:\/\/hudo.com\/si\/#\/schema\/logo\/image\/","url":"https:\/\/hudo.com\/si\/wp-content\/uploads\/sites\/2\/2021\/03\/hudo-app-2.png","contentUrl":"https:\/\/hudo.com\/si\/wp-content\/uploads\/sites\/2\/2021\/03\/hudo-app-2.png","width":2185,"height":2167,"caption":"VSN Media"},"image":{"@id":"https:\/\/hudo.com\/si\/#\/schema\/logo\/image\/"},"sameAs":["https:\/\/www.facebook.com\/hudo.si","https:\/\/twitter.com\/hudo_si"]},{"@type":"Person","@id":"https:\/\/hudo.com\/si\/#\/schema\/person\/18f09c02475ba9e606e941a565b80cff","name":"A. P., STA","image":{"@type":"ImageObject","inLanguage":"sl-SI","@id":"https:\/\/hudo.com\/si\/#\/schema\/person\/image\/","url":"https:\/\/secure.gravatar.com\/avatar\/03eac8e609f5f04383125d80eaeaaf3e?s=96&d=mm&r=g","contentUrl":"https:\/\/secure.gravatar.com\/avatar\/03eac8e609f5f04383125d80eaeaaf3e?s=96&d=mm&r=g","caption":"A. P., STA"},"url":"https:\/\/hudo.com\/si\/author\/lubu\/"}]}},"amp_enabled":true,"_links":{"self":[{"href":"https:\/\/hudo.com\/si\/wp-json\/wp\/v2\/posts\/341820"}],"collection":[{"href":"https:\/\/hudo.com\/si\/wp-json\/wp\/v2\/posts"}],"about":[{"href":"https:\/\/hudo.com\/si\/wp-json\/wp\/v2\/types\/post"}],"author":[{"embeddable":true,"href":"https:\/\/hudo.com\/si\/wp-json\/wp\/v2\/users\/7"}],"replies":[{"embeddable":true,"href":"https:\/\/hudo.com\/si\/wp-json\/wp\/v2\/comments?post=341820"}],"version-history":[{"count":1,"href":"https:\/\/hudo.com\/si\/wp-json\/wp\/v2\/posts\/341820\/revisions"}],"predecessor-version":[{"id":341822,"href":"https:\/\/hudo.com\/si\/wp-json\/wp\/v2\/posts\/341820\/revisions\/341822"}],"wp:featuredmedia":[{"embeddable":true,"href":"https:\/\/hudo.com\/si\/wp-json\/wp\/v2\/media\/341821"}],"wp:attachment":[{"href":"https:\/\/hudo.com\/si\/wp-json\/wp\/v2\/media?parent=341820"}],"wp:term":[{"taxonomy":"category","embeddable":true,"href":"https:\/\/hudo.com\/si\/wp-json\/wp\/v2\/categories?post=341820"},{"taxonomy":"post_tag","embeddable":true,"href":"https:\/\/hudo.com\/si\/wp-json\/wp\/v2\/tags?post=341820"},{"taxonomy":"source","embeddable":true,"href":"https:\/\/hudo.com\/si\/wp-json\/wp\/v2\/source?post=341820"},{"taxonomy":"supertag","embeddable":true,"href":"https:\/\/hudo.com\/si\/wp-json\/wp\/v2\/supertag?post=341820"}],"curies":[{"name":"wp","href":"https:\/\/api.w.org\/{rel}","templated":true}]}}