{"id":341939,"date":"2018-01-06T10:18:00","date_gmt":"2018-01-06T09:18:00","guid":{"rendered":"http:\/\/hudo.com\/si\/2018\/01\/06\/gneca-na-meji-s-hrvasko-in-pred-karavankami\/"},"modified":"2018-01-06T10:18:00","modified_gmt":"2018-01-06T09:18:00","slug":"gneca-na-meji-s-hrvasko-in-pred-karavankami","status":"publish","type":"post","link":"https:\/\/hudo.com\/si\/aktualno\/gneca-na-meji-s-hrvasko-in-pred-karavankami\/","title":{"rendered":"Gne\u010da na meji s Hrva\u0161ko in pred Karavankami"},"content":{"rendered":"<p>Kategorija: Slovenija Sat, 06 Jan 2018 11:18:00 +0100  V nedeljo se zaklju\u010dujejo po\u010ditnice v Avstriji in ve\u010djem delu Nem\u010dije, zato na prometnoinformacijskem centru konec tedna od Hrva\u0161ke proti Avstriji pri\u010dakujejo pove\u010dan promet. \u010cakalne dobe so na mejnih prehodih Starod, Jel\u0161ane, Obre\u017eje, Rigonce ter Gru\u0161kovje pri vstopu, poro\u010dajo pri STA. Na mejnem prehodu Starod morajo osebna vozila za vstop v Slovenijo \u010dakati uro in 15 minut. Na Rigoncah je \u010dakalna doba kraj\u0161a za pribli\u017eno pet minut, na Obre\u017eju in Jel\u0161anah zna\u0161a pol ure, 15 minut pa na Gru\u0161kovju. Na Obre\u017eju morajo za vstop v dr\u017eavo \u010dakati tudi avtobusi, in sicer pol ure. Pribli\u017eno dva kilometra dolg zastoj je na gorenjski avtocesti pred predorom Karavanke. Danes je sicer praznik v Avstriji, Italiji, delu Nem\u010dije ter na Hrva\u0161kem.<\/p>\n","protected":false},"excerpt":{"rendered":"<p>Kategorija: Slovenija Sat, 06 Jan 2018 11:18:00 +0100  V nedeljo se zaklju\u010dujejo po\u010ditnice v Avstriji in ve\u010djem delu Nem\u010dije, zato na prometnoinformacijskem centru konec tedna od Hrva\u0161ke proti Avstriji pri\u010dakujejo pove\u010dan promet. \u010cakalne dobe so na mejnih prehodih Starod, Jel\u0161ane, Obre\u017eje, Rigonce ter Gru\u0161kovje pri vstopu, poro\u010dajo pri STA. Na mejnem prehodu Starod morajo osebna vozila za vstop v Slovenijo \u010dakati uro in 15 minut. Na Rigoncah je \u010dakalna doba kraj\u0161a za pribli\u017eno pet minut, na Obre\u017eju in Jel\u0161anah zna\u0161a pol ure, 15 minut pa na Gru\u0161kovju. Na Obre\u017eju morajo za vstop v dr\u017eavo \u010dakati tudi avtobusi, in sicer pol ure. Pribli\u017eno dva kilometra dolg zastoj je na gorenjski avtocesti pred predorom Karavanke. Danes je sicer praznik v Avstriji, Italiji, delu Nem\u010dije ter na Hrva\u0161kem.<\/p>\n","protected":false},"author":1,"featured_media":0,"comment_status":"closed","ping_status":"closed","sticky":false,"template":"","format":"standard","meta":{"footnotes":""},"categories":[1179],"tags":[],"source":[1703],"supertag":[],"acf":[],"yoast_head":"<!-- This site is optimized with the Yoast SEO plugin v21.3 - https:\/\/yoast.com\/wordpress\/plugins\/seo\/ -->\n<title>Gne\u010da na meji s Hrva\u0161ko in pred Karavankami - Hudo Slovenija<\/title>\n<meta name=\"robots\" content=\"index, follow, max-snippet:-1, max-image-preview:large, max-video-preview:-1\" \/>\n<link rel=\"canonical\" href=\"https:\/\/hudo.com\/si\/aktualno\/gneca-na-meji-s-hrvasko-in-pred-karavankami\/\" \/>\n<meta property=\"og:locale\" content=\"sl_SI\" \/>\n<meta property=\"og:type\" content=\"article\" \/>\n<meta property=\"og:title\" content=\"Gne\u010da na meji s Hrva\u0161ko in pred Karavankami - Hudo Slovenija\" \/>\n<meta property=\"og:description\" content=\"Kategorija: Slovenija Sat, 06 Jan 2018 11:18:00 +0100 V nedeljo se zaklju\u010dujejo po\u010ditnice v Avstriji in ve\u010djem delu Nem\u010dije, zato na prometnoinformacijskem centru konec tedna od Hrva\u0161ke proti Avstriji pri\u010dakujejo pove\u010dan promet. \u010cakalne dobe so na mejnih prehodih Starod, Jel\u0161ane, Obre\u017eje, Rigonce ter Gru\u0161kovje pri vstopu, poro\u010dajo pri STA. Na mejnem prehodu Starod morajo osebna vozila za vstop v Slovenijo \u010dakati uro in 15 minut. Na Rigoncah je \u010dakalna doba kraj\u0161a za pribli\u017eno pet minut, na Obre\u017eju in Jel\u0161anah zna\u0161a pol ure, 15 minut pa na Gru\u0161kovju. Na Obre\u017eju morajo za vstop v dr\u017eavo \u010dakati tudi avtobusi, in sicer pol ure. Pribli\u017eno dva kilometra dolg zastoj je na gorenjski avtocesti pred predorom Karavanke. Danes je sicer praznik v Avstriji, Italiji, delu Nem\u010dije ter na Hrva\u0161kem.\" \/>\n<meta property=\"og:url\" content=\"https:\/\/hudo.com\/si\/aktualno\/gneca-na-meji-s-hrvasko-in-pred-karavankami\/\" \/>\n<meta property=\"og:site_name\" content=\"Hudo Slovenija\" \/>\n<meta property=\"article:publisher\" content=\"https:\/\/www.facebook.com\/hudo.si\" \/>\n<meta property=\"article:published_time\" content=\"2018-01-06T09:18:00+00:00\" \/>\n<meta property=\"og:image\" content=\"https:\/\/hudo.com\/si\/wp-content\/uploads\/sites\/2\/2018\/01\/480x290_djvu_1233354_cvetop_-fmi-Gru-kovje-gne-a-in-s.jpeg\" \/>\n\t<meta property=\"og:image:width\" content=\"480\" \/>\n\t<meta property=\"og:image:height\" content=\"290\" \/>\n\t<meta property=\"og:image:type\" content=\"image\/jpeg\" \/>\n<meta name=\"author\" content=\"hudo\" \/>\n<meta name=\"twitter:card\" content=\"summary_large_image\" \/>\n<meta name=\"twitter:creator\" content=\"@hudo_si\" \/>\n<meta name=\"twitter:site\" content=\"@hudo_si\" \/>\n<meta name=\"twitter:label1\" content=\"Written by\" \/>\n\t<meta name=\"twitter:data1\" content=\"hudo\" \/>\n\t<meta name=\"twitter:label2\" content=\"Est. reading time\" \/>\n\t<meta name=\"twitter:data2\" content=\"1 minuta\" \/>\n<script type=\"application\/ld+json\" class=\"yoast-schema-graph\">{\"@context\":\"https:\/\/schema.org\",\"@graph\":[{\"@type\":\"Article\",\"@id\":\"https:\/\/hudo.com\/si\/aktualno\/gneca-na-meji-s-hrvasko-in-pred-karavankami\/#article\",\"isPartOf\":{\"@id\":\"https:\/\/hudo.com\/si\/aktualno\/gneca-na-meji-s-hrvasko-in-pred-karavankami\/\"},\"author\":{\"name\":\"hudo\",\"@id\":\"https:\/\/hudo.com\/si\/#\/schema\/person\/601cf3379633985b20f7e50f2bb47707\"},\"headline\":\"Gne\u010da na meji s Hrva\u0161ko in pred Karavankami\",\"datePublished\":\"2018-01-06T09:18:00+00:00\",\"dateModified\":\"2018-01-06T09:18:00+00:00\",\"mainEntityOfPage\":{\"@id\":\"https:\/\/hudo.com\/si\/aktualno\/gneca-na-meji-s-hrvasko-in-pred-karavankami\/\"},\"wordCount\":151,\"publisher\":{\"@id\":\"https:\/\/hudo.com\/si\/#organization\"},\"articleSection\":[\"Aktualno\"],\"inLanguage\":\"sl-SI\"},{\"@type\":\"WebPage\",\"@id\":\"https:\/\/hudo.com\/si\/aktualno\/gneca-na-meji-s-hrvasko-in-pred-karavankami\/\",\"url\":\"https:\/\/hudo.com\/si\/aktualno\/gneca-na-meji-s-hrvasko-in-pred-karavankami\/\",\"name\":\"Gne\u010da na meji s Hrva\u0161ko in pred Karavankami - Hudo Slovenija\",\"isPartOf\":{\"@id\":\"https:\/\/hudo.com\/si\/#website\"},\"datePublished\":\"2018-01-06T09:18:00+00:00\",\"dateModified\":\"2018-01-06T09:18:00+00:00\",\"breadcrumb\":{\"@id\":\"https:\/\/hudo.com\/si\/aktualno\/gneca-na-meji-s-hrvasko-in-pred-karavankami\/#breadcrumb\"},\"inLanguage\":\"sl-SI\",\"potentialAction\":[{\"@type\":\"ReadAction\",\"target\":[\"https:\/\/hudo.com\/si\/aktualno\/gneca-na-meji-s-hrvasko-in-pred-karavankami\/\"]}]},{\"@type\":\"BreadcrumbList\",\"@id\":\"https:\/\/hudo.com\/si\/aktualno\/gneca-na-meji-s-hrvasko-in-pred-karavankami\/#breadcrumb\",\"itemListElement\":[{\"@type\":\"ListItem\",\"position\":1,\"name\":\"Home\",\"item\":\"https:\/\/hudo.com\/si\/\"},{\"@type\":\"ListItem\",\"position\":2,\"name\":\"Gne\u010da na meji s Hrva\u0161ko in pred Karavankami\"}]},{\"@type\":\"WebSite\",\"@id\":\"https:\/\/hudo.com\/si\/#website\",\"url\":\"https:\/\/hudo.com\/si\/\",\"name\":\"Hudo Slovenija\",\"description\":\"Vse novice iz Slovenije in sveta\",\"publisher\":{\"@id\":\"https:\/\/hudo.com\/si\/#organization\"},\"potentialAction\":[{\"@type\":\"SearchAction\",\"target\":{\"@type\":\"EntryPoint\",\"urlTemplate\":\"https:\/\/hudo.com\/si\/?s={search_term_string}\"},\"query-input\":\"required name=search_term_string\"}],\"inLanguage\":\"sl-SI\"},{\"@type\":\"Organization\",\"@id\":\"https:\/\/hudo.com\/si\/#organization\",\"name\":\"VSN Media\",\"url\":\"https:\/\/hudo.com\/si\/\",\"logo\":{\"@type\":\"ImageObject\",\"inLanguage\":\"sl-SI\",\"@id\":\"https:\/\/hudo.com\/si\/#\/schema\/logo\/image\/\",\"url\":\"https:\/\/hudo.com\/si\/wp-content\/uploads\/sites\/2\/2021\/03\/hudo-app-2.png\",\"contentUrl\":\"https:\/\/hudo.com\/si\/wp-content\/uploads\/sites\/2\/2021\/03\/hudo-app-2.png\",\"width\":2185,\"height\":2167,\"caption\":\"VSN Media\"},\"image\":{\"@id\":\"https:\/\/hudo.com\/si\/#\/schema\/logo\/image\/\"},\"sameAs\":[\"https:\/\/www.facebook.com\/hudo.si\",\"https:\/\/twitter.com\/hudo_si\"]},{\"@type\":\"Person\",\"@id\":\"https:\/\/hudo.com\/si\/#\/schema\/person\/601cf3379633985b20f7e50f2bb47707\",\"name\":\"hudo\",\"image\":{\"@type\":\"ImageObject\",\"inLanguage\":\"sl-SI\",\"@id\":\"https:\/\/hudo.com\/si\/#\/schema\/person\/image\/\",\"url\":\"https:\/\/secure.gravatar.com\/avatar\/c4ca25fa72cace7a696b52ff5db9e095?s=96&d=mm&r=g\",\"contentUrl\":\"https:\/\/secure.gravatar.com\/avatar\/c4ca25fa72cace7a696b52ff5db9e095?s=96&d=mm&r=g\",\"caption\":\"hudo\"},\"url\":\"https:\/\/hudo.com\/si\/author\/hudo\/\"}]}<\/script>\n<!-- \/ Yoast SEO plugin. -->","yoast_head_json":{"title":"Gne\u010da na meji s Hrva\u0161ko in pred Karavankami - Hudo Slovenija","robots":{"index":"index","follow":"follow","max-snippet":"max-snippet:-1","max-image-preview":"max-image-preview:large","max-video-preview":"max-video-preview:-1"},"canonical":"https:\/\/hudo.com\/si\/aktualno\/gneca-na-meji-s-hrvasko-in-pred-karavankami\/","og_locale":"sl_SI","og_type":"article","og_title":"Gne\u010da na meji s Hrva\u0161ko in pred Karavankami - Hudo Slovenija","og_description":"Kategorija: Slovenija Sat, 06 Jan 2018 11:18:00 +0100 V nedeljo se zaklju\u010dujejo po\u010ditnice v Avstriji in ve\u010djem delu Nem\u010dije, zato na prometnoinformacijskem centru konec tedna od Hrva\u0161ke proti Avstriji pri\u010dakujejo pove\u010dan promet. \u010cakalne dobe so na mejnih prehodih Starod, Jel\u0161ane, Obre\u017eje, Rigonce ter Gru\u0161kovje pri vstopu, poro\u010dajo pri STA. Na mejnem prehodu Starod morajo osebna vozila za vstop v Slovenijo \u010dakati uro in 15 minut. Na Rigoncah je \u010dakalna doba kraj\u0161a za pribli\u017eno pet minut, na Obre\u017eju in Jel\u0161anah zna\u0161a pol ure, 15 minut pa na Gru\u0161kovju. Na Obre\u017eju morajo za vstop v dr\u017eavo \u010dakati tudi avtobusi, in sicer pol ure. Pribli\u017eno dva kilometra dolg zastoj je na gorenjski avtocesti pred predorom Karavanke. Danes je sicer praznik v Avstriji, Italiji, delu Nem\u010dije ter na Hrva\u0161kem.","og_url":"https:\/\/hudo.com\/si\/aktualno\/gneca-na-meji-s-hrvasko-in-pred-karavankami\/","og_site_name":"Hudo Slovenija","article_publisher":"https:\/\/www.facebook.com\/hudo.si","article_published_time":"2018-01-06T09:18:00+00:00","og_image":[{"width":480,"height":290,"url":"https:\/\/hudo.com\/si\/wp-content\/uploads\/sites\/2\/2018\/01\/480x290_djvu_1233354_cvetop_-fmi-Gru-kovje-gne-a-in-s.jpeg","type":"image\/jpeg"}],"author":"hudo","twitter_card":"summary_large_image","twitter_creator":"@hudo_si","twitter_site":"@hudo_si","twitter_misc":{"Written by":"hudo","Est. reading time":"1 minuta"},"schema":{"@context":"https:\/\/schema.org","@graph":[{"@type":"Article","@id":"https:\/\/hudo.com\/si\/aktualno\/gneca-na-meji-s-hrvasko-in-pred-karavankami\/#article","isPartOf":{"@id":"https:\/\/hudo.com\/si\/aktualno\/gneca-na-meji-s-hrvasko-in-pred-karavankami\/"},"author":{"name":"hudo","@id":"https:\/\/hudo.com\/si\/#\/schema\/person\/601cf3379633985b20f7e50f2bb47707"},"headline":"Gne\u010da na meji s Hrva\u0161ko in pred Karavankami","datePublished":"2018-01-06T09:18:00+00:00","dateModified":"2018-01-06T09:18:00+00:00","mainEntityOfPage":{"@id":"https:\/\/hudo.com\/si\/aktualno\/gneca-na-meji-s-hrvasko-in-pred-karavankami\/"},"wordCount":151,"publisher":{"@id":"https:\/\/hudo.com\/si\/#organization"},"articleSection":["Aktualno"],"inLanguage":"sl-SI"},{"@type":"WebPage","@id":"https:\/\/hudo.com\/si\/aktualno\/gneca-na-meji-s-hrvasko-in-pred-karavankami\/","url":"https:\/\/hudo.com\/si\/aktualno\/gneca-na-meji-s-hrvasko-in-pred-karavankami\/","name":"Gne\u010da na meji s Hrva\u0161ko in pred Karavankami - Hudo Slovenija","isPartOf":{"@id":"https:\/\/hudo.com\/si\/#website"},"datePublished":"2018-01-06T09:18:00+00:00","dateModified":"2018-01-06T09:18:00+00:00","breadcrumb":{"@id":"https:\/\/hudo.com\/si\/aktualno\/gneca-na-meji-s-hrvasko-in-pred-karavankami\/#breadcrumb"},"inLanguage":"sl-SI","potentialAction":[{"@type":"ReadAction","target":["https:\/\/hudo.com\/si\/aktualno\/gneca-na-meji-s-hrvasko-in-pred-karavankami\/"]}]},{"@type":"BreadcrumbList","@id":"https:\/\/hudo.com\/si\/aktualno\/gneca-na-meji-s-hrvasko-in-pred-karavankami\/#breadcrumb","itemListElement":[{"@type":"ListItem","position":1,"name":"Home","item":"https:\/\/hudo.com\/si\/"},{"@type":"ListItem","position":2,"name":"Gne\u010da na meji s Hrva\u0161ko in pred Karavankami"}]},{"@type":"WebSite","@id":"https:\/\/hudo.com\/si\/#website","url":"https:\/\/hudo.com\/si\/","name":"Hudo Slovenija","description":"Vse novice iz Slovenije in sveta","publisher":{"@id":"https:\/\/hudo.com\/si\/#organization"},"potentialAction":[{"@type":"SearchAction","target":{"@type":"EntryPoint","urlTemplate":"https:\/\/hudo.com\/si\/?s={search_term_string}"},"query-input":"required name=search_term_string"}],"inLanguage":"sl-SI"},{"@type":"Organization","@id":"https:\/\/hudo.com\/si\/#organization","name":"VSN Media","url":"https:\/\/hudo.com\/si\/","logo":{"@type":"ImageObject","inLanguage":"sl-SI","@id":"https:\/\/hudo.com\/si\/#\/schema\/logo\/image\/","url":"https:\/\/hudo.com\/si\/wp-content\/uploads\/sites\/2\/2021\/03\/hudo-app-2.png","contentUrl":"https:\/\/hudo.com\/si\/wp-content\/uploads\/sites\/2\/2021\/03\/hudo-app-2.png","width":2185,"height":2167,"caption":"VSN Media"},"image":{"@id":"https:\/\/hudo.com\/si\/#\/schema\/logo\/image\/"},"sameAs":["https:\/\/www.facebook.com\/hudo.si","https:\/\/twitter.com\/hudo_si"]},{"@type":"Person","@id":"https:\/\/hudo.com\/si\/#\/schema\/person\/601cf3379633985b20f7e50f2bb47707","name":"hudo","image":{"@type":"ImageObject","inLanguage":"sl-SI","@id":"https:\/\/hudo.com\/si\/#\/schema\/person\/image\/","url":"https:\/\/secure.gravatar.com\/avatar\/c4ca25fa72cace7a696b52ff5db9e095?s=96&d=mm&r=g","contentUrl":"https:\/\/secure.gravatar.com\/avatar\/c4ca25fa72cace7a696b52ff5db9e095?s=96&d=mm&r=g","caption":"hudo"},"url":"https:\/\/hudo.com\/si\/author\/hudo\/"}]}},"amp_enabled":true,"_links":{"self":[{"href":"https:\/\/hudo.com\/si\/wp-json\/wp\/v2\/posts\/341939"}],"collection":[{"href":"https:\/\/hudo.com\/si\/wp-json\/wp\/v2\/posts"}],"about":[{"href":"https:\/\/hudo.com\/si\/wp-json\/wp\/v2\/types\/post"}],"author":[{"embeddable":true,"href":"https:\/\/hudo.com\/si\/wp-json\/wp\/v2\/users\/1"}],"replies":[{"embeddable":true,"href":"https:\/\/hudo.com\/si\/wp-json\/wp\/v2\/comments?post=341939"}],"version-history":[{"count":0,"href":"https:\/\/hudo.com\/si\/wp-json\/wp\/v2\/posts\/341939\/revisions"}],"wp:attachment":[{"href":"https:\/\/hudo.com\/si\/wp-json\/wp\/v2\/media?parent=341939"}],"wp:term":[{"taxonomy":"category","embeddable":true,"href":"https:\/\/hudo.com\/si\/wp-json\/wp\/v2\/categories?post=341939"},{"taxonomy":"post_tag","embeddable":true,"href":"https:\/\/hudo.com\/si\/wp-json\/wp\/v2\/tags?post=341939"},{"taxonomy":"source","embeddable":true,"href":"https:\/\/hudo.com\/si\/wp-json\/wp\/v2\/source?post=341939"},{"taxonomy":"supertag","embeddable":true,"href":"https:\/\/hudo.com\/si\/wp-json\/wp\/v2\/supertag?post=341939"}],"curies":[{"name":"wp","href":"https:\/\/api.w.org\/{rel}","templated":true}]}}