{"id":342169,"date":"2018-01-06T18:00:00","date_gmt":"2018-01-06T17:00:00","guid":{"rendered":"http:\/\/hudo.com\/si\/2018\/01\/06\/pahor-slovenci-moramo-biti-povezani-in-ne-prevec-skregani\/"},"modified":"2018-01-06T18:00:00","modified_gmt":"2018-01-06T17:00:00","slug":"pahor-slovenci-moramo-biti-povezani-in-ne-prevec-skregani","status":"publish","type":"post","link":"https:\/\/hudo.com\/si\/aktualno\/pahor-slovenci-moramo-biti-povezani-in-ne-prevec-skregani\/","title":{"rendered":"Pahor: Slovenci moramo biti povezani in ne preve\u010d skregani"},"content":{"rendered":"<p>Kategorija: Slovenija Sat, 06 Jan 2018 19:00:00 +0100  Slovenska Bistrica, Osankarica\u00a0\u2013\u00a0Pod kro\u0161njami mogo\u010dnih dreves pri Treh \u017eebljih na Osankarici na Pohorju\u00a0je danes\u00a0potekala spominska slovesnost na poslednji boj 69 bork in borcev Pohorskega bataljona, ki so pred 75-leti izgubili neenakopraven boj z nem\u0161kim okupatorjem. Velika mno\u017eica navzo\u010dih, tudi pripadnikov slovenske vojske, je\u00a0vztrajala na prizori\u0161\u010du smrti do zadnje spregovorjene besede in ubrano zapete pesmi. Med navzo\u010dimi je bil tudi pater Bogdan Knavs, ki se je tako poklonil spominu na padle junake. Boj Pohorskega bataljona je\u00a0postal legendaren tudi po zaslugi takratnega borca Alfonza \u0160arha in njegovih treh mladoletnih sinov, komaj 12-letnega Val\u010dka, dve leti starej\u0161ega Pep\u010dka in 16-letnega Lojzka. Okupator je med dveurno bitko\u00a0izgubil 19 vojakov, 31 pa je bilo ranjenih. Slavnostni govornik, predsednik dr\u017eave Borut Pahor\u00a0je izkazal \u010dast pobitim partizanom v prepri\u010danju, da se bo takih dogodkov, ki so takrat utirali pot\u00a0&#8230;<\/p>\n","protected":false},"excerpt":{"rendered":"<p>Kategorija: Slovenija Sat, 06 Jan 2018 19:00:00 +0100  Slovenska Bistrica, Osankarica\u00a0\u2013\u00a0Pod kro\u0161njami mogo\u010dnih dreves pri Treh \u017eebljih na Osankarici na Pohorju\u00a0je danes\u00a0potekala spominska slovesnost na poslednji boj 69 bork in borcev Pohorskega bataljona, ki so pred 75-leti izgubili neenakopraven boj z nem\u0161kim okupatorjem. Velika mno\u017eica navzo\u010dih, tudi pripadnikov slovenske vojske, je\u00a0vztrajala na prizori\u0161\u010du smrti do zadnje spregovorjene besede in ubrano zapete pesmi. Med navzo\u010dimi je bil tudi pater Bogdan Knavs, ki se je tako poklonil spominu na padle junake. Boj Pohorskega bataljona je\u00a0postal legendaren tudi po zaslugi takratnega borca Alfonza \u0160arha in njegovih treh mladoletnih sinov, komaj 12-letnega Val\u010dka, dve leti starej\u0161ega Pep\u010dka in 16-letnega Lojzka. Okupator je med dveurno bitko\u00a0izgubil 19 vojakov, 31 pa je bilo ranjenih. Slavnostni govornik, predsednik dr\u017eave Borut Pahor\u00a0je izkazal \u010dast pobitim partizanom v prepri\u010danju, da se bo takih dogodkov, ki so takrat utirali pot\u00a0&#8230;<\/p>\n","protected":false},"author":1,"featured_media":0,"comment_status":"closed","ping_status":"closed","sticky":false,"template":"","format":"standard","meta":{"footnotes":""},"categories":[1179],"tags":[],"source":[1703],"supertag":[],"acf":[],"yoast_head":"<!-- This site is optimized with the Yoast SEO plugin v21.3 - https:\/\/yoast.com\/wordpress\/plugins\/seo\/ -->\n<title>Pahor: Slovenci moramo biti povezani in ne preve\u010d skregani - Hudo Slovenija<\/title>\n<meta name=\"robots\" content=\"index, follow, max-snippet:-1, max-image-preview:large, max-video-preview:-1\" \/>\n<link rel=\"canonical\" href=\"https:\/\/hudo.com\/si\/aktualno\/pahor-slovenci-moramo-biti-povezani-in-ne-prevec-skregani\/\" \/>\n<meta property=\"og:locale\" content=\"sl_SI\" \/>\n<meta property=\"og:type\" content=\"article\" \/>\n<meta property=\"og:title\" content=\"Pahor: Slovenci moramo biti povezani in ne preve\u010d skregani - Hudo Slovenija\" \/>\n<meta property=\"og:description\" content=\"Kategorija: Slovenija Sat, 06 Jan 2018 19:00:00 +0100 Slovenska Bistrica, Osankarica\u00a0\u2013\u00a0Pod kro\u0161njami mogo\u010dnih dreves pri Treh \u017eebljih na Osankarici na Pohorju\u00a0je danes\u00a0potekala spominska slovesnost na poslednji boj 69 bork in borcev Pohorskega bataljona, ki so pred 75-leti izgubili neenakopraven boj z nem\u0161kim okupatorjem. Velika mno\u017eica navzo\u010dih, tudi pripadnikov slovenske vojske, je\u00a0vztrajala na prizori\u0161\u010du smrti do zadnje spregovorjene besede in ubrano zapete pesmi. Med navzo\u010dimi je bil tudi pater Bogdan Knavs, ki se je tako poklonil spominu na padle junake. Boj Pohorskega bataljona je\u00a0postal legendaren tudi po zaslugi takratnega borca Alfonza \u0160arha in njegovih treh mladoletnih sinov, komaj 12-letnega Val\u010dka, dve leti starej\u0161ega Pep\u010dka in 16-letnega Lojzka. Okupator je med dveurno bitko\u00a0izgubil 19 vojakov, 31 pa je bilo ranjenih. Slavnostni govornik, predsednik dr\u017eave Borut Pahor\u00a0je izkazal \u010dast pobitim partizanom v prepri\u010danju, da se bo takih dogodkov, ki so takrat utirali pot\u00a0...\" \/>\n<meta property=\"og:url\" content=\"https:\/\/hudo.com\/si\/aktualno\/pahor-slovenci-moramo-biti-povezani-in-ne-prevec-skregani\/\" \/>\n<meta property=\"og:site_name\" content=\"Hudo Slovenija\" \/>\n<meta property=\"article:publisher\" content=\"https:\/\/www.facebook.com\/hudo.si\" \/>\n<meta property=\"article:published_time\" content=\"2018-01-06T17:00:00+00:00\" \/>\n<meta property=\"og:image\" content=\"https:\/\/hudo.com\/si\/wp-content\/uploads\/sites\/2\/2018\/01\/480x290_Delo_Foto-20180106185024-19736500.jpeg\" \/>\n\t<meta property=\"og:image:width\" content=\"480\" \/>\n\t<meta property=\"og:image:height\" content=\"290\" \/>\n\t<meta property=\"og:image:type\" content=\"image\/jpeg\" \/>\n<meta name=\"author\" content=\"hudo\" \/>\n<meta name=\"twitter:card\" content=\"summary_large_image\" \/>\n<meta name=\"twitter:creator\" content=\"@hudo_si\" \/>\n<meta name=\"twitter:site\" content=\"@hudo_si\" \/>\n<meta name=\"twitter:label1\" content=\"Written by\" \/>\n\t<meta name=\"twitter:data1\" content=\"hudo\" \/>\n\t<meta name=\"twitter:label2\" content=\"Est. reading time\" \/>\n\t<meta name=\"twitter:data2\" content=\"1 minuta\" \/>\n<script type=\"application\/ld+json\" class=\"yoast-schema-graph\">{\"@context\":\"https:\/\/schema.org\",\"@graph\":[{\"@type\":\"Article\",\"@id\":\"https:\/\/hudo.com\/si\/aktualno\/pahor-slovenci-moramo-biti-povezani-in-ne-prevec-skregani\/#article\",\"isPartOf\":{\"@id\":\"https:\/\/hudo.com\/si\/aktualno\/pahor-slovenci-moramo-biti-povezani-in-ne-prevec-skregani\/\"},\"author\":{\"name\":\"hudo\",\"@id\":\"https:\/\/hudo.com\/si\/#\/schema\/person\/601cf3379633985b20f7e50f2bb47707\"},\"headline\":\"Pahor: Slovenci moramo biti povezani in ne preve\u010d skregani\",\"datePublished\":\"2018-01-06T17:00:00+00:00\",\"dateModified\":\"2018-01-06T17:00:00+00:00\",\"mainEntityOfPage\":{\"@id\":\"https:\/\/hudo.com\/si\/aktualno\/pahor-slovenci-moramo-biti-povezani-in-ne-prevec-skregani\/\"},\"wordCount\":161,\"publisher\":{\"@id\":\"https:\/\/hudo.com\/si\/#organization\"},\"articleSection\":[\"Aktualno\"],\"inLanguage\":\"sl-SI\"},{\"@type\":\"WebPage\",\"@id\":\"https:\/\/hudo.com\/si\/aktualno\/pahor-slovenci-moramo-biti-povezani-in-ne-prevec-skregani\/\",\"url\":\"https:\/\/hudo.com\/si\/aktualno\/pahor-slovenci-moramo-biti-povezani-in-ne-prevec-skregani\/\",\"name\":\"Pahor: Slovenci moramo biti povezani in ne preve\u010d skregani - Hudo Slovenija\",\"isPartOf\":{\"@id\":\"https:\/\/hudo.com\/si\/#website\"},\"datePublished\":\"2018-01-06T17:00:00+00:00\",\"dateModified\":\"2018-01-06T17:00:00+00:00\",\"breadcrumb\":{\"@id\":\"https:\/\/hudo.com\/si\/aktualno\/pahor-slovenci-moramo-biti-povezani-in-ne-prevec-skregani\/#breadcrumb\"},\"inLanguage\":\"sl-SI\",\"potentialAction\":[{\"@type\":\"ReadAction\",\"target\":[\"https:\/\/hudo.com\/si\/aktualno\/pahor-slovenci-moramo-biti-povezani-in-ne-prevec-skregani\/\"]}]},{\"@type\":\"BreadcrumbList\",\"@id\":\"https:\/\/hudo.com\/si\/aktualno\/pahor-slovenci-moramo-biti-povezani-in-ne-prevec-skregani\/#breadcrumb\",\"itemListElement\":[{\"@type\":\"ListItem\",\"position\":1,\"name\":\"Home\",\"item\":\"https:\/\/hudo.com\/si\/\"},{\"@type\":\"ListItem\",\"position\":2,\"name\":\"Pahor: Slovenci moramo biti povezani in ne preve\u010d skregani\"}]},{\"@type\":\"WebSite\",\"@id\":\"https:\/\/hudo.com\/si\/#website\",\"url\":\"https:\/\/hudo.com\/si\/\",\"name\":\"Hudo Slovenija\",\"description\":\"Vse novice iz Slovenije in sveta\",\"publisher\":{\"@id\":\"https:\/\/hudo.com\/si\/#organization\"},\"potentialAction\":[{\"@type\":\"SearchAction\",\"target\":{\"@type\":\"EntryPoint\",\"urlTemplate\":\"https:\/\/hudo.com\/si\/?s={search_term_string}\"},\"query-input\":\"required name=search_term_string\"}],\"inLanguage\":\"sl-SI\"},{\"@type\":\"Organization\",\"@id\":\"https:\/\/hudo.com\/si\/#organization\",\"name\":\"VSN Media\",\"url\":\"https:\/\/hudo.com\/si\/\",\"logo\":{\"@type\":\"ImageObject\",\"inLanguage\":\"sl-SI\",\"@id\":\"https:\/\/hudo.com\/si\/#\/schema\/logo\/image\/\",\"url\":\"https:\/\/hudo.com\/si\/wp-content\/uploads\/sites\/2\/2021\/03\/hudo-app-2.png\",\"contentUrl\":\"https:\/\/hudo.com\/si\/wp-content\/uploads\/sites\/2\/2021\/03\/hudo-app-2.png\",\"width\":2185,\"height\":2167,\"caption\":\"VSN Media\"},\"image\":{\"@id\":\"https:\/\/hudo.com\/si\/#\/schema\/logo\/image\/\"},\"sameAs\":[\"https:\/\/www.facebook.com\/hudo.si\",\"https:\/\/twitter.com\/hudo_si\"]},{\"@type\":\"Person\",\"@id\":\"https:\/\/hudo.com\/si\/#\/schema\/person\/601cf3379633985b20f7e50f2bb47707\",\"name\":\"hudo\",\"image\":{\"@type\":\"ImageObject\",\"inLanguage\":\"sl-SI\",\"@id\":\"https:\/\/hudo.com\/si\/#\/schema\/person\/image\/\",\"url\":\"https:\/\/secure.gravatar.com\/avatar\/c4ca25fa72cace7a696b52ff5db9e095?s=96&d=mm&r=g\",\"contentUrl\":\"https:\/\/secure.gravatar.com\/avatar\/c4ca25fa72cace7a696b52ff5db9e095?s=96&d=mm&r=g\",\"caption\":\"hudo\"},\"url\":\"https:\/\/hudo.com\/si\/author\/hudo\/\"}]}<\/script>\n<!-- \/ Yoast SEO plugin. -->","yoast_head_json":{"title":"Pahor: Slovenci moramo biti povezani in ne preve\u010d skregani - Hudo Slovenija","robots":{"index":"index","follow":"follow","max-snippet":"max-snippet:-1","max-image-preview":"max-image-preview:large","max-video-preview":"max-video-preview:-1"},"canonical":"https:\/\/hudo.com\/si\/aktualno\/pahor-slovenci-moramo-biti-povezani-in-ne-prevec-skregani\/","og_locale":"sl_SI","og_type":"article","og_title":"Pahor: Slovenci moramo biti povezani in ne preve\u010d skregani - Hudo Slovenija","og_description":"Kategorija: Slovenija Sat, 06 Jan 2018 19:00:00 +0100 Slovenska Bistrica, Osankarica\u00a0\u2013\u00a0Pod kro\u0161njami mogo\u010dnih dreves pri Treh \u017eebljih na Osankarici na Pohorju\u00a0je danes\u00a0potekala spominska slovesnost na poslednji boj 69 bork in borcev Pohorskega bataljona, ki so pred 75-leti izgubili neenakopraven boj z nem\u0161kim okupatorjem. Velika mno\u017eica navzo\u010dih, tudi pripadnikov slovenske vojske, je\u00a0vztrajala na prizori\u0161\u010du smrti do zadnje spregovorjene besede in ubrano zapete pesmi. Med navzo\u010dimi je bil tudi pater Bogdan Knavs, ki se je tako poklonil spominu na padle junake. Boj Pohorskega bataljona je\u00a0postal legendaren tudi po zaslugi takratnega borca Alfonza \u0160arha in njegovih treh mladoletnih sinov, komaj 12-letnega Val\u010dka, dve leti starej\u0161ega Pep\u010dka in 16-letnega Lojzka. Okupator je med dveurno bitko\u00a0izgubil 19 vojakov, 31 pa je bilo ranjenih. Slavnostni govornik, predsednik dr\u017eave Borut Pahor\u00a0je izkazal \u010dast pobitim partizanom v prepri\u010danju, da se bo takih dogodkov, ki so takrat utirali pot\u00a0...","og_url":"https:\/\/hudo.com\/si\/aktualno\/pahor-slovenci-moramo-biti-povezani-in-ne-prevec-skregani\/","og_site_name":"Hudo Slovenija","article_publisher":"https:\/\/www.facebook.com\/hudo.si","article_published_time":"2018-01-06T17:00:00+00:00","og_image":[{"width":480,"height":290,"url":"https:\/\/hudo.com\/si\/wp-content\/uploads\/sites\/2\/2018\/01\/480x290_Delo_Foto-20180106185024-19736500.jpeg","type":"image\/jpeg"}],"author":"hudo","twitter_card":"summary_large_image","twitter_creator":"@hudo_si","twitter_site":"@hudo_si","twitter_misc":{"Written by":"hudo","Est. reading time":"1 minuta"},"schema":{"@context":"https:\/\/schema.org","@graph":[{"@type":"Article","@id":"https:\/\/hudo.com\/si\/aktualno\/pahor-slovenci-moramo-biti-povezani-in-ne-prevec-skregani\/#article","isPartOf":{"@id":"https:\/\/hudo.com\/si\/aktualno\/pahor-slovenci-moramo-biti-povezani-in-ne-prevec-skregani\/"},"author":{"name":"hudo","@id":"https:\/\/hudo.com\/si\/#\/schema\/person\/601cf3379633985b20f7e50f2bb47707"},"headline":"Pahor: Slovenci moramo biti povezani in ne preve\u010d skregani","datePublished":"2018-01-06T17:00:00+00:00","dateModified":"2018-01-06T17:00:00+00:00","mainEntityOfPage":{"@id":"https:\/\/hudo.com\/si\/aktualno\/pahor-slovenci-moramo-biti-povezani-in-ne-prevec-skregani\/"},"wordCount":161,"publisher":{"@id":"https:\/\/hudo.com\/si\/#organization"},"articleSection":["Aktualno"],"inLanguage":"sl-SI"},{"@type":"WebPage","@id":"https:\/\/hudo.com\/si\/aktualno\/pahor-slovenci-moramo-biti-povezani-in-ne-prevec-skregani\/","url":"https:\/\/hudo.com\/si\/aktualno\/pahor-slovenci-moramo-biti-povezani-in-ne-prevec-skregani\/","name":"Pahor: Slovenci moramo biti povezani in ne preve\u010d skregani - Hudo Slovenija","isPartOf":{"@id":"https:\/\/hudo.com\/si\/#website"},"datePublished":"2018-01-06T17:00:00+00:00","dateModified":"2018-01-06T17:00:00+00:00","breadcrumb":{"@id":"https:\/\/hudo.com\/si\/aktualno\/pahor-slovenci-moramo-biti-povezani-in-ne-prevec-skregani\/#breadcrumb"},"inLanguage":"sl-SI","potentialAction":[{"@type":"ReadAction","target":["https:\/\/hudo.com\/si\/aktualno\/pahor-slovenci-moramo-biti-povezani-in-ne-prevec-skregani\/"]}]},{"@type":"BreadcrumbList","@id":"https:\/\/hudo.com\/si\/aktualno\/pahor-slovenci-moramo-biti-povezani-in-ne-prevec-skregani\/#breadcrumb","itemListElement":[{"@type":"ListItem","position":1,"name":"Home","item":"https:\/\/hudo.com\/si\/"},{"@type":"ListItem","position":2,"name":"Pahor: Slovenci moramo biti povezani in ne preve\u010d skregani"}]},{"@type":"WebSite","@id":"https:\/\/hudo.com\/si\/#website","url":"https:\/\/hudo.com\/si\/","name":"Hudo Slovenija","description":"Vse novice iz Slovenije in sveta","publisher":{"@id":"https:\/\/hudo.com\/si\/#organization"},"potentialAction":[{"@type":"SearchAction","target":{"@type":"EntryPoint","urlTemplate":"https:\/\/hudo.com\/si\/?s={search_term_string}"},"query-input":"required name=search_term_string"}],"inLanguage":"sl-SI"},{"@type":"Organization","@id":"https:\/\/hudo.com\/si\/#organization","name":"VSN Media","url":"https:\/\/hudo.com\/si\/","logo":{"@type":"ImageObject","inLanguage":"sl-SI","@id":"https:\/\/hudo.com\/si\/#\/schema\/logo\/image\/","url":"https:\/\/hudo.com\/si\/wp-content\/uploads\/sites\/2\/2021\/03\/hudo-app-2.png","contentUrl":"https:\/\/hudo.com\/si\/wp-content\/uploads\/sites\/2\/2021\/03\/hudo-app-2.png","width":2185,"height":2167,"caption":"VSN Media"},"image":{"@id":"https:\/\/hudo.com\/si\/#\/schema\/logo\/image\/"},"sameAs":["https:\/\/www.facebook.com\/hudo.si","https:\/\/twitter.com\/hudo_si"]},{"@type":"Person","@id":"https:\/\/hudo.com\/si\/#\/schema\/person\/601cf3379633985b20f7e50f2bb47707","name":"hudo","image":{"@type":"ImageObject","inLanguage":"sl-SI","@id":"https:\/\/hudo.com\/si\/#\/schema\/person\/image\/","url":"https:\/\/secure.gravatar.com\/avatar\/c4ca25fa72cace7a696b52ff5db9e095?s=96&d=mm&r=g","contentUrl":"https:\/\/secure.gravatar.com\/avatar\/c4ca25fa72cace7a696b52ff5db9e095?s=96&d=mm&r=g","caption":"hudo"},"url":"https:\/\/hudo.com\/si\/author\/hudo\/"}]}},"amp_enabled":true,"_links":{"self":[{"href":"https:\/\/hudo.com\/si\/wp-json\/wp\/v2\/posts\/342169"}],"collection":[{"href":"https:\/\/hudo.com\/si\/wp-json\/wp\/v2\/posts"}],"about":[{"href":"https:\/\/hudo.com\/si\/wp-json\/wp\/v2\/types\/post"}],"author":[{"embeddable":true,"href":"https:\/\/hudo.com\/si\/wp-json\/wp\/v2\/users\/1"}],"replies":[{"embeddable":true,"href":"https:\/\/hudo.com\/si\/wp-json\/wp\/v2\/comments?post=342169"}],"version-history":[{"count":0,"href":"https:\/\/hudo.com\/si\/wp-json\/wp\/v2\/posts\/342169\/revisions"}],"wp:attachment":[{"href":"https:\/\/hudo.com\/si\/wp-json\/wp\/v2\/media?parent=342169"}],"wp:term":[{"taxonomy":"category","embeddable":true,"href":"https:\/\/hudo.com\/si\/wp-json\/wp\/v2\/categories?post=342169"},{"taxonomy":"post_tag","embeddable":true,"href":"https:\/\/hudo.com\/si\/wp-json\/wp\/v2\/tags?post=342169"},{"taxonomy":"source","embeddable":true,"href":"https:\/\/hudo.com\/si\/wp-json\/wp\/v2\/source?post=342169"},{"taxonomy":"supertag","embeddable":true,"href":"https:\/\/hudo.com\/si\/wp-json\/wp\/v2\/supertag?post=342169"}],"curies":[{"name":"wp","href":"https:\/\/api.w.org\/{rel}","templated":true}]}}