{"id":342171,"date":"2018-01-06T17:57:00","date_gmt":"2018-01-06T16:57:00","guid":{"rendered":"http:\/\/hudo.com\/si\/2018\/01\/06\/kamil-stoch-med-nesmrtne-peter-prevc-koncal-v-deseterici\/"},"modified":"2018-01-06T17:57:00","modified_gmt":"2018-01-06T16:57:00","slug":"kamil-stoch-med-nesmrtne-peter-prevc-koncal-v-deseterici","status":"publish","type":"post","link":"https:\/\/hudo.com\/si\/aktualno\/kamil-stoch-med-nesmrtne-peter-prevc-koncal-v-deseterici\/","title":{"rendered":"Kamil Stoch med nesmrtne, Peter Prevc kon\u010dal v deseterici"},"content":{"rendered":"<p>Kategorija: Zimski Sat, 06 Jan 2018 18:57:00 +0100  Bischofshofen &#8211; Nekdanji nem\u0161ki as Sven Hannawald ni ve\u010d edini smu\u010darski skakalec v zgodovini, ki je na eni novoletni nem\u0161ko-avstrijski turneji \u0161tirih naprav zmagal na vseh \u0161tirih tekmah (v sezoni 2001\/02). V olimpijski zimi, dober mesec pred za\u010detkom tekmovanj v Pjong\u010dangu, je njegov podvig ponovil Poljak Kamil Stoch, ki je drugega zaporednega zlatega orla potrdil v Bischofshofnu. Zdr\u017eal je izjemen pritisk in najbolj\u0161e izhodi\u0161\u010de po prvi seriji ter prvega zasledovalca, Norve\u017eana Andersa Fannemela, pustil za seboj za 3,2 to\u010dke. Zadnja preizku\u0161nja na turneji se je dobro iztekla tudi za varovance trenerja Gorana Janusa, saj se je prvi\u010d v olimpijski sezoni zgodilo, da se je kar \u0161esterica slovenskih orlov prebila v finalno serijo, v njej pa ve\u010dinoma pokvarila izhodi\u0161\u010da. Najbolje se je sicer iz\u0161lo Petru Prevcu, po polovici tekme sedmemu in na\u00a0&#8230;<\/p>\n","protected":false},"excerpt":{"rendered":"<p>Kategorija: Zimski Sat, 06 Jan 2018 18:57:00 +0100  Bischofshofen &#8211; Nekdanji nem\u0161ki as Sven Hannawald ni ve\u010d edini smu\u010darski skakalec v zgodovini, ki je na eni novoletni nem\u0161ko-avstrijski turneji \u0161tirih naprav zmagal na vseh \u0161tirih tekmah (v sezoni 2001\/02). V olimpijski zimi, dober mesec pred za\u010detkom tekmovanj v Pjong\u010dangu, je njegov podvig ponovil Poljak Kamil Stoch, ki je drugega zaporednega zlatega orla potrdil v Bischofshofnu. Zdr\u017eal je izjemen pritisk in najbolj\u0161e izhodi\u0161\u010de po prvi seriji ter prvega zasledovalca, Norve\u017eana Andersa Fannemela, pustil za seboj za 3,2 to\u010dke. Zadnja preizku\u0161nja na turneji se je dobro iztekla tudi za varovance trenerja Gorana Janusa, saj se je prvi\u010d v olimpijski sezoni zgodilo, da se je kar \u0161esterica slovenskih orlov prebila v finalno serijo, v njej pa ve\u010dinoma pokvarila izhodi\u0161\u010da. Najbolje se je sicer iz\u0161lo Petru Prevcu, po polovici tekme sedmemu in na\u00a0&#8230;<\/p>\n","protected":false},"author":1,"featured_media":0,"comment_status":"closed","ping_status":"closed","sticky":false,"template":"","format":"standard","meta":{"footnotes":""},"categories":[1179],"tags":[],"source":[1703],"supertag":[],"acf":[],"yoast_head":"<!-- This site is optimized with the Yoast SEO plugin v21.3 - https:\/\/yoast.com\/wordpress\/plugins\/seo\/ -->\n<title>Kamil Stoch med nesmrtne, Peter Prevc kon\u010dal v deseterici - Hudo Slovenija<\/title>\n<meta name=\"robots\" content=\"index, follow, max-snippet:-1, max-image-preview:large, max-video-preview:-1\" \/>\n<link rel=\"canonical\" href=\"https:\/\/hudo.com\/si\/aktualno\/kamil-stoch-med-nesmrtne-peter-prevc-koncal-v-deseterici\/\" \/>\n<meta property=\"og:locale\" content=\"sl_SI\" \/>\n<meta property=\"og:type\" content=\"article\" \/>\n<meta property=\"og:title\" content=\"Kamil Stoch med nesmrtne, Peter Prevc kon\u010dal v deseterici - Hudo Slovenija\" \/>\n<meta property=\"og:description\" content=\"Kategorija: Zimski Sat, 06 Jan 2018 18:57:00 +0100 Bischofshofen - Nekdanji nem\u0161ki as Sven Hannawald ni ve\u010d edini smu\u010darski skakalec v zgodovini, ki je na eni novoletni nem\u0161ko-avstrijski turneji \u0161tirih naprav zmagal na vseh \u0161tirih tekmah (v sezoni 2001\/02). V olimpijski zimi, dober mesec pred za\u010detkom tekmovanj v Pjong\u010dangu, je njegov podvig ponovil Poljak Kamil Stoch, ki je drugega zaporednega zlatega orla potrdil v Bischofshofnu. Zdr\u017eal je izjemen pritisk in najbolj\u0161e izhodi\u0161\u010de po prvi seriji ter prvega zasledovalca, Norve\u017eana Andersa Fannemela, pustil za seboj za 3,2 to\u010dke. Zadnja preizku\u0161nja na turneji se je dobro iztekla tudi za varovance trenerja Gorana Janusa, saj se je prvi\u010d v olimpijski sezoni zgodilo, da se je kar \u0161esterica slovenskih orlov prebila v finalno serijo, v njej pa ve\u010dinoma pokvarila izhodi\u0161\u010da. Najbolje se je sicer iz\u0161lo Petru Prevcu, po polovici tekme sedmemu in na\u00a0...\" \/>\n<meta property=\"og:url\" content=\"https:\/\/hudo.com\/si\/aktualno\/kamil-stoch-med-nesmrtne-peter-prevc-koncal-v-deseterici\/\" \/>\n<meta property=\"og:site_name\" content=\"Hudo Slovenija\" \/>\n<meta property=\"article:publisher\" content=\"https:\/\/www.facebook.com\/hudo.si\" \/>\n<meta property=\"article:published_time\" content=\"2018-01-06T16:57:00+00:00\" \/>\n<meta property=\"og:image\" content=\"https:\/\/hudo.com\/si\/wp-content\/uploads\/sites\/2\/2018\/01\/480x290_AP_Pictures-20180106171114-27979400.jpeg\" \/>\n\t<meta property=\"og:image:width\" content=\"480\" \/>\n\t<meta property=\"og:image:height\" content=\"290\" \/>\n\t<meta property=\"og:image:type\" content=\"image\/jpeg\" \/>\n<meta name=\"author\" content=\"hudo\" \/>\n<meta name=\"twitter:card\" content=\"summary_large_image\" \/>\n<meta name=\"twitter:creator\" content=\"@hudo_si\" \/>\n<meta name=\"twitter:site\" content=\"@hudo_si\" \/>\n<meta name=\"twitter:label1\" content=\"Written by\" \/>\n\t<meta name=\"twitter:data1\" content=\"hudo\" \/>\n\t<meta name=\"twitter:label2\" content=\"Est. reading time\" \/>\n\t<meta name=\"twitter:data2\" content=\"1 minuta\" \/>\n<script type=\"application\/ld+json\" class=\"yoast-schema-graph\">{\"@context\":\"https:\/\/schema.org\",\"@graph\":[{\"@type\":\"Article\",\"@id\":\"https:\/\/hudo.com\/si\/aktualno\/kamil-stoch-med-nesmrtne-peter-prevc-koncal-v-deseterici\/#article\",\"isPartOf\":{\"@id\":\"https:\/\/hudo.com\/si\/aktualno\/kamil-stoch-med-nesmrtne-peter-prevc-koncal-v-deseterici\/\"},\"author\":{\"name\":\"hudo\",\"@id\":\"https:\/\/hudo.com\/si\/#\/schema\/person\/601cf3379633985b20f7e50f2bb47707\"},\"headline\":\"Kamil Stoch med nesmrtne, Peter Prevc kon\u010dal v deseterici\",\"datePublished\":\"2018-01-06T16:57:00+00:00\",\"dateModified\":\"2018-01-06T16:57:00+00:00\",\"mainEntityOfPage\":{\"@id\":\"https:\/\/hudo.com\/si\/aktualno\/kamil-stoch-med-nesmrtne-peter-prevc-koncal-v-deseterici\/\"},\"wordCount\":157,\"publisher\":{\"@id\":\"https:\/\/hudo.com\/si\/#organization\"},\"articleSection\":[\"Aktualno\"],\"inLanguage\":\"sl-SI\"},{\"@type\":\"WebPage\",\"@id\":\"https:\/\/hudo.com\/si\/aktualno\/kamil-stoch-med-nesmrtne-peter-prevc-koncal-v-deseterici\/\",\"url\":\"https:\/\/hudo.com\/si\/aktualno\/kamil-stoch-med-nesmrtne-peter-prevc-koncal-v-deseterici\/\",\"name\":\"Kamil Stoch med nesmrtne, Peter Prevc kon\u010dal v deseterici - Hudo Slovenija\",\"isPartOf\":{\"@id\":\"https:\/\/hudo.com\/si\/#website\"},\"datePublished\":\"2018-01-06T16:57:00+00:00\",\"dateModified\":\"2018-01-06T16:57:00+00:00\",\"breadcrumb\":{\"@id\":\"https:\/\/hudo.com\/si\/aktualno\/kamil-stoch-med-nesmrtne-peter-prevc-koncal-v-deseterici\/#breadcrumb\"},\"inLanguage\":\"sl-SI\",\"potentialAction\":[{\"@type\":\"ReadAction\",\"target\":[\"https:\/\/hudo.com\/si\/aktualno\/kamil-stoch-med-nesmrtne-peter-prevc-koncal-v-deseterici\/\"]}]},{\"@type\":\"BreadcrumbList\",\"@id\":\"https:\/\/hudo.com\/si\/aktualno\/kamil-stoch-med-nesmrtne-peter-prevc-koncal-v-deseterici\/#breadcrumb\",\"itemListElement\":[{\"@type\":\"ListItem\",\"position\":1,\"name\":\"Home\",\"item\":\"https:\/\/hudo.com\/si\/\"},{\"@type\":\"ListItem\",\"position\":2,\"name\":\"Kamil Stoch med nesmrtne, Peter Prevc kon\u010dal v deseterici\"}]},{\"@type\":\"WebSite\",\"@id\":\"https:\/\/hudo.com\/si\/#website\",\"url\":\"https:\/\/hudo.com\/si\/\",\"name\":\"Hudo Slovenija\",\"description\":\"Vse novice iz Slovenije in sveta\",\"publisher\":{\"@id\":\"https:\/\/hudo.com\/si\/#organization\"},\"potentialAction\":[{\"@type\":\"SearchAction\",\"target\":{\"@type\":\"EntryPoint\",\"urlTemplate\":\"https:\/\/hudo.com\/si\/?s={search_term_string}\"},\"query-input\":\"required name=search_term_string\"}],\"inLanguage\":\"sl-SI\"},{\"@type\":\"Organization\",\"@id\":\"https:\/\/hudo.com\/si\/#organization\",\"name\":\"VSN Media\",\"url\":\"https:\/\/hudo.com\/si\/\",\"logo\":{\"@type\":\"ImageObject\",\"inLanguage\":\"sl-SI\",\"@id\":\"https:\/\/hudo.com\/si\/#\/schema\/logo\/image\/\",\"url\":\"https:\/\/hudo.com\/si\/wp-content\/uploads\/sites\/2\/2021\/03\/hudo-app-2.png\",\"contentUrl\":\"https:\/\/hudo.com\/si\/wp-content\/uploads\/sites\/2\/2021\/03\/hudo-app-2.png\",\"width\":2185,\"height\":2167,\"caption\":\"VSN Media\"},\"image\":{\"@id\":\"https:\/\/hudo.com\/si\/#\/schema\/logo\/image\/\"},\"sameAs\":[\"https:\/\/www.facebook.com\/hudo.si\",\"https:\/\/twitter.com\/hudo_si\"]},{\"@type\":\"Person\",\"@id\":\"https:\/\/hudo.com\/si\/#\/schema\/person\/601cf3379633985b20f7e50f2bb47707\",\"name\":\"hudo\",\"image\":{\"@type\":\"ImageObject\",\"inLanguage\":\"sl-SI\",\"@id\":\"https:\/\/hudo.com\/si\/#\/schema\/person\/image\/\",\"url\":\"https:\/\/secure.gravatar.com\/avatar\/c4ca25fa72cace7a696b52ff5db9e095?s=96&d=mm&r=g\",\"contentUrl\":\"https:\/\/secure.gravatar.com\/avatar\/c4ca25fa72cace7a696b52ff5db9e095?s=96&d=mm&r=g\",\"caption\":\"hudo\"},\"url\":\"https:\/\/hudo.com\/si\/author\/hudo\/\"}]}<\/script>\n<!-- \/ Yoast SEO plugin. -->","yoast_head_json":{"title":"Kamil Stoch med nesmrtne, Peter Prevc kon\u010dal v deseterici - Hudo Slovenija","robots":{"index":"index","follow":"follow","max-snippet":"max-snippet:-1","max-image-preview":"max-image-preview:large","max-video-preview":"max-video-preview:-1"},"canonical":"https:\/\/hudo.com\/si\/aktualno\/kamil-stoch-med-nesmrtne-peter-prevc-koncal-v-deseterici\/","og_locale":"sl_SI","og_type":"article","og_title":"Kamil Stoch med nesmrtne, Peter Prevc kon\u010dal v deseterici - Hudo Slovenija","og_description":"Kategorija: Zimski Sat, 06 Jan 2018 18:57:00 +0100 Bischofshofen - Nekdanji nem\u0161ki as Sven Hannawald ni ve\u010d edini smu\u010darski skakalec v zgodovini, ki je na eni novoletni nem\u0161ko-avstrijski turneji \u0161tirih naprav zmagal na vseh \u0161tirih tekmah (v sezoni 2001\/02). V olimpijski zimi, dober mesec pred za\u010detkom tekmovanj v Pjong\u010dangu, je njegov podvig ponovil Poljak Kamil Stoch, ki je drugega zaporednega zlatega orla potrdil v Bischofshofnu. Zdr\u017eal je izjemen pritisk in najbolj\u0161e izhodi\u0161\u010de po prvi seriji ter prvega zasledovalca, Norve\u017eana Andersa Fannemela, pustil za seboj za 3,2 to\u010dke. Zadnja preizku\u0161nja na turneji se je dobro iztekla tudi za varovance trenerja Gorana Janusa, saj se je prvi\u010d v olimpijski sezoni zgodilo, da se je kar \u0161esterica slovenskih orlov prebila v finalno serijo, v njej pa ve\u010dinoma pokvarila izhodi\u0161\u010da. Najbolje se je sicer iz\u0161lo Petru Prevcu, po polovici tekme sedmemu in na\u00a0...","og_url":"https:\/\/hudo.com\/si\/aktualno\/kamil-stoch-med-nesmrtne-peter-prevc-koncal-v-deseterici\/","og_site_name":"Hudo Slovenija","article_publisher":"https:\/\/www.facebook.com\/hudo.si","article_published_time":"2018-01-06T16:57:00+00:00","og_image":[{"width":480,"height":290,"url":"https:\/\/hudo.com\/si\/wp-content\/uploads\/sites\/2\/2018\/01\/480x290_AP_Pictures-20180106171114-27979400.jpeg","type":"image\/jpeg"}],"author":"hudo","twitter_card":"summary_large_image","twitter_creator":"@hudo_si","twitter_site":"@hudo_si","twitter_misc":{"Written by":"hudo","Est. reading time":"1 minuta"},"schema":{"@context":"https:\/\/schema.org","@graph":[{"@type":"Article","@id":"https:\/\/hudo.com\/si\/aktualno\/kamil-stoch-med-nesmrtne-peter-prevc-koncal-v-deseterici\/#article","isPartOf":{"@id":"https:\/\/hudo.com\/si\/aktualno\/kamil-stoch-med-nesmrtne-peter-prevc-koncal-v-deseterici\/"},"author":{"name":"hudo","@id":"https:\/\/hudo.com\/si\/#\/schema\/person\/601cf3379633985b20f7e50f2bb47707"},"headline":"Kamil Stoch med nesmrtne, Peter Prevc kon\u010dal v deseterici","datePublished":"2018-01-06T16:57:00+00:00","dateModified":"2018-01-06T16:57:00+00:00","mainEntityOfPage":{"@id":"https:\/\/hudo.com\/si\/aktualno\/kamil-stoch-med-nesmrtne-peter-prevc-koncal-v-deseterici\/"},"wordCount":157,"publisher":{"@id":"https:\/\/hudo.com\/si\/#organization"},"articleSection":["Aktualno"],"inLanguage":"sl-SI"},{"@type":"WebPage","@id":"https:\/\/hudo.com\/si\/aktualno\/kamil-stoch-med-nesmrtne-peter-prevc-koncal-v-deseterici\/","url":"https:\/\/hudo.com\/si\/aktualno\/kamil-stoch-med-nesmrtne-peter-prevc-koncal-v-deseterici\/","name":"Kamil Stoch med nesmrtne, Peter Prevc kon\u010dal v deseterici - Hudo Slovenija","isPartOf":{"@id":"https:\/\/hudo.com\/si\/#website"},"datePublished":"2018-01-06T16:57:00+00:00","dateModified":"2018-01-06T16:57:00+00:00","breadcrumb":{"@id":"https:\/\/hudo.com\/si\/aktualno\/kamil-stoch-med-nesmrtne-peter-prevc-koncal-v-deseterici\/#breadcrumb"},"inLanguage":"sl-SI","potentialAction":[{"@type":"ReadAction","target":["https:\/\/hudo.com\/si\/aktualno\/kamil-stoch-med-nesmrtne-peter-prevc-koncal-v-deseterici\/"]}]},{"@type":"BreadcrumbList","@id":"https:\/\/hudo.com\/si\/aktualno\/kamil-stoch-med-nesmrtne-peter-prevc-koncal-v-deseterici\/#breadcrumb","itemListElement":[{"@type":"ListItem","position":1,"name":"Home","item":"https:\/\/hudo.com\/si\/"},{"@type":"ListItem","position":2,"name":"Kamil Stoch med nesmrtne, Peter Prevc kon\u010dal v deseterici"}]},{"@type":"WebSite","@id":"https:\/\/hudo.com\/si\/#website","url":"https:\/\/hudo.com\/si\/","name":"Hudo Slovenija","description":"Vse novice iz Slovenije in sveta","publisher":{"@id":"https:\/\/hudo.com\/si\/#organization"},"potentialAction":[{"@type":"SearchAction","target":{"@type":"EntryPoint","urlTemplate":"https:\/\/hudo.com\/si\/?s={search_term_string}"},"query-input":"required name=search_term_string"}],"inLanguage":"sl-SI"},{"@type":"Organization","@id":"https:\/\/hudo.com\/si\/#organization","name":"VSN Media","url":"https:\/\/hudo.com\/si\/","logo":{"@type":"ImageObject","inLanguage":"sl-SI","@id":"https:\/\/hudo.com\/si\/#\/schema\/logo\/image\/","url":"https:\/\/hudo.com\/si\/wp-content\/uploads\/sites\/2\/2021\/03\/hudo-app-2.png","contentUrl":"https:\/\/hudo.com\/si\/wp-content\/uploads\/sites\/2\/2021\/03\/hudo-app-2.png","width":2185,"height":2167,"caption":"VSN Media"},"image":{"@id":"https:\/\/hudo.com\/si\/#\/schema\/logo\/image\/"},"sameAs":["https:\/\/www.facebook.com\/hudo.si","https:\/\/twitter.com\/hudo_si"]},{"@type":"Person","@id":"https:\/\/hudo.com\/si\/#\/schema\/person\/601cf3379633985b20f7e50f2bb47707","name":"hudo","image":{"@type":"ImageObject","inLanguage":"sl-SI","@id":"https:\/\/hudo.com\/si\/#\/schema\/person\/image\/","url":"https:\/\/secure.gravatar.com\/avatar\/c4ca25fa72cace7a696b52ff5db9e095?s=96&d=mm&r=g","contentUrl":"https:\/\/secure.gravatar.com\/avatar\/c4ca25fa72cace7a696b52ff5db9e095?s=96&d=mm&r=g","caption":"hudo"},"url":"https:\/\/hudo.com\/si\/author\/hudo\/"}]}},"amp_enabled":true,"_links":{"self":[{"href":"https:\/\/hudo.com\/si\/wp-json\/wp\/v2\/posts\/342171"}],"collection":[{"href":"https:\/\/hudo.com\/si\/wp-json\/wp\/v2\/posts"}],"about":[{"href":"https:\/\/hudo.com\/si\/wp-json\/wp\/v2\/types\/post"}],"author":[{"embeddable":true,"href":"https:\/\/hudo.com\/si\/wp-json\/wp\/v2\/users\/1"}],"replies":[{"embeddable":true,"href":"https:\/\/hudo.com\/si\/wp-json\/wp\/v2\/comments?post=342171"}],"version-history":[{"count":0,"href":"https:\/\/hudo.com\/si\/wp-json\/wp\/v2\/posts\/342171\/revisions"}],"wp:attachment":[{"href":"https:\/\/hudo.com\/si\/wp-json\/wp\/v2\/media?parent=342171"}],"wp:term":[{"taxonomy":"category","embeddable":true,"href":"https:\/\/hudo.com\/si\/wp-json\/wp\/v2\/categories?post=342171"},{"taxonomy":"post_tag","embeddable":true,"href":"https:\/\/hudo.com\/si\/wp-json\/wp\/v2\/tags?post=342171"},{"taxonomy":"source","embeddable":true,"href":"https:\/\/hudo.com\/si\/wp-json\/wp\/v2\/source?post=342171"},{"taxonomy":"supertag","embeddable":true,"href":"https:\/\/hudo.com\/si\/wp-json\/wp\/v2\/supertag?post=342171"}],"curies":[{"name":"wp","href":"https:\/\/api.w.org\/{rel}","templated":true}]}}