{"id":343153,"date":"2018-01-08T12:07:00","date_gmt":"2018-01-08T11:07:00","guid":{"rendered":"http:\/\/hudo.com\/si\/2018\/01\/08\/macron-na-kitajskem-za-krepitev-vezi-med-drzavama\/"},"modified":"2018-01-08T12:07:00","modified_gmt":"2018-01-08T11:07:00","slug":"macron-na-kitajskem-za-krepitev-vezi-med-drzavama","status":"publish","type":"post","link":"https:\/\/hudo.com\/si\/aktualno\/macron-na-kitajskem-za-krepitev-vezi-med-drzavama\/","title":{"rendered":"Macron na Kitajskem za krepitev vezi med dr\u017eavama"},"content":{"rendered":"<p>Kategorija: Globalno Mon, 08 Jan 2018 13:07:00 +0100  Peking \u2013 Francoski predsednik Emmanuel Macron se mudi na tri dnevnem obisku na Kitajskem. Obisk je namenjen krepitvi (gospodarskega) sodelovanja dr\u017eav. Macron je danes obiskal mesto Xi&#8217;an, kjer je spregovoril o pobudi tako imenovane novi svilene poti, ki bi Kitajsko po kopnem in morju povezala z Evropo. Medtem ko so mnogi do pobude zadr\u017eani, je Macron v dana\u0161njem govoru poudaril, da na\u010drtovane nove povezave ne bodo slu\u017eile zgolj Kitajski, temve\u010d tudi evropskim dr\u017eavam. \u00bbMenim, da je zelo pomembno, da Evropa in Kitajska okrepita sodelovanje pri pobudi. Francija je pri tem pripravljena igrati vodilno vlogo,\u00ab je Macron povedal v intervjuju za China.org.cn. Ob tem je opozoril, da je treba pobudo izvajati \u00bbv okviru uravnote\u017eenega partnerstva\u00ab. Macron na Kitajsko s sabljo in \u017erebcem Macron je ob prvem dr\u017eavni\u0161kem obisku v tej azijski sili kitajskemu kolegu Xi\u00a0&#8230;<\/p>\n","protected":false},"excerpt":{"rendered":"<p>Kategorija: Globalno Mon, 08 Jan 2018 13:07:00 +0100  Peking \u2013 Francoski predsednik Emmanuel Macron se mudi na tri dnevnem obisku na Kitajskem. Obisk je namenjen krepitvi (gospodarskega) sodelovanja dr\u017eav. Macron je danes obiskal mesto Xi&#8217;an, kjer je spregovoril o pobudi tako imenovane novi svilene poti, ki bi Kitajsko po kopnem in morju povezala z Evropo. Medtem ko so mnogi do pobude zadr\u017eani, je Macron v dana\u0161njem govoru poudaril, da na\u010drtovane nove povezave ne bodo slu\u017eile zgolj Kitajski, temve\u010d tudi evropskim dr\u017eavam. \u00bbMenim, da je zelo pomembno, da Evropa in Kitajska okrepita sodelovanje pri pobudi. Francija je pri tem pripravljena igrati vodilno vlogo,\u00ab je Macron povedal v intervjuju za China.org.cn. Ob tem je opozoril, da je treba pobudo izvajati \u00bbv okviru uravnote\u017eenega partnerstva\u00ab. Macron na Kitajsko s sabljo in \u017erebcem Macron je ob prvem dr\u017eavni\u0161kem obisku v tej azijski sili kitajskemu kolegu Xi\u00a0&#8230;<\/p>\n","protected":false},"author":1,"featured_media":0,"comment_status":"closed","ping_status":"closed","sticky":false,"template":"","format":"standard","meta":{"footnotes":""},"categories":[1179],"tags":[],"source":[1703],"supertag":[],"acf":[],"yoast_head":"<!-- This site is optimized with the Yoast SEO plugin v21.3 - https:\/\/yoast.com\/wordpress\/plugins\/seo\/ -->\n<title>Macron na Kitajskem za krepitev vezi med dr\u017eavama - Hudo Slovenija<\/title>\n<meta name=\"robots\" content=\"index, follow, max-snippet:-1, max-image-preview:large, max-video-preview:-1\" \/>\n<link rel=\"canonical\" href=\"https:\/\/hudo.com\/si\/aktualno\/macron-na-kitajskem-za-krepitev-vezi-med-drzavama\/\" \/>\n<meta property=\"og:locale\" content=\"sl_SI\" \/>\n<meta property=\"og:type\" content=\"article\" \/>\n<meta property=\"og:title\" content=\"Macron na Kitajskem za krepitev vezi med dr\u017eavama - Hudo Slovenija\" \/>\n<meta property=\"og:description\" content=\"Kategorija: Globalno Mon, 08 Jan 2018 13:07:00 +0100 Peking \u2013 Francoski predsednik Emmanuel Macron se mudi na tri dnevnem obisku na Kitajskem. Obisk je namenjen krepitvi (gospodarskega) sodelovanja dr\u017eav. Macron je danes obiskal mesto Xi&#039;an, kjer je spregovoril o pobudi tako imenovane novi svilene poti, ki bi Kitajsko po kopnem in morju povezala z Evropo. Medtem ko so mnogi do pobude zadr\u017eani, je Macron v dana\u0161njem govoru poudaril, da na\u010drtovane nove povezave ne bodo slu\u017eile zgolj Kitajski, temve\u010d tudi evropskim dr\u017eavam. \u00bbMenim, da je zelo pomembno, da Evropa in Kitajska okrepita sodelovanje pri pobudi. Francija je pri tem pripravljena igrati vodilno vlogo,\u00ab je Macron povedal v intervjuju za China.org.cn. Ob tem je opozoril, da je treba pobudo izvajati \u00bbv okviru uravnote\u017eenega partnerstva\u00ab. Macron na Kitajsko s sabljo in \u017erebcem Macron je ob prvem dr\u017eavni\u0161kem obisku v tej azijski sili kitajskemu kolegu Xi\u00a0...\" \/>\n<meta property=\"og:url\" content=\"https:\/\/hudo.com\/si\/aktualno\/macron-na-kitajskem-za-krepitev-vezi-med-drzavama\/\" \/>\n<meta property=\"og:site_name\" content=\"Hudo Slovenija\" \/>\n<meta property=\"article:publisher\" content=\"https:\/\/www.facebook.com\/hudo.si\" \/>\n<meta property=\"article:published_time\" content=\"2018-01-08T11:07:00+00:00\" \/>\n<meta property=\"og:image\" content=\"https:\/\/hudo.com\/si\/wp-content\/uploads\/sites\/2\/2018\/01\/480x290_AFP_Photo-20180108120013-73276500.jpeg\" \/>\n\t<meta property=\"og:image:width\" content=\"480\" \/>\n\t<meta property=\"og:image:height\" content=\"290\" \/>\n\t<meta property=\"og:image:type\" content=\"image\/jpeg\" \/>\n<meta name=\"author\" content=\"hudo\" \/>\n<meta name=\"twitter:card\" content=\"summary_large_image\" \/>\n<meta name=\"twitter:creator\" content=\"@hudo_si\" \/>\n<meta name=\"twitter:site\" content=\"@hudo_si\" \/>\n<meta name=\"twitter:label1\" content=\"Written by\" \/>\n\t<meta name=\"twitter:data1\" content=\"hudo\" \/>\n\t<meta name=\"twitter:label2\" content=\"Est. reading time\" \/>\n\t<meta name=\"twitter:data2\" content=\"1 minuta\" \/>\n<script type=\"application\/ld+json\" class=\"yoast-schema-graph\">{\"@context\":\"https:\/\/schema.org\",\"@graph\":[{\"@type\":\"Article\",\"@id\":\"https:\/\/hudo.com\/si\/aktualno\/macron-na-kitajskem-za-krepitev-vezi-med-drzavama\/#article\",\"isPartOf\":{\"@id\":\"https:\/\/hudo.com\/si\/aktualno\/macron-na-kitajskem-za-krepitev-vezi-med-drzavama\/\"},\"author\":{\"name\":\"hudo\",\"@id\":\"https:\/\/hudo.com\/si\/#\/schema\/person\/601cf3379633985b20f7e50f2bb47707\"},\"headline\":\"Macron na Kitajskem za krepitev vezi med dr\u017eavama\",\"datePublished\":\"2018-01-08T11:07:00+00:00\",\"dateModified\":\"2018-01-08T11:07:00+00:00\",\"mainEntityOfPage\":{\"@id\":\"https:\/\/hudo.com\/si\/aktualno\/macron-na-kitajskem-za-krepitev-vezi-med-drzavama\/\"},\"wordCount\":157,\"publisher\":{\"@id\":\"https:\/\/hudo.com\/si\/#organization\"},\"articleSection\":[\"Aktualno\"],\"inLanguage\":\"sl-SI\"},{\"@type\":\"WebPage\",\"@id\":\"https:\/\/hudo.com\/si\/aktualno\/macron-na-kitajskem-za-krepitev-vezi-med-drzavama\/\",\"url\":\"https:\/\/hudo.com\/si\/aktualno\/macron-na-kitajskem-za-krepitev-vezi-med-drzavama\/\",\"name\":\"Macron na Kitajskem za krepitev vezi med dr\u017eavama - Hudo Slovenija\",\"isPartOf\":{\"@id\":\"https:\/\/hudo.com\/si\/#website\"},\"datePublished\":\"2018-01-08T11:07:00+00:00\",\"dateModified\":\"2018-01-08T11:07:00+00:00\",\"breadcrumb\":{\"@id\":\"https:\/\/hudo.com\/si\/aktualno\/macron-na-kitajskem-za-krepitev-vezi-med-drzavama\/#breadcrumb\"},\"inLanguage\":\"sl-SI\",\"potentialAction\":[{\"@type\":\"ReadAction\",\"target\":[\"https:\/\/hudo.com\/si\/aktualno\/macron-na-kitajskem-za-krepitev-vezi-med-drzavama\/\"]}]},{\"@type\":\"BreadcrumbList\",\"@id\":\"https:\/\/hudo.com\/si\/aktualno\/macron-na-kitajskem-za-krepitev-vezi-med-drzavama\/#breadcrumb\",\"itemListElement\":[{\"@type\":\"ListItem\",\"position\":1,\"name\":\"Home\",\"item\":\"https:\/\/hudo.com\/si\/\"},{\"@type\":\"ListItem\",\"position\":2,\"name\":\"Macron na Kitajskem za krepitev vezi med dr\u017eavama\"}]},{\"@type\":\"WebSite\",\"@id\":\"https:\/\/hudo.com\/si\/#website\",\"url\":\"https:\/\/hudo.com\/si\/\",\"name\":\"Hudo Slovenija\",\"description\":\"Vse novice iz Slovenije in sveta\",\"publisher\":{\"@id\":\"https:\/\/hudo.com\/si\/#organization\"},\"potentialAction\":[{\"@type\":\"SearchAction\",\"target\":{\"@type\":\"EntryPoint\",\"urlTemplate\":\"https:\/\/hudo.com\/si\/?s={search_term_string}\"},\"query-input\":\"required name=search_term_string\"}],\"inLanguage\":\"sl-SI\"},{\"@type\":\"Organization\",\"@id\":\"https:\/\/hudo.com\/si\/#organization\",\"name\":\"VSN Media\",\"url\":\"https:\/\/hudo.com\/si\/\",\"logo\":{\"@type\":\"ImageObject\",\"inLanguage\":\"sl-SI\",\"@id\":\"https:\/\/hudo.com\/si\/#\/schema\/logo\/image\/\",\"url\":\"https:\/\/hudo.com\/si\/wp-content\/uploads\/sites\/2\/2021\/03\/hudo-app-2.png\",\"contentUrl\":\"https:\/\/hudo.com\/si\/wp-content\/uploads\/sites\/2\/2021\/03\/hudo-app-2.png\",\"width\":2185,\"height\":2167,\"caption\":\"VSN Media\"},\"image\":{\"@id\":\"https:\/\/hudo.com\/si\/#\/schema\/logo\/image\/\"},\"sameAs\":[\"https:\/\/www.facebook.com\/hudo.si\",\"https:\/\/twitter.com\/hudo_si\"]},{\"@type\":\"Person\",\"@id\":\"https:\/\/hudo.com\/si\/#\/schema\/person\/601cf3379633985b20f7e50f2bb47707\",\"name\":\"hudo\",\"image\":{\"@type\":\"ImageObject\",\"inLanguage\":\"sl-SI\",\"@id\":\"https:\/\/hudo.com\/si\/#\/schema\/person\/image\/\",\"url\":\"https:\/\/secure.gravatar.com\/avatar\/c4ca25fa72cace7a696b52ff5db9e095?s=96&d=mm&r=g\",\"contentUrl\":\"https:\/\/secure.gravatar.com\/avatar\/c4ca25fa72cace7a696b52ff5db9e095?s=96&d=mm&r=g\",\"caption\":\"hudo\"},\"url\":\"https:\/\/hudo.com\/si\/author\/hudo\/\"}]}<\/script>\n<!-- \/ Yoast SEO plugin. -->","yoast_head_json":{"title":"Macron na Kitajskem za krepitev vezi med dr\u017eavama - Hudo Slovenija","robots":{"index":"index","follow":"follow","max-snippet":"max-snippet:-1","max-image-preview":"max-image-preview:large","max-video-preview":"max-video-preview:-1"},"canonical":"https:\/\/hudo.com\/si\/aktualno\/macron-na-kitajskem-za-krepitev-vezi-med-drzavama\/","og_locale":"sl_SI","og_type":"article","og_title":"Macron na Kitajskem za krepitev vezi med dr\u017eavama - Hudo Slovenija","og_description":"Kategorija: Globalno Mon, 08 Jan 2018 13:07:00 +0100 Peking \u2013 Francoski predsednik Emmanuel Macron se mudi na tri dnevnem obisku na Kitajskem. Obisk je namenjen krepitvi (gospodarskega) sodelovanja dr\u017eav. Macron je danes obiskal mesto Xi'an, kjer je spregovoril o pobudi tako imenovane novi svilene poti, ki bi Kitajsko po kopnem in morju povezala z Evropo. Medtem ko so mnogi do pobude zadr\u017eani, je Macron v dana\u0161njem govoru poudaril, da na\u010drtovane nove povezave ne bodo slu\u017eile zgolj Kitajski, temve\u010d tudi evropskim dr\u017eavam. \u00bbMenim, da je zelo pomembno, da Evropa in Kitajska okrepita sodelovanje pri pobudi. Francija je pri tem pripravljena igrati vodilno vlogo,\u00ab je Macron povedal v intervjuju za China.org.cn. Ob tem je opozoril, da je treba pobudo izvajati \u00bbv okviru uravnote\u017eenega partnerstva\u00ab. Macron na Kitajsko s sabljo in \u017erebcem Macron je ob prvem dr\u017eavni\u0161kem obisku v tej azijski sili kitajskemu kolegu Xi\u00a0...","og_url":"https:\/\/hudo.com\/si\/aktualno\/macron-na-kitajskem-za-krepitev-vezi-med-drzavama\/","og_site_name":"Hudo Slovenija","article_publisher":"https:\/\/www.facebook.com\/hudo.si","article_published_time":"2018-01-08T11:07:00+00:00","og_image":[{"width":480,"height":290,"url":"https:\/\/hudo.com\/si\/wp-content\/uploads\/sites\/2\/2018\/01\/480x290_AFP_Photo-20180108120013-73276500.jpeg","type":"image\/jpeg"}],"author":"hudo","twitter_card":"summary_large_image","twitter_creator":"@hudo_si","twitter_site":"@hudo_si","twitter_misc":{"Written by":"hudo","Est. reading time":"1 minuta"},"schema":{"@context":"https:\/\/schema.org","@graph":[{"@type":"Article","@id":"https:\/\/hudo.com\/si\/aktualno\/macron-na-kitajskem-za-krepitev-vezi-med-drzavama\/#article","isPartOf":{"@id":"https:\/\/hudo.com\/si\/aktualno\/macron-na-kitajskem-za-krepitev-vezi-med-drzavama\/"},"author":{"name":"hudo","@id":"https:\/\/hudo.com\/si\/#\/schema\/person\/601cf3379633985b20f7e50f2bb47707"},"headline":"Macron na Kitajskem za krepitev vezi med dr\u017eavama","datePublished":"2018-01-08T11:07:00+00:00","dateModified":"2018-01-08T11:07:00+00:00","mainEntityOfPage":{"@id":"https:\/\/hudo.com\/si\/aktualno\/macron-na-kitajskem-za-krepitev-vezi-med-drzavama\/"},"wordCount":157,"publisher":{"@id":"https:\/\/hudo.com\/si\/#organization"},"articleSection":["Aktualno"],"inLanguage":"sl-SI"},{"@type":"WebPage","@id":"https:\/\/hudo.com\/si\/aktualno\/macron-na-kitajskem-za-krepitev-vezi-med-drzavama\/","url":"https:\/\/hudo.com\/si\/aktualno\/macron-na-kitajskem-za-krepitev-vezi-med-drzavama\/","name":"Macron na Kitajskem za krepitev vezi med dr\u017eavama - Hudo Slovenija","isPartOf":{"@id":"https:\/\/hudo.com\/si\/#website"},"datePublished":"2018-01-08T11:07:00+00:00","dateModified":"2018-01-08T11:07:00+00:00","breadcrumb":{"@id":"https:\/\/hudo.com\/si\/aktualno\/macron-na-kitajskem-za-krepitev-vezi-med-drzavama\/#breadcrumb"},"inLanguage":"sl-SI","potentialAction":[{"@type":"ReadAction","target":["https:\/\/hudo.com\/si\/aktualno\/macron-na-kitajskem-za-krepitev-vezi-med-drzavama\/"]}]},{"@type":"BreadcrumbList","@id":"https:\/\/hudo.com\/si\/aktualno\/macron-na-kitajskem-za-krepitev-vezi-med-drzavama\/#breadcrumb","itemListElement":[{"@type":"ListItem","position":1,"name":"Home","item":"https:\/\/hudo.com\/si\/"},{"@type":"ListItem","position":2,"name":"Macron na Kitajskem za krepitev vezi med dr\u017eavama"}]},{"@type":"WebSite","@id":"https:\/\/hudo.com\/si\/#website","url":"https:\/\/hudo.com\/si\/","name":"Hudo Slovenija","description":"Vse novice iz Slovenije in sveta","publisher":{"@id":"https:\/\/hudo.com\/si\/#organization"},"potentialAction":[{"@type":"SearchAction","target":{"@type":"EntryPoint","urlTemplate":"https:\/\/hudo.com\/si\/?s={search_term_string}"},"query-input":"required name=search_term_string"}],"inLanguage":"sl-SI"},{"@type":"Organization","@id":"https:\/\/hudo.com\/si\/#organization","name":"VSN Media","url":"https:\/\/hudo.com\/si\/","logo":{"@type":"ImageObject","inLanguage":"sl-SI","@id":"https:\/\/hudo.com\/si\/#\/schema\/logo\/image\/","url":"https:\/\/hudo.com\/si\/wp-content\/uploads\/sites\/2\/2021\/03\/hudo-app-2.png","contentUrl":"https:\/\/hudo.com\/si\/wp-content\/uploads\/sites\/2\/2021\/03\/hudo-app-2.png","width":2185,"height":2167,"caption":"VSN Media"},"image":{"@id":"https:\/\/hudo.com\/si\/#\/schema\/logo\/image\/"},"sameAs":["https:\/\/www.facebook.com\/hudo.si","https:\/\/twitter.com\/hudo_si"]},{"@type":"Person","@id":"https:\/\/hudo.com\/si\/#\/schema\/person\/601cf3379633985b20f7e50f2bb47707","name":"hudo","image":{"@type":"ImageObject","inLanguage":"sl-SI","@id":"https:\/\/hudo.com\/si\/#\/schema\/person\/image\/","url":"https:\/\/secure.gravatar.com\/avatar\/c4ca25fa72cace7a696b52ff5db9e095?s=96&d=mm&r=g","contentUrl":"https:\/\/secure.gravatar.com\/avatar\/c4ca25fa72cace7a696b52ff5db9e095?s=96&d=mm&r=g","caption":"hudo"},"url":"https:\/\/hudo.com\/si\/author\/hudo\/"}]}},"amp_enabled":true,"_links":{"self":[{"href":"https:\/\/hudo.com\/si\/wp-json\/wp\/v2\/posts\/343153"}],"collection":[{"href":"https:\/\/hudo.com\/si\/wp-json\/wp\/v2\/posts"}],"about":[{"href":"https:\/\/hudo.com\/si\/wp-json\/wp\/v2\/types\/post"}],"author":[{"embeddable":true,"href":"https:\/\/hudo.com\/si\/wp-json\/wp\/v2\/users\/1"}],"replies":[{"embeddable":true,"href":"https:\/\/hudo.com\/si\/wp-json\/wp\/v2\/comments?post=343153"}],"version-history":[{"count":0,"href":"https:\/\/hudo.com\/si\/wp-json\/wp\/v2\/posts\/343153\/revisions"}],"wp:attachment":[{"href":"https:\/\/hudo.com\/si\/wp-json\/wp\/v2\/media?parent=343153"}],"wp:term":[{"taxonomy":"category","embeddable":true,"href":"https:\/\/hudo.com\/si\/wp-json\/wp\/v2\/categories?post=343153"},{"taxonomy":"post_tag","embeddable":true,"href":"https:\/\/hudo.com\/si\/wp-json\/wp\/v2\/tags?post=343153"},{"taxonomy":"source","embeddable":true,"href":"https:\/\/hudo.com\/si\/wp-json\/wp\/v2\/source?post=343153"},{"taxonomy":"supertag","embeddable":true,"href":"https:\/\/hudo.com\/si\/wp-json\/wp\/v2\/supertag?post=343153"}],"curies":[{"name":"wp","href":"https:\/\/api.w.org\/{rel}","templated":true}]}}