{"id":343581,"date":"2018-01-09T07:53:57","date_gmt":"2018-01-09T06:53:57","guid":{"rendered":"http:\/\/hudo.com\/si\/2018\/01\/09\/avstrijska-vlada-predvideva-nizanje-otroskih-dodatkov-slovenski-delavci-migranti-do-pravice-po-sodni-poti\/"},"modified":"2018-01-09T07:53:57","modified_gmt":"2018-01-09T06:53:57","slug":"avstrijska-vlada-predvideva-nizanje-otroskih-dodatkov-slovenski-delavci-migranti-do-pravice-po-sodni-poti","status":"publish","type":"post","link":"https:\/\/hudo.com\/si\/aktualno\/avstrijska-vlada-predvideva-nizanje-otroskih-dodatkov-slovenski-delavci-migranti-do-pravice-po-sodni-poti\/","title":{"rendered":"Avstrijska vlada predvideva ni\u017eanje otro\u0161kih dodatkov, slovenski delavci migranti do pravice po sodni poti"},"content":{"rendered":"<p>\u010ce bo avstrijski parlament potrdil zakon, s katerim se tujcem zaposlenim v Avstriji zni\u017ea otro\u0161ki dodatek, bodo slovenski delavci migranti pravico iskali po sodni poti na ravni Evropske unije. The post Avstrijska vlada predvideva ni\u017eanje otro\u0161kih dodatkov, slovenski delavci migranti do pravice po sodni poti appeared first on maribor24.si.<\/p>\n","protected":false},"excerpt":{"rendered":"<p>\u010ce bo avstrijski parlament potrdil zakon, s katerim se tujcem zaposlenim v Avstriji zni\u017ea otro\u0161ki dodatek, bodo slovenski delavci migranti pravico iskali po sodni poti na ravni Evropske unije. The post Avstrijska vlada predvideva ni\u017eanje otro\u0161kih dodatkov, slovenski delavci migranti do pravice po sodni poti appeared first on maribor24.si.<\/p>\n","protected":false},"author":1,"featured_media":0,"comment_status":"closed","ping_status":"closed","sticky":false,"template":"","format":"standard","meta":{"footnotes":""},"categories":[1179],"tags":[],"source":[1712],"supertag":[],"acf":[],"yoast_head":"<!-- This site is optimized with the Yoast SEO plugin v21.3 - https:\/\/yoast.com\/wordpress\/plugins\/seo\/ -->\n<title>Avstrijska vlada predvideva ni\u017eanje otro\u0161kih dodatkov, slovenski delavci migranti do pravice po sodni poti - Hudo Slovenija<\/title>\n<meta name=\"robots\" content=\"index, follow, max-snippet:-1, max-image-preview:large, max-video-preview:-1\" \/>\n<link rel=\"canonical\" href=\"https:\/\/hudo.com\/si\/aktualno\/avstrijska-vlada-predvideva-nizanje-otroskih-dodatkov-slovenski-delavci-migranti-do-pravice-po-sodni-poti\/\" \/>\n<meta property=\"og:locale\" content=\"sl_SI\" \/>\n<meta property=\"og:type\" content=\"article\" \/>\n<meta property=\"og:title\" content=\"Avstrijska vlada predvideva ni\u017eanje otro\u0161kih dodatkov, slovenski delavci migranti do pravice po sodni poti - Hudo Slovenija\" \/>\n<meta property=\"og:description\" content=\"\u010ce bo avstrijski parlament potrdil zakon, s katerim se tujcem zaposlenim v Avstriji zni\u017ea otro\u0161ki dodatek, bodo slovenski delavci migranti pravico iskali po sodni poti na ravni Evropske unije. The post Avstrijska vlada predvideva ni\u017eanje otro\u0161kih dodatkov, slovenski delavci migranti do pravice po sodni poti appeared first on maribor24.si.\" \/>\n<meta property=\"og:url\" content=\"https:\/\/hudo.com\/si\/aktualno\/avstrijska-vlada-predvideva-nizanje-otroskih-dodatkov-slovenski-delavci-migranti-do-pravice-po-sodni-poti\/\" \/>\n<meta property=\"og:site_name\" content=\"Hudo Slovenija\" \/>\n<meta property=\"article:publisher\" content=\"https:\/\/www.facebook.com\/hudo.si\" \/>\n<meta property=\"article:published_time\" content=\"2018-01-09T06:53:57+00:00\" \/>\n<meta property=\"og:image\" content=\"https:\/\/hudo.com\/si\/wp-content\/uploads\/sites\/2\/2018\/01\/children-2465696_1280.jpg\" \/>\n\t<meta property=\"og:image:width\" content=\"1280\" \/>\n\t<meta property=\"og:image:height\" content=\"1009\" \/>\n\t<meta property=\"og:image:type\" content=\"image\/jpeg\" \/>\n<meta name=\"author\" content=\"hudo\" \/>\n<meta name=\"twitter:card\" content=\"summary_large_image\" \/>\n<meta name=\"twitter:creator\" content=\"@hudo_si\" \/>\n<meta name=\"twitter:site\" content=\"@hudo_si\" \/>\n<meta name=\"twitter:label1\" content=\"Written by\" \/>\n\t<meta name=\"twitter:data1\" content=\"hudo\" \/>\n<script type=\"application\/ld+json\" class=\"yoast-schema-graph\">{\"@context\":\"https:\/\/schema.org\",\"@graph\":[{\"@type\":\"Article\",\"@id\":\"https:\/\/hudo.com\/si\/aktualno\/avstrijska-vlada-predvideva-nizanje-otroskih-dodatkov-slovenski-delavci-migranti-do-pravice-po-sodni-poti\/#article\",\"isPartOf\":{\"@id\":\"https:\/\/hudo.com\/si\/aktualno\/avstrijska-vlada-predvideva-nizanje-otroskih-dodatkov-slovenski-delavci-migranti-do-pravice-po-sodni-poti\/\"},\"author\":{\"name\":\"hudo\",\"@id\":\"https:\/\/hudo.com\/si\/#\/schema\/person\/601cf3379633985b20f7e50f2bb47707\"},\"headline\":\"Avstrijska vlada predvideva ni\u017eanje otro\u0161kih dodatkov, slovenski delavci migranti do pravice po sodni poti\",\"datePublished\":\"2018-01-09T06:53:57+00:00\",\"dateModified\":\"2018-01-09T06:53:57+00:00\",\"mainEntityOfPage\":{\"@id\":\"https:\/\/hudo.com\/si\/aktualno\/avstrijska-vlada-predvideva-nizanje-otroskih-dodatkov-slovenski-delavci-migranti-do-pravice-po-sodni-poti\/\"},\"wordCount\":70,\"publisher\":{\"@id\":\"https:\/\/hudo.com\/si\/#organization\"},\"articleSection\":[\"Aktualno\"],\"inLanguage\":\"sl-SI\"},{\"@type\":\"WebPage\",\"@id\":\"https:\/\/hudo.com\/si\/aktualno\/avstrijska-vlada-predvideva-nizanje-otroskih-dodatkov-slovenski-delavci-migranti-do-pravice-po-sodni-poti\/\",\"url\":\"https:\/\/hudo.com\/si\/aktualno\/avstrijska-vlada-predvideva-nizanje-otroskih-dodatkov-slovenski-delavci-migranti-do-pravice-po-sodni-poti\/\",\"name\":\"Avstrijska vlada predvideva ni\u017eanje otro\u0161kih dodatkov, slovenski delavci migranti do pravice po sodni poti - Hudo Slovenija\",\"isPartOf\":{\"@id\":\"https:\/\/hudo.com\/si\/#website\"},\"datePublished\":\"2018-01-09T06:53:57+00:00\",\"dateModified\":\"2018-01-09T06:53:57+00:00\",\"breadcrumb\":{\"@id\":\"https:\/\/hudo.com\/si\/aktualno\/avstrijska-vlada-predvideva-nizanje-otroskih-dodatkov-slovenski-delavci-migranti-do-pravice-po-sodni-poti\/#breadcrumb\"},\"inLanguage\":\"sl-SI\",\"potentialAction\":[{\"@type\":\"ReadAction\",\"target\":[\"https:\/\/hudo.com\/si\/aktualno\/avstrijska-vlada-predvideva-nizanje-otroskih-dodatkov-slovenski-delavci-migranti-do-pravice-po-sodni-poti\/\"]}]},{\"@type\":\"BreadcrumbList\",\"@id\":\"https:\/\/hudo.com\/si\/aktualno\/avstrijska-vlada-predvideva-nizanje-otroskih-dodatkov-slovenski-delavci-migranti-do-pravice-po-sodni-poti\/#breadcrumb\",\"itemListElement\":[{\"@type\":\"ListItem\",\"position\":1,\"name\":\"Home\",\"item\":\"https:\/\/hudo.com\/si\/\"},{\"@type\":\"ListItem\",\"position\":2,\"name\":\"Avstrijska vlada predvideva ni\u017eanje otro\u0161kih dodatkov, slovenski delavci migranti do pravice po sodni poti\"}]},{\"@type\":\"WebSite\",\"@id\":\"https:\/\/hudo.com\/si\/#website\",\"url\":\"https:\/\/hudo.com\/si\/\",\"name\":\"Hudo Slovenija\",\"description\":\"Vse novice iz Slovenije in sveta\",\"publisher\":{\"@id\":\"https:\/\/hudo.com\/si\/#organization\"},\"potentialAction\":[{\"@type\":\"SearchAction\",\"target\":{\"@type\":\"EntryPoint\",\"urlTemplate\":\"https:\/\/hudo.com\/si\/?s={search_term_string}\"},\"query-input\":\"required name=search_term_string\"}],\"inLanguage\":\"sl-SI\"},{\"@type\":\"Organization\",\"@id\":\"https:\/\/hudo.com\/si\/#organization\",\"name\":\"VSN Media\",\"url\":\"https:\/\/hudo.com\/si\/\",\"logo\":{\"@type\":\"ImageObject\",\"inLanguage\":\"sl-SI\",\"@id\":\"https:\/\/hudo.com\/si\/#\/schema\/logo\/image\/\",\"url\":\"https:\/\/hudo.com\/si\/wp-content\/uploads\/sites\/2\/2021\/03\/hudo-app-2.png\",\"contentUrl\":\"https:\/\/hudo.com\/si\/wp-content\/uploads\/sites\/2\/2021\/03\/hudo-app-2.png\",\"width\":2185,\"height\":2167,\"caption\":\"VSN Media\"},\"image\":{\"@id\":\"https:\/\/hudo.com\/si\/#\/schema\/logo\/image\/\"},\"sameAs\":[\"https:\/\/www.facebook.com\/hudo.si\",\"https:\/\/twitter.com\/hudo_si\"]},{\"@type\":\"Person\",\"@id\":\"https:\/\/hudo.com\/si\/#\/schema\/person\/601cf3379633985b20f7e50f2bb47707\",\"name\":\"hudo\",\"image\":{\"@type\":\"ImageObject\",\"inLanguage\":\"sl-SI\",\"@id\":\"https:\/\/hudo.com\/si\/#\/schema\/person\/image\/\",\"url\":\"https:\/\/secure.gravatar.com\/avatar\/c4ca25fa72cace7a696b52ff5db9e095?s=96&d=mm&r=g\",\"contentUrl\":\"https:\/\/secure.gravatar.com\/avatar\/c4ca25fa72cace7a696b52ff5db9e095?s=96&d=mm&r=g\",\"caption\":\"hudo\"},\"url\":\"https:\/\/hudo.com\/si\/author\/hudo\/\"}]}<\/script>\n<!-- \/ Yoast SEO plugin. -->","yoast_head_json":{"title":"Avstrijska vlada predvideva ni\u017eanje otro\u0161kih dodatkov, slovenski delavci migranti do pravice po sodni poti - Hudo Slovenija","robots":{"index":"index","follow":"follow","max-snippet":"max-snippet:-1","max-image-preview":"max-image-preview:large","max-video-preview":"max-video-preview:-1"},"canonical":"https:\/\/hudo.com\/si\/aktualno\/avstrijska-vlada-predvideva-nizanje-otroskih-dodatkov-slovenski-delavci-migranti-do-pravice-po-sodni-poti\/","og_locale":"sl_SI","og_type":"article","og_title":"Avstrijska vlada predvideva ni\u017eanje otro\u0161kih dodatkov, slovenski delavci migranti do pravice po sodni poti - Hudo Slovenija","og_description":"\u010ce bo avstrijski parlament potrdil zakon, s katerim se tujcem zaposlenim v Avstriji zni\u017ea otro\u0161ki dodatek, bodo slovenski delavci migranti pravico iskali po sodni poti na ravni Evropske unije. The post Avstrijska vlada predvideva ni\u017eanje otro\u0161kih dodatkov, slovenski delavci migranti do pravice po sodni poti appeared first on maribor24.si.","og_url":"https:\/\/hudo.com\/si\/aktualno\/avstrijska-vlada-predvideva-nizanje-otroskih-dodatkov-slovenski-delavci-migranti-do-pravice-po-sodni-poti\/","og_site_name":"Hudo Slovenija","article_publisher":"https:\/\/www.facebook.com\/hudo.si","article_published_time":"2018-01-09T06:53:57+00:00","og_image":[{"width":1280,"height":1009,"url":"https:\/\/hudo.com\/si\/wp-content\/uploads\/sites\/2\/2018\/01\/children-2465696_1280.jpg","type":"image\/jpeg"}],"author":"hudo","twitter_card":"summary_large_image","twitter_creator":"@hudo_si","twitter_site":"@hudo_si","twitter_misc":{"Written by":"hudo"},"schema":{"@context":"https:\/\/schema.org","@graph":[{"@type":"Article","@id":"https:\/\/hudo.com\/si\/aktualno\/avstrijska-vlada-predvideva-nizanje-otroskih-dodatkov-slovenski-delavci-migranti-do-pravice-po-sodni-poti\/#article","isPartOf":{"@id":"https:\/\/hudo.com\/si\/aktualno\/avstrijska-vlada-predvideva-nizanje-otroskih-dodatkov-slovenski-delavci-migranti-do-pravice-po-sodni-poti\/"},"author":{"name":"hudo","@id":"https:\/\/hudo.com\/si\/#\/schema\/person\/601cf3379633985b20f7e50f2bb47707"},"headline":"Avstrijska vlada predvideva ni\u017eanje otro\u0161kih dodatkov, slovenski delavci migranti do pravice po sodni poti","datePublished":"2018-01-09T06:53:57+00:00","dateModified":"2018-01-09T06:53:57+00:00","mainEntityOfPage":{"@id":"https:\/\/hudo.com\/si\/aktualno\/avstrijska-vlada-predvideva-nizanje-otroskih-dodatkov-slovenski-delavci-migranti-do-pravice-po-sodni-poti\/"},"wordCount":70,"publisher":{"@id":"https:\/\/hudo.com\/si\/#organization"},"articleSection":["Aktualno"],"inLanguage":"sl-SI"},{"@type":"WebPage","@id":"https:\/\/hudo.com\/si\/aktualno\/avstrijska-vlada-predvideva-nizanje-otroskih-dodatkov-slovenski-delavci-migranti-do-pravice-po-sodni-poti\/","url":"https:\/\/hudo.com\/si\/aktualno\/avstrijska-vlada-predvideva-nizanje-otroskih-dodatkov-slovenski-delavci-migranti-do-pravice-po-sodni-poti\/","name":"Avstrijska vlada predvideva ni\u017eanje otro\u0161kih dodatkov, slovenski delavci migranti do pravice po sodni poti - Hudo Slovenija","isPartOf":{"@id":"https:\/\/hudo.com\/si\/#website"},"datePublished":"2018-01-09T06:53:57+00:00","dateModified":"2018-01-09T06:53:57+00:00","breadcrumb":{"@id":"https:\/\/hudo.com\/si\/aktualno\/avstrijska-vlada-predvideva-nizanje-otroskih-dodatkov-slovenski-delavci-migranti-do-pravice-po-sodni-poti\/#breadcrumb"},"inLanguage":"sl-SI","potentialAction":[{"@type":"ReadAction","target":["https:\/\/hudo.com\/si\/aktualno\/avstrijska-vlada-predvideva-nizanje-otroskih-dodatkov-slovenski-delavci-migranti-do-pravice-po-sodni-poti\/"]}]},{"@type":"BreadcrumbList","@id":"https:\/\/hudo.com\/si\/aktualno\/avstrijska-vlada-predvideva-nizanje-otroskih-dodatkov-slovenski-delavci-migranti-do-pravice-po-sodni-poti\/#breadcrumb","itemListElement":[{"@type":"ListItem","position":1,"name":"Home","item":"https:\/\/hudo.com\/si\/"},{"@type":"ListItem","position":2,"name":"Avstrijska vlada predvideva ni\u017eanje otro\u0161kih dodatkov, slovenski delavci migranti do pravice po sodni poti"}]},{"@type":"WebSite","@id":"https:\/\/hudo.com\/si\/#website","url":"https:\/\/hudo.com\/si\/","name":"Hudo Slovenija","description":"Vse novice iz Slovenije in sveta","publisher":{"@id":"https:\/\/hudo.com\/si\/#organization"},"potentialAction":[{"@type":"SearchAction","target":{"@type":"EntryPoint","urlTemplate":"https:\/\/hudo.com\/si\/?s={search_term_string}"},"query-input":"required name=search_term_string"}],"inLanguage":"sl-SI"},{"@type":"Organization","@id":"https:\/\/hudo.com\/si\/#organization","name":"VSN Media","url":"https:\/\/hudo.com\/si\/","logo":{"@type":"ImageObject","inLanguage":"sl-SI","@id":"https:\/\/hudo.com\/si\/#\/schema\/logo\/image\/","url":"https:\/\/hudo.com\/si\/wp-content\/uploads\/sites\/2\/2021\/03\/hudo-app-2.png","contentUrl":"https:\/\/hudo.com\/si\/wp-content\/uploads\/sites\/2\/2021\/03\/hudo-app-2.png","width":2185,"height":2167,"caption":"VSN Media"},"image":{"@id":"https:\/\/hudo.com\/si\/#\/schema\/logo\/image\/"},"sameAs":["https:\/\/www.facebook.com\/hudo.si","https:\/\/twitter.com\/hudo_si"]},{"@type":"Person","@id":"https:\/\/hudo.com\/si\/#\/schema\/person\/601cf3379633985b20f7e50f2bb47707","name":"hudo","image":{"@type":"ImageObject","inLanguage":"sl-SI","@id":"https:\/\/hudo.com\/si\/#\/schema\/person\/image\/","url":"https:\/\/secure.gravatar.com\/avatar\/c4ca25fa72cace7a696b52ff5db9e095?s=96&d=mm&r=g","contentUrl":"https:\/\/secure.gravatar.com\/avatar\/c4ca25fa72cace7a696b52ff5db9e095?s=96&d=mm&r=g","caption":"hudo"},"url":"https:\/\/hudo.com\/si\/author\/hudo\/"}]}},"amp_enabled":true,"_links":{"self":[{"href":"https:\/\/hudo.com\/si\/wp-json\/wp\/v2\/posts\/343581"}],"collection":[{"href":"https:\/\/hudo.com\/si\/wp-json\/wp\/v2\/posts"}],"about":[{"href":"https:\/\/hudo.com\/si\/wp-json\/wp\/v2\/types\/post"}],"author":[{"embeddable":true,"href":"https:\/\/hudo.com\/si\/wp-json\/wp\/v2\/users\/1"}],"replies":[{"embeddable":true,"href":"https:\/\/hudo.com\/si\/wp-json\/wp\/v2\/comments?post=343581"}],"version-history":[{"count":0,"href":"https:\/\/hudo.com\/si\/wp-json\/wp\/v2\/posts\/343581\/revisions"}],"wp:attachment":[{"href":"https:\/\/hudo.com\/si\/wp-json\/wp\/v2\/media?parent=343581"}],"wp:term":[{"taxonomy":"category","embeddable":true,"href":"https:\/\/hudo.com\/si\/wp-json\/wp\/v2\/categories?post=343581"},{"taxonomy":"post_tag","embeddable":true,"href":"https:\/\/hudo.com\/si\/wp-json\/wp\/v2\/tags?post=343581"},{"taxonomy":"source","embeddable":true,"href":"https:\/\/hudo.com\/si\/wp-json\/wp\/v2\/source?post=343581"},{"taxonomy":"supertag","embeddable":true,"href":"https:\/\/hudo.com\/si\/wp-json\/wp\/v2\/supertag?post=343581"}],"curies":[{"name":"wp","href":"https:\/\/api.w.org\/{rel}","templated":true}]}}