{"id":343829,"date":"2018-01-09T12:47:00","date_gmt":"2018-01-09T11:47:00","guid":{"rendered":"http:\/\/hudo.com\/si\/2018\/01\/09\/v-ustavni-obtozbi-cerar-vidi-kriminalizacijo-politicnih-odlocitev\/"},"modified":"2018-01-09T12:47:00","modified_gmt":"2018-01-09T11:47:00","slug":"v-ustavni-obtozbi-cerar-vidi-kriminalizacijo-politicnih-odlocitev","status":"publish","type":"post","link":"https:\/\/hudo.com\/si\/aktualno\/v-ustavni-obtozbi-cerar-vidi-kriminalizacijo-politicnih-odlocitev\/","title":{"rendered":"V ustavni obto\u017ebi Cerar vidi kriminalizacijo politi\u010dnih odlo\u010ditev"},"content":{"rendered":"<p>Kategorija: Politika Tue, 09 Jan 2018 13:47:00 +0100  Ljubljana &#8211; Predsednik vlade Miro Cerar trdi, da v primeru sirskega begunca Ahmada Shamieh ni prekr\u0161il ustave in zakonov. Po njegovem mnenju gre pri ustavni obto\u017ebi za kriminalizacijo politi\u010dnih odlo\u010ditev. Poslance je pozval, naj z zavrnitvijo neutemeljene ustavne obto\u017ebe zavrnejo tudi politiko, ki s takimi obto\u017ebami degradira slovensko politi\u010dno prizori\u0161\u010de. Cerar je tako zavrnil vse to\u010dke ustavne obto\u017ebe, ki so jo proti njemu vlo\u017eili poslanci SDS. Kot je dejal na dana\u0161nji izredni seji DZ, se je skladno z zaprisego za predsednika vlade in v okviru ustavnega reda, katerega del je tudi na\u0161e in mednarodno pravo \u010dlovekovih pravic, odlo\u010dil za pobudo, da bi vlada odlo\u010dala o izdaji dovoljenja za za\u010dasno prebivanje Shamiehu. K tej pobudi ga, kot trdi, ni vodil le \u010dlovekoljubni vidik, ampak tudi zelo trezen premislek o interesu Slovenije. \u00bbOcenil sem\u00a0&#8230;<\/p>\n","protected":false},"excerpt":{"rendered":"<p>Kategorija: Politika Tue, 09 Jan 2018 13:47:00 +0100  Ljubljana &#8211; Predsednik vlade Miro Cerar trdi, da v primeru sirskega begunca Ahmada Shamieh ni prekr\u0161il ustave in zakonov. Po njegovem mnenju gre pri ustavni obto\u017ebi za kriminalizacijo politi\u010dnih odlo\u010ditev. Poslance je pozval, naj z zavrnitvijo neutemeljene ustavne obto\u017ebe zavrnejo tudi politiko, ki s takimi obto\u017ebami degradira slovensko politi\u010dno prizori\u0161\u010de. Cerar je tako zavrnil vse to\u010dke ustavne obto\u017ebe, ki so jo proti njemu vlo\u017eili poslanci SDS. Kot je dejal na dana\u0161nji izredni seji DZ, se je skladno z zaprisego za predsednika vlade in v okviru ustavnega reda, katerega del je tudi na\u0161e in mednarodno pravo \u010dlovekovih pravic, odlo\u010dil za pobudo, da bi vlada odlo\u010dala o izdaji dovoljenja za za\u010dasno prebivanje Shamiehu. K tej pobudi ga, kot trdi, ni vodil le \u010dlovekoljubni vidik, ampak tudi zelo trezen premislek o interesu Slovenije. \u00bbOcenil sem\u00a0&#8230;<\/p>\n","protected":false},"author":1,"featured_media":0,"comment_status":"closed","ping_status":"closed","sticky":false,"template":"","format":"standard","meta":{"footnotes":""},"categories":[1179],"tags":[],"source":[1703],"supertag":[],"acf":[],"yoast_head":"<!-- This site is optimized with the Yoast SEO plugin v21.3 - https:\/\/yoast.com\/wordpress\/plugins\/seo\/ -->\n<title>V ustavni obto\u017ebi Cerar vidi kriminalizacijo politi\u010dnih odlo\u010ditev - Hudo Slovenija<\/title>\n<meta name=\"robots\" content=\"index, follow, max-snippet:-1, max-image-preview:large, max-video-preview:-1\" \/>\n<link rel=\"canonical\" href=\"https:\/\/hudo.com\/si\/aktualno\/v-ustavni-obtozbi-cerar-vidi-kriminalizacijo-politicnih-odlocitev\/\" \/>\n<meta property=\"og:locale\" content=\"sl_SI\" \/>\n<meta property=\"og:type\" content=\"article\" \/>\n<meta property=\"og:title\" content=\"V ustavni obto\u017ebi Cerar vidi kriminalizacijo politi\u010dnih odlo\u010ditev - Hudo Slovenija\" \/>\n<meta property=\"og:description\" content=\"Kategorija: Politika Tue, 09 Jan 2018 13:47:00 +0100 Ljubljana - Predsednik vlade Miro Cerar trdi, da v primeru sirskega begunca Ahmada Shamieh ni prekr\u0161il ustave in zakonov. Po njegovem mnenju gre pri ustavni obto\u017ebi za kriminalizacijo politi\u010dnih odlo\u010ditev. Poslance je pozval, naj z zavrnitvijo neutemeljene ustavne obto\u017ebe zavrnejo tudi politiko, ki s takimi obto\u017ebami degradira slovensko politi\u010dno prizori\u0161\u010de. Cerar je tako zavrnil vse to\u010dke ustavne obto\u017ebe, ki so jo proti njemu vlo\u017eili poslanci SDS. Kot je dejal na dana\u0161nji izredni seji DZ, se je skladno z zaprisego za predsednika vlade in v okviru ustavnega reda, katerega del je tudi na\u0161e in mednarodno pravo \u010dlovekovih pravic, odlo\u010dil za pobudo, da bi vlada odlo\u010dala o izdaji dovoljenja za za\u010dasno prebivanje Shamiehu. K tej pobudi ga, kot trdi, ni vodil le \u010dlovekoljubni vidik, ampak tudi zelo trezen premislek o interesu Slovenije. \u00bbOcenil sem\u00a0...\" \/>\n<meta property=\"og:url\" content=\"https:\/\/hudo.com\/si\/aktualno\/v-ustavni-obtozbi-cerar-vidi-kriminalizacijo-politicnih-odlocitev\/\" \/>\n<meta property=\"og:site_name\" content=\"Hudo Slovenija\" \/>\n<meta property=\"article:publisher\" content=\"https:\/\/www.facebook.com\/hudo.si\" \/>\n<meta property=\"article:published_time\" content=\"2018-01-09T11:47:00+00:00\" \/>\n<meta property=\"og:image\" content=\"https:\/\/hudo.com\/si\/wp-content\/uploads\/sites\/2\/2018\/01\/480x290_Delo_Foto-20171227133210-04348700.jpeg\" \/>\n\t<meta property=\"og:image:width\" content=\"480\" \/>\n\t<meta property=\"og:image:height\" content=\"290\" \/>\n\t<meta property=\"og:image:type\" content=\"image\/jpeg\" \/>\n<meta name=\"author\" content=\"hudo\" \/>\n<meta name=\"twitter:card\" content=\"summary_large_image\" \/>\n<meta name=\"twitter:creator\" content=\"@hudo_si\" \/>\n<meta name=\"twitter:site\" content=\"@hudo_si\" \/>\n<meta name=\"twitter:label1\" content=\"Written by\" \/>\n\t<meta name=\"twitter:data1\" content=\"hudo\" \/>\n\t<meta name=\"twitter:label2\" content=\"Est. reading time\" \/>\n\t<meta name=\"twitter:data2\" content=\"1 minuta\" \/>\n<script type=\"application\/ld+json\" class=\"yoast-schema-graph\">{\"@context\":\"https:\/\/schema.org\",\"@graph\":[{\"@type\":\"Article\",\"@id\":\"https:\/\/hudo.com\/si\/aktualno\/v-ustavni-obtozbi-cerar-vidi-kriminalizacijo-politicnih-odlocitev\/#article\",\"isPartOf\":{\"@id\":\"https:\/\/hudo.com\/si\/aktualno\/v-ustavni-obtozbi-cerar-vidi-kriminalizacijo-politicnih-odlocitev\/\"},\"author\":{\"name\":\"hudo\",\"@id\":\"https:\/\/hudo.com\/si\/#\/schema\/person\/601cf3379633985b20f7e50f2bb47707\"},\"headline\":\"V ustavni obto\u017ebi Cerar vidi kriminalizacijo politi\u010dnih odlo\u010ditev\",\"datePublished\":\"2018-01-09T11:47:00+00:00\",\"dateModified\":\"2018-01-09T11:47:00+00:00\",\"mainEntityOfPage\":{\"@id\":\"https:\/\/hudo.com\/si\/aktualno\/v-ustavni-obtozbi-cerar-vidi-kriminalizacijo-politicnih-odlocitev\/\"},\"wordCount\":163,\"publisher\":{\"@id\":\"https:\/\/hudo.com\/si\/#organization\"},\"articleSection\":[\"Aktualno\"],\"inLanguage\":\"sl-SI\"},{\"@type\":\"WebPage\",\"@id\":\"https:\/\/hudo.com\/si\/aktualno\/v-ustavni-obtozbi-cerar-vidi-kriminalizacijo-politicnih-odlocitev\/\",\"url\":\"https:\/\/hudo.com\/si\/aktualno\/v-ustavni-obtozbi-cerar-vidi-kriminalizacijo-politicnih-odlocitev\/\",\"name\":\"V ustavni obto\u017ebi Cerar vidi kriminalizacijo politi\u010dnih odlo\u010ditev - Hudo Slovenija\",\"isPartOf\":{\"@id\":\"https:\/\/hudo.com\/si\/#website\"},\"datePublished\":\"2018-01-09T11:47:00+00:00\",\"dateModified\":\"2018-01-09T11:47:00+00:00\",\"breadcrumb\":{\"@id\":\"https:\/\/hudo.com\/si\/aktualno\/v-ustavni-obtozbi-cerar-vidi-kriminalizacijo-politicnih-odlocitev\/#breadcrumb\"},\"inLanguage\":\"sl-SI\",\"potentialAction\":[{\"@type\":\"ReadAction\",\"target\":[\"https:\/\/hudo.com\/si\/aktualno\/v-ustavni-obtozbi-cerar-vidi-kriminalizacijo-politicnih-odlocitev\/\"]}]},{\"@type\":\"BreadcrumbList\",\"@id\":\"https:\/\/hudo.com\/si\/aktualno\/v-ustavni-obtozbi-cerar-vidi-kriminalizacijo-politicnih-odlocitev\/#breadcrumb\",\"itemListElement\":[{\"@type\":\"ListItem\",\"position\":1,\"name\":\"Home\",\"item\":\"https:\/\/hudo.com\/si\/\"},{\"@type\":\"ListItem\",\"position\":2,\"name\":\"V ustavni obto\u017ebi Cerar vidi kriminalizacijo politi\u010dnih odlo\u010ditev\"}]},{\"@type\":\"WebSite\",\"@id\":\"https:\/\/hudo.com\/si\/#website\",\"url\":\"https:\/\/hudo.com\/si\/\",\"name\":\"Hudo Slovenija\",\"description\":\"Vse novice iz Slovenije in sveta\",\"publisher\":{\"@id\":\"https:\/\/hudo.com\/si\/#organization\"},\"potentialAction\":[{\"@type\":\"SearchAction\",\"target\":{\"@type\":\"EntryPoint\",\"urlTemplate\":\"https:\/\/hudo.com\/si\/?s={search_term_string}\"},\"query-input\":\"required name=search_term_string\"}],\"inLanguage\":\"sl-SI\"},{\"@type\":\"Organization\",\"@id\":\"https:\/\/hudo.com\/si\/#organization\",\"name\":\"VSN Media\",\"url\":\"https:\/\/hudo.com\/si\/\",\"logo\":{\"@type\":\"ImageObject\",\"inLanguage\":\"sl-SI\",\"@id\":\"https:\/\/hudo.com\/si\/#\/schema\/logo\/image\/\",\"url\":\"https:\/\/hudo.com\/si\/wp-content\/uploads\/sites\/2\/2021\/03\/hudo-app-2.png\",\"contentUrl\":\"https:\/\/hudo.com\/si\/wp-content\/uploads\/sites\/2\/2021\/03\/hudo-app-2.png\",\"width\":2185,\"height\":2167,\"caption\":\"VSN Media\"},\"image\":{\"@id\":\"https:\/\/hudo.com\/si\/#\/schema\/logo\/image\/\"},\"sameAs\":[\"https:\/\/www.facebook.com\/hudo.si\",\"https:\/\/twitter.com\/hudo_si\"]},{\"@type\":\"Person\",\"@id\":\"https:\/\/hudo.com\/si\/#\/schema\/person\/601cf3379633985b20f7e50f2bb47707\",\"name\":\"hudo\",\"image\":{\"@type\":\"ImageObject\",\"inLanguage\":\"sl-SI\",\"@id\":\"https:\/\/hudo.com\/si\/#\/schema\/person\/image\/\",\"url\":\"https:\/\/secure.gravatar.com\/avatar\/c4ca25fa72cace7a696b52ff5db9e095?s=96&d=mm&r=g\",\"contentUrl\":\"https:\/\/secure.gravatar.com\/avatar\/c4ca25fa72cace7a696b52ff5db9e095?s=96&d=mm&r=g\",\"caption\":\"hudo\"},\"url\":\"https:\/\/hudo.com\/si\/author\/hudo\/\"}]}<\/script>\n<!-- \/ Yoast SEO plugin. -->","yoast_head_json":{"title":"V ustavni obto\u017ebi Cerar vidi kriminalizacijo politi\u010dnih odlo\u010ditev - Hudo Slovenija","robots":{"index":"index","follow":"follow","max-snippet":"max-snippet:-1","max-image-preview":"max-image-preview:large","max-video-preview":"max-video-preview:-1"},"canonical":"https:\/\/hudo.com\/si\/aktualno\/v-ustavni-obtozbi-cerar-vidi-kriminalizacijo-politicnih-odlocitev\/","og_locale":"sl_SI","og_type":"article","og_title":"V ustavni obto\u017ebi Cerar vidi kriminalizacijo politi\u010dnih odlo\u010ditev - Hudo Slovenija","og_description":"Kategorija: Politika Tue, 09 Jan 2018 13:47:00 +0100 Ljubljana - Predsednik vlade Miro Cerar trdi, da v primeru sirskega begunca Ahmada Shamieh ni prekr\u0161il ustave in zakonov. Po njegovem mnenju gre pri ustavni obto\u017ebi za kriminalizacijo politi\u010dnih odlo\u010ditev. Poslance je pozval, naj z zavrnitvijo neutemeljene ustavne obto\u017ebe zavrnejo tudi politiko, ki s takimi obto\u017ebami degradira slovensko politi\u010dno prizori\u0161\u010de. Cerar je tako zavrnil vse to\u010dke ustavne obto\u017ebe, ki so jo proti njemu vlo\u017eili poslanci SDS. Kot je dejal na dana\u0161nji izredni seji DZ, se je skladno z zaprisego za predsednika vlade in v okviru ustavnega reda, katerega del je tudi na\u0161e in mednarodno pravo \u010dlovekovih pravic, odlo\u010dil za pobudo, da bi vlada odlo\u010dala o izdaji dovoljenja za za\u010dasno prebivanje Shamiehu. K tej pobudi ga, kot trdi, ni vodil le \u010dlovekoljubni vidik, ampak tudi zelo trezen premislek o interesu Slovenije. \u00bbOcenil sem\u00a0...","og_url":"https:\/\/hudo.com\/si\/aktualno\/v-ustavni-obtozbi-cerar-vidi-kriminalizacijo-politicnih-odlocitev\/","og_site_name":"Hudo Slovenija","article_publisher":"https:\/\/www.facebook.com\/hudo.si","article_published_time":"2018-01-09T11:47:00+00:00","og_image":[{"width":480,"height":290,"url":"https:\/\/hudo.com\/si\/wp-content\/uploads\/sites\/2\/2018\/01\/480x290_Delo_Foto-20171227133210-04348700.jpeg","type":"image\/jpeg"}],"author":"hudo","twitter_card":"summary_large_image","twitter_creator":"@hudo_si","twitter_site":"@hudo_si","twitter_misc":{"Written by":"hudo","Est. reading time":"1 minuta"},"schema":{"@context":"https:\/\/schema.org","@graph":[{"@type":"Article","@id":"https:\/\/hudo.com\/si\/aktualno\/v-ustavni-obtozbi-cerar-vidi-kriminalizacijo-politicnih-odlocitev\/#article","isPartOf":{"@id":"https:\/\/hudo.com\/si\/aktualno\/v-ustavni-obtozbi-cerar-vidi-kriminalizacijo-politicnih-odlocitev\/"},"author":{"name":"hudo","@id":"https:\/\/hudo.com\/si\/#\/schema\/person\/601cf3379633985b20f7e50f2bb47707"},"headline":"V ustavni obto\u017ebi Cerar vidi kriminalizacijo politi\u010dnih odlo\u010ditev","datePublished":"2018-01-09T11:47:00+00:00","dateModified":"2018-01-09T11:47:00+00:00","mainEntityOfPage":{"@id":"https:\/\/hudo.com\/si\/aktualno\/v-ustavni-obtozbi-cerar-vidi-kriminalizacijo-politicnih-odlocitev\/"},"wordCount":163,"publisher":{"@id":"https:\/\/hudo.com\/si\/#organization"},"articleSection":["Aktualno"],"inLanguage":"sl-SI"},{"@type":"WebPage","@id":"https:\/\/hudo.com\/si\/aktualno\/v-ustavni-obtozbi-cerar-vidi-kriminalizacijo-politicnih-odlocitev\/","url":"https:\/\/hudo.com\/si\/aktualno\/v-ustavni-obtozbi-cerar-vidi-kriminalizacijo-politicnih-odlocitev\/","name":"V ustavni obto\u017ebi Cerar vidi kriminalizacijo politi\u010dnih odlo\u010ditev - Hudo Slovenija","isPartOf":{"@id":"https:\/\/hudo.com\/si\/#website"},"datePublished":"2018-01-09T11:47:00+00:00","dateModified":"2018-01-09T11:47:00+00:00","breadcrumb":{"@id":"https:\/\/hudo.com\/si\/aktualno\/v-ustavni-obtozbi-cerar-vidi-kriminalizacijo-politicnih-odlocitev\/#breadcrumb"},"inLanguage":"sl-SI","potentialAction":[{"@type":"ReadAction","target":["https:\/\/hudo.com\/si\/aktualno\/v-ustavni-obtozbi-cerar-vidi-kriminalizacijo-politicnih-odlocitev\/"]}]},{"@type":"BreadcrumbList","@id":"https:\/\/hudo.com\/si\/aktualno\/v-ustavni-obtozbi-cerar-vidi-kriminalizacijo-politicnih-odlocitev\/#breadcrumb","itemListElement":[{"@type":"ListItem","position":1,"name":"Home","item":"https:\/\/hudo.com\/si\/"},{"@type":"ListItem","position":2,"name":"V ustavni obto\u017ebi Cerar vidi kriminalizacijo politi\u010dnih odlo\u010ditev"}]},{"@type":"WebSite","@id":"https:\/\/hudo.com\/si\/#website","url":"https:\/\/hudo.com\/si\/","name":"Hudo Slovenija","description":"Vse novice iz Slovenije in sveta","publisher":{"@id":"https:\/\/hudo.com\/si\/#organization"},"potentialAction":[{"@type":"SearchAction","target":{"@type":"EntryPoint","urlTemplate":"https:\/\/hudo.com\/si\/?s={search_term_string}"},"query-input":"required name=search_term_string"}],"inLanguage":"sl-SI"},{"@type":"Organization","@id":"https:\/\/hudo.com\/si\/#organization","name":"VSN Media","url":"https:\/\/hudo.com\/si\/","logo":{"@type":"ImageObject","inLanguage":"sl-SI","@id":"https:\/\/hudo.com\/si\/#\/schema\/logo\/image\/","url":"https:\/\/hudo.com\/si\/wp-content\/uploads\/sites\/2\/2021\/03\/hudo-app-2.png","contentUrl":"https:\/\/hudo.com\/si\/wp-content\/uploads\/sites\/2\/2021\/03\/hudo-app-2.png","width":2185,"height":2167,"caption":"VSN Media"},"image":{"@id":"https:\/\/hudo.com\/si\/#\/schema\/logo\/image\/"},"sameAs":["https:\/\/www.facebook.com\/hudo.si","https:\/\/twitter.com\/hudo_si"]},{"@type":"Person","@id":"https:\/\/hudo.com\/si\/#\/schema\/person\/601cf3379633985b20f7e50f2bb47707","name":"hudo","image":{"@type":"ImageObject","inLanguage":"sl-SI","@id":"https:\/\/hudo.com\/si\/#\/schema\/person\/image\/","url":"https:\/\/secure.gravatar.com\/avatar\/c4ca25fa72cace7a696b52ff5db9e095?s=96&d=mm&r=g","contentUrl":"https:\/\/secure.gravatar.com\/avatar\/c4ca25fa72cace7a696b52ff5db9e095?s=96&d=mm&r=g","caption":"hudo"},"url":"https:\/\/hudo.com\/si\/author\/hudo\/"}]}},"amp_enabled":true,"_links":{"self":[{"href":"https:\/\/hudo.com\/si\/wp-json\/wp\/v2\/posts\/343829"}],"collection":[{"href":"https:\/\/hudo.com\/si\/wp-json\/wp\/v2\/posts"}],"about":[{"href":"https:\/\/hudo.com\/si\/wp-json\/wp\/v2\/types\/post"}],"author":[{"embeddable":true,"href":"https:\/\/hudo.com\/si\/wp-json\/wp\/v2\/users\/1"}],"replies":[{"embeddable":true,"href":"https:\/\/hudo.com\/si\/wp-json\/wp\/v2\/comments?post=343829"}],"version-history":[{"count":0,"href":"https:\/\/hudo.com\/si\/wp-json\/wp\/v2\/posts\/343829\/revisions"}],"wp:attachment":[{"href":"https:\/\/hudo.com\/si\/wp-json\/wp\/v2\/media?parent=343829"}],"wp:term":[{"taxonomy":"category","embeddable":true,"href":"https:\/\/hudo.com\/si\/wp-json\/wp\/v2\/categories?post=343829"},{"taxonomy":"post_tag","embeddable":true,"href":"https:\/\/hudo.com\/si\/wp-json\/wp\/v2\/tags?post=343829"},{"taxonomy":"source","embeddable":true,"href":"https:\/\/hudo.com\/si\/wp-json\/wp\/v2\/source?post=343829"},{"taxonomy":"supertag","embeddable":true,"href":"https:\/\/hudo.com\/si\/wp-json\/wp\/v2\/supertag?post=343829"}],"curies":[{"name":"wp","href":"https:\/\/api.w.org\/{rel}","templated":true}]}}