{"id":343873,"date":"2018-01-09T12:57:00","date_gmt":"2018-01-09T11:57:00","guid":{"rendered":"http:\/\/hudo.com\/si\/2018\/01\/09\/blagovna-znamka-peko-tudi-v-cetrto-brez-lastnika\/"},"modified":"2018-01-09T12:57:00","modified_gmt":"2018-01-09T11:57:00","slug":"blagovna-znamka-peko-tudi-v-cetrto-brez-lastnika","status":"publish","type":"post","link":"https:\/\/hudo.com\/si\/aktualno\/blagovna-znamka-peko-tudi-v-cetrto-brez-lastnika\/","title":{"rendered":"Blagovna znamka Peko tudi v \u010detrto brez lastnika"},"content":{"rendered":"<p>Kategorija: Podjetja Tue, 09 Jan 2018 13:57:00 +0100  Celje \u2212 Tudi \u010detrti poskus prodaje blagovne znamke Peko je bil neuspe\u0161en. Na dana\u0161nji dra\u017ebi, ki je potekala na na\u010din zni\u017eevanja izklicne cene, postavljene pri 220.000 evrih, sta sodelovala dva dra\u017eitelja, vodila pa jo je ste\u010dajna upraviteljica Peka Tadeja Tam\u0161e. Naslednja dra\u017eba, ki bo prav tako vodena na na\u010din zni\u017eevanja cene, bo 20. februarja. \u00bbZni\u017eevali smo do zneska 100.000 evrov, vendar nobeden od dra\u017eiteljev ni ponudil te cene. Tako da sem se pri 100.000 evrih ustavila,\u00ab je za STA povedala Tam\u0161etova, ki je javno dra\u017ebo izvedla v prostorih svoje pisarne v Celju. Od dosedanjih \u0161tirih dra\u017eb blagovne znamke Peko je bila tokratna \u017ee druga, na kateri so poskusili s prodajo z zni\u017eevanjem izklicne cene. Peko hkrati z blagovno znamko prodaja tudi kopita, sekalne no\u017ee in orodja, pri \u010demer je glede kopit\u00a0&#8230;<\/p>\n","protected":false},"excerpt":{"rendered":"<p>Kategorija: Podjetja Tue, 09 Jan 2018 13:57:00 +0100  Celje \u2212 Tudi \u010detrti poskus prodaje blagovne znamke Peko je bil neuspe\u0161en. Na dana\u0161nji dra\u017ebi, ki je potekala na na\u010din zni\u017eevanja izklicne cene, postavljene pri 220.000 evrih, sta sodelovala dva dra\u017eitelja, vodila pa jo je ste\u010dajna upraviteljica Peka Tadeja Tam\u0161e. Naslednja dra\u017eba, ki bo prav tako vodena na na\u010din zni\u017eevanja cene, bo 20. februarja. \u00bbZni\u017eevali smo do zneska 100.000 evrov, vendar nobeden od dra\u017eiteljev ni ponudil te cene. Tako da sem se pri 100.000 evrih ustavila,\u00ab je za STA povedala Tam\u0161etova, ki je javno dra\u017ebo izvedla v prostorih svoje pisarne v Celju. Od dosedanjih \u0161tirih dra\u017eb blagovne znamke Peko je bila tokratna \u017ee druga, na kateri so poskusili s prodajo z zni\u017eevanjem izklicne cene. Peko hkrati z blagovno znamko prodaja tudi kopita, sekalne no\u017ee in orodja, pri \u010demer je glede kopit\u00a0&#8230;<\/p>\n","protected":false},"author":1,"featured_media":0,"comment_status":"closed","ping_status":"closed","sticky":false,"template":"","format":"standard","meta":{"footnotes":""},"categories":[1179],"tags":[],"source":[1703],"supertag":[],"acf":[],"yoast_head":"<!-- This site is optimized with the Yoast SEO plugin v21.3 - https:\/\/yoast.com\/wordpress\/plugins\/seo\/ -->\n<title>Blagovna znamka Peko tudi v \u010detrto brez lastnika - Hudo Slovenija<\/title>\n<meta name=\"robots\" content=\"index, follow, max-snippet:-1, max-image-preview:large, max-video-preview:-1\" \/>\n<link rel=\"canonical\" href=\"https:\/\/hudo.com\/si\/aktualno\/blagovna-znamka-peko-tudi-v-cetrto-brez-lastnika\/\" \/>\n<meta property=\"og:locale\" content=\"sl_SI\" \/>\n<meta property=\"og:type\" content=\"article\" \/>\n<meta property=\"og:title\" content=\"Blagovna znamka Peko tudi v \u010detrto brez lastnika - Hudo Slovenija\" \/>\n<meta property=\"og:description\" content=\"Kategorija: Podjetja Tue, 09 Jan 2018 13:57:00 +0100 Celje \u2212 Tudi \u010detrti poskus prodaje blagovne znamke Peko je bil neuspe\u0161en. Na dana\u0161nji dra\u017ebi, ki je potekala na na\u010din zni\u017eevanja izklicne cene, postavljene pri 220.000 evrih, sta sodelovala dva dra\u017eitelja, vodila pa jo je ste\u010dajna upraviteljica Peka Tadeja Tam\u0161e. Naslednja dra\u017eba, ki bo prav tako vodena na na\u010din zni\u017eevanja cene, bo 20. februarja. \u00bbZni\u017eevali smo do zneska 100.000 evrov, vendar nobeden od dra\u017eiteljev ni ponudil te cene. Tako da sem se pri 100.000 evrih ustavila,\u00ab je za STA povedala Tam\u0161etova, ki je javno dra\u017ebo izvedla v prostorih svoje pisarne v Celju. Od dosedanjih \u0161tirih dra\u017eb blagovne znamke Peko je bila tokratna \u017ee druga, na kateri so poskusili s prodajo z zni\u017eevanjem izklicne cene. Peko hkrati z blagovno znamko prodaja tudi kopita, sekalne no\u017ee in orodja, pri \u010demer je glede kopit\u00a0...\" \/>\n<meta property=\"og:url\" content=\"https:\/\/hudo.com\/si\/aktualno\/blagovna-znamka-peko-tudi-v-cetrto-brez-lastnika\/\" \/>\n<meta property=\"og:site_name\" content=\"Hudo Slovenija\" \/>\n<meta property=\"article:publisher\" content=\"https:\/\/www.facebook.com\/hudo.si\" \/>\n<meta property=\"article:published_time\" content=\"2018-01-09T11:57:00+00:00\" \/>\n<meta property=\"og:image\" content=\"https:\/\/hudo.com\/si\/wp-content\/uploads\/sites\/2\/2018\/01\/480x290_Delo_Foto-20130620184113-72570900.jpeg\" \/>\n\t<meta property=\"og:image:width\" content=\"480\" \/>\n\t<meta property=\"og:image:height\" content=\"290\" \/>\n\t<meta property=\"og:image:type\" content=\"image\/jpeg\" \/>\n<meta name=\"author\" content=\"hudo\" \/>\n<meta name=\"twitter:card\" content=\"summary_large_image\" \/>\n<meta name=\"twitter:creator\" content=\"@hudo_si\" \/>\n<meta name=\"twitter:site\" content=\"@hudo_si\" \/>\n<meta name=\"twitter:label1\" content=\"Written by\" \/>\n\t<meta name=\"twitter:data1\" content=\"hudo\" \/>\n\t<meta name=\"twitter:label2\" content=\"Est. reading time\" \/>\n\t<meta name=\"twitter:data2\" content=\"1 minuta\" \/>\n<script type=\"application\/ld+json\" class=\"yoast-schema-graph\">{\"@context\":\"https:\/\/schema.org\",\"@graph\":[{\"@type\":\"Article\",\"@id\":\"https:\/\/hudo.com\/si\/aktualno\/blagovna-znamka-peko-tudi-v-cetrto-brez-lastnika\/#article\",\"isPartOf\":{\"@id\":\"https:\/\/hudo.com\/si\/aktualno\/blagovna-znamka-peko-tudi-v-cetrto-brez-lastnika\/\"},\"author\":{\"name\":\"hudo\",\"@id\":\"https:\/\/hudo.com\/si\/#\/schema\/person\/601cf3379633985b20f7e50f2bb47707\"},\"headline\":\"Blagovna znamka Peko tudi v \u010detrto brez lastnika\",\"datePublished\":\"2018-01-09T11:57:00+00:00\",\"dateModified\":\"2018-01-09T11:57:00+00:00\",\"mainEntityOfPage\":{\"@id\":\"https:\/\/hudo.com\/si\/aktualno\/blagovna-znamka-peko-tudi-v-cetrto-brez-lastnika\/\"},\"wordCount\":156,\"publisher\":{\"@id\":\"https:\/\/hudo.com\/si\/#organization\"},\"articleSection\":[\"Aktualno\"],\"inLanguage\":\"sl-SI\"},{\"@type\":\"WebPage\",\"@id\":\"https:\/\/hudo.com\/si\/aktualno\/blagovna-znamka-peko-tudi-v-cetrto-brez-lastnika\/\",\"url\":\"https:\/\/hudo.com\/si\/aktualno\/blagovna-znamka-peko-tudi-v-cetrto-brez-lastnika\/\",\"name\":\"Blagovna znamka Peko tudi v \u010detrto brez lastnika - Hudo Slovenija\",\"isPartOf\":{\"@id\":\"https:\/\/hudo.com\/si\/#website\"},\"datePublished\":\"2018-01-09T11:57:00+00:00\",\"dateModified\":\"2018-01-09T11:57:00+00:00\",\"breadcrumb\":{\"@id\":\"https:\/\/hudo.com\/si\/aktualno\/blagovna-znamka-peko-tudi-v-cetrto-brez-lastnika\/#breadcrumb\"},\"inLanguage\":\"sl-SI\",\"potentialAction\":[{\"@type\":\"ReadAction\",\"target\":[\"https:\/\/hudo.com\/si\/aktualno\/blagovna-znamka-peko-tudi-v-cetrto-brez-lastnika\/\"]}]},{\"@type\":\"BreadcrumbList\",\"@id\":\"https:\/\/hudo.com\/si\/aktualno\/blagovna-znamka-peko-tudi-v-cetrto-brez-lastnika\/#breadcrumb\",\"itemListElement\":[{\"@type\":\"ListItem\",\"position\":1,\"name\":\"Home\",\"item\":\"https:\/\/hudo.com\/si\/\"},{\"@type\":\"ListItem\",\"position\":2,\"name\":\"Blagovna znamka Peko tudi v \u010detrto brez lastnika\"}]},{\"@type\":\"WebSite\",\"@id\":\"https:\/\/hudo.com\/si\/#website\",\"url\":\"https:\/\/hudo.com\/si\/\",\"name\":\"Hudo Slovenija\",\"description\":\"Vse novice iz Slovenije in sveta\",\"publisher\":{\"@id\":\"https:\/\/hudo.com\/si\/#organization\"},\"potentialAction\":[{\"@type\":\"SearchAction\",\"target\":{\"@type\":\"EntryPoint\",\"urlTemplate\":\"https:\/\/hudo.com\/si\/?s={search_term_string}\"},\"query-input\":\"required name=search_term_string\"}],\"inLanguage\":\"sl-SI\"},{\"@type\":\"Organization\",\"@id\":\"https:\/\/hudo.com\/si\/#organization\",\"name\":\"VSN Media\",\"url\":\"https:\/\/hudo.com\/si\/\",\"logo\":{\"@type\":\"ImageObject\",\"inLanguage\":\"sl-SI\",\"@id\":\"https:\/\/hudo.com\/si\/#\/schema\/logo\/image\/\",\"url\":\"https:\/\/hudo.com\/si\/wp-content\/uploads\/sites\/2\/2021\/03\/hudo-app-2.png\",\"contentUrl\":\"https:\/\/hudo.com\/si\/wp-content\/uploads\/sites\/2\/2021\/03\/hudo-app-2.png\",\"width\":2185,\"height\":2167,\"caption\":\"VSN Media\"},\"image\":{\"@id\":\"https:\/\/hudo.com\/si\/#\/schema\/logo\/image\/\"},\"sameAs\":[\"https:\/\/www.facebook.com\/hudo.si\",\"https:\/\/twitter.com\/hudo_si\"]},{\"@type\":\"Person\",\"@id\":\"https:\/\/hudo.com\/si\/#\/schema\/person\/601cf3379633985b20f7e50f2bb47707\",\"name\":\"hudo\",\"image\":{\"@type\":\"ImageObject\",\"inLanguage\":\"sl-SI\",\"@id\":\"https:\/\/hudo.com\/si\/#\/schema\/person\/image\/\",\"url\":\"https:\/\/secure.gravatar.com\/avatar\/c4ca25fa72cace7a696b52ff5db9e095?s=96&d=mm&r=g\",\"contentUrl\":\"https:\/\/secure.gravatar.com\/avatar\/c4ca25fa72cace7a696b52ff5db9e095?s=96&d=mm&r=g\",\"caption\":\"hudo\"},\"url\":\"https:\/\/hudo.com\/si\/author\/hudo\/\"}]}<\/script>\n<!-- \/ Yoast SEO plugin. -->","yoast_head_json":{"title":"Blagovna znamka Peko tudi v \u010detrto brez lastnika - Hudo Slovenija","robots":{"index":"index","follow":"follow","max-snippet":"max-snippet:-1","max-image-preview":"max-image-preview:large","max-video-preview":"max-video-preview:-1"},"canonical":"https:\/\/hudo.com\/si\/aktualno\/blagovna-znamka-peko-tudi-v-cetrto-brez-lastnika\/","og_locale":"sl_SI","og_type":"article","og_title":"Blagovna znamka Peko tudi v \u010detrto brez lastnika - Hudo Slovenija","og_description":"Kategorija: Podjetja Tue, 09 Jan 2018 13:57:00 +0100 Celje \u2212 Tudi \u010detrti poskus prodaje blagovne znamke Peko je bil neuspe\u0161en. Na dana\u0161nji dra\u017ebi, ki je potekala na na\u010din zni\u017eevanja izklicne cene, postavljene pri 220.000 evrih, sta sodelovala dva dra\u017eitelja, vodila pa jo je ste\u010dajna upraviteljica Peka Tadeja Tam\u0161e. Naslednja dra\u017eba, ki bo prav tako vodena na na\u010din zni\u017eevanja cene, bo 20. februarja. \u00bbZni\u017eevali smo do zneska 100.000 evrov, vendar nobeden od dra\u017eiteljev ni ponudil te cene. Tako da sem se pri 100.000 evrih ustavila,\u00ab je za STA povedala Tam\u0161etova, ki je javno dra\u017ebo izvedla v prostorih svoje pisarne v Celju. Od dosedanjih \u0161tirih dra\u017eb blagovne znamke Peko je bila tokratna \u017ee druga, na kateri so poskusili s prodajo z zni\u017eevanjem izklicne cene. Peko hkrati z blagovno znamko prodaja tudi kopita, sekalne no\u017ee in orodja, pri \u010demer je glede kopit\u00a0...","og_url":"https:\/\/hudo.com\/si\/aktualno\/blagovna-znamka-peko-tudi-v-cetrto-brez-lastnika\/","og_site_name":"Hudo Slovenija","article_publisher":"https:\/\/www.facebook.com\/hudo.si","article_published_time":"2018-01-09T11:57:00+00:00","og_image":[{"width":480,"height":290,"url":"https:\/\/hudo.com\/si\/wp-content\/uploads\/sites\/2\/2018\/01\/480x290_Delo_Foto-20130620184113-72570900.jpeg","type":"image\/jpeg"}],"author":"hudo","twitter_card":"summary_large_image","twitter_creator":"@hudo_si","twitter_site":"@hudo_si","twitter_misc":{"Written by":"hudo","Est. reading time":"1 minuta"},"schema":{"@context":"https:\/\/schema.org","@graph":[{"@type":"Article","@id":"https:\/\/hudo.com\/si\/aktualno\/blagovna-znamka-peko-tudi-v-cetrto-brez-lastnika\/#article","isPartOf":{"@id":"https:\/\/hudo.com\/si\/aktualno\/blagovna-znamka-peko-tudi-v-cetrto-brez-lastnika\/"},"author":{"name":"hudo","@id":"https:\/\/hudo.com\/si\/#\/schema\/person\/601cf3379633985b20f7e50f2bb47707"},"headline":"Blagovna znamka Peko tudi v \u010detrto brez lastnika","datePublished":"2018-01-09T11:57:00+00:00","dateModified":"2018-01-09T11:57:00+00:00","mainEntityOfPage":{"@id":"https:\/\/hudo.com\/si\/aktualno\/blagovna-znamka-peko-tudi-v-cetrto-brez-lastnika\/"},"wordCount":156,"publisher":{"@id":"https:\/\/hudo.com\/si\/#organization"},"articleSection":["Aktualno"],"inLanguage":"sl-SI"},{"@type":"WebPage","@id":"https:\/\/hudo.com\/si\/aktualno\/blagovna-znamka-peko-tudi-v-cetrto-brez-lastnika\/","url":"https:\/\/hudo.com\/si\/aktualno\/blagovna-znamka-peko-tudi-v-cetrto-brez-lastnika\/","name":"Blagovna znamka Peko tudi v \u010detrto brez lastnika - Hudo Slovenija","isPartOf":{"@id":"https:\/\/hudo.com\/si\/#website"},"datePublished":"2018-01-09T11:57:00+00:00","dateModified":"2018-01-09T11:57:00+00:00","breadcrumb":{"@id":"https:\/\/hudo.com\/si\/aktualno\/blagovna-znamka-peko-tudi-v-cetrto-brez-lastnika\/#breadcrumb"},"inLanguage":"sl-SI","potentialAction":[{"@type":"ReadAction","target":["https:\/\/hudo.com\/si\/aktualno\/blagovna-znamka-peko-tudi-v-cetrto-brez-lastnika\/"]}]},{"@type":"BreadcrumbList","@id":"https:\/\/hudo.com\/si\/aktualno\/blagovna-znamka-peko-tudi-v-cetrto-brez-lastnika\/#breadcrumb","itemListElement":[{"@type":"ListItem","position":1,"name":"Home","item":"https:\/\/hudo.com\/si\/"},{"@type":"ListItem","position":2,"name":"Blagovna znamka Peko tudi v \u010detrto brez lastnika"}]},{"@type":"WebSite","@id":"https:\/\/hudo.com\/si\/#website","url":"https:\/\/hudo.com\/si\/","name":"Hudo Slovenija","description":"Vse novice iz Slovenije in sveta","publisher":{"@id":"https:\/\/hudo.com\/si\/#organization"},"potentialAction":[{"@type":"SearchAction","target":{"@type":"EntryPoint","urlTemplate":"https:\/\/hudo.com\/si\/?s={search_term_string}"},"query-input":"required name=search_term_string"}],"inLanguage":"sl-SI"},{"@type":"Organization","@id":"https:\/\/hudo.com\/si\/#organization","name":"VSN Media","url":"https:\/\/hudo.com\/si\/","logo":{"@type":"ImageObject","inLanguage":"sl-SI","@id":"https:\/\/hudo.com\/si\/#\/schema\/logo\/image\/","url":"https:\/\/hudo.com\/si\/wp-content\/uploads\/sites\/2\/2021\/03\/hudo-app-2.png","contentUrl":"https:\/\/hudo.com\/si\/wp-content\/uploads\/sites\/2\/2021\/03\/hudo-app-2.png","width":2185,"height":2167,"caption":"VSN Media"},"image":{"@id":"https:\/\/hudo.com\/si\/#\/schema\/logo\/image\/"},"sameAs":["https:\/\/www.facebook.com\/hudo.si","https:\/\/twitter.com\/hudo_si"]},{"@type":"Person","@id":"https:\/\/hudo.com\/si\/#\/schema\/person\/601cf3379633985b20f7e50f2bb47707","name":"hudo","image":{"@type":"ImageObject","inLanguage":"sl-SI","@id":"https:\/\/hudo.com\/si\/#\/schema\/person\/image\/","url":"https:\/\/secure.gravatar.com\/avatar\/c4ca25fa72cace7a696b52ff5db9e095?s=96&d=mm&r=g","contentUrl":"https:\/\/secure.gravatar.com\/avatar\/c4ca25fa72cace7a696b52ff5db9e095?s=96&d=mm&r=g","caption":"hudo"},"url":"https:\/\/hudo.com\/si\/author\/hudo\/"}]}},"amp_enabled":true,"_links":{"self":[{"href":"https:\/\/hudo.com\/si\/wp-json\/wp\/v2\/posts\/343873"}],"collection":[{"href":"https:\/\/hudo.com\/si\/wp-json\/wp\/v2\/posts"}],"about":[{"href":"https:\/\/hudo.com\/si\/wp-json\/wp\/v2\/types\/post"}],"author":[{"embeddable":true,"href":"https:\/\/hudo.com\/si\/wp-json\/wp\/v2\/users\/1"}],"replies":[{"embeddable":true,"href":"https:\/\/hudo.com\/si\/wp-json\/wp\/v2\/comments?post=343873"}],"version-history":[{"count":0,"href":"https:\/\/hudo.com\/si\/wp-json\/wp\/v2\/posts\/343873\/revisions"}],"wp:attachment":[{"href":"https:\/\/hudo.com\/si\/wp-json\/wp\/v2\/media?parent=343873"}],"wp:term":[{"taxonomy":"category","embeddable":true,"href":"https:\/\/hudo.com\/si\/wp-json\/wp\/v2\/categories?post=343873"},{"taxonomy":"post_tag","embeddable":true,"href":"https:\/\/hudo.com\/si\/wp-json\/wp\/v2\/tags?post=343873"},{"taxonomy":"source","embeddable":true,"href":"https:\/\/hudo.com\/si\/wp-json\/wp\/v2\/source?post=343873"},{"taxonomy":"supertag","embeddable":true,"href":"https:\/\/hudo.com\/si\/wp-json\/wp\/v2\/supertag?post=343873"}],"curies":[{"name":"wp","href":"https:\/\/api.w.org\/{rel}","templated":true}]}}