{"id":344240,"date":"2018-01-10T07:57:09","date_gmt":"2018-01-10T06:57:09","guid":{"rendered":"http:\/\/hudo.com\/si\/?p=344240"},"modified":"2018-01-10T07:57:09","modified_gmt":"2018-01-10T06:57:09","slug":"erdogan-grabar-kitaroviceva-napovedala-tristransko-srecanje-z-bih","status":"publish","type":"post","link":"https:\/\/hudo.com\/si\/aktualno\/erdogan-grabar-kitaroviceva-napovedala-tristransko-srecanje-z-bih\/","title":{"rendered":"Erdogan in Grabar-Kitarovi\u0107eva napovedala tristransko sre\u010danje z BiH"},"content":{"rendered":"<p>Grabar-Kitarovi\u0107eva je med torkovim delovnim obiskom pri Erdoganu izpostavila potrebo po nadaljnjem posredovanju Hrva\u0161ke in Tur\u010dije pri krepitvi reformnih procesov, ki bi BiH pribli\u017eali evroatlantskim povezavam. Poudarila je pomen enakopravnosti vseh treh konstitutivnih narodov v BiH in nujnost nadaljnjega izvajanja ustavne reforme.<\/p>\n<p>Erdogan je na skupni novinarski konferenci potrdil namen in prizadevanja Tur\u010dije za pomo\u010d BiH, a je dejal, da tej dr\u017eavi ne \u017eelijo postavljati smernic. Izpostavil je, da je obstoje\u010da struktura oblasti v BiH dolo\u010dena z daytonskim sporazumom in je to njena notranja zadeva.<\/p>\n<p>&#8220;Tristranski svetovalni mehanizem bomo spro\u017eili na sre\u010danju na\u0161ih zunanjih ministrov, potem pa bo sledilo sre\u010danje voditeljev treh dr\u017eav, na katerem bomo videli, katere korake lahko spro\u017eimo,&#8221; je Erdoganovo izjavo povzela hrva\u0161ka tiskovna agencija Hina. Kot je dodal tur\u0161ki predsednik, sta Hrva\u0161ka in Tur\u010dija samo posrednici v BiH.<\/p>\n<p>Do sre\u010danja zunanjih ministrov BiH, Hrva\u0161ke in Tur\u010dije naj bi pri\u0161lo do konca meseca, februarja pa tudi do sestanka na najvi\u0161ji ravni.<\/p>\n<p>Grabar-Kitarovi\u0107eva in Erdogan sta se pogovarjala tudi o krepitvi hrva\u0161ko-tur\u0161kih gospodarskih odnosov in spodbujanju investicij kot tudi o migrantski krizi in odnosih med Tur\u010dijo in Evropsko unijo.<\/p>\n","protected":false},"excerpt":{"rendered":"<p>Tur\u0161ki predsednik Recep Tayyip Erdogan in njegova hrva\u0161ka kolegica Kolinda Grabar-Kitarovi\u0107 sta se v torek v Ankari pogovarjala o pomo\u010di Bosni in Hercegovini pri zagonu reform, ki bodo pribli\u017eali BiH Evropski uniji. Za prihodnji mesec sta napovedala tristransko sre\u010danje na najvi\u0161ji ravni.<\/p>\n","protected":false},"author":8,"featured_media":344241,"comment_status":"closed","ping_status":"closed","sticky":false,"template":"","format":"standard","meta":{"footnotes":""},"categories":[1179],"tags":[5386,1810,2214,8878,1887],"source":[4511],"supertag":[6103],"acf":[],"yoast_head":"<!-- This site is optimized with the Yoast SEO plugin v21.3 - https:\/\/yoast.com\/wordpress\/plugins\/seo\/ -->\n<title>Erdogan in Grabar-Kitarovi\u0107eva napovedala tristransko sre\u010danje z BiH - Hudo Slovenija<\/title>\n<meta name=\"robots\" content=\"index, follow, max-snippet:-1, max-image-preview:large, max-video-preview:-1\" \/>\n<link rel=\"canonical\" href=\"https:\/\/hudo.com\/si\/aktualno\/erdogan-grabar-kitaroviceva-napovedala-tristransko-srecanje-z-bih\/\" \/>\n<meta property=\"og:locale\" content=\"sl_SI\" \/>\n<meta property=\"og:type\" content=\"article\" \/>\n<meta property=\"og:title\" content=\"Erdogan in Grabar-Kitarovi\u0107eva napovedala tristransko sre\u010danje z BiH - Hudo Slovenija\" \/>\n<meta property=\"og:description\" content=\"Tur\u0161ki predsednik Recep Tayyip Erdogan in njegova hrva\u0161ka kolegica Kolinda Grabar-Kitarovi\u0107 sta se v torek v Ankari pogovarjala o pomo\u010di Bosni in Hercegovini pri zagonu reform, ki bodo pribli\u017eali BiH Evropski uniji. Za prihodnji mesec sta napovedala tristransko sre\u010danje na najvi\u0161ji ravni.\" \/>\n<meta property=\"og:url\" content=\"https:\/\/hudo.com\/si\/aktualno\/erdogan-grabar-kitaroviceva-napovedala-tristransko-srecanje-z-bih\/\" \/>\n<meta property=\"og:site_name\" content=\"Hudo Slovenija\" \/>\n<meta property=\"article:publisher\" content=\"https:\/\/www.facebook.com\/hudo.si\" \/>\n<meta property=\"article:published_time\" content=\"2018-01-10T06:57:09+00:00\" \/>\n<meta property=\"og:image\" content=\"https:\/\/hudo.com\/si\/wp-content\/uploads\/sites\/2\/2018\/01\/profimedia-0359690260.jpg\" \/>\n\t<meta property=\"og:image:width\" content=\"1250\" \/>\n\t<meta property=\"og:image:height\" content=\"820\" \/>\n\t<meta property=\"og:image:type\" content=\"image\/jpeg\" \/>\n<meta name=\"author\" content=\"M. N., STA\" \/>\n<meta name=\"twitter:card\" content=\"summary_large_image\" \/>\n<meta name=\"twitter:creator\" content=\"@hudo_si\" \/>\n<meta name=\"twitter:site\" content=\"@hudo_si\" \/>\n<meta name=\"twitter:label1\" content=\"Written by\" \/>\n\t<meta name=\"twitter:data1\" content=\"M. N., STA\" \/>\n\t<meta name=\"twitter:label2\" content=\"Est. reading time\" \/>\n\t<meta name=\"twitter:data2\" content=\"1 minuta\" \/>\n<script type=\"application\/ld+json\" class=\"yoast-schema-graph\">{\"@context\":\"https:\/\/schema.org\",\"@graph\":[{\"@type\":\"Article\",\"@id\":\"https:\/\/hudo.com\/si\/aktualno\/erdogan-grabar-kitaroviceva-napovedala-tristransko-srecanje-z-bih\/#article\",\"isPartOf\":{\"@id\":\"https:\/\/hudo.com\/si\/aktualno\/erdogan-grabar-kitaroviceva-napovedala-tristransko-srecanje-z-bih\/\"},\"author\":{\"name\":\"M. N., STA\",\"@id\":\"https:\/\/hudo.com\/si\/#\/schema\/person\/c2f10ce65d2e6ede2aeda5be2a0611fa\"},\"headline\":\"Erdogan in Grabar-Kitarovi\u0107eva napovedala tristransko sre\u010danje z BiH\",\"datePublished\":\"2018-01-10T06:57:09+00:00\",\"dateModified\":\"2018-01-10T06:57:09+00:00\",\"mainEntityOfPage\":{\"@id\":\"https:\/\/hudo.com\/si\/aktualno\/erdogan-grabar-kitaroviceva-napovedala-tristransko-srecanje-z-bih\/\"},\"wordCount\":218,\"publisher\":{\"@id\":\"https:\/\/hudo.com\/si\/#organization\"},\"keywords\":[\"BIH\",\"hrva\u0161ka\",\"Kolinda Grabar Kitarovi\u0107\",\"Recep Tayyip Erdogan\",\"tur\u010dija\"],\"articleSection\":[\"Aktualno\"],\"inLanguage\":\"sl-SI\"},{\"@type\":\"WebPage\",\"@id\":\"https:\/\/hudo.com\/si\/aktualno\/erdogan-grabar-kitaroviceva-napovedala-tristransko-srecanje-z-bih\/\",\"url\":\"https:\/\/hudo.com\/si\/aktualno\/erdogan-grabar-kitaroviceva-napovedala-tristransko-srecanje-z-bih\/\",\"name\":\"Erdogan in Grabar-Kitarovi\u0107eva napovedala tristransko sre\u010danje z BiH - Hudo Slovenija\",\"isPartOf\":{\"@id\":\"https:\/\/hudo.com\/si\/#website\"},\"datePublished\":\"2018-01-10T06:57:09+00:00\",\"dateModified\":\"2018-01-10T06:57:09+00:00\",\"breadcrumb\":{\"@id\":\"https:\/\/hudo.com\/si\/aktualno\/erdogan-grabar-kitaroviceva-napovedala-tristransko-srecanje-z-bih\/#breadcrumb\"},\"inLanguage\":\"sl-SI\",\"potentialAction\":[{\"@type\":\"ReadAction\",\"target\":[\"https:\/\/hudo.com\/si\/aktualno\/erdogan-grabar-kitaroviceva-napovedala-tristransko-srecanje-z-bih\/\"]}]},{\"@type\":\"BreadcrumbList\",\"@id\":\"https:\/\/hudo.com\/si\/aktualno\/erdogan-grabar-kitaroviceva-napovedala-tristransko-srecanje-z-bih\/#breadcrumb\",\"itemListElement\":[{\"@type\":\"ListItem\",\"position\":1,\"name\":\"Home\",\"item\":\"https:\/\/hudo.com\/si\/\"},{\"@type\":\"ListItem\",\"position\":2,\"name\":\"Erdogan in Grabar-Kitarovi\u0107eva napovedala tristransko sre\u010danje z BiH\"}]},{\"@type\":\"WebSite\",\"@id\":\"https:\/\/hudo.com\/si\/#website\",\"url\":\"https:\/\/hudo.com\/si\/\",\"name\":\"Hudo Slovenija\",\"description\":\"Vse novice iz Slovenije in sveta\",\"publisher\":{\"@id\":\"https:\/\/hudo.com\/si\/#organization\"},\"potentialAction\":[{\"@type\":\"SearchAction\",\"target\":{\"@type\":\"EntryPoint\",\"urlTemplate\":\"https:\/\/hudo.com\/si\/?s={search_term_string}\"},\"query-input\":\"required name=search_term_string\"}],\"inLanguage\":\"sl-SI\"},{\"@type\":\"Organization\",\"@id\":\"https:\/\/hudo.com\/si\/#organization\",\"name\":\"VSN Media\",\"url\":\"https:\/\/hudo.com\/si\/\",\"logo\":{\"@type\":\"ImageObject\",\"inLanguage\":\"sl-SI\",\"@id\":\"https:\/\/hudo.com\/si\/#\/schema\/logo\/image\/\",\"url\":\"https:\/\/hudo.com\/si\/wp-content\/uploads\/sites\/2\/2021\/03\/hudo-app-2.png\",\"contentUrl\":\"https:\/\/hudo.com\/si\/wp-content\/uploads\/sites\/2\/2021\/03\/hudo-app-2.png\",\"width\":2185,\"height\":2167,\"caption\":\"VSN Media\"},\"image\":{\"@id\":\"https:\/\/hudo.com\/si\/#\/schema\/logo\/image\/\"},\"sameAs\":[\"https:\/\/www.facebook.com\/hudo.si\",\"https:\/\/twitter.com\/hudo_si\"]},{\"@type\":\"Person\",\"@id\":\"https:\/\/hudo.com\/si\/#\/schema\/person\/c2f10ce65d2e6ede2aeda5be2a0611fa\",\"name\":\"M. N., STA\",\"image\":{\"@type\":\"ImageObject\",\"inLanguage\":\"sl-SI\",\"@id\":\"https:\/\/hudo.com\/si\/#\/schema\/person\/image\/\",\"url\":\"https:\/\/secure.gravatar.com\/avatar\/f370d38daa10467f755c5c766a4cac20?s=96&d=mm&r=g\",\"contentUrl\":\"https:\/\/secure.gravatar.com\/avatar\/f370d38daa10467f755c5c766a4cac20?s=96&d=mm&r=g\",\"caption\":\"M. N., STA\"},\"url\":\"https:\/\/hudo.com\/si\/author\/mana\/\"}]}<\/script>\n<!-- \/ Yoast SEO plugin. -->","yoast_head_json":{"title":"Erdogan in Grabar-Kitarovi\u0107eva napovedala tristransko sre\u010danje z BiH - Hudo Slovenija","robots":{"index":"index","follow":"follow","max-snippet":"max-snippet:-1","max-image-preview":"max-image-preview:large","max-video-preview":"max-video-preview:-1"},"canonical":"https:\/\/hudo.com\/si\/aktualno\/erdogan-grabar-kitaroviceva-napovedala-tristransko-srecanje-z-bih\/","og_locale":"sl_SI","og_type":"article","og_title":"Erdogan in Grabar-Kitarovi\u0107eva napovedala tristransko sre\u010danje z BiH - Hudo Slovenija","og_description":"Tur\u0161ki predsednik Recep Tayyip Erdogan in njegova hrva\u0161ka kolegica Kolinda Grabar-Kitarovi\u0107 sta se v torek v Ankari pogovarjala o pomo\u010di Bosni in Hercegovini pri zagonu reform, ki bodo pribli\u017eali BiH Evropski uniji. Za prihodnji mesec sta napovedala tristransko sre\u010danje na najvi\u0161ji ravni.","og_url":"https:\/\/hudo.com\/si\/aktualno\/erdogan-grabar-kitaroviceva-napovedala-tristransko-srecanje-z-bih\/","og_site_name":"Hudo Slovenija","article_publisher":"https:\/\/www.facebook.com\/hudo.si","article_published_time":"2018-01-10T06:57:09+00:00","og_image":[{"width":1250,"height":820,"url":"https:\/\/hudo.com\/si\/wp-content\/uploads\/sites\/2\/2018\/01\/profimedia-0359690260.jpg","type":"image\/jpeg"}],"author":"M. N., STA","twitter_card":"summary_large_image","twitter_creator":"@hudo_si","twitter_site":"@hudo_si","twitter_misc":{"Written by":"M. N., STA","Est. reading time":"1 minuta"},"schema":{"@context":"https:\/\/schema.org","@graph":[{"@type":"Article","@id":"https:\/\/hudo.com\/si\/aktualno\/erdogan-grabar-kitaroviceva-napovedala-tristransko-srecanje-z-bih\/#article","isPartOf":{"@id":"https:\/\/hudo.com\/si\/aktualno\/erdogan-grabar-kitaroviceva-napovedala-tristransko-srecanje-z-bih\/"},"author":{"name":"M. N., STA","@id":"https:\/\/hudo.com\/si\/#\/schema\/person\/c2f10ce65d2e6ede2aeda5be2a0611fa"},"headline":"Erdogan in Grabar-Kitarovi\u0107eva napovedala tristransko sre\u010danje z BiH","datePublished":"2018-01-10T06:57:09+00:00","dateModified":"2018-01-10T06:57:09+00:00","mainEntityOfPage":{"@id":"https:\/\/hudo.com\/si\/aktualno\/erdogan-grabar-kitaroviceva-napovedala-tristransko-srecanje-z-bih\/"},"wordCount":218,"publisher":{"@id":"https:\/\/hudo.com\/si\/#organization"},"keywords":["BIH","hrva\u0161ka","Kolinda Grabar Kitarovi\u0107","Recep Tayyip Erdogan","tur\u010dija"],"articleSection":["Aktualno"],"inLanguage":"sl-SI"},{"@type":"WebPage","@id":"https:\/\/hudo.com\/si\/aktualno\/erdogan-grabar-kitaroviceva-napovedala-tristransko-srecanje-z-bih\/","url":"https:\/\/hudo.com\/si\/aktualno\/erdogan-grabar-kitaroviceva-napovedala-tristransko-srecanje-z-bih\/","name":"Erdogan in Grabar-Kitarovi\u0107eva napovedala tristransko sre\u010danje z BiH - Hudo Slovenija","isPartOf":{"@id":"https:\/\/hudo.com\/si\/#website"},"datePublished":"2018-01-10T06:57:09+00:00","dateModified":"2018-01-10T06:57:09+00:00","breadcrumb":{"@id":"https:\/\/hudo.com\/si\/aktualno\/erdogan-grabar-kitaroviceva-napovedala-tristransko-srecanje-z-bih\/#breadcrumb"},"inLanguage":"sl-SI","potentialAction":[{"@type":"ReadAction","target":["https:\/\/hudo.com\/si\/aktualno\/erdogan-grabar-kitaroviceva-napovedala-tristransko-srecanje-z-bih\/"]}]},{"@type":"BreadcrumbList","@id":"https:\/\/hudo.com\/si\/aktualno\/erdogan-grabar-kitaroviceva-napovedala-tristransko-srecanje-z-bih\/#breadcrumb","itemListElement":[{"@type":"ListItem","position":1,"name":"Home","item":"https:\/\/hudo.com\/si\/"},{"@type":"ListItem","position":2,"name":"Erdogan in Grabar-Kitarovi\u0107eva napovedala tristransko sre\u010danje z BiH"}]},{"@type":"WebSite","@id":"https:\/\/hudo.com\/si\/#website","url":"https:\/\/hudo.com\/si\/","name":"Hudo Slovenija","description":"Vse novice iz Slovenije in sveta","publisher":{"@id":"https:\/\/hudo.com\/si\/#organization"},"potentialAction":[{"@type":"SearchAction","target":{"@type":"EntryPoint","urlTemplate":"https:\/\/hudo.com\/si\/?s={search_term_string}"},"query-input":"required name=search_term_string"}],"inLanguage":"sl-SI"},{"@type":"Organization","@id":"https:\/\/hudo.com\/si\/#organization","name":"VSN Media","url":"https:\/\/hudo.com\/si\/","logo":{"@type":"ImageObject","inLanguage":"sl-SI","@id":"https:\/\/hudo.com\/si\/#\/schema\/logo\/image\/","url":"https:\/\/hudo.com\/si\/wp-content\/uploads\/sites\/2\/2021\/03\/hudo-app-2.png","contentUrl":"https:\/\/hudo.com\/si\/wp-content\/uploads\/sites\/2\/2021\/03\/hudo-app-2.png","width":2185,"height":2167,"caption":"VSN Media"},"image":{"@id":"https:\/\/hudo.com\/si\/#\/schema\/logo\/image\/"},"sameAs":["https:\/\/www.facebook.com\/hudo.si","https:\/\/twitter.com\/hudo_si"]},{"@type":"Person","@id":"https:\/\/hudo.com\/si\/#\/schema\/person\/c2f10ce65d2e6ede2aeda5be2a0611fa","name":"M. N., STA","image":{"@type":"ImageObject","inLanguage":"sl-SI","@id":"https:\/\/hudo.com\/si\/#\/schema\/person\/image\/","url":"https:\/\/secure.gravatar.com\/avatar\/f370d38daa10467f755c5c766a4cac20?s=96&d=mm&r=g","contentUrl":"https:\/\/secure.gravatar.com\/avatar\/f370d38daa10467f755c5c766a4cac20?s=96&d=mm&r=g","caption":"M. N., STA"},"url":"https:\/\/hudo.com\/si\/author\/mana\/"}]}},"amp_enabled":true,"_links":{"self":[{"href":"https:\/\/hudo.com\/si\/wp-json\/wp\/v2\/posts\/344240"}],"collection":[{"href":"https:\/\/hudo.com\/si\/wp-json\/wp\/v2\/posts"}],"about":[{"href":"https:\/\/hudo.com\/si\/wp-json\/wp\/v2\/types\/post"}],"author":[{"embeddable":true,"href":"https:\/\/hudo.com\/si\/wp-json\/wp\/v2\/users\/8"}],"replies":[{"embeddable":true,"href":"https:\/\/hudo.com\/si\/wp-json\/wp\/v2\/comments?post=344240"}],"version-history":[{"count":1,"href":"https:\/\/hudo.com\/si\/wp-json\/wp\/v2\/posts\/344240\/revisions"}],"predecessor-version":[{"id":344242,"href":"https:\/\/hudo.com\/si\/wp-json\/wp\/v2\/posts\/344240\/revisions\/344242"}],"wp:featuredmedia":[{"embeddable":true,"href":"https:\/\/hudo.com\/si\/wp-json\/wp\/v2\/media\/344241"}],"wp:attachment":[{"href":"https:\/\/hudo.com\/si\/wp-json\/wp\/v2\/media?parent=344240"}],"wp:term":[{"taxonomy":"category","embeddable":true,"href":"https:\/\/hudo.com\/si\/wp-json\/wp\/v2\/categories?post=344240"},{"taxonomy":"post_tag","embeddable":true,"href":"https:\/\/hudo.com\/si\/wp-json\/wp\/v2\/tags?post=344240"},{"taxonomy":"source","embeddable":true,"href":"https:\/\/hudo.com\/si\/wp-json\/wp\/v2\/source?post=344240"},{"taxonomy":"supertag","embeddable":true,"href":"https:\/\/hudo.com\/si\/wp-json\/wp\/v2\/supertag?post=344240"}],"curies":[{"name":"wp","href":"https:\/\/api.w.org\/{rel}","templated":true}]}}