{"id":344605,"date":"2018-01-10T11:59:00","date_gmt":"2018-01-10T10:59:00","guid":{"rendered":"http:\/\/hudo.com\/si\/2018\/01\/10\/maribor-zacel-priprave-na-misijo-prvaki-2018\/"},"modified":"2018-01-10T11:59:00","modified_gmt":"2018-01-10T10:59:00","slug":"maribor-zacel-priprave-na-misijo-prvaki-2018","status":"publish","type":"post","link":"https:\/\/hudo.com\/si\/aktualno\/maribor-zacel-priprave-na-misijo-prvaki-2018\/","title":{"rendered":"Maribor za\u010del priprave na misijo \u00bbprvaki 2018\u00ab"},"content":{"rendered":"<p>Kategorija: Nogomet Wed, 10 Jan 2018 12:59:00 +0100  Maribor &#8211; Mariborski nogometa\u0161i so se v torek zve\u010der tradicionalno zbrali na uradni ve\u010derji v novem letu, ki pomeni za\u010detek priprav za nadaljevanje sezone. Danes so ob 11. uri opravili \u0161e prvi trening v novem letu, pred tem pa predstavili novinca v ekipi &#8211; 27-letnega Kassima Doumbio, branilca iz Malija z belgijskim potnim listom. Maribor\u010dani so za\u010deli projekt 2018. Potem ko so se 9. decembra raz\u0161li, so od 9. januarja vijoli\u010dasti spet skupaj. Po\u010ditek je bil dovolj dolg, da so po napornem jesenskem delu, ki je pobral veliko mo\u010di, igralci in \u010dlani strokovnega vodstva na tradicionalno skupno ve\u010derjo z uvodnim dru\u017eenjem pri\u0161li polni energije. Prisr\u010dni pozdravi in pogovori o po\u010ditnicah so bili le uvod za zimske priprave z \u017eeljami po uspe\u0161ni pomladi. Na zboru se je pojavilo 30 igralcev, po dogovoru sta\u00a0&#8230;<\/p>\n","protected":false},"excerpt":{"rendered":"<p>Kategorija: Nogomet Wed, 10 Jan 2018 12:59:00 +0100  Maribor &#8211; Mariborski nogometa\u0161i so se v torek zve\u010der tradicionalno zbrali na uradni ve\u010derji v novem letu, ki pomeni za\u010detek priprav za nadaljevanje sezone. Danes so ob 11. uri opravili \u0161e prvi trening v novem letu, pred tem pa predstavili novinca v ekipi &#8211; 27-letnega Kassima Doumbio, branilca iz Malija z belgijskim potnim listom. Maribor\u010dani so za\u010deli projekt 2018. Potem ko so se 9. decembra raz\u0161li, so od 9. januarja vijoli\u010dasti spet skupaj. Po\u010ditek je bil dovolj dolg, da so po napornem jesenskem delu, ki je pobral veliko mo\u010di, igralci in \u010dlani strokovnega vodstva na tradicionalno skupno ve\u010derjo z uvodnim dru\u017eenjem pri\u0161li polni energije. Prisr\u010dni pozdravi in pogovori o po\u010ditnicah so bili le uvod za zimske priprave z \u017eeljami po uspe\u0161ni pomladi. Na zboru se je pojavilo 30 igralcev, po dogovoru sta\u00a0&#8230;<\/p>\n","protected":false},"author":1,"featured_media":0,"comment_status":"closed","ping_status":"closed","sticky":false,"template":"","format":"standard","meta":{"footnotes":""},"categories":[1179],"tags":[],"source":[1703],"supertag":[],"acf":[],"yoast_head":"<!-- This site is optimized with the Yoast SEO plugin v21.3 - https:\/\/yoast.com\/wordpress\/plugins\/seo\/ -->\n<title>Maribor za\u010del priprave na misijo \u00bbprvaki 2018\u00ab - Hudo Slovenija<\/title>\n<meta name=\"robots\" content=\"index, follow, max-snippet:-1, max-image-preview:large, max-video-preview:-1\" \/>\n<link rel=\"canonical\" href=\"https:\/\/hudo.com\/si\/aktualno\/maribor-zacel-priprave-na-misijo-prvaki-2018\/\" \/>\n<meta property=\"og:locale\" content=\"sl_SI\" \/>\n<meta property=\"og:type\" content=\"article\" \/>\n<meta property=\"og:title\" content=\"Maribor za\u010del priprave na misijo \u00bbprvaki 2018\u00ab - Hudo Slovenija\" \/>\n<meta property=\"og:description\" content=\"Kategorija: Nogomet Wed, 10 Jan 2018 12:59:00 +0100 Maribor - Mariborski nogometa\u0161i so se v torek zve\u010der tradicionalno zbrali na uradni ve\u010derji v novem letu, ki pomeni za\u010detek priprav za nadaljevanje sezone. Danes so ob 11. uri opravili \u0161e prvi trening v novem letu, pred tem pa predstavili novinca v ekipi - 27-letnega Kassima Doumbio, branilca iz Malija z belgijskim potnim listom. Maribor\u010dani so za\u010deli projekt 2018. Potem ko so se 9. decembra raz\u0161li, so od 9. januarja vijoli\u010dasti spet skupaj. Po\u010ditek je bil dovolj dolg, da so po napornem jesenskem delu, ki je pobral veliko mo\u010di, igralci in \u010dlani strokovnega vodstva na tradicionalno skupno ve\u010derjo z uvodnim dru\u017eenjem pri\u0161li polni energije. Prisr\u010dni pozdravi in pogovori o po\u010ditnicah so bili le uvod za zimske priprave z \u017eeljami po uspe\u0161ni pomladi. Na zboru se je pojavilo 30 igralcev, po dogovoru sta\u00a0...\" \/>\n<meta property=\"og:url\" content=\"https:\/\/hudo.com\/si\/aktualno\/maribor-zacel-priprave-na-misijo-prvaki-2018\/\" \/>\n<meta property=\"og:site_name\" content=\"Hudo Slovenija\" \/>\n<meta property=\"article:publisher\" content=\"https:\/\/www.facebook.com\/hudo.si\" \/>\n<meta property=\"article:published_time\" content=\"2018-01-10T10:59:00+00:00\" \/>\n<meta property=\"og:image\" content=\"https:\/\/hudo.com\/si\/wp-content\/uploads\/sites\/2\/2018\/01\/480x290_Delo_Foto-20171016142732-20304200.jpeg\" \/>\n\t<meta property=\"og:image:width\" content=\"480\" \/>\n\t<meta property=\"og:image:height\" content=\"290\" \/>\n\t<meta property=\"og:image:type\" content=\"image\/jpeg\" \/>\n<meta name=\"author\" content=\"hudo\" \/>\n<meta name=\"twitter:card\" content=\"summary_large_image\" \/>\n<meta name=\"twitter:creator\" content=\"@hudo_si\" \/>\n<meta name=\"twitter:site\" content=\"@hudo_si\" \/>\n<meta name=\"twitter:label1\" content=\"Written by\" \/>\n\t<meta name=\"twitter:data1\" content=\"hudo\" \/>\n\t<meta name=\"twitter:label2\" content=\"Est. reading time\" \/>\n\t<meta name=\"twitter:data2\" content=\"1 minuta\" \/>\n<script type=\"application\/ld+json\" class=\"yoast-schema-graph\">{\"@context\":\"https:\/\/schema.org\",\"@graph\":[{\"@type\":\"Article\",\"@id\":\"https:\/\/hudo.com\/si\/aktualno\/maribor-zacel-priprave-na-misijo-prvaki-2018\/#article\",\"isPartOf\":{\"@id\":\"https:\/\/hudo.com\/si\/aktualno\/maribor-zacel-priprave-na-misijo-prvaki-2018\/\"},\"author\":{\"name\":\"hudo\",\"@id\":\"https:\/\/hudo.com\/si\/#\/schema\/person\/601cf3379633985b20f7e50f2bb47707\"},\"headline\":\"Maribor za\u010del priprave na misijo \u00bbprvaki 2018\u00ab\",\"datePublished\":\"2018-01-10T10:59:00+00:00\",\"dateModified\":\"2018-01-10T10:59:00+00:00\",\"mainEntityOfPage\":{\"@id\":\"https:\/\/hudo.com\/si\/aktualno\/maribor-zacel-priprave-na-misijo-prvaki-2018\/\"},\"wordCount\":154,\"publisher\":{\"@id\":\"https:\/\/hudo.com\/si\/#organization\"},\"articleSection\":[\"Aktualno\"],\"inLanguage\":\"sl-SI\"},{\"@type\":\"WebPage\",\"@id\":\"https:\/\/hudo.com\/si\/aktualno\/maribor-zacel-priprave-na-misijo-prvaki-2018\/\",\"url\":\"https:\/\/hudo.com\/si\/aktualno\/maribor-zacel-priprave-na-misijo-prvaki-2018\/\",\"name\":\"Maribor za\u010del priprave na misijo \u00bbprvaki 2018\u00ab - Hudo Slovenija\",\"isPartOf\":{\"@id\":\"https:\/\/hudo.com\/si\/#website\"},\"datePublished\":\"2018-01-10T10:59:00+00:00\",\"dateModified\":\"2018-01-10T10:59:00+00:00\",\"breadcrumb\":{\"@id\":\"https:\/\/hudo.com\/si\/aktualno\/maribor-zacel-priprave-na-misijo-prvaki-2018\/#breadcrumb\"},\"inLanguage\":\"sl-SI\",\"potentialAction\":[{\"@type\":\"ReadAction\",\"target\":[\"https:\/\/hudo.com\/si\/aktualno\/maribor-zacel-priprave-na-misijo-prvaki-2018\/\"]}]},{\"@type\":\"BreadcrumbList\",\"@id\":\"https:\/\/hudo.com\/si\/aktualno\/maribor-zacel-priprave-na-misijo-prvaki-2018\/#breadcrumb\",\"itemListElement\":[{\"@type\":\"ListItem\",\"position\":1,\"name\":\"Home\",\"item\":\"https:\/\/hudo.com\/si\/\"},{\"@type\":\"ListItem\",\"position\":2,\"name\":\"Maribor za\u010del priprave na misijo \u00bbprvaki 2018\u00ab\"}]},{\"@type\":\"WebSite\",\"@id\":\"https:\/\/hudo.com\/si\/#website\",\"url\":\"https:\/\/hudo.com\/si\/\",\"name\":\"Hudo Slovenija\",\"description\":\"Vse novice iz Slovenije in sveta\",\"publisher\":{\"@id\":\"https:\/\/hudo.com\/si\/#organization\"},\"potentialAction\":[{\"@type\":\"SearchAction\",\"target\":{\"@type\":\"EntryPoint\",\"urlTemplate\":\"https:\/\/hudo.com\/si\/?s={search_term_string}\"},\"query-input\":\"required name=search_term_string\"}],\"inLanguage\":\"sl-SI\"},{\"@type\":\"Organization\",\"@id\":\"https:\/\/hudo.com\/si\/#organization\",\"name\":\"VSN Media\",\"url\":\"https:\/\/hudo.com\/si\/\",\"logo\":{\"@type\":\"ImageObject\",\"inLanguage\":\"sl-SI\",\"@id\":\"https:\/\/hudo.com\/si\/#\/schema\/logo\/image\/\",\"url\":\"https:\/\/hudo.com\/si\/wp-content\/uploads\/sites\/2\/2021\/03\/hudo-app-2.png\",\"contentUrl\":\"https:\/\/hudo.com\/si\/wp-content\/uploads\/sites\/2\/2021\/03\/hudo-app-2.png\",\"width\":2185,\"height\":2167,\"caption\":\"VSN Media\"},\"image\":{\"@id\":\"https:\/\/hudo.com\/si\/#\/schema\/logo\/image\/\"},\"sameAs\":[\"https:\/\/www.facebook.com\/hudo.si\",\"https:\/\/twitter.com\/hudo_si\"]},{\"@type\":\"Person\",\"@id\":\"https:\/\/hudo.com\/si\/#\/schema\/person\/601cf3379633985b20f7e50f2bb47707\",\"name\":\"hudo\",\"image\":{\"@type\":\"ImageObject\",\"inLanguage\":\"sl-SI\",\"@id\":\"https:\/\/hudo.com\/si\/#\/schema\/person\/image\/\",\"url\":\"https:\/\/secure.gravatar.com\/avatar\/c4ca25fa72cace7a696b52ff5db9e095?s=96&d=mm&r=g\",\"contentUrl\":\"https:\/\/secure.gravatar.com\/avatar\/c4ca25fa72cace7a696b52ff5db9e095?s=96&d=mm&r=g\",\"caption\":\"hudo\"},\"url\":\"https:\/\/hudo.com\/si\/author\/hudo\/\"}]}<\/script>\n<!-- \/ Yoast SEO plugin. -->","yoast_head_json":{"title":"Maribor za\u010del priprave na misijo \u00bbprvaki 2018\u00ab - Hudo Slovenija","robots":{"index":"index","follow":"follow","max-snippet":"max-snippet:-1","max-image-preview":"max-image-preview:large","max-video-preview":"max-video-preview:-1"},"canonical":"https:\/\/hudo.com\/si\/aktualno\/maribor-zacel-priprave-na-misijo-prvaki-2018\/","og_locale":"sl_SI","og_type":"article","og_title":"Maribor za\u010del priprave na misijo \u00bbprvaki 2018\u00ab - Hudo Slovenija","og_description":"Kategorija: Nogomet Wed, 10 Jan 2018 12:59:00 +0100 Maribor - Mariborski nogometa\u0161i so se v torek zve\u010der tradicionalno zbrali na uradni ve\u010derji v novem letu, ki pomeni za\u010detek priprav za nadaljevanje sezone. Danes so ob 11. uri opravili \u0161e prvi trening v novem letu, pred tem pa predstavili novinca v ekipi - 27-letnega Kassima Doumbio, branilca iz Malija z belgijskim potnim listom. Maribor\u010dani so za\u010deli projekt 2018. Potem ko so se 9. decembra raz\u0161li, so od 9. januarja vijoli\u010dasti spet skupaj. Po\u010ditek je bil dovolj dolg, da so po napornem jesenskem delu, ki je pobral veliko mo\u010di, igralci in \u010dlani strokovnega vodstva na tradicionalno skupno ve\u010derjo z uvodnim dru\u017eenjem pri\u0161li polni energije. Prisr\u010dni pozdravi in pogovori o po\u010ditnicah so bili le uvod za zimske priprave z \u017eeljami po uspe\u0161ni pomladi. Na zboru se je pojavilo 30 igralcev, po dogovoru sta\u00a0...","og_url":"https:\/\/hudo.com\/si\/aktualno\/maribor-zacel-priprave-na-misijo-prvaki-2018\/","og_site_name":"Hudo Slovenija","article_publisher":"https:\/\/www.facebook.com\/hudo.si","article_published_time":"2018-01-10T10:59:00+00:00","og_image":[{"width":480,"height":290,"url":"https:\/\/hudo.com\/si\/wp-content\/uploads\/sites\/2\/2018\/01\/480x290_Delo_Foto-20171016142732-20304200.jpeg","type":"image\/jpeg"}],"author":"hudo","twitter_card":"summary_large_image","twitter_creator":"@hudo_si","twitter_site":"@hudo_si","twitter_misc":{"Written by":"hudo","Est. reading time":"1 minuta"},"schema":{"@context":"https:\/\/schema.org","@graph":[{"@type":"Article","@id":"https:\/\/hudo.com\/si\/aktualno\/maribor-zacel-priprave-na-misijo-prvaki-2018\/#article","isPartOf":{"@id":"https:\/\/hudo.com\/si\/aktualno\/maribor-zacel-priprave-na-misijo-prvaki-2018\/"},"author":{"name":"hudo","@id":"https:\/\/hudo.com\/si\/#\/schema\/person\/601cf3379633985b20f7e50f2bb47707"},"headline":"Maribor za\u010del priprave na misijo \u00bbprvaki 2018\u00ab","datePublished":"2018-01-10T10:59:00+00:00","dateModified":"2018-01-10T10:59:00+00:00","mainEntityOfPage":{"@id":"https:\/\/hudo.com\/si\/aktualno\/maribor-zacel-priprave-na-misijo-prvaki-2018\/"},"wordCount":154,"publisher":{"@id":"https:\/\/hudo.com\/si\/#organization"},"articleSection":["Aktualno"],"inLanguage":"sl-SI"},{"@type":"WebPage","@id":"https:\/\/hudo.com\/si\/aktualno\/maribor-zacel-priprave-na-misijo-prvaki-2018\/","url":"https:\/\/hudo.com\/si\/aktualno\/maribor-zacel-priprave-na-misijo-prvaki-2018\/","name":"Maribor za\u010del priprave na misijo \u00bbprvaki 2018\u00ab - Hudo Slovenija","isPartOf":{"@id":"https:\/\/hudo.com\/si\/#website"},"datePublished":"2018-01-10T10:59:00+00:00","dateModified":"2018-01-10T10:59:00+00:00","breadcrumb":{"@id":"https:\/\/hudo.com\/si\/aktualno\/maribor-zacel-priprave-na-misijo-prvaki-2018\/#breadcrumb"},"inLanguage":"sl-SI","potentialAction":[{"@type":"ReadAction","target":["https:\/\/hudo.com\/si\/aktualno\/maribor-zacel-priprave-na-misijo-prvaki-2018\/"]}]},{"@type":"BreadcrumbList","@id":"https:\/\/hudo.com\/si\/aktualno\/maribor-zacel-priprave-na-misijo-prvaki-2018\/#breadcrumb","itemListElement":[{"@type":"ListItem","position":1,"name":"Home","item":"https:\/\/hudo.com\/si\/"},{"@type":"ListItem","position":2,"name":"Maribor za\u010del priprave na misijo \u00bbprvaki 2018\u00ab"}]},{"@type":"WebSite","@id":"https:\/\/hudo.com\/si\/#website","url":"https:\/\/hudo.com\/si\/","name":"Hudo Slovenija","description":"Vse novice iz Slovenije in sveta","publisher":{"@id":"https:\/\/hudo.com\/si\/#organization"},"potentialAction":[{"@type":"SearchAction","target":{"@type":"EntryPoint","urlTemplate":"https:\/\/hudo.com\/si\/?s={search_term_string}"},"query-input":"required name=search_term_string"}],"inLanguage":"sl-SI"},{"@type":"Organization","@id":"https:\/\/hudo.com\/si\/#organization","name":"VSN Media","url":"https:\/\/hudo.com\/si\/","logo":{"@type":"ImageObject","inLanguage":"sl-SI","@id":"https:\/\/hudo.com\/si\/#\/schema\/logo\/image\/","url":"https:\/\/hudo.com\/si\/wp-content\/uploads\/sites\/2\/2021\/03\/hudo-app-2.png","contentUrl":"https:\/\/hudo.com\/si\/wp-content\/uploads\/sites\/2\/2021\/03\/hudo-app-2.png","width":2185,"height":2167,"caption":"VSN Media"},"image":{"@id":"https:\/\/hudo.com\/si\/#\/schema\/logo\/image\/"},"sameAs":["https:\/\/www.facebook.com\/hudo.si","https:\/\/twitter.com\/hudo_si"]},{"@type":"Person","@id":"https:\/\/hudo.com\/si\/#\/schema\/person\/601cf3379633985b20f7e50f2bb47707","name":"hudo","image":{"@type":"ImageObject","inLanguage":"sl-SI","@id":"https:\/\/hudo.com\/si\/#\/schema\/person\/image\/","url":"https:\/\/secure.gravatar.com\/avatar\/c4ca25fa72cace7a696b52ff5db9e095?s=96&d=mm&r=g","contentUrl":"https:\/\/secure.gravatar.com\/avatar\/c4ca25fa72cace7a696b52ff5db9e095?s=96&d=mm&r=g","caption":"hudo"},"url":"https:\/\/hudo.com\/si\/author\/hudo\/"}]}},"amp_enabled":true,"_links":{"self":[{"href":"https:\/\/hudo.com\/si\/wp-json\/wp\/v2\/posts\/344605"}],"collection":[{"href":"https:\/\/hudo.com\/si\/wp-json\/wp\/v2\/posts"}],"about":[{"href":"https:\/\/hudo.com\/si\/wp-json\/wp\/v2\/types\/post"}],"author":[{"embeddable":true,"href":"https:\/\/hudo.com\/si\/wp-json\/wp\/v2\/users\/1"}],"replies":[{"embeddable":true,"href":"https:\/\/hudo.com\/si\/wp-json\/wp\/v2\/comments?post=344605"}],"version-history":[{"count":0,"href":"https:\/\/hudo.com\/si\/wp-json\/wp\/v2\/posts\/344605\/revisions"}],"wp:attachment":[{"href":"https:\/\/hudo.com\/si\/wp-json\/wp\/v2\/media?parent=344605"}],"wp:term":[{"taxonomy":"category","embeddable":true,"href":"https:\/\/hudo.com\/si\/wp-json\/wp\/v2\/categories?post=344605"},{"taxonomy":"post_tag","embeddable":true,"href":"https:\/\/hudo.com\/si\/wp-json\/wp\/v2\/tags?post=344605"},{"taxonomy":"source","embeddable":true,"href":"https:\/\/hudo.com\/si\/wp-json\/wp\/v2\/source?post=344605"},{"taxonomy":"supertag","embeddable":true,"href":"https:\/\/hudo.com\/si\/wp-json\/wp\/v2\/supertag?post=344605"}],"curies":[{"name":"wp","href":"https:\/\/api.w.org\/{rel}","templated":true}]}}