{"id":345187,"date":"2018-01-11T11:00:00","date_gmt":"2018-01-11T10:00:00","guid":{"rendered":"http:\/\/hudo.com\/si\/2018\/01\/11\/vse-vec-revnih-tudi-v-bogatih-drzavah\/"},"modified":"2018-01-11T11:00:00","modified_gmt":"2018-01-11T10:00:00","slug":"vse-vec-revnih-tudi-v-bogatih-drzavah","status":"publish","type":"post","link":"https:\/\/hudo.com\/si\/aktualno\/vse-vec-revnih-tudi-v-bogatih-drzavah\/","title":{"rendered":"Vse ve\u010d revnih tudi v bogatih dr\u017eavah"},"content":{"rendered":"<p>Kategorija: Slovenija Thu, 11 Jan 2018 12:00:00 +0100  \u00a0Neko\u010d je veljalo, da so nem\u0161ki upokojenci pomembna in relativno velika skupina, ki udobno u\u017eiva sadove svojega minulega dela. Z reformami trga dela, ki jih je na prelomu tiso\u010dletja uvedel takratni nem\u0161ki socialdemokratski kancler Gerhard Schr\u00f6der, in ki ga danes vsi tako slavijo, ker da naj bi z njimi pravo\u010dasno obvaroval Nem\u010dijo pred finan\u010dno krizo, ki je po letu 2008 pusto\u0161ila po EU, se je to v marsi\u010dem \u017ee spremenilo. Ali pa se zelo hitro spreminja. Danes vse manj Nemcev brezskrbno u\u017eiva svojo pokojnino, \u010dasi, ko so nem\u0161ki upokojenci na stara leta mno\u017ei\u010dno kupovali po\u010ditni\u0161ke hi\u0161ke na jugu \u0160panije ali Italije, kjer so v relativno cenej\u0161em okolju zlahka shajali s svojimi praviloma dobrimi pokojninami, pa so le \u0161e lep spomin. \u0160tevilo starej\u0161ih Nemcev, ki \u017eivijo na pragu rev\u0161\u010dine, se namre\u010d drasti\u010dno vi\u0161a,\u00a0&#8230;<\/p>\n","protected":false},"excerpt":{"rendered":"<p>Kategorija: Slovenija Thu, 11 Jan 2018 12:00:00 +0100  \u00a0Neko\u010d je veljalo, da so nem\u0161ki upokojenci pomembna in relativno velika skupina, ki udobno u\u017eiva sadove svojega minulega dela. Z reformami trga dela, ki jih je na prelomu tiso\u010dletja uvedel takratni nem\u0161ki socialdemokratski kancler Gerhard Schr\u00f6der, in ki ga danes vsi tako slavijo, ker da naj bi z njimi pravo\u010dasno obvaroval Nem\u010dijo pred finan\u010dno krizo, ki je po letu 2008 pusto\u0161ila po EU, se je to v marsi\u010dem \u017ee spremenilo. Ali pa se zelo hitro spreminja. Danes vse manj Nemcev brezskrbno u\u017eiva svojo pokojnino, \u010dasi, ko so nem\u0161ki upokojenci na stara leta mno\u017ei\u010dno kupovali po\u010ditni\u0161ke hi\u0161ke na jugu \u0160panije ali Italije, kjer so v relativno cenej\u0161em okolju zlahka shajali s svojimi praviloma dobrimi pokojninami, pa so le \u0161e lep spomin. \u0160tevilo starej\u0161ih Nemcev, ki \u017eivijo na pragu rev\u0161\u010dine, se namre\u010d drasti\u010dno vi\u0161a,\u00a0&#8230;<\/p>\n","protected":false},"author":1,"featured_media":0,"comment_status":"closed","ping_status":"closed","sticky":false,"template":"","format":"standard","meta":{"footnotes":""},"categories":[1179],"tags":[],"source":[1703],"supertag":[],"acf":[],"yoast_head":"<!-- This site is optimized with the Yoast SEO plugin v21.3 - https:\/\/yoast.com\/wordpress\/plugins\/seo\/ -->\n<title>Vse ve\u010d revnih tudi v bogatih dr\u017eavah - Hudo Slovenija<\/title>\n<meta name=\"robots\" content=\"index, follow, max-snippet:-1, max-image-preview:large, max-video-preview:-1\" \/>\n<link rel=\"canonical\" href=\"https:\/\/hudo.com\/si\/aktualno\/vse-vec-revnih-tudi-v-bogatih-drzavah\/\" \/>\n<meta property=\"og:locale\" content=\"sl_SI\" \/>\n<meta property=\"og:type\" content=\"article\" \/>\n<meta property=\"og:title\" content=\"Vse ve\u010d revnih tudi v bogatih dr\u017eavah - Hudo Slovenija\" \/>\n<meta property=\"og:description\" content=\"Kategorija: Slovenija Thu, 11 Jan 2018 12:00:00 +0100 \u00a0Neko\u010d je veljalo, da so nem\u0161ki upokojenci pomembna in relativno velika skupina, ki udobno u\u017eiva sadove svojega minulega dela. Z reformami trga dela, ki jih je na prelomu tiso\u010dletja uvedel takratni nem\u0161ki socialdemokratski kancler Gerhard Schr\u00f6der, in ki ga danes vsi tako slavijo, ker da naj bi z njimi pravo\u010dasno obvaroval Nem\u010dijo pred finan\u010dno krizo, ki je po letu 2008 pusto\u0161ila po EU, se je to v marsi\u010dem \u017ee spremenilo. Ali pa se zelo hitro spreminja. Danes vse manj Nemcev brezskrbno u\u017eiva svojo pokojnino, \u010dasi, ko so nem\u0161ki upokojenci na stara leta mno\u017ei\u010dno kupovali po\u010ditni\u0161ke hi\u0161ke na jugu \u0160panije ali Italije, kjer so v relativno cenej\u0161em okolju zlahka shajali s svojimi praviloma dobrimi pokojninami, pa so le \u0161e lep spomin. \u0160tevilo starej\u0161ih Nemcev, ki \u017eivijo na pragu rev\u0161\u010dine, se namre\u010d drasti\u010dno vi\u0161a,\u00a0...\" \/>\n<meta property=\"og:url\" content=\"https:\/\/hudo.com\/si\/aktualno\/vse-vec-revnih-tudi-v-bogatih-drzavah\/\" \/>\n<meta property=\"og:site_name\" content=\"Hudo Slovenija\" \/>\n<meta property=\"article:publisher\" content=\"https:\/\/www.facebook.com\/hudo.si\" \/>\n<meta property=\"article:published_time\" content=\"2018-01-11T10:00:00+00:00\" \/>\n<meta property=\"og:image\" content=\"https:\/\/hudo.com\/si\/wp-content\/uploads\/sites\/2\/2018\/01\/480x290_djvu_2566157_selvas_mdr-Piranski-zaliv.jpeg\" \/>\n\t<meta property=\"og:image:width\" content=\"480\" \/>\n\t<meta property=\"og:image:height\" content=\"290\" \/>\n\t<meta property=\"og:image:type\" content=\"image\/jpeg\" \/>\n<meta name=\"author\" content=\"hudo\" \/>\n<meta name=\"twitter:card\" content=\"summary_large_image\" \/>\n<meta name=\"twitter:creator\" content=\"@hudo_si\" \/>\n<meta name=\"twitter:site\" content=\"@hudo_si\" \/>\n<meta name=\"twitter:label1\" content=\"Written by\" \/>\n\t<meta name=\"twitter:data1\" content=\"hudo\" \/>\n\t<meta name=\"twitter:label2\" content=\"Est. reading time\" \/>\n\t<meta name=\"twitter:data2\" content=\"1 minuta\" \/>\n<script type=\"application\/ld+json\" class=\"yoast-schema-graph\">{\"@context\":\"https:\/\/schema.org\",\"@graph\":[{\"@type\":\"Article\",\"@id\":\"https:\/\/hudo.com\/si\/aktualno\/vse-vec-revnih-tudi-v-bogatih-drzavah\/#article\",\"isPartOf\":{\"@id\":\"https:\/\/hudo.com\/si\/aktualno\/vse-vec-revnih-tudi-v-bogatih-drzavah\/\"},\"author\":{\"name\":\"hudo\",\"@id\":\"https:\/\/hudo.com\/si\/#\/schema\/person\/601cf3379633985b20f7e50f2bb47707\"},\"headline\":\"Vse ve\u010d revnih tudi v bogatih dr\u017eavah\",\"datePublished\":\"2018-01-11T10:00:00+00:00\",\"dateModified\":\"2018-01-11T10:00:00+00:00\",\"mainEntityOfPage\":{\"@id\":\"https:\/\/hudo.com\/si\/aktualno\/vse-vec-revnih-tudi-v-bogatih-drzavah\/\"},\"wordCount\":165,\"publisher\":{\"@id\":\"https:\/\/hudo.com\/si\/#organization\"},\"articleSection\":[\"Aktualno\"],\"inLanguage\":\"sl-SI\"},{\"@type\":\"WebPage\",\"@id\":\"https:\/\/hudo.com\/si\/aktualno\/vse-vec-revnih-tudi-v-bogatih-drzavah\/\",\"url\":\"https:\/\/hudo.com\/si\/aktualno\/vse-vec-revnih-tudi-v-bogatih-drzavah\/\",\"name\":\"Vse ve\u010d revnih tudi v bogatih dr\u017eavah - Hudo Slovenija\",\"isPartOf\":{\"@id\":\"https:\/\/hudo.com\/si\/#website\"},\"datePublished\":\"2018-01-11T10:00:00+00:00\",\"dateModified\":\"2018-01-11T10:00:00+00:00\",\"breadcrumb\":{\"@id\":\"https:\/\/hudo.com\/si\/aktualno\/vse-vec-revnih-tudi-v-bogatih-drzavah\/#breadcrumb\"},\"inLanguage\":\"sl-SI\",\"potentialAction\":[{\"@type\":\"ReadAction\",\"target\":[\"https:\/\/hudo.com\/si\/aktualno\/vse-vec-revnih-tudi-v-bogatih-drzavah\/\"]}]},{\"@type\":\"BreadcrumbList\",\"@id\":\"https:\/\/hudo.com\/si\/aktualno\/vse-vec-revnih-tudi-v-bogatih-drzavah\/#breadcrumb\",\"itemListElement\":[{\"@type\":\"ListItem\",\"position\":1,\"name\":\"Home\",\"item\":\"https:\/\/hudo.com\/si\/\"},{\"@type\":\"ListItem\",\"position\":2,\"name\":\"Vse ve\u010d revnih tudi v bogatih dr\u017eavah\"}]},{\"@type\":\"WebSite\",\"@id\":\"https:\/\/hudo.com\/si\/#website\",\"url\":\"https:\/\/hudo.com\/si\/\",\"name\":\"Hudo Slovenija\",\"description\":\"Vse novice iz Slovenije in sveta\",\"publisher\":{\"@id\":\"https:\/\/hudo.com\/si\/#organization\"},\"potentialAction\":[{\"@type\":\"SearchAction\",\"target\":{\"@type\":\"EntryPoint\",\"urlTemplate\":\"https:\/\/hudo.com\/si\/?s={search_term_string}\"},\"query-input\":\"required name=search_term_string\"}],\"inLanguage\":\"sl-SI\"},{\"@type\":\"Organization\",\"@id\":\"https:\/\/hudo.com\/si\/#organization\",\"name\":\"VSN Media\",\"url\":\"https:\/\/hudo.com\/si\/\",\"logo\":{\"@type\":\"ImageObject\",\"inLanguage\":\"sl-SI\",\"@id\":\"https:\/\/hudo.com\/si\/#\/schema\/logo\/image\/\",\"url\":\"https:\/\/hudo.com\/si\/wp-content\/uploads\/sites\/2\/2021\/03\/hudo-app-2.png\",\"contentUrl\":\"https:\/\/hudo.com\/si\/wp-content\/uploads\/sites\/2\/2021\/03\/hudo-app-2.png\",\"width\":2185,\"height\":2167,\"caption\":\"VSN Media\"},\"image\":{\"@id\":\"https:\/\/hudo.com\/si\/#\/schema\/logo\/image\/\"},\"sameAs\":[\"https:\/\/www.facebook.com\/hudo.si\",\"https:\/\/twitter.com\/hudo_si\"]},{\"@type\":\"Person\",\"@id\":\"https:\/\/hudo.com\/si\/#\/schema\/person\/601cf3379633985b20f7e50f2bb47707\",\"name\":\"hudo\",\"image\":{\"@type\":\"ImageObject\",\"inLanguage\":\"sl-SI\",\"@id\":\"https:\/\/hudo.com\/si\/#\/schema\/person\/image\/\",\"url\":\"https:\/\/secure.gravatar.com\/avatar\/c4ca25fa72cace7a696b52ff5db9e095?s=96&d=mm&r=g\",\"contentUrl\":\"https:\/\/secure.gravatar.com\/avatar\/c4ca25fa72cace7a696b52ff5db9e095?s=96&d=mm&r=g\",\"caption\":\"hudo\"},\"url\":\"https:\/\/hudo.com\/si\/author\/hudo\/\"}]}<\/script>\n<!-- \/ Yoast SEO plugin. -->","yoast_head_json":{"title":"Vse ve\u010d revnih tudi v bogatih dr\u017eavah - Hudo Slovenija","robots":{"index":"index","follow":"follow","max-snippet":"max-snippet:-1","max-image-preview":"max-image-preview:large","max-video-preview":"max-video-preview:-1"},"canonical":"https:\/\/hudo.com\/si\/aktualno\/vse-vec-revnih-tudi-v-bogatih-drzavah\/","og_locale":"sl_SI","og_type":"article","og_title":"Vse ve\u010d revnih tudi v bogatih dr\u017eavah - Hudo Slovenija","og_description":"Kategorija: Slovenija Thu, 11 Jan 2018 12:00:00 +0100 \u00a0Neko\u010d je veljalo, da so nem\u0161ki upokojenci pomembna in relativno velika skupina, ki udobno u\u017eiva sadove svojega minulega dela. Z reformami trga dela, ki jih je na prelomu tiso\u010dletja uvedel takratni nem\u0161ki socialdemokratski kancler Gerhard Schr\u00f6der, in ki ga danes vsi tako slavijo, ker da naj bi z njimi pravo\u010dasno obvaroval Nem\u010dijo pred finan\u010dno krizo, ki je po letu 2008 pusto\u0161ila po EU, se je to v marsi\u010dem \u017ee spremenilo. Ali pa se zelo hitro spreminja. Danes vse manj Nemcev brezskrbno u\u017eiva svojo pokojnino, \u010dasi, ko so nem\u0161ki upokojenci na stara leta mno\u017ei\u010dno kupovali po\u010ditni\u0161ke hi\u0161ke na jugu \u0160panije ali Italije, kjer so v relativno cenej\u0161em okolju zlahka shajali s svojimi praviloma dobrimi pokojninami, pa so le \u0161e lep spomin. \u0160tevilo starej\u0161ih Nemcev, ki \u017eivijo na pragu rev\u0161\u010dine, se namre\u010d drasti\u010dno vi\u0161a,\u00a0...","og_url":"https:\/\/hudo.com\/si\/aktualno\/vse-vec-revnih-tudi-v-bogatih-drzavah\/","og_site_name":"Hudo Slovenija","article_publisher":"https:\/\/www.facebook.com\/hudo.si","article_published_time":"2018-01-11T10:00:00+00:00","og_image":[{"width":480,"height":290,"url":"https:\/\/hudo.com\/si\/wp-content\/uploads\/sites\/2\/2018\/01\/480x290_djvu_2566157_selvas_mdr-Piranski-zaliv.jpeg","type":"image\/jpeg"}],"author":"hudo","twitter_card":"summary_large_image","twitter_creator":"@hudo_si","twitter_site":"@hudo_si","twitter_misc":{"Written by":"hudo","Est. reading time":"1 minuta"},"schema":{"@context":"https:\/\/schema.org","@graph":[{"@type":"Article","@id":"https:\/\/hudo.com\/si\/aktualno\/vse-vec-revnih-tudi-v-bogatih-drzavah\/#article","isPartOf":{"@id":"https:\/\/hudo.com\/si\/aktualno\/vse-vec-revnih-tudi-v-bogatih-drzavah\/"},"author":{"name":"hudo","@id":"https:\/\/hudo.com\/si\/#\/schema\/person\/601cf3379633985b20f7e50f2bb47707"},"headline":"Vse ve\u010d revnih tudi v bogatih dr\u017eavah","datePublished":"2018-01-11T10:00:00+00:00","dateModified":"2018-01-11T10:00:00+00:00","mainEntityOfPage":{"@id":"https:\/\/hudo.com\/si\/aktualno\/vse-vec-revnih-tudi-v-bogatih-drzavah\/"},"wordCount":165,"publisher":{"@id":"https:\/\/hudo.com\/si\/#organization"},"articleSection":["Aktualno"],"inLanguage":"sl-SI"},{"@type":"WebPage","@id":"https:\/\/hudo.com\/si\/aktualno\/vse-vec-revnih-tudi-v-bogatih-drzavah\/","url":"https:\/\/hudo.com\/si\/aktualno\/vse-vec-revnih-tudi-v-bogatih-drzavah\/","name":"Vse ve\u010d revnih tudi v bogatih dr\u017eavah - Hudo Slovenija","isPartOf":{"@id":"https:\/\/hudo.com\/si\/#website"},"datePublished":"2018-01-11T10:00:00+00:00","dateModified":"2018-01-11T10:00:00+00:00","breadcrumb":{"@id":"https:\/\/hudo.com\/si\/aktualno\/vse-vec-revnih-tudi-v-bogatih-drzavah\/#breadcrumb"},"inLanguage":"sl-SI","potentialAction":[{"@type":"ReadAction","target":["https:\/\/hudo.com\/si\/aktualno\/vse-vec-revnih-tudi-v-bogatih-drzavah\/"]}]},{"@type":"BreadcrumbList","@id":"https:\/\/hudo.com\/si\/aktualno\/vse-vec-revnih-tudi-v-bogatih-drzavah\/#breadcrumb","itemListElement":[{"@type":"ListItem","position":1,"name":"Home","item":"https:\/\/hudo.com\/si\/"},{"@type":"ListItem","position":2,"name":"Vse ve\u010d revnih tudi v bogatih dr\u017eavah"}]},{"@type":"WebSite","@id":"https:\/\/hudo.com\/si\/#website","url":"https:\/\/hudo.com\/si\/","name":"Hudo Slovenija","description":"Vse novice iz Slovenije in sveta","publisher":{"@id":"https:\/\/hudo.com\/si\/#organization"},"potentialAction":[{"@type":"SearchAction","target":{"@type":"EntryPoint","urlTemplate":"https:\/\/hudo.com\/si\/?s={search_term_string}"},"query-input":"required name=search_term_string"}],"inLanguage":"sl-SI"},{"@type":"Organization","@id":"https:\/\/hudo.com\/si\/#organization","name":"VSN Media","url":"https:\/\/hudo.com\/si\/","logo":{"@type":"ImageObject","inLanguage":"sl-SI","@id":"https:\/\/hudo.com\/si\/#\/schema\/logo\/image\/","url":"https:\/\/hudo.com\/si\/wp-content\/uploads\/sites\/2\/2021\/03\/hudo-app-2.png","contentUrl":"https:\/\/hudo.com\/si\/wp-content\/uploads\/sites\/2\/2021\/03\/hudo-app-2.png","width":2185,"height":2167,"caption":"VSN Media"},"image":{"@id":"https:\/\/hudo.com\/si\/#\/schema\/logo\/image\/"},"sameAs":["https:\/\/www.facebook.com\/hudo.si","https:\/\/twitter.com\/hudo_si"]},{"@type":"Person","@id":"https:\/\/hudo.com\/si\/#\/schema\/person\/601cf3379633985b20f7e50f2bb47707","name":"hudo","image":{"@type":"ImageObject","inLanguage":"sl-SI","@id":"https:\/\/hudo.com\/si\/#\/schema\/person\/image\/","url":"https:\/\/secure.gravatar.com\/avatar\/c4ca25fa72cace7a696b52ff5db9e095?s=96&d=mm&r=g","contentUrl":"https:\/\/secure.gravatar.com\/avatar\/c4ca25fa72cace7a696b52ff5db9e095?s=96&d=mm&r=g","caption":"hudo"},"url":"https:\/\/hudo.com\/si\/author\/hudo\/"}]}},"amp_enabled":true,"_links":{"self":[{"href":"https:\/\/hudo.com\/si\/wp-json\/wp\/v2\/posts\/345187"}],"collection":[{"href":"https:\/\/hudo.com\/si\/wp-json\/wp\/v2\/posts"}],"about":[{"href":"https:\/\/hudo.com\/si\/wp-json\/wp\/v2\/types\/post"}],"author":[{"embeddable":true,"href":"https:\/\/hudo.com\/si\/wp-json\/wp\/v2\/users\/1"}],"replies":[{"embeddable":true,"href":"https:\/\/hudo.com\/si\/wp-json\/wp\/v2\/comments?post=345187"}],"version-history":[{"count":0,"href":"https:\/\/hudo.com\/si\/wp-json\/wp\/v2\/posts\/345187\/revisions"}],"wp:attachment":[{"href":"https:\/\/hudo.com\/si\/wp-json\/wp\/v2\/media?parent=345187"}],"wp:term":[{"taxonomy":"category","embeddable":true,"href":"https:\/\/hudo.com\/si\/wp-json\/wp\/v2\/categories?post=345187"},{"taxonomy":"post_tag","embeddable":true,"href":"https:\/\/hudo.com\/si\/wp-json\/wp\/v2\/tags?post=345187"},{"taxonomy":"source","embeddable":true,"href":"https:\/\/hudo.com\/si\/wp-json\/wp\/v2\/source?post=345187"},{"taxonomy":"supertag","embeddable":true,"href":"https:\/\/hudo.com\/si\/wp-json\/wp\/v2\/supertag?post=345187"}],"curies":[{"name":"wp","href":"https:\/\/api.w.org\/{rel}","templated":true}]}}